{"id":6583,"date":"2020-09-11T15:00:03","date_gmt":"2020-09-11T20:00:03","guid":{"rendered":"https:\/\/ds-barranquilla.org\/?p=6583"},"modified":"2023-01-04T14:20:11","modified_gmt":"2023-01-04T19:20:11","slug":"nitza-guzman-e-iveth-gutierrez-lideraran-el-kindergarten-de-nuestro-colegio","status":"publish","type":"post","link":"https:\/\/ds-barranquilla.org\/de\/nitza-guzman-e-iveth-gutierrez-lideraran-el-kindergarten-de-nuestro-colegio\/","title":{"rendered":"Nitza Guzm\u00e1n e Iveth Guti\u00e9rrez liderar\u00e1n el Kindergarten de nuestro colegio"},"content":{"rendered":"<h1>Nitza Guzm\u00e1n e Iveth Guti\u00e9rrez liderar\u00e1n el Kindergarten de nuestro colegio<\/h1>\n<div class=\"extra\">Creado por Jos\u00e9 R\u00edos Mercado<\/div>\n<div class=\"row\">\n<div class=\"col-md-12\">\n<div class=\"news-text-wrap\">\n<p>Dentro del plan de sucesi\u00f3n previsto por nuestro colegio y que tiene como objetivo gestionar de manera met\u00f3dica y organizada la carrera de un colaborador clave dentro de la instituci\u00f3n, fue nombrada Nitza Guzm\u00e1n como Directora del Kindergarten para continuar con el legado de Iveth Guti\u00e9rrez, quien est\u00e1 pr\u00f3xima a la edad de pensi\u00f3n, pero que permanecer\u00e1 por un tiempo m\u00e1s con nosotros en el cargo de Directora de Proyectos Acad\u00e9micos.<\/p>\n<p>El Colegio Alem\u00e1n de Barranquilla le hace un reconocimiento a la labor desarrollada de manera sobresaliente por Iveth Guti\u00e9rrez, as\u00ed como por todo sus amor y entrega a nuestros estudiantes m\u00e1s peque\u00f1os. En este nuevo a\u00f1o escolar Iveth acompa\u00f1ar\u00e1 y apoyar\u00e1 a Nitza Guzm\u00e1n en las diferentes actividades y proyectos del Kindergarten, garantizando as\u00ed que haya continuidad en las estrategias clave de la instituci\u00f3n, independientemente del estilo de liderazgo y la toma de decisiones que tenga cada persona.<\/p>\n<p>Conversamos con ambas para que nos contaran diferentes aspectos de su vida personal y profesional, as\u00ed como de los retos que representa este nuevo reto.<\/p>\n<p><strong><u>Entrevista a Iveth Guti\u00e9rrez<\/u><\/strong><\/p>\n<p><strong>\u00bfQui\u00e9n es Iveth Guti\u00e9rrez?<\/strong><\/p>\n<p>Soy la primera hija del hogar de Pedro Guti\u00e9rrez y Fidia Altamar, esposa de Ra\u00fal Gonz\u00e1lez Rubio y madre de Ra\u00fal y Andr\u00e9s. Soy amante de la naturaleza y aficionada a las orqu\u00eddeas.<\/p>\n<p><strong>\u00bfC\u00f3mo ha sido su trayectoria en el Colegio Alem\u00e1n de Barranquilla?<\/strong><\/p>\n<p>Mi trayectoria en el colegio inicia en el a\u00f1o 2003 cuando me llaman para el cargo de docente del Kindergarten, luego paso a ser Psic\u00f3loga de esta secci\u00f3n en el 2008 y posteriormente, asumo la Direcci\u00f3n de la Secci\u00f3n en el 2013.<\/p>\n<p><strong>\u00bfC\u00f3mo ha sido su crecimiento personal y profesional en la instituci\u00f3n?<\/strong><\/p>\n<p>Mi crecimiento profesional se ha enriquecido a\u00f1o tras a\u00f1o gracias al plan de capacitaci\u00f3n ofertado desde la instituci\u00f3n. Quiero aprovechar y expresar mi agradecimiento a Irma de Torres, quien era la Directora del Kindergarten cuando inici\u00e9 labores en el colegio, por todo lo que aport\u00f3 para mi crecimiento profesional.<\/p>\n<p>En diferentes per\u00edodos tuve la oportunidad de asistir a varios espacios de formaci\u00f3n, actividades lideradas por el Centro Regional de Capacitaci\u00f3n (ReFo) y dirigidas al personal de los colegios alemanes en el exterior.<\/p>\n<p>En un viaje a Cuenca (Ecuador) es cuando nace la idea de implementar el Proyecto T\u00e1ndem en nuestra instituci\u00f3n para fortalecer la ense\u00f1anza del alem\u00e1n.<\/p>\n<p><strong>\u00bfCu\u00e1les han sido las iniciativas o los proyectos institucionales m\u00e1s significativos en los que ha participado?<br \/>\n<\/strong><\/p>\n<p>Las iniciativas m\u00e1s significativas en las que he participado son: el Proyecto T\u00e1ndem y presentar la propuesta de la creaci\u00f3n del Kinderkrippe. Ambos proyectos me permitieron indagar, investigar y conocer las experiencias de otros colegios del pa\u00eds.<\/p>\n<p><strong>\u00bfQu\u00e9 ense\u00f1anzas le ha dejado su etapa como directiva acad\u00e9mica?<\/strong><\/p>\n<p>Mi mayor ense\u00f1anza radica en que el \u00e9xito del trabajo es contar con un buen equipo. A partir de este momento colocar\u00e9 al servicio de la Direcci\u00f3n del Kindergarten mis conocimientos y mi experiencia para sacar todos los proyectos previstos adelante.<\/p>\n<p><strong><u>Entrevista a Nitza Guzm\u00e1n<\/u><\/strong><\/p>\n<p><strong>\u00bfQui\u00e9n es Nitza Guzm\u00e1n?<\/strong><\/p>\n<p>Nitza Guzm\u00e1n es\u00a0hija de dos grandes educadores: Marco Guzm\u00e1n y Maritza Herrera de Guzm\u00e1n (ambos fallecidos y antiguos maestros del Colegio Alem\u00e1n de Barranquilla). Tengo dos maravillosos hijos: Santiago de 14 a\u00f1os e Isabella de 8, y estoy casada con el ingeniero Ernesto Villa Lasprilla.<\/p>\n<p>Soy exalumna del Colegio Alem\u00e1n (Promoci\u00f3n 92) y fonoaudi\u00f3loga de la Universidad Metropolitana con \u00e9nfasis en Neuropsicolog\u00eda aplicada a la Educaci\u00f3n; entrenada en Neuronet y Programaci\u00f3n Neuroling\u00fc\u00edstica y Educativa (coach), con formaci\u00f3n en Dise\u00f1o Universal para el Aprendizaje, tema del que soy conferencista y tallerista. Me encanta disfrutar el tiempo con mis hijos,\u00a0bucear, tomar fotograf\u00edas, cocinar, bordar en punto de cruz y pintar murales.<\/p>\n<p>Soy amiga de mis amigos y leal a mis sentimientos por encima de todo. Dios es mi prioridad.<\/p>\n<p><strong>\u00bfC\u00f3mo ha sido su trayectoria en el Colegio Alem\u00e1n de Barranquilla?<\/strong><\/p>\n<p>Ha sido una \u00e9poca fascinante de retos constantes, de\u00a0conocer profesionales grandiosos con quienes se han consolidado trabajos engranados y de un gran crecimiento tanto laboral como personal. Mi trayectoria ha estado marcada por el apoyo de la instituci\u00f3n hacia el fortalecimiento de procesos, encaminados al desarrollo integral de nuestra poblaci\u00f3n estudiantil.<\/p>\n<p>El dise\u00f1o de un \u00e1rea para el Fomento de Procesos de Aprendizaje bajo la mirada de la Fonoaudiolog\u00eda escolar y c\u00f3mo se fueron diseminando las estrategias en las aulas, ha sido un trabajo en conjunto con las \u00e1reas de Psicolog\u00eda escolar, Baumhaus alem\u00e1n, Baumhaus espa\u00f1ol, Baumhaus motor y el equipo de Diferenciaci\u00f3n, siempre con el apoyo de los Directores.<\/p>\n<p><strong>\u00bfQu\u00e9 significado tiene su nombramiento como Directora del Kindergarten?<\/strong><\/p>\n<p>Un gran reto laboral y un profundo agradecimiento hacia la instituci\u00f3n, es lo que se me viene a la mente; continuar con el excelente trabajo realizado por Iveth Guti\u00e9rrez y asumir con determinaci\u00f3n la actual situaci\u00f3n de la educaci\u00f3n a nivel mundial y c\u00f3mo se evidencia \u00e9sta de forma muy marcada en las edades m\u00e1s tiernas. Motivar a un equipo a generar un trabajo cooperativo que optimice resultados.<\/p>\n<p><strong>\u00bfCu\u00e1les son los retos laborales y personales que le plantea el cargo?<\/strong><\/p>\n<p>El mayor reto laboral es el de irme desprendiendo poco a poco de lo que inicialmente vine a realizar, trabajar en el fortalecimiento de los procesos de acompa\u00f1amiento estudiantil, actividad de la que han surgido comentarios jocosos por parte de muchos colegas cuando me dicen que \u201cdej\u00e9 a un hijo\u201d, el cual queda en excelentes manos y que seguir\u00e1 creciendo y dando resultados cada vez m\u00e1s positivos que redunden en la vida de nuestros queridos estudiantes y familias.<\/p>\n<p>Tambi\u00e9n a nivel laboral\u00a0se plantea c\u00f3mo desde la virtualidad podemos llegar\u00a0a las familias guiando y facilitando estructuras que permitan los avances obtenidos en la presencialidad, esquema de abordaje en el que somos referente. El adaptar la Diferenciaci\u00f3n, pero en lo digital, es otro gran reto siguiendo la l\u00ednea del respeto a los procesos madurativos.<\/p>\n<p>En lo personal siempre los cambios nos llevan a crecer, a enfrentarnos con la propia capacidad, un lema que mi abuela materna instaur\u00f3 en m\u00ed \u201cde todo lo malo viene algo bueno y viceversa\u201d. Siempre hay oportunidades de mejora, lo que hace que las situaciones siempre est\u00e9n en movimiento constante, lo que las hace interesantes.<\/p>\n<p><strong>\u00bfQu\u00e9 se tiene previsto desde el Kindergarten en materia de actividades y proyectos para la consolidaci\u00f3n del liderazgo y la visi\u00f3n institucional para este nuevo a\u00f1o escolar?<\/strong><\/p>\n<p>La consolidaci\u00f3n del liderazgo se plantea\u00a0en primera instancia al tomar las decisiones acertadas y oportunas, siempre escuchando y conociendo de cerca a las personas y las situaciones para actuar con claridad, as\u00ed se facilita el dirigir un grupo de trabajo e inspirarlo a alcanzar una meta com\u00fan. El sentirse acogido en un ambiente de trabajo, para m\u00ed es parte fundamental para poder dar esa milla extra que ahora m\u00e1s que nunca, es necesaria.<\/p>\n<p>El brindar una organizaci\u00f3n clara que permita a los docentes mediar entre su vida laboral y familiar, es una de mis metas con el equipo. Varias cabezas piensan mejor que una y considero que las mejores soluciones ante las situaciones,\u00a0siempre provienen de las personas que est\u00e1n involucradas directamente.<\/p>\n<p>De esta forma, el invitar a crecer en cuanto a la iniciativa, aumenta la gesti\u00f3n de proyectos. Convocar al equipo a unir fuerzas (creaci\u00f3n de materiales por niveles para ser compartido con todo el equipo, entre otros nuevos proyectos), promueve el sentido de pertenencia, incentiva el orgullo hacia el propio trabajo, motiva a todos y nos acerca a alcanzar las metas.<\/p>\n<\/div>\n<\/div>\n<\/div>","protected":false},"excerpt":{"rendered":"<p>Nitza Guzm\u00e1n e Iveth Guti\u00e9rrez liderar\u00e1n el Kindergarten de nuestro colegio Creado por Jos\u00e9 R\u00edos Mercado Dentro del plan de sucesi\u00f3n previsto por nuestro colegio y<span class=\"excerpt-hellip\"> [\u2026]<\/span><\/p>","protected":false},"author":16,"featured_media":6584,"comment_status":"open","ping_status":"open","sticky":false,"template":"","format":"standard","meta":{"_exactmetrics_skip_tracking":false,"_exactmetrics_sitenote_active":false,"_exactmetrics_sitenote_note":"","_exactmetrics_sitenote_category":0,"_joinchat":[],"footnotes":""},"categories":[680,677],"tags":[],"class_list":["post-6583","post","type-post","status-publish","format-standard","has-post-thumbnail","hentry","category-680","category-kindergarten"],"yoast_head":"<!-- This site is optimized with the Yoast SEO plugin v23.3 - https:\/\/yoast.com\/wordpress\/plugins\/seo\/ -->\n<title>Nitza Guzm\u00e1n e Iveth Guti\u00e9rrez liderar\u00e1n el Kindergarten de nuestro colegio - 2026<\/title>\n<meta name=\"robots\" content=\"noindex, follow, max-snippet:-1, max-image-preview:large, max-video-preview:-1\" \/>\n<meta property=\"og:locale\" content=\"de_DE\" \/>\n<meta property=\"og:type\" content=\"article\" \/>\n<meta property=\"og:title\" content=\"Nitza Guzm\u00e1n e Iveth Guti\u00e9rrez liderar\u00e1n el Kindergarten de nuestro colegio - 2026\" \/>\n<meta property=\"og:description\" content=\"Nitza Guzm\u00e1n e Iveth Guti\u00e9rrez liderar\u00e1n el Kindergarten de nuestro colegio Creado por Jos\u00e9 R\u00edos Mercado Dentro del plan de sucesi\u00f3n previsto por nuestro colegio y [\u2026]\" \/>\n<meta property=\"og:url\" content=\"https:\/\/ds-barranquilla.org\/de\/nitza-guzman-e-iveth-gutierrez-lideraran-el-kindergarten-de-nuestro-colegio\/\" \/>\n<meta property=\"og:site_name\" content=\"Colegio Alem\u00e1n - Los Mejores Colegios de Colombia - Colegio Triling\u00fce\" \/>\n<meta property=\"article:publisher\" content=\"https:\/\/www.facebook.com\/ColegioAlemanBaq\/\" \/>\n<meta property=\"article:published_time\" content=\"2020-09-11T20:00:03+00:00\" \/>\n<meta property=\"article:modified_time\" content=\"2023-01-04T19:20:11+00:00\" \/>\n<meta property=\"og:image\" content=\"https:\/\/ds-barranquilla.org\/wp-content\/uploads\/2021\/02\/Nitza_Guzma_e_Iveth_Gutierrez_Web.jpg\" \/>\n\t<meta property=\"og:image:width\" content=\"1004\" \/>\n\t<meta property=\"og:image:height\" content=\"444\" \/>\n\t<meta property=\"og:image:type\" content=\"image\/jpeg\" \/>\n<meta name=\"author\" content=\"Comunicaciones Comunicaciones\" \/>\n<meta name=\"twitter:card\" content=\"summary_large_image\" \/>\n<meta name=\"twitter:creator\" content=\"@ColegioAlemanBq\" \/>\n<meta name=\"twitter:site\" content=\"@ColegioAlemanBq\" \/>\n<meta name=\"twitter:label1\" content=\"Verfasst von\" \/>\n\t<meta name=\"twitter:data1\" content=\"Comunicaciones Comunicaciones\" \/>\n\t<meta name=\"twitter:label2\" content=\"Gesch\u00e4tzte Lesezeit\" \/>\n\t<meta name=\"twitter:data2\" content=\"7\u00a0Minuten\" \/>\n<script type=\"application\/ld+json\" class=\"yoast-schema-graph\">{\"@context\":\"https:\/\/schema.org\",\"@graph\":[{\"@type\":\"Article\",\"@id\":\"https:\/\/ds-barranquilla.org\/nitza-guzman-e-iveth-gutierrez-lideraran-el-kindergarten-de-nuestro-colegio\/#article\",\"isPartOf\":{\"@id\":\"https:\/\/ds-barranquilla.org\/nitza-guzman-e-iveth-gutierrez-lideraran-el-kindergarten-de-nuestro-colegio\/\"},\"author\":{\"name\":\"Comunicaciones Comunicaciones\",\"@id\":\"https:\/\/ds-barranquilla.org\/#\/schema\/person\/7bf8790ba89d3480e0551241ccdc8d36\"},\"headline\":\"Nitza Guzm\u00e1n e Iveth Guti\u00e9rrez liderar\u00e1n el Kindergarten de nuestro colegio\",\"datePublished\":\"2020-09-11T20:00:03+00:00\",\"dateModified\":\"2023-01-04T19:20:11+00:00\",\"mainEntityOfPage\":{\"@id\":\"https:\/\/ds-barranquilla.org\/nitza-guzman-e-iveth-gutierrez-lideraran-el-kindergarten-de-nuestro-colegio\/\"},\"wordCount\":1376,\"commentCount\":0,\"publisher\":{\"@id\":\"https:\/\/ds-barranquilla.org\/#organization\"},\"image\":{\"@id\":\"https:\/\/ds-barranquilla.org\/nitza-guzman-e-iveth-gutierrez-lideraran-el-kindergarten-de-nuestro-colegio\/#primaryimage\"},\"thumbnailUrl\":\"https:\/\/ds-barranquilla.org\/wp-content\/uploads\/2021\/02\/Nitza_Guzma_e_Iveth_Gutierrez_Web.jpg\",\"articleSection\":[\"2020\",\"Kindergarten\"],\"inLanguage\":\"de\",\"potentialAction\":[{\"@type\":\"CommentAction\",\"name\":\"Comment\",\"target\":[\"https:\/\/ds-barranquilla.org\/nitza-guzman-e-iveth-gutierrez-lideraran-el-kindergarten-de-nuestro-colegio\/#respond\"]}]},{\"@type\":\"WebPage\",\"@id\":\"https:\/\/ds-barranquilla.org\/nitza-guzman-e-iveth-gutierrez-lideraran-el-kindergarten-de-nuestro-colegio\/\",\"url\":\"https:\/\/ds-barranquilla.org\/nitza-guzman-e-iveth-gutierrez-lideraran-el-kindergarten-de-nuestro-colegio\/\",\"name\":\"Nitza Guzm\u00e1n e Iveth Guti\u00e9rrez liderar\u00e1n el Kindergarten de nuestro colegio - 2026\",\"isPartOf\":{\"@id\":\"https:\/\/ds-barranquilla.org\/#website\"},\"primaryImageOfPage\":{\"@id\":\"https:\/\/ds-barranquilla.org\/nitza-guzman-e-iveth-gutierrez-lideraran-el-kindergarten-de-nuestro-colegio\/#primaryimage\"},\"image\":{\"@id\":\"https:\/\/ds-barranquilla.org\/nitza-guzman-e-iveth-gutierrez-lideraran-el-kindergarten-de-nuestro-colegio\/#primaryimage\"},\"thumbnailUrl\":\"https:\/\/ds-barranquilla.org\/wp-content\/uploads\/2021\/02\/Nitza_Guzma_e_Iveth_Gutierrez_Web.jpg\",\"datePublished\":\"2020-09-11T20:00:03+00:00\",\"dateModified\":\"2023-01-04T19:20:11+00:00\",\"breadcrumb\":{\"@id\":\"https:\/\/ds-barranquilla.org\/nitza-guzman-e-iveth-gutierrez-lideraran-el-kindergarten-de-nuestro-colegio\/#breadcrumb\"},\"inLanguage\":\"de\",\"potentialAction\":[{\"@type\":\"ReadAction\",\"target\":[\"https:\/\/ds-barranquilla.org\/nitza-guzman-e-iveth-gutierrez-lideraran-el-kindergarten-de-nuestro-colegio\/\"]}]},{\"@type\":\"ImageObject\",\"inLanguage\":\"de\",\"@id\":\"https:\/\/ds-barranquilla.org\/nitza-guzman-e-iveth-gutierrez-lideraran-el-kindergarten-de-nuestro-colegio\/#primaryimage\",\"url\":\"https:\/\/ds-barranquilla.org\/wp-content\/uploads\/2021\/02\/Nitza_Guzma_e_Iveth_Gutierrez_Web.jpg\",\"contentUrl\":\"https:\/\/ds-barranquilla.org\/wp-content\/uploads\/2021\/02\/Nitza_Guzma_e_Iveth_Gutierrez_Web.jpg\",\"width\":1004,\"height\":444},{\"@type\":\"BreadcrumbList\",\"@id\":\"https:\/\/ds-barranquilla.org\/nitza-guzman-e-iveth-gutierrez-lideraran-el-kindergarten-de-nuestro-colegio\/#breadcrumb\",\"itemListElement\":[{\"@type\":\"ListItem\",\"position\":1,\"name\":\"Portada\",\"item\":\"https:\/\/ds-barranquilla.org\/\"},{\"@type\":\"ListItem\",\"position\":2,\"name\":\"Nitza Guzm\u00e1n e Iveth Guti\u00e9rrez liderar\u00e1n el Kindergarten de nuestro colegio\"}]},{\"@type\":\"WebSite\",\"@id\":\"https:\/\/ds-barranquilla.org\/#website\",\"url\":\"https:\/\/ds-barranquilla.org\/\",\"name\":\"Colegio Alem\u00e1n - Los Mejores Colegios de Colombia - Colegio Triling\u00fce\",\"description\":\"Colegio Alem\u00e1n  Barranquilla Colombia - Colegio Biling\u00fce - Triling\u00fce - El Mejor Colegio de Colombia\",\"publisher\":{\"@id\":\"https:\/\/ds-barranquilla.org\/#organization\"},\"potentialAction\":[{\"@type\":\"SearchAction\",\"target\":{\"@type\":\"EntryPoint\",\"urlTemplate\":\"https:\/\/ds-barranquilla.org\/?s={search_term_string}\"},\"query-input\":\"required name=search_term_string\"}],\"inLanguage\":\"de\"},{\"@type\":\"Organization\",\"@id\":\"https:\/\/ds-barranquilla.org\/#organization\",\"name\":\"Colegio Alem\u00e1n Barranquilla\",\"url\":\"https:\/\/ds-barranquilla.org\/\",\"logo\":{\"@type\":\"ImageObject\",\"inLanguage\":\"de\",\"@id\":\"https:\/\/ds-barranquilla.org\/#\/schema\/logo\/image\/\",\"url\":\"https:\/\/ds-barranquilla.org\/wp-content\/uploads\/2021\/05\/coleman_logo_2.png\",\"contentUrl\":\"https:\/\/ds-barranquilla.org\/wp-content\/uploads\/2021\/05\/coleman_logo_2.png\",\"width\":418,\"height\":307,\"caption\":\"Colegio Alem\u00e1n Barranquilla\"},\"image\":{\"@id\":\"https:\/\/ds-barranquilla.org\/#\/schema\/logo\/image\/\"},\"sameAs\":[\"https:\/\/www.facebook.com\/ColegioAlemanBaq\/\",\"https:\/\/x.com\/ColegioAlemanBq\",\"https:\/\/www.instagram.com\/colegioalemanbaq\/\",\"https:\/\/www.linkedin.com\/school\/deutsche-schule-barranquilla\/\",\"https:\/\/www.youtube.com\/channel\/UCOOGZQCVs6aYRqIWvSN5agQ\"]},{\"@type\":\"Person\",\"@id\":\"https:\/\/ds-barranquilla.org\/#\/schema\/person\/7bf8790ba89d3480e0551241ccdc8d36\",\"name\":\"Comunicaciones Comunicaciones\",\"image\":{\"@type\":\"ImageObject\",\"inLanguage\":\"de\",\"@id\":\"https:\/\/ds-barranquilla.org\/#\/schema\/person\/image\/\",\"url\":\"https:\/\/secure.gravatar.com\/avatar\/a66ba9484a4338d81d6bea750e595038?s=96&d=mm&r=g\",\"contentUrl\":\"https:\/\/secure.gravatar.com\/avatar\/a66ba9484a4338d81d6bea750e595038?s=96&d=mm&r=g\",\"caption\":\"Comunicaciones Comunicaciones\"}}]}<\/script>\n<!-- \/ Yoast SEO plugin. -->","yoast_head_json":{"title":"Nitza Guzm\u00e1n e Iveth Guti\u00e9rrez liderar\u00e1n el Kindergarten de nuestro colegio - 2026","robots":{"index":"noindex","follow":"follow","max-snippet":"max-snippet:-1","max-image-preview":"max-image-preview:large","max-video-preview":"max-video-preview:-1"},"og_locale":"de_DE","og_type":"article","og_title":"Nitza Guzm\u00e1n e Iveth Guti\u00e9rrez liderar\u00e1n el Kindergarten de nuestro colegio - 2026","og_description":"Nitza Guzm\u00e1n e Iveth Guti\u00e9rrez liderar\u00e1n el Kindergarten de nuestro colegio Creado por Jos\u00e9 R\u00edos Mercado Dentro del plan de sucesi\u00f3n previsto por nuestro colegio y [\u2026]","og_url":"https:\/\/ds-barranquilla.org\/de\/nitza-guzman-e-iveth-gutierrez-lideraran-el-kindergarten-de-nuestro-colegio\/","og_site_name":"Colegio Alem\u00e1n - Los Mejores Colegios de Colombia - Colegio Triling\u00fce","article_publisher":"https:\/\/www.facebook.com\/ColegioAlemanBaq\/","article_published_time":"2020-09-11T20:00:03+00:00","article_modified_time":"2023-01-04T19:20:11+00:00","og_image":[{"width":1004,"height":444,"url":"https:\/\/ds-barranquilla.org\/wp-content\/uploads\/2021\/02\/Nitza_Guzma_e_Iveth_Gutierrez_Web.jpg","type":"image\/jpeg"}],"author":"Comunicaciones Comunicaciones","twitter_card":"summary_large_image","twitter_creator":"@ColegioAlemanBq","twitter_site":"@ColegioAlemanBq","twitter_misc":{"Verfasst von":"Comunicaciones Comunicaciones","Gesch\u00e4tzte Lesezeit":"7\u00a0Minuten"},"schema":{"@context":"https:\/\/schema.org","@graph":[{"@type":"Article","@id":"https:\/\/ds-barranquilla.org\/nitza-guzman-e-iveth-gutierrez-lideraran-el-kindergarten-de-nuestro-colegio\/#article","isPartOf":{"@id":"https:\/\/ds-barranquilla.org\/nitza-guzman-e-iveth-gutierrez-lideraran-el-kindergarten-de-nuestro-colegio\/"},"author":{"name":"Comunicaciones Comunicaciones","@id":"https:\/\/ds-barranquilla.org\/#\/schema\/person\/7bf8790ba89d3480e0551241ccdc8d36"},"headline":"Nitza Guzm\u00e1n e Iveth Guti\u00e9rrez liderar\u00e1n el Kindergarten de nuestro colegio","datePublished":"2020-09-11T20:00:03+00:00","dateModified":"2023-01-04T19:20:11+00:00","mainEntityOfPage":{"@id":"https:\/\/ds-barranquilla.org\/nitza-guzman-e-iveth-gutierrez-lideraran-el-kindergarten-de-nuestro-colegio\/"},"wordCount":1376,"commentCount":0,"publisher":{"@id":"https:\/\/ds-barranquilla.org\/#organization"},"image":{"@id":"https:\/\/ds-barranquilla.org\/nitza-guzman-e-iveth-gutierrez-lideraran-el-kindergarten-de-nuestro-colegio\/#primaryimage"},"thumbnailUrl":"https:\/\/ds-barranquilla.org\/wp-content\/uploads\/2021\/02\/Nitza_Guzma_e_Iveth_Gutierrez_Web.jpg","articleSection":["2020","Kindergarten"],"inLanguage":"de","potentialAction":[{"@type":"CommentAction","name":"Comment","target":["https:\/\/ds-barranquilla.org\/nitza-guzman-e-iveth-gutierrez-lideraran-el-kindergarten-de-nuestro-colegio\/#respond"]}]},{"@type":"WebPage","@id":"https:\/\/ds-barranquilla.org\/nitza-guzman-e-iveth-gutierrez-lideraran-el-kindergarten-de-nuestro-colegio\/","url":"https:\/\/ds-barranquilla.org\/nitza-guzman-e-iveth-gutierrez-lideraran-el-kindergarten-de-nuestro-colegio\/","name":"Nitza Guzm\u00e1n e Iveth Guti\u00e9rrez liderar\u00e1n el Kindergarten de nuestro colegio - 2026","isPartOf":{"@id":"https:\/\/ds-barranquilla.org\/#website"},"primaryImageOfPage":{"@id":"https:\/\/ds-barranquilla.org\/nitza-guzman-e-iveth-gutierrez-lideraran-el-kindergarten-de-nuestro-colegio\/#primaryimage"},"image":{"@id":"https:\/\/ds-barranquilla.org\/nitza-guzman-e-iveth-gutierrez-lideraran-el-kindergarten-de-nuestro-colegio\/#primaryimage"},"thumbnailUrl":"https:\/\/ds-barranquilla.org\/wp-content\/uploads\/2021\/02\/Nitza_Guzma_e_Iveth_Gutierrez_Web.jpg","datePublished":"2020-09-11T20:00:03+00:00","dateModified":"2023-01-04T19:20:11+00:00","breadcrumb":{"@id":"https:\/\/ds-barranquilla.org\/nitza-guzman-e-iveth-gutierrez-lideraran-el-kindergarten-de-nuestro-colegio\/#breadcrumb"},"inLanguage":"de","potentialAction":[{"@type":"ReadAction","target":["https:\/\/ds-barranquilla.org\/nitza-guzman-e-iveth-gutierrez-lideraran-el-kindergarten-de-nuestro-colegio\/"]}]},{"@type":"ImageObject","inLanguage":"de","@id":"https:\/\/ds-barranquilla.org\/nitza-guzman-e-iveth-gutierrez-lideraran-el-kindergarten-de-nuestro-colegio\/#primaryimage","url":"https:\/\/ds-barranquilla.org\/wp-content\/uploads\/2021\/02\/Nitza_Guzma_e_Iveth_Gutierrez_Web.jpg","contentUrl":"https:\/\/ds-barranquilla.org\/wp-content\/uploads\/2021\/02\/Nitza_Guzma_e_Iveth_Gutierrez_Web.jpg","width":1004,"height":444},{"@type":"BreadcrumbList","@id":"https:\/\/ds-barranquilla.org\/nitza-guzman-e-iveth-gutierrez-lideraran-el-kindergarten-de-nuestro-colegio\/#breadcrumb","itemListElement":[{"@type":"ListItem","position":1,"name":"Portada","item":"https:\/\/ds-barranquilla.org\/"},{"@type":"ListItem","position":2,"name":"Nitza Guzm\u00e1n e Iveth Guti\u00e9rrez liderar\u00e1n el Kindergarten de nuestro colegio"}]},{"@type":"WebSite","@id":"https:\/\/ds-barranquilla.org\/#website","url":"https:\/\/ds-barranquilla.org\/","name":"Colegio Alem\u00e1n - Los Mejores Colegios de Colombia - Colegio Triling\u00fce","description":"Colegio Alem\u00e1n  Barranquilla Colombia - Colegio Biling\u00fce - Triling\u00fce - El Mejor Colegio de Colombia","publisher":{"@id":"https:\/\/ds-barranquilla.org\/#organization"},"potentialAction":[{"@type":"SearchAction","target":{"@type":"EntryPoint","urlTemplate":"https:\/\/ds-barranquilla.org\/?s={search_term_string}"},"query-input":"required name=search_term_string"}],"inLanguage":"de"},{"@type":"Organization","@id":"https:\/\/ds-barranquilla.org\/#organization","name":"Colegio Alem\u00e1n Barranquilla","url":"https:\/\/ds-barranquilla.org\/","logo":{"@type":"ImageObject","inLanguage":"de","@id":"https:\/\/ds-barranquilla.org\/#\/schema\/logo\/image\/","url":"https:\/\/ds-barranquilla.org\/wp-content\/uploads\/2021\/05\/coleman_logo_2.png","contentUrl":"https:\/\/ds-barranquilla.org\/wp-content\/uploads\/2021\/05\/coleman_logo_2.png","width":418,"height":307,"caption":"Colegio Alem\u00e1n Barranquilla"},"image":{"@id":"https:\/\/ds-barranquilla.org\/#\/schema\/logo\/image\/"},"sameAs":["https:\/\/www.facebook.com\/ColegioAlemanBaq\/","https:\/\/x.com\/ColegioAlemanBq","https:\/\/www.instagram.com\/colegioalemanbaq\/","https:\/\/www.linkedin.com\/school\/deutsche-schule-barranquilla\/","https:\/\/www.youtube.com\/channel\/UCOOGZQCVs6aYRqIWvSN5agQ"]},{"@type":"Person","@id":"https:\/\/ds-barranquilla.org\/#\/schema\/person\/7bf8790ba89d3480e0551241ccdc8d36","name":"Comunicaciones Comunicaciones","image":{"@type":"ImageObject","inLanguage":"de","@id":"https:\/\/ds-barranquilla.org\/#\/schema\/person\/image\/","url":"https:\/\/secure.gravatar.com\/avatar\/a66ba9484a4338d81d6bea750e595038?s=96&d=mm&r=g","contentUrl":"https:\/\/secure.gravatar.com\/avatar\/a66ba9484a4338d81d6bea750e595038?s=96&d=mm&r=g","caption":"Comunicaciones Comunicaciones"}}]}},"_links":{"self":[{"href":"https:\/\/ds-barranquilla.org\/de\/wp-json\/wp\/v2\/posts\/6583"}],"collection":[{"href":"https:\/\/ds-barranquilla.org\/de\/wp-json\/wp\/v2\/posts"}],"about":[{"href":"https:\/\/ds-barranquilla.org\/de\/wp-json\/wp\/v2\/types\/post"}],"author":[{"embeddable":true,"href":"https:\/\/ds-barranquilla.org\/de\/wp-json\/wp\/v2\/users\/16"}],"replies":[{"embeddable":true,"href":"https:\/\/ds-barranquilla.org\/de\/wp-json\/wp\/v2\/comments?post=6583"}],"version-history":[{"count":1,"href":"https:\/\/ds-barranquilla.org\/de\/wp-json\/wp\/v2\/posts\/6583\/revisions"}],"predecessor-version":[{"id":6585,"href":"https:\/\/ds-barranquilla.org\/de\/wp-json\/wp\/v2\/posts\/6583\/revisions\/6585"}],"wp:featuredmedia":[{"embeddable":true,"href":"https:\/\/ds-barranquilla.org\/de\/wp-json\/wp\/v2\/media\/6584"}],"wp:attachment":[{"href":"https:\/\/ds-barranquilla.org\/de\/wp-json\/wp\/v2\/media?parent=6583"}],"wp:term":[{"taxonomy":"category","embeddable":true,"href":"https:\/\/ds-barranquilla.org\/de\/wp-json\/wp\/v2\/categories?post=6583"},{"taxonomy":"post_tag","embeddable":true,"href":"https:\/\/ds-barranquilla.org\/de\/wp-json\/wp\/v2\/tags?post=6583"}],"curies":[{"name":"wp","href":"https:\/\/api.w.org\/{rel}","templated":true}]}}