{"id":6586,"date":"2020-09-11T15:04:37","date_gmt":"2020-09-11T20:04:37","guid":{"rendered":"https:\/\/ds-barranquilla.org\/?p=6586"},"modified":"2023-01-04T14:19:58","modified_gmt":"2023-01-04T19:19:58","slug":"quiero-que-esta-area-se-constituya-en-un-apoyo-para-la-formacion-integral-de-los-estudiantes-en-terminos-de-crecimiento-personal-emocional-y-familiar-laura-puerta-coordinadora-de","status":"publish","type":"post","link":"https:\/\/ds-barranquilla.org\/de\/quiero-que-esta-area-se-constituya-en-un-apoyo-para-la-formacion-integral-de-los-estudiantes-en-terminos-de-crecimiento-personal-emocional-y-familiar-laura-puerta-coordinadora-de\/","title":{"rendered":"\u201cQuiero que esta \u00e1rea se constituya en un apoyo para la formaci\u00f3n integral de los estudiantes en t\u00e9rminos de crecimiento personal, emocional y familiar\u201d: Laura Puerta (Coordinadora de Orientaci\u00f3n Psicoeducativa)"},"content":{"rendered":"<h1>\u201cQuiero que esta \u00e1rea se constituya en un apoyo para la formaci\u00f3n integral de los estudiantes en t\u00e9rminos de crecimiento personal, emocional y familiar\u201d: Laura Puerta (Coordinadora de Orientaci\u00f3n Psicoeducativa)<\/h1>\n<div class=\"extra\">Creado por Jos\u00e9 R\u00edos Mercado<\/div>\n<div class=\"row\">\n<div class=\"col-md-12\">\n<div class=\"news-text-wrap\">\n<p>Con ocasi\u00f3n de su nombramiento como Coordinadora del \u00c1rea de Orientaci\u00f3n Psicoeducativa (OPE) de nuestro colegio, presentamos a continuaci\u00f3n la entrevista realizada a la psic\u00f3loga Laura Puerta, quien nos habl\u00f3 acerca de diferentes aspectos de su vida personal y profesional, as\u00ed como de los retos que representa su cargo.<\/p>\n<p><strong>\u00bfQui\u00e9n es Laura Puerta?<\/strong><\/p>\n<p>Mi nombre completo es Laura Puerta Morales y nac\u00ed en Bogot\u00e1; me cri\u00e9 en Barranquilla desde los cinco a\u00f1os de edad. Soy exalumna del Colegio Alem\u00e1n (Promoci\u00f3n 2001), estoy casada y soy madre de dos ni\u00f1as.<\/p>\n<p>Me considero una persona responsable, puntual y con escucha activa para comprender las situaciones que se presentan a nuestro alrededor. Es por eso que decid\u00ed estudiar Psicolog\u00eda en la Universidad del Norte y me especialic\u00e9 en la misma instituci\u00f3n en Trastornos Cognitivos y del Aprendizaje.<\/p>\n<p>Posteriormente, obtuve una beca para hacer un doctorado en Psicolog\u00eda en la Universidad Maim\u00f3nides de Buenos Aires (Argentina). A nivel laboral me he desempe\u00f1ado en los campos cl\u00ednico, educativo e investigativo.<\/p>\n<p><strong>\u00bfC\u00f3mo ha sido su trayectoria en el Colegio Alem\u00e1n de Barranquilla?<\/strong><\/p>\n<p>Mi trayectoria inici\u00f3 en el 2016 como psic\u00f3loga de la Secci\u00f3n de Primaria. All\u00ed estuve tres a\u00f1os hasta que pas\u00e9 a trabajar a la Secci\u00f3n de Secundaria.<\/p>\n<p><strong>\u00bfQu\u00e9 significado tiene su nombramiento como Coordinadora de Orientaci\u00f3n Psicoeducativa (OPE) de nuestra instituci\u00f3n?<\/strong><\/p>\n<p>Quiero que esta \u00e1rea se constituya en un apoyo para la formaci\u00f3n integral de los estudiantes en t\u00e9rminos de crecimiento personal, emocional y familiar, ayud\u00e1ndolos a interactuar en su contexto social inmediato (educativo). El acompa\u00f1amiento brindado a profesores y directivos es fundamental para la implementaci\u00f3n de estrategias que fomenten la calidad educativa.<\/p>\n<p>De igual forma, el apoyo a los padres de familia que lo requieran, es otro aspecto que hay que seguir trabajando en aras de influenciar en el rendimiento acad\u00e9mico de los alumnos.<\/p>\n<p><strong>\u00bfCu\u00e1les son los retos laborales y personales que le plantea este nuevo cargo?<\/strong><\/p>\n<p>&#8211;\u00a0\u00a0\u00a0\u00a0\u00a0 Promover y fortalecer competencias de liderazgo y trabajo en equipo para alcanzar los logros y las metas planteadas en el Plan Estrat\u00e9gico Institucional.<\/p>\n<p>&#8211;\u00a0\u00a0\u00a0\u00a0\u00a0 Fortalecer los procesos de calidad educativa y brindar a los estudiantes bienestar en todas las \u00e1reas de su desarrollo humano.<\/p>\n<p>&#8211;\u00a0\u00a0\u00a0\u00a0\u00a0 Continuar con la alianza padres-colegio para una vida significativa en el entorno educativo de los ni\u00f1os.<\/p>\n<p><strong>\u00bfQu\u00e9 se tiene previsto desde OPE en materia de actividades y proyectos para la consolidaci\u00f3n del liderazgo y la visi\u00f3n institucional para este nuevo a\u00f1o escolar?<\/strong><\/p>\n<p>Este a\u00f1o queremos consolidar a\u00fan m\u00e1s la campa\u00f1a antibullying, visibilizar m\u00e1s los mediadores escolares y lanzar una campa\u00f1a frente a la Diferenciaci\u00f3n; es decir, fomentar la tolerancia hacia la diferencia. Creemos que cada vez tenemos que crecer m\u00e1s en este concepto prosocial por lo que estamos observando en el mundo a nivel global.<\/p>\n<p><strong>\u00bfC\u00f3mo se proyecta el \u00e1rea dentro de la instituci\u00f3n?<\/strong><\/p>\n<p>\u00c9l \u00e1rea se proyecta para acercarse a\u00fan m\u00e1s a los padres de familia y estudiantes en sus necesidades actuales y promover particularmente los valores atributos IB.<\/p>\n<\/div>\n<\/div>\n<\/div>","protected":false},"excerpt":{"rendered":"<p>\u201cQuiero que esta \u00e1rea se constituya en un apoyo para la formaci\u00f3n integral de los estudiantes en t\u00e9rminos de crecimiento personal, emocional y familiar\u201d: Laura Puerta<span class=\"excerpt-hellip\"> [\u2026]<\/span><\/p>","protected":false},"author":16,"featured_media":6587,"comment_status":"open","ping_status":"open","sticky":false,"template":"","format":"standard","meta":{"_exactmetrics_skip_tracking":false,"_exactmetrics_sitenote_active":false,"_exactmetrics_sitenote_note":"","_exactmetrics_sitenote_category":0,"_joinchat":[],"footnotes":""},"categories":[680,705],"tags":[],"class_list":["post-6586","post","type-post","status-publish","format-standard","has-post-thumbnail","hentry","category-680","category-orientacion-psicoeducativa"],"yoast_head":"<!-- This site is optimized with the Yoast SEO plugin v23.3 - https:\/\/yoast.com\/wordpress\/plugins\/seo\/ -->\n<title>\u201cQuiero que esta \u00e1rea se constituya en un apoyo para la formaci\u00f3n integral de los estudiantes en t\u00e9rminos de crecimiento personal, emocional y familiar\u201d: Laura Puerta (Coordinadora de Orientaci\u00f3n Psicoeducativa) - 2026<\/title>\n<meta name=\"robots\" content=\"noindex, follow, max-snippet:-1, max-image-preview:large, max-video-preview:-1\" \/>\n<meta property=\"og:locale\" content=\"de_DE\" \/>\n<meta property=\"og:type\" content=\"article\" \/>\n<meta property=\"og:title\" content=\"\u201cQuiero que esta \u00e1rea se constituya en un apoyo para la formaci\u00f3n integral de los estudiantes en t\u00e9rminos de crecimiento personal, emocional y familiar\u201d: Laura Puerta (Coordinadora de Orientaci\u00f3n Psicoeducativa) - 2026\" \/>\n<meta property=\"og:description\" content=\"\u201cQuiero que esta \u00e1rea se constituya en un apoyo para la formaci\u00f3n integral de los estudiantes en t\u00e9rminos de crecimiento personal, emocional y familiar\u201d: Laura Puerta [\u2026]\" \/>\n<meta property=\"og:url\" content=\"https:\/\/ds-barranquilla.org\/de\/quiero-que-esta-area-se-constituya-en-un-apoyo-para-la-formacion-integral-de-los-estudiantes-en-terminos-de-crecimiento-personal-emocional-y-familiar-laura-puerta-coordinadora-de\/\" \/>\n<meta property=\"og:site_name\" content=\"Colegio Alem\u00e1n - Los Mejores Colegios de Colombia - Colegio Triling\u00fce\" \/>\n<meta property=\"article:publisher\" content=\"https:\/\/www.facebook.com\/ColegioAlemanBaq\/\" \/>\n<meta property=\"article:published_time\" content=\"2020-09-11T20:04:37+00:00\" \/>\n<meta property=\"article:modified_time\" content=\"2023-01-04T19:19:58+00:00\" \/>\n<meta property=\"og:image\" content=\"https:\/\/ds-barranquilla.org\/wp-content\/uploads\/2021\/02\/Laura_Puerta_Web.jpg\" \/>\n\t<meta property=\"og:image:width\" content=\"1004\" \/>\n\t<meta property=\"og:image:height\" content=\"444\" \/>\n\t<meta property=\"og:image:type\" content=\"image\/jpeg\" \/>\n<meta name=\"author\" content=\"Comunicaciones Comunicaciones\" \/>\n<meta name=\"twitter:card\" content=\"summary_large_image\" \/>\n<meta name=\"twitter:creator\" content=\"@ColegioAlemanBq\" \/>\n<meta name=\"twitter:site\" content=\"@ColegioAlemanBq\" \/>\n<meta name=\"twitter:label1\" content=\"Verfasst von\" \/>\n\t<meta name=\"twitter:data1\" content=\"Comunicaciones Comunicaciones\" \/>\n\t<meta name=\"twitter:label2\" content=\"Gesch\u00e4tzte Lesezeit\" \/>\n\t<meta name=\"twitter:data2\" content=\"3\u00a0Minuten\" \/>\n<script type=\"application\/ld+json\" class=\"yoast-schema-graph\">{\"@context\":\"https:\/\/schema.org\",\"@graph\":[{\"@type\":\"Article\",\"@id\":\"https:\/\/ds-barranquilla.org\/de\/quiero-que-esta-area-se-constituya-en-un-apoyo-para-la-formacion-integral-de-los-estudiantes-en-terminos-de-crecimiento-personal-emocional-y-familiar-laura-puerta-coordinadora-de\/#article\",\"isPartOf\":{\"@id\":\"https:\/\/ds-barranquilla.org\/de\/quiero-que-esta-area-se-constituya-en-un-apoyo-para-la-formacion-integral-de-los-estudiantes-en-terminos-de-crecimiento-personal-emocional-y-familiar-laura-puerta-coordinadora-de\/\"},\"author\":{\"name\":\"Comunicaciones Comunicaciones\",\"@id\":\"https:\/\/ds-barranquilla.org\/#\/schema\/person\/7bf8790ba89d3480e0551241ccdc8d36\"},\"headline\":\"\u201cQuiero que esta \u00e1rea se constituya en un apoyo para la formaci\u00f3n integral de los estudiantes en t\u00e9rminos de crecimiento personal, emocional y familiar\u201d: Laura Puerta (Coordinadora de Orientaci\u00f3n Psicoeducativa)\",\"datePublished\":\"2020-09-11T20:04:37+00:00\",\"dateModified\":\"2023-01-04T19:19:58+00:00\",\"mainEntityOfPage\":{\"@id\":\"https:\/\/ds-barranquilla.org\/de\/quiero-que-esta-area-se-constituya-en-un-apoyo-para-la-formacion-integral-de-los-estudiantes-en-terminos-de-crecimiento-personal-emocional-y-familiar-laura-puerta-coordinadora-de\/\"},\"wordCount\":607,\"commentCount\":0,\"publisher\":{\"@id\":\"https:\/\/ds-barranquilla.org\/#organization\"},\"image\":{\"@id\":\"https:\/\/ds-barranquilla.org\/de\/quiero-que-esta-area-se-constituya-en-un-apoyo-para-la-formacion-integral-de-los-estudiantes-en-terminos-de-crecimiento-personal-emocional-y-familiar-laura-puerta-coordinadora-de\/#primaryimage\"},\"thumbnailUrl\":\"https:\/\/ds-barranquilla.org\/wp-content\/uploads\/2021\/02\/Laura_Puerta_Web.jpg\",\"articleSection\":[\"2020\",\"Orientaci\u00f3n Psicoeducativa\"],\"inLanguage\":\"de\",\"potentialAction\":[{\"@type\":\"CommentAction\",\"name\":\"Comment\",\"target\":[\"https:\/\/ds-barranquilla.org\/de\/quiero-que-esta-area-se-constituya-en-un-apoyo-para-la-formacion-integral-de-los-estudiantes-en-terminos-de-crecimiento-personal-emocional-y-familiar-laura-puerta-coordinadora-de\/#respond\"]}]},{\"@type\":\"WebPage\",\"@id\":\"https:\/\/ds-barranquilla.org\/de\/quiero-que-esta-area-se-constituya-en-un-apoyo-para-la-formacion-integral-de-los-estudiantes-en-terminos-de-crecimiento-personal-emocional-y-familiar-laura-puerta-coordinadora-de\/\",\"url\":\"https:\/\/ds-barranquilla.org\/de\/quiero-que-esta-area-se-constituya-en-un-apoyo-para-la-formacion-integral-de-los-estudiantes-en-terminos-de-crecimiento-personal-emocional-y-familiar-laura-puerta-coordinadora-de\/\",\"name\":\"\u201cQuiero que esta \u00e1rea se constituya en un apoyo para la formaci\u00f3n integral de los estudiantes en t\u00e9rminos de crecimiento personal, emocional y familiar\u201d: Laura Puerta (Coordinadora de Orientaci\u00f3n Psicoeducativa) - 2026\",\"isPartOf\":{\"@id\":\"https:\/\/ds-barranquilla.org\/#website\"},\"primaryImageOfPage\":{\"@id\":\"https:\/\/ds-barranquilla.org\/de\/quiero-que-esta-area-se-constituya-en-un-apoyo-para-la-formacion-integral-de-los-estudiantes-en-terminos-de-crecimiento-personal-emocional-y-familiar-laura-puerta-coordinadora-de\/#primaryimage\"},\"image\":{\"@id\":\"https:\/\/ds-barranquilla.org\/de\/quiero-que-esta-area-se-constituya-en-un-apoyo-para-la-formacion-integral-de-los-estudiantes-en-terminos-de-crecimiento-personal-emocional-y-familiar-laura-puerta-coordinadora-de\/#primaryimage\"},\"thumbnailUrl\":\"https:\/\/ds-barranquilla.org\/wp-content\/uploads\/2021\/02\/Laura_Puerta_Web.jpg\",\"datePublished\":\"2020-09-11T20:04:37+00:00\",\"dateModified\":\"2023-01-04T19:19:58+00:00\",\"breadcrumb\":{\"@id\":\"https:\/\/ds-barranquilla.org\/de\/quiero-que-esta-area-se-constituya-en-un-apoyo-para-la-formacion-integral-de-los-estudiantes-en-terminos-de-crecimiento-personal-emocional-y-familiar-laura-puerta-coordinadora-de\/#breadcrumb\"},\"inLanguage\":\"de\",\"potentialAction\":[{\"@type\":\"ReadAction\",\"target\":[\"https:\/\/ds-barranquilla.org\/de\/quiero-que-esta-area-se-constituya-en-un-apoyo-para-la-formacion-integral-de-los-estudiantes-en-terminos-de-crecimiento-personal-emocional-y-familiar-laura-puerta-coordinadora-de\/\"]}]},{\"@type\":\"ImageObject\",\"inLanguage\":\"de\",\"@id\":\"https:\/\/ds-barranquilla.org\/de\/quiero-que-esta-area-se-constituya-en-un-apoyo-para-la-formacion-integral-de-los-estudiantes-en-terminos-de-crecimiento-personal-emocional-y-familiar-laura-puerta-coordinadora-de\/#primaryimage\",\"url\":\"https:\/\/ds-barranquilla.org\/wp-content\/uploads\/2021\/02\/Laura_Puerta_Web.jpg\",\"contentUrl\":\"https:\/\/ds-barranquilla.org\/wp-content\/uploads\/2021\/02\/Laura_Puerta_Web.jpg\",\"width\":1004,\"height\":444,\"caption\":\"Laura_Puerta_Web\"},{\"@type\":\"BreadcrumbList\",\"@id\":\"https:\/\/ds-barranquilla.org\/de\/quiero-que-esta-area-se-constituya-en-un-apoyo-para-la-formacion-integral-de-los-estudiantes-en-terminos-de-crecimiento-personal-emocional-y-familiar-laura-puerta-coordinadora-de\/#breadcrumb\",\"itemListElement\":[{\"@type\":\"ListItem\",\"position\":1,\"name\":\"Portada\",\"item\":\"https:\/\/ds-barranquilla.org\/\"},{\"@type\":\"ListItem\",\"position\":2,\"name\":\"\u201cQuiero que esta \u00e1rea se constituya en un apoyo para la formaci\u00f3n integral de los estudiantes en t\u00e9rminos de crecimiento personal, emocional y familiar\u201d: Laura Puerta (Coordinadora de Orientaci\u00f3n Psicoeducativa)\"}]},{\"@type\":\"WebSite\",\"@id\":\"https:\/\/ds-barranquilla.org\/#website\",\"url\":\"https:\/\/ds-barranquilla.org\/\",\"name\":\"Colegio Alem\u00e1n - Los Mejores Colegios de Colombia - Colegio Triling\u00fce\",\"description\":\"Colegio Alem\u00e1n  Barranquilla Colombia - Colegio Biling\u00fce - Triling\u00fce - El Mejor Colegio de Colombia\",\"publisher\":{\"@id\":\"https:\/\/ds-barranquilla.org\/#organization\"},\"potentialAction\":[{\"@type\":\"SearchAction\",\"target\":{\"@type\":\"EntryPoint\",\"urlTemplate\":\"https:\/\/ds-barranquilla.org\/?s={search_term_string}\"},\"query-input\":\"required name=search_term_string\"}],\"inLanguage\":\"de\"},{\"@type\":\"Organization\",\"@id\":\"https:\/\/ds-barranquilla.org\/#organization\",\"name\":\"Colegio Alem\u00e1n Barranquilla\",\"url\":\"https:\/\/ds-barranquilla.org\/\",\"logo\":{\"@type\":\"ImageObject\",\"inLanguage\":\"de\",\"@id\":\"https:\/\/ds-barranquilla.org\/#\/schema\/logo\/image\/\",\"url\":\"https:\/\/ds-barranquilla.org\/wp-content\/uploads\/2021\/05\/coleman_logo_2.png\",\"contentUrl\":\"https:\/\/ds-barranquilla.org\/wp-content\/uploads\/2021\/05\/coleman_logo_2.png\",\"width\":418,\"height\":307,\"caption\":\"Colegio Alem\u00e1n Barranquilla\"},\"image\":{\"@id\":\"https:\/\/ds-barranquilla.org\/#\/schema\/logo\/image\/\"},\"sameAs\":[\"https:\/\/www.facebook.com\/ColegioAlemanBaq\/\",\"https:\/\/x.com\/ColegioAlemanBq\",\"https:\/\/www.instagram.com\/colegioalemanbaq\/\",\"https:\/\/www.linkedin.com\/school\/deutsche-schule-barranquilla\/\",\"https:\/\/www.youtube.com\/channel\/UCOOGZQCVs6aYRqIWvSN5agQ\"]},{\"@type\":\"Person\",\"@id\":\"https:\/\/ds-barranquilla.org\/#\/schema\/person\/7bf8790ba89d3480e0551241ccdc8d36\",\"name\":\"Comunicaciones Comunicaciones\",\"image\":{\"@type\":\"ImageObject\",\"inLanguage\":\"de\",\"@id\":\"https:\/\/ds-barranquilla.org\/#\/schema\/person\/image\/\",\"url\":\"https:\/\/secure.gravatar.com\/avatar\/a66ba9484a4338d81d6bea750e595038?s=96&d=mm&r=g\",\"contentUrl\":\"https:\/\/secure.gravatar.com\/avatar\/a66ba9484a4338d81d6bea750e595038?s=96&d=mm&r=g\",\"caption\":\"Comunicaciones Comunicaciones\"}}]}<\/script>\n<!-- \/ Yoast SEO plugin. -->","yoast_head_json":{"title":"\u201cQuiero que esta \u00e1rea se constituya en un apoyo para la formaci\u00f3n integral de los estudiantes en t\u00e9rminos de crecimiento personal, emocional y familiar\u201d: Laura Puerta (Coordinadora de Orientaci\u00f3n Psicoeducativa) - 2026","robots":{"index":"noindex","follow":"follow","max-snippet":"max-snippet:-1","max-image-preview":"max-image-preview:large","max-video-preview":"max-video-preview:-1"},"og_locale":"de_DE","og_type":"article","og_title":"\u201cQuiero que esta \u00e1rea se constituya en un apoyo para la formaci\u00f3n integral de los estudiantes en t\u00e9rminos de crecimiento personal, emocional y familiar\u201d: Laura Puerta (Coordinadora de Orientaci\u00f3n Psicoeducativa) - 2026","og_description":"\u201cQuiero que esta \u00e1rea se constituya en un apoyo para la formaci\u00f3n integral de los estudiantes en t\u00e9rminos de crecimiento personal, emocional y familiar\u201d: Laura Puerta [\u2026]","og_url":"https:\/\/ds-barranquilla.org\/de\/quiero-que-esta-area-se-constituya-en-un-apoyo-para-la-formacion-integral-de-los-estudiantes-en-terminos-de-crecimiento-personal-emocional-y-familiar-laura-puerta-coordinadora-de\/","og_site_name":"Colegio Alem\u00e1n - Los Mejores Colegios de Colombia - Colegio Triling\u00fce","article_publisher":"https:\/\/www.facebook.com\/ColegioAlemanBaq\/","article_published_time":"2020-09-11T20:04:37+00:00","article_modified_time":"2023-01-04T19:19:58+00:00","og_image":[{"width":1004,"height":444,"url":"https:\/\/ds-barranquilla.org\/wp-content\/uploads\/2021\/02\/Laura_Puerta_Web.jpg","type":"image\/jpeg"}],"author":"Comunicaciones Comunicaciones","twitter_card":"summary_large_image","twitter_creator":"@ColegioAlemanBq","twitter_site":"@ColegioAlemanBq","twitter_misc":{"Verfasst von":"Comunicaciones Comunicaciones","Gesch\u00e4tzte Lesezeit":"3\u00a0Minuten"},"schema":{"@context":"https:\/\/schema.org","@graph":[{"@type":"Article","@id":"https:\/\/ds-barranquilla.org\/de\/quiero-que-esta-area-se-constituya-en-un-apoyo-para-la-formacion-integral-de-los-estudiantes-en-terminos-de-crecimiento-personal-emocional-y-familiar-laura-puerta-coordinadora-de\/#article","isPartOf":{"@id":"https:\/\/ds-barranquilla.org\/de\/quiero-que-esta-area-se-constituya-en-un-apoyo-para-la-formacion-integral-de-los-estudiantes-en-terminos-de-crecimiento-personal-emocional-y-familiar-laura-puerta-coordinadora-de\/"},"author":{"name":"Comunicaciones Comunicaciones","@id":"https:\/\/ds-barranquilla.org\/#\/schema\/person\/7bf8790ba89d3480e0551241ccdc8d36"},"headline":"\u201cQuiero que esta \u00e1rea se constituya en un apoyo para la formaci\u00f3n integral de los estudiantes en t\u00e9rminos de crecimiento personal, emocional y familiar\u201d: Laura Puerta (Coordinadora de Orientaci\u00f3n Psicoeducativa)","datePublished":"2020-09-11T20:04:37+00:00","dateModified":"2023-01-04T19:19:58+00:00","mainEntityOfPage":{"@id":"https:\/\/ds-barranquilla.org\/de\/quiero-que-esta-area-se-constituya-en-un-apoyo-para-la-formacion-integral-de-los-estudiantes-en-terminos-de-crecimiento-personal-emocional-y-familiar-laura-puerta-coordinadora-de\/"},"wordCount":607,"commentCount":0,"publisher":{"@id":"https:\/\/ds-barranquilla.org\/#organization"},"image":{"@id":"https:\/\/ds-barranquilla.org\/de\/quiero-que-esta-area-se-constituya-en-un-apoyo-para-la-formacion-integral-de-los-estudiantes-en-terminos-de-crecimiento-personal-emocional-y-familiar-laura-puerta-coordinadora-de\/#primaryimage"},"thumbnailUrl":"https:\/\/ds-barranquilla.org\/wp-content\/uploads\/2021\/02\/Laura_Puerta_Web.jpg","articleSection":["2020","Orientaci\u00f3n Psicoeducativa"],"inLanguage":"de","potentialAction":[{"@type":"CommentAction","name":"Comment","target":["https:\/\/ds-barranquilla.org\/de\/quiero-que-esta-area-se-constituya-en-un-apoyo-para-la-formacion-integral-de-los-estudiantes-en-terminos-de-crecimiento-personal-emocional-y-familiar-laura-puerta-coordinadora-de\/#respond"]}]},{"@type":"WebPage","@id":"https:\/\/ds-barranquilla.org\/de\/quiero-que-esta-area-se-constituya-en-un-apoyo-para-la-formacion-integral-de-los-estudiantes-en-terminos-de-crecimiento-personal-emocional-y-familiar-laura-puerta-coordinadora-de\/","url":"https:\/\/ds-barranquilla.org\/de\/quiero-que-esta-area-se-constituya-en-un-apoyo-para-la-formacion-integral-de-los-estudiantes-en-terminos-de-crecimiento-personal-emocional-y-familiar-laura-puerta-coordinadora-de\/","name":"\u201cQuiero que esta \u00e1rea se constituya en un apoyo para la formaci\u00f3n integral de los estudiantes en t\u00e9rminos de crecimiento personal, emocional y familiar\u201d: Laura Puerta (Coordinadora de Orientaci\u00f3n Psicoeducativa) - 2026","isPartOf":{"@id":"https:\/\/ds-barranquilla.org\/#website"},"primaryImageOfPage":{"@id":"https:\/\/ds-barranquilla.org\/de\/quiero-que-esta-area-se-constituya-en-un-apoyo-para-la-formacion-integral-de-los-estudiantes-en-terminos-de-crecimiento-personal-emocional-y-familiar-laura-puerta-coordinadora-de\/#primaryimage"},"image":{"@id":"https:\/\/ds-barranquilla.org\/de\/quiero-que-esta-area-se-constituya-en-un-apoyo-para-la-formacion-integral-de-los-estudiantes-en-terminos-de-crecimiento-personal-emocional-y-familiar-laura-puerta-coordinadora-de\/#primaryimage"},"thumbnailUrl":"https:\/\/ds-barranquilla.org\/wp-content\/uploads\/2021\/02\/Laura_Puerta_Web.jpg","datePublished":"2020-09-11T20:04:37+00:00","dateModified":"2023-01-04T19:19:58+00:00","breadcrumb":{"@id":"https:\/\/ds-barranquilla.org\/de\/quiero-que-esta-area-se-constituya-en-un-apoyo-para-la-formacion-integral-de-los-estudiantes-en-terminos-de-crecimiento-personal-emocional-y-familiar-laura-puerta-coordinadora-de\/#breadcrumb"},"inLanguage":"de","potentialAction":[{"@type":"ReadAction","target":["https:\/\/ds-barranquilla.org\/de\/quiero-que-esta-area-se-constituya-en-un-apoyo-para-la-formacion-integral-de-los-estudiantes-en-terminos-de-crecimiento-personal-emocional-y-familiar-laura-puerta-coordinadora-de\/"]}]},{"@type":"ImageObject","inLanguage":"de","@id":"https:\/\/ds-barranquilla.org\/de\/quiero-que-esta-area-se-constituya-en-un-apoyo-para-la-formacion-integral-de-los-estudiantes-en-terminos-de-crecimiento-personal-emocional-y-familiar-laura-puerta-coordinadora-de\/#primaryimage","url":"https:\/\/ds-barranquilla.org\/wp-content\/uploads\/2021\/02\/Laura_Puerta_Web.jpg","contentUrl":"https:\/\/ds-barranquilla.org\/wp-content\/uploads\/2021\/02\/Laura_Puerta_Web.jpg","width":1004,"height":444,"caption":"Laura_Puerta_Web"},{"@type":"BreadcrumbList","@id":"https:\/\/ds-barranquilla.org\/de\/quiero-que-esta-area-se-constituya-en-un-apoyo-para-la-formacion-integral-de-los-estudiantes-en-terminos-de-crecimiento-personal-emocional-y-familiar-laura-puerta-coordinadora-de\/#breadcrumb","itemListElement":[{"@type":"ListItem","position":1,"name":"Portada","item":"https:\/\/ds-barranquilla.org\/"},{"@type":"ListItem","position":2,"name":"\u201cQuiero que esta \u00e1rea se constituya en un apoyo para la formaci\u00f3n integral de los estudiantes en t\u00e9rminos de crecimiento personal, emocional y familiar\u201d: Laura Puerta (Coordinadora de Orientaci\u00f3n Psicoeducativa)"}]},{"@type":"WebSite","@id":"https:\/\/ds-barranquilla.org\/#website","url":"https:\/\/ds-barranquilla.org\/","name":"Colegio Alem\u00e1n - Los Mejores Colegios de Colombia - Colegio Triling\u00fce","description":"Colegio Alem\u00e1n  Barranquilla Colombia - Colegio Biling\u00fce - Triling\u00fce - El Mejor Colegio de Colombia","publisher":{"@id":"https:\/\/ds-barranquilla.org\/#organization"},"potentialAction":[{"@type":"SearchAction","target":{"@type":"EntryPoint","urlTemplate":"https:\/\/ds-barranquilla.org\/?s={search_term_string}"},"query-input":"required name=search_term_string"}],"inLanguage":"de"},{"@type":"Organization","@id":"https:\/\/ds-barranquilla.org\/#organization","name":"Colegio Alem\u00e1n Barranquilla","url":"https:\/\/ds-barranquilla.org\/","logo":{"@type":"ImageObject","inLanguage":"de","@id":"https:\/\/ds-barranquilla.org\/#\/schema\/logo\/image\/","url":"https:\/\/ds-barranquilla.org\/wp-content\/uploads\/2021\/05\/coleman_logo_2.png","contentUrl":"https:\/\/ds-barranquilla.org\/wp-content\/uploads\/2021\/05\/coleman_logo_2.png","width":418,"height":307,"caption":"Colegio Alem\u00e1n Barranquilla"},"image":{"@id":"https:\/\/ds-barranquilla.org\/#\/schema\/logo\/image\/"},"sameAs":["https:\/\/www.facebook.com\/ColegioAlemanBaq\/","https:\/\/x.com\/ColegioAlemanBq","https:\/\/www.instagram.com\/colegioalemanbaq\/","https:\/\/www.linkedin.com\/school\/deutsche-schule-barranquilla\/","https:\/\/www.youtube.com\/channel\/UCOOGZQCVs6aYRqIWvSN5agQ"]},{"@type":"Person","@id":"https:\/\/ds-barranquilla.org\/#\/schema\/person\/7bf8790ba89d3480e0551241ccdc8d36","name":"Comunicaciones Comunicaciones","image":{"@type":"ImageObject","inLanguage":"de","@id":"https:\/\/ds-barranquilla.org\/#\/schema\/person\/image\/","url":"https:\/\/secure.gravatar.com\/avatar\/a66ba9484a4338d81d6bea750e595038?s=96&d=mm&r=g","contentUrl":"https:\/\/secure.gravatar.com\/avatar\/a66ba9484a4338d81d6bea750e595038?s=96&d=mm&r=g","caption":"Comunicaciones Comunicaciones"}}]}},"_links":{"self":[{"href":"https:\/\/ds-barranquilla.org\/de\/wp-json\/wp\/v2\/posts\/6586"}],"collection":[{"href":"https:\/\/ds-barranquilla.org\/de\/wp-json\/wp\/v2\/posts"}],"about":[{"href":"https:\/\/ds-barranquilla.org\/de\/wp-json\/wp\/v2\/types\/post"}],"author":[{"embeddable":true,"href":"https:\/\/ds-barranquilla.org\/de\/wp-json\/wp\/v2\/users\/16"}],"replies":[{"embeddable":true,"href":"https:\/\/ds-barranquilla.org\/de\/wp-json\/wp\/v2\/comments?post=6586"}],"version-history":[{"count":1,"href":"https:\/\/ds-barranquilla.org\/de\/wp-json\/wp\/v2\/posts\/6586\/revisions"}],"predecessor-version":[{"id":6588,"href":"https:\/\/ds-barranquilla.org\/de\/wp-json\/wp\/v2\/posts\/6586\/revisions\/6588"}],"wp:featuredmedia":[{"embeddable":true,"href":"https:\/\/ds-barranquilla.org\/de\/wp-json\/wp\/v2\/media\/6587"}],"wp:attachment":[{"href":"https:\/\/ds-barranquilla.org\/de\/wp-json\/wp\/v2\/media?parent=6586"}],"wp:term":[{"taxonomy":"category","embeddable":true,"href":"https:\/\/ds-barranquilla.org\/de\/wp-json\/wp\/v2\/categories?post=6586"},{"taxonomy":"post_tag","embeddable":true,"href":"https:\/\/ds-barranquilla.org\/de\/wp-json\/wp\/v2\/tags?post=6586"}],"curies":[{"name":"wp","href":"https:\/\/api.w.org\/{rel}","templated":true}]}}