{"id":6595,"date":"2021-01-29T09:42:02","date_gmt":"2021-01-29T14:42:02","guid":{"rendered":"https:\/\/ds-barranquilla.org\/?p=6595"},"modified":"2023-01-04T08:51:22","modified_gmt":"2023-01-04T13:51:22","slug":"reencuentro-de-abizukunft-cierre-de-ciclo-escolar-2","status":"publish","type":"post","link":"https:\/\/ds-barranquilla.org\/de\/reencuentro-de-abizukunft-cierre-de-ciclo-escolar-2\/","title":{"rendered":"Continuaron las pruebas en los salones de clase"},"content":{"rendered":"<h1>Continuaron las pruebas en los salones de clase<\/h1>\n<p><span data-contrast=\"none\"><strong>Geschrieben von: Jos\u00e9 R\u00edos Mercado.<\/strong> C<\/span><span data-contrast=\"none\">ontinuamos prepar\u00e1ndonos para la\u00a0<\/span><span data-contrast=\"none\">A<\/span><span data-contrast=\"none\">lternancia. Cada detalle es importante, por eso estas semanas hicimos nuevamente pruebas de las soluciones audiovisuales implementadas en los salones de clases. Estas pruebas se hacen con el objetivo de prevenir fallas t\u00e9cnicas y poder brindar una excelente transmisi\u00f3n de las clases virtuales a nuestros estudiantes de Kindergarten, Primaria y Secundaria.<\/span><\/p>\n<p><span data-contrast=\"none\">Entre las novedades para nuestro entorno de aprendizaje en l\u00ednea hemos mejorado nuestro canal de internet, instalado soluciones audiovisuales de avanzada, ideales para cada espacio acad\u00e9mico, y les asignamos a nuestros docentes diademas monoaurales bluetooth y port\u00e1tiles de \u00faltima generaci\u00f3n como herramientas personales de apoyo al proceso acad\u00e9mico.<\/span><\/p>\n<p><span data-contrast=\"none\">\u00a1Nuestros estudiantes se alegraron mucho al ver nuevamente las aulas y no ven la hora de regresar a su colegio\u00a0<\/span><span data-contrast=\"none\">bioseguro<\/span><span data-contrast=\"none\">!<\/span><\/p>","protected":false},"excerpt":{"rendered":"<p>Continuaron las pruebas en los salones de clase Creado por: Jos\u00e9 R\u00edos Mercado. Continuamos prepar\u00e1ndonos para la\u00a0Alternancia. Cada detalle es importante, por eso estas semanas hicimos<span class=\"excerpt-hellip\"> [\u2026]<\/span><\/p>","protected":false},"author":16,"featured_media":6599,"comment_status":"open","ping_status":"open","sticky":false,"template":"","format":"standard","meta":{"_exactmetrics_skip_tracking":false,"_exactmetrics_sitenote_active":false,"_exactmetrics_sitenote_note":"","_exactmetrics_sitenote_category":0,"_joinchat":[],"footnotes":""},"categories":[681,683,677,676,710],"tags":[],"class_list":["post-6595","post","type-post","status-publish","format-standard","has-post-thumbnail","hentry","category-681","category-administracion","category-kindergarten","category-primaria","category-secundaria"],"yoast_head":"<!-- This site is optimized with the Yoast SEO plugin v23.3 - https:\/\/yoast.com\/wordpress\/plugins\/seo\/ -->\n<title>Continuaron las pruebas en los salones de clase - 2026<\/title>\n<meta name=\"robots\" content=\"noindex, follow, max-snippet:-1, max-image-preview:large, max-video-preview:-1\" \/>\n<meta property=\"og:locale\" content=\"de_DE\" \/>\n<meta property=\"og:type\" content=\"article\" \/>\n<meta property=\"og:title\" content=\"Continuaron las pruebas en los salones de clase - 2026\" \/>\n<meta property=\"og:description\" content=\"Continuaron las pruebas en los salones de clase Creado por: Jos\u00e9 R\u00edos Mercado. Continuamos prepar\u00e1ndonos para la\u00a0Alternancia. Cada detalle es importante, por eso estas semanas hicimos [\u2026]\" \/>\n<meta property=\"og:url\" content=\"https:\/\/ds-barranquilla.org\/de\/reencuentro-de-abizukunft-cierre-de-ciclo-escolar-2\/\" \/>\n<meta property=\"og:site_name\" content=\"Colegio Alem\u00e1n - Los Mejores Colegios de Colombia - Colegio Triling\u00fce\" \/>\n<meta property=\"article:publisher\" content=\"https:\/\/www.facebook.com\/ColegioAlemanBaq\/\" \/>\n<meta property=\"article:published_time\" content=\"2021-01-29T14:42:02+00:00\" \/>\n<meta property=\"article:modified_time\" content=\"2023-01-04T13:51:22+00:00\" \/>\n<meta property=\"og:image\" content=\"https:\/\/ds-barranquilla.org\/wp-content\/uploads\/2021\/02\/1-scaled.jpg\" \/>\n\t<meta property=\"og:image:width\" content=\"2560\" \/>\n\t<meta property=\"og:image:height\" content=\"1707\" \/>\n\t<meta property=\"og:image:type\" content=\"image\/jpeg\" \/>\n<meta name=\"author\" content=\"Comunicaciones Comunicaciones\" \/>\n<meta name=\"twitter:card\" content=\"summary_large_image\" \/>\n<meta name=\"twitter:creator\" content=\"@ColegioAlemanBq\" \/>\n<meta name=\"twitter:site\" content=\"@ColegioAlemanBq\" \/>\n<meta name=\"twitter:label1\" content=\"Verfasst von\" \/>\n\t<meta name=\"twitter:data1\" content=\"Comunicaciones Comunicaciones\" \/>\n\t<meta name=\"twitter:label2\" content=\"Gesch\u00e4tzte Lesezeit\" \/>\n\t<meta name=\"twitter:data2\" content=\"1\u00a0Minute\" \/>\n<script type=\"application\/ld+json\" class=\"yoast-schema-graph\">{\"@context\":\"https:\/\/schema.org\",\"@graph\":[{\"@type\":\"Article\",\"@id\":\"https:\/\/ds-barranquilla.org\/reencuentro-de-abizukunft-cierre-de-ciclo-escolar-2\/#article\",\"isPartOf\":{\"@id\":\"https:\/\/ds-barranquilla.org\/reencuentro-de-abizukunft-cierre-de-ciclo-escolar-2\/\"},\"author\":{\"name\":\"Comunicaciones Comunicaciones\",\"@id\":\"https:\/\/ds-barranquilla.org\/#\/schema\/person\/7bf8790ba89d3480e0551241ccdc8d36\"},\"headline\":\"Continuaron las pruebas en los salones de clase\",\"datePublished\":\"2021-01-29T14:42:02+00:00\",\"dateModified\":\"2023-01-04T13:51:22+00:00\",\"mainEntityOfPage\":{\"@id\":\"https:\/\/ds-barranquilla.org\/reencuentro-de-abizukunft-cierre-de-ciclo-escolar-2\/\"},\"wordCount\":156,\"commentCount\":0,\"publisher\":{\"@id\":\"https:\/\/ds-barranquilla.org\/#organization\"},\"image\":{\"@id\":\"https:\/\/ds-barranquilla.org\/reencuentro-de-abizukunft-cierre-de-ciclo-escolar-2\/#primaryimage\"},\"thumbnailUrl\":\"https:\/\/ds-barranquilla.org\/wp-content\/uploads\/2021\/02\/1-scaled.jpg\",\"articleSection\":[\"2021\",\"Administraci\u00f3n\",\"Kindergarten\",\"Primaria\",\"Secundaria\"],\"inLanguage\":\"de\",\"potentialAction\":[{\"@type\":\"CommentAction\",\"name\":\"Comment\",\"target\":[\"https:\/\/ds-barranquilla.org\/reencuentro-de-abizukunft-cierre-de-ciclo-escolar-2\/#respond\"]}]},{\"@type\":\"WebPage\",\"@id\":\"https:\/\/ds-barranquilla.org\/reencuentro-de-abizukunft-cierre-de-ciclo-escolar-2\/\",\"url\":\"https:\/\/ds-barranquilla.org\/reencuentro-de-abizukunft-cierre-de-ciclo-escolar-2\/\",\"name\":\"Continuaron las pruebas en los salones de clase - 2026\",\"isPartOf\":{\"@id\":\"https:\/\/ds-barranquilla.org\/#website\"},\"primaryImageOfPage\":{\"@id\":\"https:\/\/ds-barranquilla.org\/reencuentro-de-abizukunft-cierre-de-ciclo-escolar-2\/#primaryimage\"},\"image\":{\"@id\":\"https:\/\/ds-barranquilla.org\/reencuentro-de-abizukunft-cierre-de-ciclo-escolar-2\/#primaryimage\"},\"thumbnailUrl\":\"https:\/\/ds-barranquilla.org\/wp-content\/uploads\/2021\/02\/1-scaled.jpg\",\"datePublished\":\"2021-01-29T14:42:02+00:00\",\"dateModified\":\"2023-01-04T13:51:22+00:00\",\"breadcrumb\":{\"@id\":\"https:\/\/ds-barranquilla.org\/reencuentro-de-abizukunft-cierre-de-ciclo-escolar-2\/#breadcrumb\"},\"inLanguage\":\"de\",\"potentialAction\":[{\"@type\":\"ReadAction\",\"target\":[\"https:\/\/ds-barranquilla.org\/reencuentro-de-abizukunft-cierre-de-ciclo-escolar-2\/\"]}]},{\"@type\":\"ImageObject\",\"inLanguage\":\"de\",\"@id\":\"https:\/\/ds-barranquilla.org\/reencuentro-de-abizukunft-cierre-de-ciclo-escolar-2\/#primaryimage\",\"url\":\"https:\/\/ds-barranquilla.org\/wp-content\/uploads\/2021\/02\/1-scaled.jpg\",\"contentUrl\":\"https:\/\/ds-barranquilla.org\/wp-content\/uploads\/2021\/02\/1-scaled.jpg\",\"width\":2560,\"height\":1707},{\"@type\":\"BreadcrumbList\",\"@id\":\"https:\/\/ds-barranquilla.org\/reencuentro-de-abizukunft-cierre-de-ciclo-escolar-2\/#breadcrumb\",\"itemListElement\":[{\"@type\":\"ListItem\",\"position\":1,\"name\":\"Portada\",\"item\":\"https:\/\/ds-barranquilla.org\/\"},{\"@type\":\"ListItem\",\"position\":2,\"name\":\"Continuaron las pruebas en los salones de clase\"}]},{\"@type\":\"WebSite\",\"@id\":\"https:\/\/ds-barranquilla.org\/#website\",\"url\":\"https:\/\/ds-barranquilla.org\/\",\"name\":\"Colegio Alem\u00e1n - Los Mejores Colegios de Colombia - Colegio Triling\u00fce\",\"description\":\"Colegio Alem\u00e1n  Barranquilla Colombia - Colegio Biling\u00fce - Triling\u00fce - El Mejor Colegio de Colombia\",\"publisher\":{\"@id\":\"https:\/\/ds-barranquilla.org\/#organization\"},\"potentialAction\":[{\"@type\":\"SearchAction\",\"target\":{\"@type\":\"EntryPoint\",\"urlTemplate\":\"https:\/\/ds-barranquilla.org\/?s={search_term_string}\"},\"query-input\":\"required name=search_term_string\"}],\"inLanguage\":\"de\"},{\"@type\":\"Organization\",\"@id\":\"https:\/\/ds-barranquilla.org\/#organization\",\"name\":\"Colegio Alem\u00e1n Barranquilla\",\"url\":\"https:\/\/ds-barranquilla.org\/\",\"logo\":{\"@type\":\"ImageObject\",\"inLanguage\":\"de\",\"@id\":\"https:\/\/ds-barranquilla.org\/#\/schema\/logo\/image\/\",\"url\":\"https:\/\/ds-barranquilla.org\/wp-content\/uploads\/2021\/05\/coleman_logo_2.png\",\"contentUrl\":\"https:\/\/ds-barranquilla.org\/wp-content\/uploads\/2021\/05\/coleman_logo_2.png\",\"width\":418,\"height\":307,\"caption\":\"Colegio Alem\u00e1n Barranquilla\"},\"image\":{\"@id\":\"https:\/\/ds-barranquilla.org\/#\/schema\/logo\/image\/\"},\"sameAs\":[\"https:\/\/www.facebook.com\/ColegioAlemanBaq\/\",\"https:\/\/x.com\/ColegioAlemanBq\",\"https:\/\/www.instagram.com\/colegioalemanbaq\/\",\"https:\/\/www.linkedin.com\/school\/deutsche-schule-barranquilla\/\",\"https:\/\/www.youtube.com\/channel\/UCOOGZQCVs6aYRqIWvSN5agQ\"]},{\"@type\":\"Person\",\"@id\":\"https:\/\/ds-barranquilla.org\/#\/schema\/person\/7bf8790ba89d3480e0551241ccdc8d36\",\"name\":\"Comunicaciones Comunicaciones\",\"image\":{\"@type\":\"ImageObject\",\"inLanguage\":\"de\",\"@id\":\"https:\/\/ds-barranquilla.org\/#\/schema\/person\/image\/\",\"url\":\"https:\/\/secure.gravatar.com\/avatar\/a66ba9484a4338d81d6bea750e595038?s=96&d=mm&r=g\",\"contentUrl\":\"https:\/\/secure.gravatar.com\/avatar\/a66ba9484a4338d81d6bea750e595038?s=96&d=mm&r=g\",\"caption\":\"Comunicaciones Comunicaciones\"}}]}<\/script>\n<!-- \/ Yoast SEO plugin. -->","yoast_head_json":{"title":"Continuaron las pruebas en los salones de clase - 2026","robots":{"index":"noindex","follow":"follow","max-snippet":"max-snippet:-1","max-image-preview":"max-image-preview:large","max-video-preview":"max-video-preview:-1"},"og_locale":"de_DE","og_type":"article","og_title":"Continuaron las pruebas en los salones de clase - 2026","og_description":"Continuaron las pruebas en los salones de clase Creado por: Jos\u00e9 R\u00edos Mercado. Continuamos prepar\u00e1ndonos para la\u00a0Alternancia. Cada detalle es importante, por eso estas semanas hicimos [\u2026]","og_url":"https:\/\/ds-barranquilla.org\/de\/reencuentro-de-abizukunft-cierre-de-ciclo-escolar-2\/","og_site_name":"Colegio Alem\u00e1n - Los Mejores Colegios de Colombia - Colegio Triling\u00fce","article_publisher":"https:\/\/www.facebook.com\/ColegioAlemanBaq\/","article_published_time":"2021-01-29T14:42:02+00:00","article_modified_time":"2023-01-04T13:51:22+00:00","og_image":[{"width":2560,"height":1707,"url":"https:\/\/ds-barranquilla.org\/wp-content\/uploads\/2021\/02\/1-scaled.jpg","type":"image\/jpeg"}],"author":"Comunicaciones Comunicaciones","twitter_card":"summary_large_image","twitter_creator":"@ColegioAlemanBq","twitter_site":"@ColegioAlemanBq","twitter_misc":{"Verfasst von":"Comunicaciones Comunicaciones","Gesch\u00e4tzte Lesezeit":"1\u00a0Minute"},"schema":{"@context":"https:\/\/schema.org","@graph":[{"@type":"Article","@id":"https:\/\/ds-barranquilla.org\/reencuentro-de-abizukunft-cierre-de-ciclo-escolar-2\/#article","isPartOf":{"@id":"https:\/\/ds-barranquilla.org\/reencuentro-de-abizukunft-cierre-de-ciclo-escolar-2\/"},"author":{"name":"Comunicaciones Comunicaciones","@id":"https:\/\/ds-barranquilla.org\/#\/schema\/person\/7bf8790ba89d3480e0551241ccdc8d36"},"headline":"Continuaron las pruebas en los salones de clase","datePublished":"2021-01-29T14:42:02+00:00","dateModified":"2023-01-04T13:51:22+00:00","mainEntityOfPage":{"@id":"https:\/\/ds-barranquilla.org\/reencuentro-de-abizukunft-cierre-de-ciclo-escolar-2\/"},"wordCount":156,"commentCount":0,"publisher":{"@id":"https:\/\/ds-barranquilla.org\/#organization"},"image":{"@id":"https:\/\/ds-barranquilla.org\/reencuentro-de-abizukunft-cierre-de-ciclo-escolar-2\/#primaryimage"},"thumbnailUrl":"https:\/\/ds-barranquilla.org\/wp-content\/uploads\/2021\/02\/1-scaled.jpg","articleSection":["2021","Administraci\u00f3n","Kindergarten","Primaria","Secundaria"],"inLanguage":"de","potentialAction":[{"@type":"CommentAction","name":"Comment","target":["https:\/\/ds-barranquilla.org\/reencuentro-de-abizukunft-cierre-de-ciclo-escolar-2\/#respond"]}]},{"@type":"WebPage","@id":"https:\/\/ds-barranquilla.org\/reencuentro-de-abizukunft-cierre-de-ciclo-escolar-2\/","url":"https:\/\/ds-barranquilla.org\/reencuentro-de-abizukunft-cierre-de-ciclo-escolar-2\/","name":"Continuaron las pruebas en los salones de clase - 2026","isPartOf":{"@id":"https:\/\/ds-barranquilla.org\/#website"},"primaryImageOfPage":{"@id":"https:\/\/ds-barranquilla.org\/reencuentro-de-abizukunft-cierre-de-ciclo-escolar-2\/#primaryimage"},"image":{"@id":"https:\/\/ds-barranquilla.org\/reencuentro-de-abizukunft-cierre-de-ciclo-escolar-2\/#primaryimage"},"thumbnailUrl":"https:\/\/ds-barranquilla.org\/wp-content\/uploads\/2021\/02\/1-scaled.jpg","datePublished":"2021-01-29T14:42:02+00:00","dateModified":"2023-01-04T13:51:22+00:00","breadcrumb":{"@id":"https:\/\/ds-barranquilla.org\/reencuentro-de-abizukunft-cierre-de-ciclo-escolar-2\/#breadcrumb"},"inLanguage":"de","potentialAction":[{"@type":"ReadAction","target":["https:\/\/ds-barranquilla.org\/reencuentro-de-abizukunft-cierre-de-ciclo-escolar-2\/"]}]},{"@type":"ImageObject","inLanguage":"de","@id":"https:\/\/ds-barranquilla.org\/reencuentro-de-abizukunft-cierre-de-ciclo-escolar-2\/#primaryimage","url":"https:\/\/ds-barranquilla.org\/wp-content\/uploads\/2021\/02\/1-scaled.jpg","contentUrl":"https:\/\/ds-barranquilla.org\/wp-content\/uploads\/2021\/02\/1-scaled.jpg","width":2560,"height":1707},{"@type":"BreadcrumbList","@id":"https:\/\/ds-barranquilla.org\/reencuentro-de-abizukunft-cierre-de-ciclo-escolar-2\/#breadcrumb","itemListElement":[{"@type":"ListItem","position":1,"name":"Portada","item":"https:\/\/ds-barranquilla.org\/"},{"@type":"ListItem","position":2,"name":"Continuaron las pruebas en los salones de clase"}]},{"@type":"WebSite","@id":"https:\/\/ds-barranquilla.org\/#website","url":"https:\/\/ds-barranquilla.org\/","name":"Colegio Alem\u00e1n - Los Mejores Colegios de Colombia - Colegio Triling\u00fce","description":"Colegio Alem\u00e1n  Barranquilla Colombia - Colegio Biling\u00fce - Triling\u00fce - El Mejor Colegio de Colombia","publisher":{"@id":"https:\/\/ds-barranquilla.org\/#organization"},"potentialAction":[{"@type":"SearchAction","target":{"@type":"EntryPoint","urlTemplate":"https:\/\/ds-barranquilla.org\/?s={search_term_string}"},"query-input":"required name=search_term_string"}],"inLanguage":"de"},{"@type":"Organization","@id":"https:\/\/ds-barranquilla.org\/#organization","name":"Colegio Alem\u00e1n Barranquilla","url":"https:\/\/ds-barranquilla.org\/","logo":{"@type":"ImageObject","inLanguage":"de","@id":"https:\/\/ds-barranquilla.org\/#\/schema\/logo\/image\/","url":"https:\/\/ds-barranquilla.org\/wp-content\/uploads\/2021\/05\/coleman_logo_2.png","contentUrl":"https:\/\/ds-barranquilla.org\/wp-content\/uploads\/2021\/05\/coleman_logo_2.png","width":418,"height":307,"caption":"Colegio Alem\u00e1n Barranquilla"},"image":{"@id":"https:\/\/ds-barranquilla.org\/#\/schema\/logo\/image\/"},"sameAs":["https:\/\/www.facebook.com\/ColegioAlemanBaq\/","https:\/\/x.com\/ColegioAlemanBq","https:\/\/www.instagram.com\/colegioalemanbaq\/","https:\/\/www.linkedin.com\/school\/deutsche-schule-barranquilla\/","https:\/\/www.youtube.com\/channel\/UCOOGZQCVs6aYRqIWvSN5agQ"]},{"@type":"Person","@id":"https:\/\/ds-barranquilla.org\/#\/schema\/person\/7bf8790ba89d3480e0551241ccdc8d36","name":"Comunicaciones Comunicaciones","image":{"@type":"ImageObject","inLanguage":"de","@id":"https:\/\/ds-barranquilla.org\/#\/schema\/person\/image\/","url":"https:\/\/secure.gravatar.com\/avatar\/a66ba9484a4338d81d6bea750e595038?s=96&d=mm&r=g","contentUrl":"https:\/\/secure.gravatar.com\/avatar\/a66ba9484a4338d81d6bea750e595038?s=96&d=mm&r=g","caption":"Comunicaciones Comunicaciones"}}]}},"_links":{"self":[{"href":"https:\/\/ds-barranquilla.org\/de\/wp-json\/wp\/v2\/posts\/6595"}],"collection":[{"href":"https:\/\/ds-barranquilla.org\/de\/wp-json\/wp\/v2\/posts"}],"about":[{"href":"https:\/\/ds-barranquilla.org\/de\/wp-json\/wp\/v2\/types\/post"}],"author":[{"embeddable":true,"href":"https:\/\/ds-barranquilla.org\/de\/wp-json\/wp\/v2\/users\/16"}],"replies":[{"embeddable":true,"href":"https:\/\/ds-barranquilla.org\/de\/wp-json\/wp\/v2\/comments?post=6595"}],"version-history":[{"count":6,"href":"https:\/\/ds-barranquilla.org\/de\/wp-json\/wp\/v2\/posts\/6595\/revisions"}],"predecessor-version":[{"id":6817,"href":"https:\/\/ds-barranquilla.org\/de\/wp-json\/wp\/v2\/posts\/6595\/revisions\/6817"}],"wp:featuredmedia":[{"embeddable":true,"href":"https:\/\/ds-barranquilla.org\/de\/wp-json\/wp\/v2\/media\/6599"}],"wp:attachment":[{"href":"https:\/\/ds-barranquilla.org\/de\/wp-json\/wp\/v2\/media?parent=6595"}],"wp:term":[{"taxonomy":"category","embeddable":true,"href":"https:\/\/ds-barranquilla.org\/de\/wp-json\/wp\/v2\/categories?post=6595"},{"taxonomy":"post_tag","embeddable":true,"href":"https:\/\/ds-barranquilla.org\/de\/wp-json\/wp\/v2\/tags?post=6595"}],"curies":[{"name":"wp","href":"https:\/\/api.w.org\/{rel}","templated":true}]}}