{"id":6631,"date":"2021-02-09T13:17:57","date_gmt":"2021-02-09T18:17:57","guid":{"rendered":"https:\/\/ds-barranquilla.org\/?p=6631"},"modified":"2023-01-03T15:46:38","modified_gmt":"2023-01-03T20:46:38","slug":"nuestros-ninos-de-kindergarten-expresaron-mucha-alegria-y-emocion-en-su-retorno-al-colegio","status":"publish","type":"post","link":"https:\/\/ds-barranquilla.org\/de\/nuestros-ninos-de-kindergarten-expresaron-mucha-alegria-y-emocion-en-su-retorno-al-colegio\/","title":{"rendered":"Nuestros ni\u00f1os de Kindergarten expresaron mucha alegr\u00eda y emoci\u00f3n en su retorno al colegio"},"content":{"rendered":"<h1>Nuestros ni\u00f1os de Kindergarten expresaron mucha alegr\u00eda y emoci\u00f3n en su retorno al colegio<\/h1>\n<p><span data-contrast=\"none\"><strong>Geschrieben von: Jos\u00e9 R\u00edos Mercado.<\/strong> Como una experiencia maravillosa calificaron los docentes del <\/span><span data-contrast=\"none\">Kindergarten el retorno de los ni\u00f1os a<\/span><span data-contrast=\"none\">s<\/span><span data-contrast=\"none\">\u00a0colegio con ocasi\u00f3n de la realizaci\u00f3n de la Prueba piloto en esta secci\u00f3n.\u00a0<\/span><span data-contrast=\"none\">Die\u00a0<\/span><span data-contrast=\"none\">que\u00a0<\/span><span data-contrast=\"none\">los peque\u00f1os<\/span><span data-contrast=\"none\">\u00a0pudieran verse y\u00a0<\/span><span data-contrast=\"none\">compartir\u00a0<\/span><span data-contrast=\"none\">nuevamente con sus compa\u00f1eritos y profesores, demostr\u00f3 que lo necesitaban y todo esto contribuir\u00e1 con\u00a0<\/span><span data-contrast=\"none\">avances en\u00a0<\/span><span data-contrast=\"none\">el desarrollo de\u00a0<\/span><span data-contrast=\"none\">cada uno de\u00a0<\/span><span data-contrast=\"none\">ellos<\/span><span data-contrast=\"none\">.<\/span><\/p>\n<p><span data-contrast=\"none\">\u201cLos ni\u00f1os han estado muy alegres durante la jornada y nos hemos dado cuenta que vienen desde casa muy empoderados en lo que tiene que ver con los protocolos de bioseguridad. De igual forma, desde el a\u00f1o pasado\u00a0<\/span><span data-contrast=\"none\">la instituci\u00f3n<\/span><span data-contrast=\"none\">\u00a0ha venido trabajando con ellos\u00a0<\/span><span data-contrast=\"none\">de manera virtual\u00a0<\/span><span data-contrast=\"none\">en estas pr\u00e1cticas, lo que ha facilitado enormemente nuestro trabajo durante esta Prueba piloto<\/span><span data-contrast=\"none\">\u201d, expres\u00f3 la docente de\u00a0<\/span><span data-contrast=\"none\">Prek\u00ednder<\/span><span data-contrast=\"none\">\u00a02, Karen Barrios.<\/span><\/p>\n<p><span data-contrast=\"none\">Por su parte, la Directora de K\u00ednder 1, Ximena Hern\u00e1ndez, indic\u00f3 que le sorprendi\u00f3 mucho el hecho de que cada uno de los peque\u00f1os usara correctamente su tapabocas<\/span><span data-contrast=\"none\">\u00a0y<\/span><span data-contrast=\"none\">\u00a0respetara\u00a0<\/span><span data-contrast=\"none\">en todo momento\u00a0<\/span><span data-contrast=\"none\">el distanciamiento con relaci\u00f3n a los dem\u00e1s compa\u00f1eritos<\/span><span data-contrast=\"none\">. La docente precis\u00f3 que\u00a0<\/span><span data-contrast=\"none\">a ellos\u00a0<\/span><span data-contrast=\"none\">previamente se les hab\u00eda preparado virtualmente\u00a0<\/span><span data-contrast=\"none\">sobre las diferentes clases de saludos que pod\u00edan usar una vez se reencontraran con los dem\u00e1s ni\u00f1os.<\/span><\/p>\n<p><span data-contrast=\"none\">La\u00a0<\/span><span data-contrast=\"none\">P<\/span><span data-contrast=\"none\">rueba piloto del Modelo de Alternancia\u00a0<\/span><span data-contrast=\"none\">en el Kindergarten\u00a0<\/span><span data-contrast=\"none\">inici\u00f3 el pasado 1<\/span><span data-contrast=\"none\">1<\/span><span data-contrast=\"none\">\u00a0de diciembre con\u00a0<\/span><span data-contrast=\"none\">los grupos de K\u00ednder 3 y 4<\/span><span data-contrast=\"none\">, y continu\u00f3\u00a0<\/span><span data-contrast=\"none\">el 14 de diciembre con los grupos de\u00a0<\/span><span data-contrast=\"none\">Prek\u00ednder<\/span><span data-contrast=\"none\">\u00a04 y K\u00ednder 2. El 1<\/span><span data-contrast=\"none\">5<\/span><span data-contrast=\"none\">\u00a0de enero se retom\u00f3 el proceso que incluy\u00f3 a\u00a0<\/span><span data-contrast=\"none\">los dem\u00e1s grupos de<\/span><span data-contrast=\"none\">\u00a0esta secci\u00f3n<\/span><span data-contrast=\"none\">; el\u00a0<\/span><span data-contrast=\"none\">22<\/span><span data-contrast=\"none\">\u00a0de enero culmin\u00f3 la actividad.<\/span><\/p>","protected":false},"excerpt":{"rendered":"<p>Nuestros ni\u00f1os de Kindergarten expresaron mucha alegr\u00eda y emoci\u00f3n en su retorno al colegio Creado por: Jos\u00e9 R\u00edos Mercado. Como una experiencia maravillosa calificaron los docentes<span class=\"excerpt-hellip\"> [\u2026]<\/span><\/p>","protected":false},"author":16,"featured_media":6632,"comment_status":"open","ping_status":"open","sticky":false,"template":"","format":"standard","meta":{"_exactmetrics_skip_tracking":false,"_exactmetrics_sitenote_active":false,"_exactmetrics_sitenote_note":"","_exactmetrics_sitenote_category":0,"_joinchat":[],"footnotes":""},"categories":[681,683,677],"tags":[],"class_list":["post-6631","post","type-post","status-publish","format-standard","has-post-thumbnail","hentry","category-681","category-administracion","category-kindergarten"],"yoast_head":"<!-- This site is optimized with the Yoast SEO plugin v23.3 - https:\/\/yoast.com\/wordpress\/plugins\/seo\/ -->\n<title>Nuestros ni\u00f1os de Kindergarten expresaron mucha alegr\u00eda y emoci\u00f3n en su retorno al colegio - 2026<\/title>\n<meta name=\"robots\" content=\"noindex, follow, max-snippet:-1, max-image-preview:large, max-video-preview:-1\" \/>\n<meta property=\"og:locale\" content=\"de_DE\" \/>\n<meta property=\"og:type\" content=\"article\" \/>\n<meta property=\"og:title\" content=\"Nuestros ni\u00f1os de Kindergarten expresaron mucha alegr\u00eda y emoci\u00f3n en su retorno al colegio - 2026\" \/>\n<meta property=\"og:description\" content=\"Nuestros ni\u00f1os de Kindergarten expresaron mucha alegr\u00eda y emoci\u00f3n en su retorno al colegio Creado por: Jos\u00e9 R\u00edos Mercado. Como una experiencia maravillosa calificaron los docentes [\u2026]\" \/>\n<meta property=\"og:url\" content=\"https:\/\/ds-barranquilla.org\/de\/nuestros-ninos-de-kindergarten-expresaron-mucha-alegria-y-emocion-en-su-retorno-al-colegio\/\" \/>\n<meta property=\"og:site_name\" content=\"Colegio Alem\u00e1n - Los Mejores Colegios de Colombia - Colegio Triling\u00fce\" \/>\n<meta property=\"article:publisher\" content=\"https:\/\/www.facebook.com\/ColegioAlemanBaq\/\" \/>\n<meta property=\"article:published_time\" content=\"2021-02-09T18:17:57+00:00\" \/>\n<meta property=\"article:modified_time\" content=\"2023-01-03T20:46:38+00:00\" \/>\n<meta property=\"og:image\" content=\"https:\/\/ds-barranquilla.org\/wp-content\/uploads\/2021\/03\/Piloto-Kindergarten-scaled.jpg\" \/>\n\t<meta property=\"og:image:width\" content=\"2560\" \/>\n\t<meta property=\"og:image:height\" content=\"1707\" \/>\n\t<meta property=\"og:image:type\" content=\"image\/jpeg\" \/>\n<meta name=\"author\" content=\"Comunicaciones Comunicaciones\" \/>\n<meta name=\"twitter:card\" content=\"summary_large_image\" \/>\n<meta name=\"twitter:creator\" content=\"@ColegioAlemanBq\" \/>\n<meta name=\"twitter:site\" content=\"@ColegioAlemanBq\" \/>\n<meta name=\"twitter:label1\" content=\"Verfasst von\" \/>\n\t<meta name=\"twitter:data1\" content=\"Comunicaciones Comunicaciones\" \/>\n\t<meta name=\"twitter:label2\" content=\"Gesch\u00e4tzte Lesezeit\" \/>\n\t<meta name=\"twitter:data2\" content=\"2\u00a0Minuten\" \/>\n<script type=\"application\/ld+json\" class=\"yoast-schema-graph\">{\"@context\":\"https:\/\/schema.org\",\"@graph\":[{\"@type\":\"Article\",\"@id\":\"https:\/\/ds-barranquilla.org\/de\/nuestros-ninos-de-kindergarten-expresaron-mucha-alegria-y-emocion-en-su-retorno-al-colegio\/#article\",\"isPartOf\":{\"@id\":\"https:\/\/ds-barranquilla.org\/de\/nuestros-ninos-de-kindergarten-expresaron-mucha-alegria-y-emocion-en-su-retorno-al-colegio\/\"},\"author\":{\"name\":\"Comunicaciones Comunicaciones\",\"@id\":\"https:\/\/ds-barranquilla.org\/#\/schema\/person\/7bf8790ba89d3480e0551241ccdc8d36\"},\"headline\":\"Nuestros ni\u00f1os de Kindergarten expresaron mucha alegr\u00eda y emoci\u00f3n en su retorno al colegio\",\"datePublished\":\"2021-02-09T18:17:57+00:00\",\"dateModified\":\"2023-01-03T20:46:38+00:00\",\"mainEntityOfPage\":{\"@id\":\"https:\/\/ds-barranquilla.org\/de\/nuestros-ninos-de-kindergarten-expresaron-mucha-alegria-y-emocion-en-su-retorno-al-colegio\/\"},\"wordCount\":321,\"commentCount\":0,\"publisher\":{\"@id\":\"https:\/\/ds-barranquilla.org\/#organization\"},\"image\":{\"@id\":\"https:\/\/ds-barranquilla.org\/de\/nuestros-ninos-de-kindergarten-expresaron-mucha-alegria-y-emocion-en-su-retorno-al-colegio\/#primaryimage\"},\"thumbnailUrl\":\"https:\/\/ds-barranquilla.org\/wp-content\/uploads\/2021\/03\/Piloto-Kindergarten-scaled.jpg\",\"articleSection\":[\"2021\",\"Administraci\u00f3n\",\"Kindergarten\"],\"inLanguage\":\"de\",\"potentialAction\":[{\"@type\":\"CommentAction\",\"name\":\"Comment\",\"target\":[\"https:\/\/ds-barranquilla.org\/de\/nuestros-ninos-de-kindergarten-expresaron-mucha-alegria-y-emocion-en-su-retorno-al-colegio\/#respond\"]}]},{\"@type\":\"WebPage\",\"@id\":\"https:\/\/ds-barranquilla.org\/de\/nuestros-ninos-de-kindergarten-expresaron-mucha-alegria-y-emocion-en-su-retorno-al-colegio\/\",\"url\":\"https:\/\/ds-barranquilla.org\/de\/nuestros-ninos-de-kindergarten-expresaron-mucha-alegria-y-emocion-en-su-retorno-al-colegio\/\",\"name\":\"Nuestros ni\u00f1os de Kindergarten expresaron mucha alegr\u00eda y emoci\u00f3n en su retorno al colegio - 2026\",\"isPartOf\":{\"@id\":\"https:\/\/ds-barranquilla.org\/#website\"},\"primaryImageOfPage\":{\"@id\":\"https:\/\/ds-barranquilla.org\/de\/nuestros-ninos-de-kindergarten-expresaron-mucha-alegria-y-emocion-en-su-retorno-al-colegio\/#primaryimage\"},\"image\":{\"@id\":\"https:\/\/ds-barranquilla.org\/de\/nuestros-ninos-de-kindergarten-expresaron-mucha-alegria-y-emocion-en-su-retorno-al-colegio\/#primaryimage\"},\"thumbnailUrl\":\"https:\/\/ds-barranquilla.org\/wp-content\/uploads\/2021\/03\/Piloto-Kindergarten-scaled.jpg\",\"datePublished\":\"2021-02-09T18:17:57+00:00\",\"dateModified\":\"2023-01-03T20:46:38+00:00\",\"breadcrumb\":{\"@id\":\"https:\/\/ds-barranquilla.org\/de\/nuestros-ninos-de-kindergarten-expresaron-mucha-alegria-y-emocion-en-su-retorno-al-colegio\/#breadcrumb\"},\"inLanguage\":\"de\",\"potentialAction\":[{\"@type\":\"ReadAction\",\"target\":[\"https:\/\/ds-barranquilla.org\/de\/nuestros-ninos-de-kindergarten-expresaron-mucha-alegria-y-emocion-en-su-retorno-al-colegio\/\"]}]},{\"@type\":\"ImageObject\",\"inLanguage\":\"de\",\"@id\":\"https:\/\/ds-barranquilla.org\/de\/nuestros-ninos-de-kindergarten-expresaron-mucha-alegria-y-emocion-en-su-retorno-al-colegio\/#primaryimage\",\"url\":\"https:\/\/ds-barranquilla.org\/wp-content\/uploads\/2021\/03\/Piloto-Kindergarten-scaled.jpg\",\"contentUrl\":\"https:\/\/ds-barranquilla.org\/wp-content\/uploads\/2021\/03\/Piloto-Kindergarten-scaled.jpg\",\"width\":2560,\"height\":1707},{\"@type\":\"BreadcrumbList\",\"@id\":\"https:\/\/ds-barranquilla.org\/de\/nuestros-ninos-de-kindergarten-expresaron-mucha-alegria-y-emocion-en-su-retorno-al-colegio\/#breadcrumb\",\"itemListElement\":[{\"@type\":\"ListItem\",\"position\":1,\"name\":\"Portada\",\"item\":\"https:\/\/ds-barranquilla.org\/\"},{\"@type\":\"ListItem\",\"position\":2,\"name\":\"Nuestros ni\u00f1os de Kindergarten expresaron mucha alegr\u00eda y emoci\u00f3n en su retorno al colegio\"}]},{\"@type\":\"WebSite\",\"@id\":\"https:\/\/ds-barranquilla.org\/#website\",\"url\":\"https:\/\/ds-barranquilla.org\/\",\"name\":\"Colegio Alem\u00e1n - Los Mejores Colegios de Colombia - Colegio Triling\u00fce\",\"description\":\"Colegio Alem\u00e1n  Barranquilla Colombia - Colegio Biling\u00fce - Triling\u00fce - El Mejor Colegio de Colombia\",\"publisher\":{\"@id\":\"https:\/\/ds-barranquilla.org\/#organization\"},\"potentialAction\":[{\"@type\":\"SearchAction\",\"target\":{\"@type\":\"EntryPoint\",\"urlTemplate\":\"https:\/\/ds-barranquilla.org\/?s={search_term_string}\"},\"query-input\":\"required name=search_term_string\"}],\"inLanguage\":\"de\"},{\"@type\":\"Organization\",\"@id\":\"https:\/\/ds-barranquilla.org\/#organization\",\"name\":\"Colegio Alem\u00e1n Barranquilla\",\"url\":\"https:\/\/ds-barranquilla.org\/\",\"logo\":{\"@type\":\"ImageObject\",\"inLanguage\":\"de\",\"@id\":\"https:\/\/ds-barranquilla.org\/#\/schema\/logo\/image\/\",\"url\":\"https:\/\/ds-barranquilla.org\/wp-content\/uploads\/2021\/05\/coleman_logo_2.png\",\"contentUrl\":\"https:\/\/ds-barranquilla.org\/wp-content\/uploads\/2021\/05\/coleman_logo_2.png\",\"width\":418,\"height\":307,\"caption\":\"Colegio Alem\u00e1n Barranquilla\"},\"image\":{\"@id\":\"https:\/\/ds-barranquilla.org\/#\/schema\/logo\/image\/\"},\"sameAs\":[\"https:\/\/www.facebook.com\/ColegioAlemanBaq\/\",\"https:\/\/x.com\/ColegioAlemanBq\",\"https:\/\/www.instagram.com\/colegioalemanbaq\/\",\"https:\/\/www.linkedin.com\/school\/deutsche-schule-barranquilla\/\",\"https:\/\/www.youtube.com\/channel\/UCOOGZQCVs6aYRqIWvSN5agQ\"]},{\"@type\":\"Person\",\"@id\":\"https:\/\/ds-barranquilla.org\/#\/schema\/person\/7bf8790ba89d3480e0551241ccdc8d36\",\"name\":\"Comunicaciones Comunicaciones\",\"image\":{\"@type\":\"ImageObject\",\"inLanguage\":\"de\",\"@id\":\"https:\/\/ds-barranquilla.org\/#\/schema\/person\/image\/\",\"url\":\"https:\/\/secure.gravatar.com\/avatar\/a66ba9484a4338d81d6bea750e595038?s=96&d=mm&r=g\",\"contentUrl\":\"https:\/\/secure.gravatar.com\/avatar\/a66ba9484a4338d81d6bea750e595038?s=96&d=mm&r=g\",\"caption\":\"Comunicaciones Comunicaciones\"}}]}<\/script>\n<!-- \/ Yoast SEO plugin. -->","yoast_head_json":{"title":"Nuestros ni\u00f1os de Kindergarten expresaron mucha alegr\u00eda y emoci\u00f3n en su retorno al colegio - 2026","robots":{"index":"noindex","follow":"follow","max-snippet":"max-snippet:-1","max-image-preview":"max-image-preview:large","max-video-preview":"max-video-preview:-1"},"og_locale":"de_DE","og_type":"article","og_title":"Nuestros ni\u00f1os de Kindergarten expresaron mucha alegr\u00eda y emoci\u00f3n en su retorno al colegio - 2026","og_description":"Nuestros ni\u00f1os de Kindergarten expresaron mucha alegr\u00eda y emoci\u00f3n en su retorno al colegio Creado por: Jos\u00e9 R\u00edos Mercado. Como una experiencia maravillosa calificaron los docentes [\u2026]","og_url":"https:\/\/ds-barranquilla.org\/de\/nuestros-ninos-de-kindergarten-expresaron-mucha-alegria-y-emocion-en-su-retorno-al-colegio\/","og_site_name":"Colegio Alem\u00e1n - Los Mejores Colegios de Colombia - Colegio Triling\u00fce","article_publisher":"https:\/\/www.facebook.com\/ColegioAlemanBaq\/","article_published_time":"2021-02-09T18:17:57+00:00","article_modified_time":"2023-01-03T20:46:38+00:00","og_image":[{"width":2560,"height":1707,"url":"https:\/\/ds-barranquilla.org\/wp-content\/uploads\/2021\/03\/Piloto-Kindergarten-scaled.jpg","type":"image\/jpeg"}],"author":"Comunicaciones Comunicaciones","twitter_card":"summary_large_image","twitter_creator":"@ColegioAlemanBq","twitter_site":"@ColegioAlemanBq","twitter_misc":{"Verfasst von":"Comunicaciones Comunicaciones","Gesch\u00e4tzte Lesezeit":"2\u00a0Minuten"},"schema":{"@context":"https:\/\/schema.org","@graph":[{"@type":"Article","@id":"https:\/\/ds-barranquilla.org\/de\/nuestros-ninos-de-kindergarten-expresaron-mucha-alegria-y-emocion-en-su-retorno-al-colegio\/#article","isPartOf":{"@id":"https:\/\/ds-barranquilla.org\/de\/nuestros-ninos-de-kindergarten-expresaron-mucha-alegria-y-emocion-en-su-retorno-al-colegio\/"},"author":{"name":"Comunicaciones Comunicaciones","@id":"https:\/\/ds-barranquilla.org\/#\/schema\/person\/7bf8790ba89d3480e0551241ccdc8d36"},"headline":"Nuestros ni\u00f1os de Kindergarten expresaron mucha alegr\u00eda y emoci\u00f3n en su retorno al colegio","datePublished":"2021-02-09T18:17:57+00:00","dateModified":"2023-01-03T20:46:38+00:00","mainEntityOfPage":{"@id":"https:\/\/ds-barranquilla.org\/de\/nuestros-ninos-de-kindergarten-expresaron-mucha-alegria-y-emocion-en-su-retorno-al-colegio\/"},"wordCount":321,"commentCount":0,"publisher":{"@id":"https:\/\/ds-barranquilla.org\/#organization"},"image":{"@id":"https:\/\/ds-barranquilla.org\/de\/nuestros-ninos-de-kindergarten-expresaron-mucha-alegria-y-emocion-en-su-retorno-al-colegio\/#primaryimage"},"thumbnailUrl":"https:\/\/ds-barranquilla.org\/wp-content\/uploads\/2021\/03\/Piloto-Kindergarten-scaled.jpg","articleSection":["2021","Administraci\u00f3n","Kindergarten"],"inLanguage":"de","potentialAction":[{"@type":"CommentAction","name":"Comment","target":["https:\/\/ds-barranquilla.org\/de\/nuestros-ninos-de-kindergarten-expresaron-mucha-alegria-y-emocion-en-su-retorno-al-colegio\/#respond"]}]},{"@type":"WebPage","@id":"https:\/\/ds-barranquilla.org\/de\/nuestros-ninos-de-kindergarten-expresaron-mucha-alegria-y-emocion-en-su-retorno-al-colegio\/","url":"https:\/\/ds-barranquilla.org\/de\/nuestros-ninos-de-kindergarten-expresaron-mucha-alegria-y-emocion-en-su-retorno-al-colegio\/","name":"Nuestros ni\u00f1os de Kindergarten expresaron mucha alegr\u00eda y emoci\u00f3n en su retorno al colegio - 2026","isPartOf":{"@id":"https:\/\/ds-barranquilla.org\/#website"},"primaryImageOfPage":{"@id":"https:\/\/ds-barranquilla.org\/de\/nuestros-ninos-de-kindergarten-expresaron-mucha-alegria-y-emocion-en-su-retorno-al-colegio\/#primaryimage"},"image":{"@id":"https:\/\/ds-barranquilla.org\/de\/nuestros-ninos-de-kindergarten-expresaron-mucha-alegria-y-emocion-en-su-retorno-al-colegio\/#primaryimage"},"thumbnailUrl":"https:\/\/ds-barranquilla.org\/wp-content\/uploads\/2021\/03\/Piloto-Kindergarten-scaled.jpg","datePublished":"2021-02-09T18:17:57+00:00","dateModified":"2023-01-03T20:46:38+00:00","breadcrumb":{"@id":"https:\/\/ds-barranquilla.org\/de\/nuestros-ninos-de-kindergarten-expresaron-mucha-alegria-y-emocion-en-su-retorno-al-colegio\/#breadcrumb"},"inLanguage":"de","potentialAction":[{"@type":"ReadAction","target":["https:\/\/ds-barranquilla.org\/de\/nuestros-ninos-de-kindergarten-expresaron-mucha-alegria-y-emocion-en-su-retorno-al-colegio\/"]}]},{"@type":"ImageObject","inLanguage":"de","@id":"https:\/\/ds-barranquilla.org\/de\/nuestros-ninos-de-kindergarten-expresaron-mucha-alegria-y-emocion-en-su-retorno-al-colegio\/#primaryimage","url":"https:\/\/ds-barranquilla.org\/wp-content\/uploads\/2021\/03\/Piloto-Kindergarten-scaled.jpg","contentUrl":"https:\/\/ds-barranquilla.org\/wp-content\/uploads\/2021\/03\/Piloto-Kindergarten-scaled.jpg","width":2560,"height":1707},{"@type":"BreadcrumbList","@id":"https:\/\/ds-barranquilla.org\/de\/nuestros-ninos-de-kindergarten-expresaron-mucha-alegria-y-emocion-en-su-retorno-al-colegio\/#breadcrumb","itemListElement":[{"@type":"ListItem","position":1,"name":"Portada","item":"https:\/\/ds-barranquilla.org\/"},{"@type":"ListItem","position":2,"name":"Nuestros ni\u00f1os de Kindergarten expresaron mucha alegr\u00eda y emoci\u00f3n en su retorno al colegio"}]},{"@type":"WebSite","@id":"https:\/\/ds-barranquilla.org\/#website","url":"https:\/\/ds-barranquilla.org\/","name":"Colegio Alem\u00e1n - Los Mejores Colegios de Colombia - Colegio Triling\u00fce","description":"Colegio Alem\u00e1n  Barranquilla Colombia - Colegio Biling\u00fce - Triling\u00fce - El Mejor Colegio de Colombia","publisher":{"@id":"https:\/\/ds-barranquilla.org\/#organization"},"potentialAction":[{"@type":"SearchAction","target":{"@type":"EntryPoint","urlTemplate":"https:\/\/ds-barranquilla.org\/?s={search_term_string}"},"query-input":"required name=search_term_string"}],"inLanguage":"de"},{"@type":"Organization","@id":"https:\/\/ds-barranquilla.org\/#organization","name":"Colegio Alem\u00e1n Barranquilla","url":"https:\/\/ds-barranquilla.org\/","logo":{"@type":"ImageObject","inLanguage":"de","@id":"https:\/\/ds-barranquilla.org\/#\/schema\/logo\/image\/","url":"https:\/\/ds-barranquilla.org\/wp-content\/uploads\/2021\/05\/coleman_logo_2.png","contentUrl":"https:\/\/ds-barranquilla.org\/wp-content\/uploads\/2021\/05\/coleman_logo_2.png","width":418,"height":307,"caption":"Colegio Alem\u00e1n Barranquilla"},"image":{"@id":"https:\/\/ds-barranquilla.org\/#\/schema\/logo\/image\/"},"sameAs":["https:\/\/www.facebook.com\/ColegioAlemanBaq\/","https:\/\/x.com\/ColegioAlemanBq","https:\/\/www.instagram.com\/colegioalemanbaq\/","https:\/\/www.linkedin.com\/school\/deutsche-schule-barranquilla\/","https:\/\/www.youtube.com\/channel\/UCOOGZQCVs6aYRqIWvSN5agQ"]},{"@type":"Person","@id":"https:\/\/ds-barranquilla.org\/#\/schema\/person\/7bf8790ba89d3480e0551241ccdc8d36","name":"Comunicaciones Comunicaciones","image":{"@type":"ImageObject","inLanguage":"de","@id":"https:\/\/ds-barranquilla.org\/#\/schema\/person\/image\/","url":"https:\/\/secure.gravatar.com\/avatar\/a66ba9484a4338d81d6bea750e595038?s=96&d=mm&r=g","contentUrl":"https:\/\/secure.gravatar.com\/avatar\/a66ba9484a4338d81d6bea750e595038?s=96&d=mm&r=g","caption":"Comunicaciones Comunicaciones"}}]}},"_links":{"self":[{"href":"https:\/\/ds-barranquilla.org\/de\/wp-json\/wp\/v2\/posts\/6631"}],"collection":[{"href":"https:\/\/ds-barranquilla.org\/de\/wp-json\/wp\/v2\/posts"}],"about":[{"href":"https:\/\/ds-barranquilla.org\/de\/wp-json\/wp\/v2\/types\/post"}],"author":[{"embeddable":true,"href":"https:\/\/ds-barranquilla.org\/de\/wp-json\/wp\/v2\/users\/16"}],"replies":[{"embeddable":true,"href":"https:\/\/ds-barranquilla.org\/de\/wp-json\/wp\/v2\/comments?post=6631"}],"version-history":[{"count":2,"href":"https:\/\/ds-barranquilla.org\/de\/wp-json\/wp\/v2\/posts\/6631\/revisions"}],"predecessor-version":[{"id":6822,"href":"https:\/\/ds-barranquilla.org\/de\/wp-json\/wp\/v2\/posts\/6631\/revisions\/6822"}],"wp:featuredmedia":[{"embeddable":true,"href":"https:\/\/ds-barranquilla.org\/de\/wp-json\/wp\/v2\/media\/6632"}],"wp:attachment":[{"href":"https:\/\/ds-barranquilla.org\/de\/wp-json\/wp\/v2\/media?parent=6631"}],"wp:term":[{"taxonomy":"category","embeddable":true,"href":"https:\/\/ds-barranquilla.org\/de\/wp-json\/wp\/v2\/categories?post=6631"},{"taxonomy":"post_tag","embeddable":true,"href":"https:\/\/ds-barranquilla.org\/de\/wp-json\/wp\/v2\/tags?post=6631"}],"curies":[{"name":"wp","href":"https:\/\/api.w.org\/{rel}","templated":true}]}}