{"id":6642,"date":"2021-02-12T13:38:04","date_gmt":"2021-02-12T18:38:04","guid":{"rendered":"https:\/\/ds-barranquilla.org\/?p=6642"},"modified":"2023-01-03T15:43:01","modified_gmt":"2023-01-03T20:43:01","slug":"modelo-de-alternancia-el-nuevo-escenario-educativo-implementado-por-nuestro-colegio","status":"publish","type":"post","link":"https:\/\/ds-barranquilla.org\/de\/modelo-de-alternancia-el-nuevo-escenario-educativo-implementado-por-nuestro-colegio\/","title":{"rendered":"Alternanzmodell: das neue Bildungssetting, das von unserer Schule implementiert wurde"},"content":{"rendered":"<h3>Alternanzmodell: das neue Bildungssetting, das von unserer Schule implementiert wurde<\/h3>\n<p><strong>Geschrieben von: Jos\u00e9 R\u00edos Mercado.<\/strong><\/p>\n<p>Den Richtlinien und Empfehlungen des nationalen Bildungsministeriums sowie des Bildungssekretariats der Stadt Barranquilla folgend, hat unsere Schule unter Ber\u00fccksichtigung der aktuellen Umst\u00e4nde mit dem Alternanzmodell begonnen. Durch die Umsetzung verschiedener Schutzma\u00dfnahmen bietet unsere Schule der Schulgemeinschaft sichere R\u00e4umlichkeiten, in denen einerseits die Interaktion gef\u00f6rdert und andererseits eine strikte Anwendung unserer Sicherheitsprotokolle gew\u00e4hrt wird. Dadurch, das unsere Klassenr\u00e4ume nun wieder nutzbar sind, k\u00f6nnen im Rahmen der Schule nicht lediglich schulische Inhalte behandelt werden, sondern es k\u00f6nnen insbesondere auch Aktivit\u00e4ten mit Bezug zur sozialen und emotionalen Entwicklung der Sch\u00fclerInnen stattfinden. In Anbetracht der Tatsache, dass die direkten Interaktionsm\u00f6glichkeiten der Sch\u00fclerInnen und LehrerInnen im Rahmen der Virtualit\u00e4t eingeschr\u00e4nkt waren, beg\u00fcnstigt das Wiedersehen im Alternanzmodell eindeutig ihr emotionales Wohlbefinden, auf das wir als Schule in Anbetracht der Umst\u00e4nde einen besonderen Schwerpunkt legen.<\/p>\n<p>\"Als Schule haben wir kein Detail ausgelassen, angefangen bei der Beschilderung der Schule bis hin zur Gestaltung der Gruppen unter Ber\u00fccksichtigung der Maximalkapazit\u00e4t pro Raum. Durch all diese Ma\u00dfnahmen k\u00f6nnen wir die p\u00e4dagogischen Aktivit\u00e4ten wieder aufnehmen und uns auf das Zentrum unserer Arbeit konzentrieren: die Sch\u00fclerinnen und Sch\u00fcler. Wir wussten, dass die Auswirkungen des Alternanzmodells auf das t\u00e4gliche Leben in unserer Schule erheblich sein w\u00fcrden und deshalb haben wir bereits mit Beginn der landesweiten Isolation im M\u00e4rz letzten Jahres in verschiedenen Arbeitsgruppen gemeinsam an diesem Modell gearbeitet\", erkl\u00e4rt die Leiterin des Kindergartens, Nitza Guzman.<\/p>\n<p>Die Sektionsleiterin erg\u00e4nzt zudem, dass dadurch auch die allm\u00e4hliche R\u00fcckkehr unserer LehrerInnen erm\u00f6glicht wurde. Es galt daher auch die LehrerInnen durch verschiedene Aktivit\u00e4ten mit der Arbeit unter den aktuellen Bedingungen vertraut zu machen. Hier zeigt sich abermals, dass die Deutsche Schule in Barranquilla eine gro\u00dfe Familie ist, in der jedes Mitglied der P\u00e4dagogik, Verwaltung und des Hilfspersonals seinen Beitrag leistet und unterst\u00fctzt. Der Leiter der Grundschule, Ivan Donofrio, betont zudem, dass die Schule \u00fcber alle Voraussetzungen verf\u00fcgt und ihren Bildungsauftrag auf allen Ebenen, sei es in Bezug auf die Ausstattung und Logistik, \u00fcber die psychologischen und emotionalen Aspekte, \u00a0bis hin zur p\u00e4dagogischen Arbeit, im Einklang mit den Richtlinien des Bildungssekretariats Barranquillas erf\u00fcllt.<\/p>\n<p>\"Wir haben gen\u00fcgend Waschbecken f\u00fcr die Schulgemeinschaft in allen notwendigen Bereichen, ausgestattet mit Seife, Desinfektionsmittel, Papiert\u00fcchern und Beh\u00e4ltern f\u00fcr biologische Abf\u00e4lle. Hinzu kommen die Schilder auf den B\u00f6den, W\u00e4nden, Mauern und an den Eing\u00e4ngen zu den Klassenr\u00e4umen und Geb\u00e4uden, inklusive der Hinweise auf die zul\u00e4ssige Personenanzahl. Auch wurde ein Isolationsbereich f\u00fcr m\u00f6gliche F\u00e4lle von Covid-19 hergerichtet und es wurden biometrische Kameras am Eingang der Schule installiert. \u00a0Um zudem den Unterricht in den Klassenr\u00e4umen \u00fcbertragbar zu machen, wurden hochaufl\u00f6sende Kameras in allen Klassenzimmern installiert. Dadurch k\u00f6nnen auch die Sch\u00fclerInnen von Zuhause aus am Unterricht teilnehmen\u201c, erkl\u00e4rt der Sektionsleiter.<\/p>\n<p>Des Weiteren weist Iv\u00e1n Donofrio darauf hin, dass die Eltern im Rahmen einer Umfrage gefragt wurden, ob sie dazu bereit sind ihre Kinder im Rahmen des Alternanzmodells schrittweise zur\u00fcck in die Schule zu lassen. Von jenen Eltern, die sich daf\u00fcr ausgesprochen haben, wurden im Anschluss unterschriebene Einverst\u00e4ndniserkl\u00e4rungen eingeholt, die ihre Angabe in der Umfrage untermauerten. Parallel zu dieser Vorbereitung sowie der Anpassung der Schulr\u00e4ume k\u00fcmmerten sich die IT-Coaches um die Fortbildung der LehrerInnen. Dabei konzentrierten sie sich einerseits auf die Nutzung der technischen Ger\u00e4te im Klassenzimmer (Kameras, Headsets, Smartboards und Beamer) aber auch auf die unterrichtsbezogene Anwendung spezifischer Software wie Hot Potatoes, Genially und Liveworksheets.<\/p>\n<p>F\u00fcr die Leiterin der Sekundarstufe, Lizbana Rueda, geh\u00f6ren zu den Vorteilen, die das Alternanzmodell f\u00fcr unsere Sch\u00fclerInnen mitbringt, dass sie in einen Raum voller Erfahrungen und Lernm\u00f6glichkeiten zur\u00fcckkehren k\u00f6nnen, um weiterhin ihr Wissen zu entwickeln und die Interaktion mit ihren Mitsch\u00fclerInnen und LehrerInnen zu pflegen. Als besondere Herausforderungen im Rahmen des Alternanzmodells hebt sie dabei die folgenden Aspekte hervor:<\/p>\n<ul>\n<li>Das Gestalten und Durchdringen verschiedener Interaktions- und Kommunikationsm\u00f6glichkeiten zur St\u00e4rkung der zwischenmenschlichen Beziehungen nach so langer Zeit zu Hause.<\/li>\n<li>Das Erkennen der Bedeutsamkeit der eigenen Schutzma\u00dfnahmen, der Protokolle zum Schutz der Gesundheit sowie der eigenen Verantwortung.<\/li>\n<li>Die anhaltende Zusammenarbeit zwischen Eltern, Familienmitgliedern und LehrerInnen als zentrale Akteure in der Entwicklung der Sch\u00fclerInnengemeinschaft.<\/li>\n<li>Die Entwicklung des Unterrichts im Hybridsetting, in dem die LehrerInnen anhand der installierten digitalen Hilfsmittel zus\u00e4tzliche technologische F\u00e4higkeiten entwickeln, die es ihnen erm\u00f6glichen, gleichzeitig mit Sch\u00fclerInnen im Klassenzimmer und Zuhause zu arbeiten.<\/li>\n<li>Die anhaltende Erm\u00f6glichung von R\u00e4umen, in denen die Emotionen der Sch\u00fclerInnen im Vordergrund stehen. Auf Basis der emotionalen Ausgeglichenheit kann sich ein bedeutsamer Lernprozess f\u00fcr die Sch\u00fclerInnen entwickeln.<\/li>\n<\/ul>\n<p>Wenn Sie mehr \u00fcber unser Alternanzmodell erfahren m\u00f6chten, schauen Sie sich gerne das folgende Video an:\u00a0<a href=\"https:\/\/youtu.be\/4ztImLJNzVs\">https:\/\/youtu.be\/4ztImLJNzVs<\/a><\/p>\n<p>&nbsp;<\/p>","protected":false},"excerpt":{"rendered":"<p>Modelo de Alternancia: el nuevo escenario educativo implementado por nuestro colegio Creado por: Jos\u00e9 R\u00edos Mercado. Siguiendo las directrices y recomendaciones del Ministerio de Educaci\u00f3n Nacional\u00a0y<span class=\"excerpt-hellip\"> [\u2026]<\/span><\/p>","protected":false},"author":16,"featured_media":6643,"comment_status":"open","ping_status":"open","sticky":false,"template":"","format":"standard","meta":{"_exactmetrics_skip_tracking":false,"_exactmetrics_sitenote_active":false,"_exactmetrics_sitenote_note":"","_exactmetrics_sitenote_category":0,"_joinchat":[],"footnotes":""},"categories":[681,683],"tags":[],"class_list":["post-6642","post","type-post","status-publish","format-standard","has-post-thumbnail","hentry","category-681","category-administracion"],"yoast_head":"<!-- This site is optimized with the Yoast SEO plugin v23.3 - https:\/\/yoast.com\/wordpress\/plugins\/seo\/ -->\n<title>Modelo de Alternancia: el nuevo escenario educativo implementado por nuestro colegio - 2026<\/title>\n<meta name=\"robots\" content=\"noindex, follow, max-snippet:-1, max-image-preview:large, max-video-preview:-1\" \/>\n<meta property=\"og:locale\" content=\"de_DE\" \/>\n<meta property=\"og:type\" content=\"article\" \/>\n<meta property=\"og:title\" content=\"Modelo de Alternancia: el nuevo escenario educativo implementado por nuestro colegio - 2026\" \/>\n<meta property=\"og:description\" content=\"Modelo de Alternancia: el nuevo escenario educativo implementado por nuestro colegio Creado por: Jos\u00e9 R\u00edos Mercado. Siguiendo las directrices y recomendaciones del Ministerio de Educaci\u00f3n Nacional\u00a0y [\u2026]\" \/>\n<meta property=\"og:url\" content=\"https:\/\/ds-barranquilla.org\/de\/modelo-de-alternancia-el-nuevo-escenario-educativo-implementado-por-nuestro-colegio\/\" \/>\n<meta property=\"og:site_name\" content=\"Colegio Alem\u00e1n - Los Mejores Colegios de Colombia - Colegio Triling\u00fce\" \/>\n<meta property=\"article:publisher\" content=\"https:\/\/www.facebook.com\/ColegioAlemanBaq\/\" \/>\n<meta property=\"article:published_time\" content=\"2021-02-12T18:38:04+00:00\" \/>\n<meta property=\"article:modified_time\" content=\"2023-01-03T20:43:01+00:00\" \/>\n<meta property=\"og:image\" content=\"https:\/\/ds-barranquilla.org\/wp-content\/uploads\/2021\/03\/Alternancia-scaled.jpg\" \/>\n\t<meta property=\"og:image:width\" content=\"2560\" \/>\n\t<meta property=\"og:image:height\" content=\"1707\" \/>\n\t<meta property=\"og:image:type\" content=\"image\/jpeg\" \/>\n<meta name=\"author\" content=\"Comunicaciones Comunicaciones\" \/>\n<meta name=\"twitter:card\" content=\"summary_large_image\" \/>\n<meta name=\"twitter:creator\" content=\"@ColegioAlemanBq\" \/>\n<meta name=\"twitter:site\" content=\"@ColegioAlemanBq\" \/>\n<meta name=\"twitter:label1\" content=\"Verfasst von\" \/>\n\t<meta name=\"twitter:data1\" content=\"Comunicaciones Comunicaciones\" \/>\n\t<meta name=\"twitter:label2\" content=\"Gesch\u00e4tzte Lesezeit\" \/>\n\t<meta name=\"twitter:data2\" content=\"4\u00a0Minuten\" \/>\n<script type=\"application\/ld+json\" class=\"yoast-schema-graph\">{\"@context\":\"https:\/\/schema.org\",\"@graph\":[{\"@type\":\"Article\",\"@id\":\"https:\/\/ds-barranquilla.org\/de\/modelo-de-alternancia-el-nuevo-escenario-educativo-implementado-por-nuestro-colegio\/#article\",\"isPartOf\":{\"@id\":\"https:\/\/ds-barranquilla.org\/de\/modelo-de-alternancia-el-nuevo-escenario-educativo-implementado-por-nuestro-colegio\/\"},\"author\":{\"name\":\"Comunicaciones Comunicaciones\",\"@id\":\"https:\/\/ds-barranquilla.org\/#\/schema\/person\/7bf8790ba89d3480e0551241ccdc8d36\"},\"headline\":\"Modelo de Alternancia: el nuevo escenario educativo implementado por nuestro colegio\",\"datePublished\":\"2021-02-12T18:38:04+00:00\",\"dateModified\":\"2023-01-03T20:43:01+00:00\",\"mainEntityOfPage\":{\"@id\":\"https:\/\/ds-barranquilla.org\/de\/modelo-de-alternancia-el-nuevo-escenario-educativo-implementado-por-nuestro-colegio\/\"},\"wordCount\":807,\"commentCount\":0,\"publisher\":{\"@id\":\"https:\/\/ds-barranquilla.org\/#organization\"},\"image\":{\"@id\":\"https:\/\/ds-barranquilla.org\/de\/modelo-de-alternancia-el-nuevo-escenario-educativo-implementado-por-nuestro-colegio\/#primaryimage\"},\"thumbnailUrl\":\"https:\/\/ds-barranquilla.org\/wp-content\/uploads\/2021\/03\/Alternancia-scaled.jpg\",\"articleSection\":[\"2021\",\"Administraci\u00f3n\"],\"inLanguage\":\"de\",\"potentialAction\":[{\"@type\":\"CommentAction\",\"name\":\"Comment\",\"target\":[\"https:\/\/ds-barranquilla.org\/de\/modelo-de-alternancia-el-nuevo-escenario-educativo-implementado-por-nuestro-colegio\/#respond\"]}]},{\"@type\":\"WebPage\",\"@id\":\"https:\/\/ds-barranquilla.org\/de\/modelo-de-alternancia-el-nuevo-escenario-educativo-implementado-por-nuestro-colegio\/\",\"url\":\"https:\/\/ds-barranquilla.org\/de\/modelo-de-alternancia-el-nuevo-escenario-educativo-implementado-por-nuestro-colegio\/\",\"name\":\"Modelo de Alternancia: el nuevo escenario educativo implementado por nuestro colegio - 2026\",\"isPartOf\":{\"@id\":\"https:\/\/ds-barranquilla.org\/#website\"},\"primaryImageOfPage\":{\"@id\":\"https:\/\/ds-barranquilla.org\/de\/modelo-de-alternancia-el-nuevo-escenario-educativo-implementado-por-nuestro-colegio\/#primaryimage\"},\"image\":{\"@id\":\"https:\/\/ds-barranquilla.org\/de\/modelo-de-alternancia-el-nuevo-escenario-educativo-implementado-por-nuestro-colegio\/#primaryimage\"},\"thumbnailUrl\":\"https:\/\/ds-barranquilla.org\/wp-content\/uploads\/2021\/03\/Alternancia-scaled.jpg\",\"datePublished\":\"2021-02-12T18:38:04+00:00\",\"dateModified\":\"2023-01-03T20:43:01+00:00\",\"breadcrumb\":{\"@id\":\"https:\/\/ds-barranquilla.org\/de\/modelo-de-alternancia-el-nuevo-escenario-educativo-implementado-por-nuestro-colegio\/#breadcrumb\"},\"inLanguage\":\"de\",\"potentialAction\":[{\"@type\":\"ReadAction\",\"target\":[\"https:\/\/ds-barranquilla.org\/de\/modelo-de-alternancia-el-nuevo-escenario-educativo-implementado-por-nuestro-colegio\/\"]}]},{\"@type\":\"ImageObject\",\"inLanguage\":\"de\",\"@id\":\"https:\/\/ds-barranquilla.org\/de\/modelo-de-alternancia-el-nuevo-escenario-educativo-implementado-por-nuestro-colegio\/#primaryimage\",\"url\":\"https:\/\/ds-barranquilla.org\/wp-content\/uploads\/2021\/03\/Alternancia-scaled.jpg\",\"contentUrl\":\"https:\/\/ds-barranquilla.org\/wp-content\/uploads\/2021\/03\/Alternancia-scaled.jpg\",\"width\":2560,\"height\":1707},{\"@type\":\"BreadcrumbList\",\"@id\":\"https:\/\/ds-barranquilla.org\/de\/modelo-de-alternancia-el-nuevo-escenario-educativo-implementado-por-nuestro-colegio\/#breadcrumb\",\"itemListElement\":[{\"@type\":\"ListItem\",\"position\":1,\"name\":\"Portada\",\"item\":\"https:\/\/ds-barranquilla.org\/\"},{\"@type\":\"ListItem\",\"position\":2,\"name\":\"Modelo de Alternancia: el nuevo escenario educativo implementado por nuestro colegio\"}]},{\"@type\":\"WebSite\",\"@id\":\"https:\/\/ds-barranquilla.org\/#website\",\"url\":\"https:\/\/ds-barranquilla.org\/\",\"name\":\"Colegio Alem\u00e1n - Los Mejores Colegios de Colombia - Colegio Triling\u00fce\",\"description\":\"Colegio Alem\u00e1n  Barranquilla Colombia - Colegio Biling\u00fce - Triling\u00fce - El Mejor Colegio de Colombia\",\"publisher\":{\"@id\":\"https:\/\/ds-barranquilla.org\/#organization\"},\"potentialAction\":[{\"@type\":\"SearchAction\",\"target\":{\"@type\":\"EntryPoint\",\"urlTemplate\":\"https:\/\/ds-barranquilla.org\/?s={search_term_string}\"},\"query-input\":\"required name=search_term_string\"}],\"inLanguage\":\"de\"},{\"@type\":\"Organization\",\"@id\":\"https:\/\/ds-barranquilla.org\/#organization\",\"name\":\"Colegio Alem\u00e1n Barranquilla\",\"url\":\"https:\/\/ds-barranquilla.org\/\",\"logo\":{\"@type\":\"ImageObject\",\"inLanguage\":\"de\",\"@id\":\"https:\/\/ds-barranquilla.org\/#\/schema\/logo\/image\/\",\"url\":\"https:\/\/ds-barranquilla.org\/wp-content\/uploads\/2021\/05\/coleman_logo_2.png\",\"contentUrl\":\"https:\/\/ds-barranquilla.org\/wp-content\/uploads\/2021\/05\/coleman_logo_2.png\",\"width\":418,\"height\":307,\"caption\":\"Colegio Alem\u00e1n Barranquilla\"},\"image\":{\"@id\":\"https:\/\/ds-barranquilla.org\/#\/schema\/logo\/image\/\"},\"sameAs\":[\"https:\/\/www.facebook.com\/ColegioAlemanBaq\/\",\"https:\/\/x.com\/ColegioAlemanBq\",\"https:\/\/www.instagram.com\/colegioalemanbaq\/\",\"https:\/\/www.linkedin.com\/school\/deutsche-schule-barranquilla\/\",\"https:\/\/www.youtube.com\/channel\/UCOOGZQCVs6aYRqIWvSN5agQ\"]},{\"@type\":\"Person\",\"@id\":\"https:\/\/ds-barranquilla.org\/#\/schema\/person\/7bf8790ba89d3480e0551241ccdc8d36\",\"name\":\"Comunicaciones Comunicaciones\",\"image\":{\"@type\":\"ImageObject\",\"inLanguage\":\"de\",\"@id\":\"https:\/\/ds-barranquilla.org\/#\/schema\/person\/image\/\",\"url\":\"https:\/\/secure.gravatar.com\/avatar\/a66ba9484a4338d81d6bea750e595038?s=96&d=mm&r=g\",\"contentUrl\":\"https:\/\/secure.gravatar.com\/avatar\/a66ba9484a4338d81d6bea750e595038?s=96&d=mm&r=g\",\"caption\":\"Comunicaciones Comunicaciones\"}}]}<\/script>\n<!-- \/ Yoast SEO plugin. -->","yoast_head_json":{"title":"Modelo de Alternancia: el nuevo escenario educativo implementado por nuestro colegio - 2026","robots":{"index":"noindex","follow":"follow","max-snippet":"max-snippet:-1","max-image-preview":"max-image-preview:large","max-video-preview":"max-video-preview:-1"},"og_locale":"de_DE","og_type":"article","og_title":"Modelo de Alternancia: el nuevo escenario educativo implementado por nuestro colegio - 2026","og_description":"Modelo de Alternancia: el nuevo escenario educativo implementado por nuestro colegio Creado por: Jos\u00e9 R\u00edos Mercado. Siguiendo las directrices y recomendaciones del Ministerio de Educaci\u00f3n Nacional\u00a0y [\u2026]","og_url":"https:\/\/ds-barranquilla.org\/de\/modelo-de-alternancia-el-nuevo-escenario-educativo-implementado-por-nuestro-colegio\/","og_site_name":"Colegio Alem\u00e1n - Los Mejores Colegios de Colombia - Colegio Triling\u00fce","article_publisher":"https:\/\/www.facebook.com\/ColegioAlemanBaq\/","article_published_time":"2021-02-12T18:38:04+00:00","article_modified_time":"2023-01-03T20:43:01+00:00","og_image":[{"width":2560,"height":1707,"url":"https:\/\/ds-barranquilla.org\/wp-content\/uploads\/2021\/03\/Alternancia-scaled.jpg","type":"image\/jpeg"}],"author":"Comunicaciones Comunicaciones","twitter_card":"summary_large_image","twitter_creator":"@ColegioAlemanBq","twitter_site":"@ColegioAlemanBq","twitter_misc":{"Verfasst von":"Comunicaciones Comunicaciones","Gesch\u00e4tzte Lesezeit":"4\u00a0Minuten"},"schema":{"@context":"https:\/\/schema.org","@graph":[{"@type":"Article","@id":"https:\/\/ds-barranquilla.org\/de\/modelo-de-alternancia-el-nuevo-escenario-educativo-implementado-por-nuestro-colegio\/#article","isPartOf":{"@id":"https:\/\/ds-barranquilla.org\/de\/modelo-de-alternancia-el-nuevo-escenario-educativo-implementado-por-nuestro-colegio\/"},"author":{"name":"Comunicaciones Comunicaciones","@id":"https:\/\/ds-barranquilla.org\/#\/schema\/person\/7bf8790ba89d3480e0551241ccdc8d36"},"headline":"Modelo de Alternancia: el nuevo escenario educativo implementado por nuestro colegio","datePublished":"2021-02-12T18:38:04+00:00","dateModified":"2023-01-03T20:43:01+00:00","mainEntityOfPage":{"@id":"https:\/\/ds-barranquilla.org\/de\/modelo-de-alternancia-el-nuevo-escenario-educativo-implementado-por-nuestro-colegio\/"},"wordCount":807,"commentCount":0,"publisher":{"@id":"https:\/\/ds-barranquilla.org\/#organization"},"image":{"@id":"https:\/\/ds-barranquilla.org\/de\/modelo-de-alternancia-el-nuevo-escenario-educativo-implementado-por-nuestro-colegio\/#primaryimage"},"thumbnailUrl":"https:\/\/ds-barranquilla.org\/wp-content\/uploads\/2021\/03\/Alternancia-scaled.jpg","articleSection":["2021","Administraci\u00f3n"],"inLanguage":"de","potentialAction":[{"@type":"CommentAction","name":"Comment","target":["https:\/\/ds-barranquilla.org\/de\/modelo-de-alternancia-el-nuevo-escenario-educativo-implementado-por-nuestro-colegio\/#respond"]}]},{"@type":"WebPage","@id":"https:\/\/ds-barranquilla.org\/de\/modelo-de-alternancia-el-nuevo-escenario-educativo-implementado-por-nuestro-colegio\/","url":"https:\/\/ds-barranquilla.org\/de\/modelo-de-alternancia-el-nuevo-escenario-educativo-implementado-por-nuestro-colegio\/","name":"Modelo de Alternancia: el nuevo escenario educativo implementado por nuestro colegio - 2026","isPartOf":{"@id":"https:\/\/ds-barranquilla.org\/#website"},"primaryImageOfPage":{"@id":"https:\/\/ds-barranquilla.org\/de\/modelo-de-alternancia-el-nuevo-escenario-educativo-implementado-por-nuestro-colegio\/#primaryimage"},"image":{"@id":"https:\/\/ds-barranquilla.org\/de\/modelo-de-alternancia-el-nuevo-escenario-educativo-implementado-por-nuestro-colegio\/#primaryimage"},"thumbnailUrl":"https:\/\/ds-barranquilla.org\/wp-content\/uploads\/2021\/03\/Alternancia-scaled.jpg","datePublished":"2021-02-12T18:38:04+00:00","dateModified":"2023-01-03T20:43:01+00:00","breadcrumb":{"@id":"https:\/\/ds-barranquilla.org\/de\/modelo-de-alternancia-el-nuevo-escenario-educativo-implementado-por-nuestro-colegio\/#breadcrumb"},"inLanguage":"de","potentialAction":[{"@type":"ReadAction","target":["https:\/\/ds-barranquilla.org\/de\/modelo-de-alternancia-el-nuevo-escenario-educativo-implementado-por-nuestro-colegio\/"]}]},{"@type":"ImageObject","inLanguage":"de","@id":"https:\/\/ds-barranquilla.org\/de\/modelo-de-alternancia-el-nuevo-escenario-educativo-implementado-por-nuestro-colegio\/#primaryimage","url":"https:\/\/ds-barranquilla.org\/wp-content\/uploads\/2021\/03\/Alternancia-scaled.jpg","contentUrl":"https:\/\/ds-barranquilla.org\/wp-content\/uploads\/2021\/03\/Alternancia-scaled.jpg","width":2560,"height":1707},{"@type":"BreadcrumbList","@id":"https:\/\/ds-barranquilla.org\/de\/modelo-de-alternancia-el-nuevo-escenario-educativo-implementado-por-nuestro-colegio\/#breadcrumb","itemListElement":[{"@type":"ListItem","position":1,"name":"Portada","item":"https:\/\/ds-barranquilla.org\/"},{"@type":"ListItem","position":2,"name":"Modelo de Alternancia: el nuevo escenario educativo implementado por nuestro colegio"}]},{"@type":"WebSite","@id":"https:\/\/ds-barranquilla.org\/#website","url":"https:\/\/ds-barranquilla.org\/","name":"Colegio Alem\u00e1n - Los Mejores Colegios de Colombia - Colegio Triling\u00fce","description":"Colegio Alem\u00e1n  Barranquilla Colombia - Colegio Biling\u00fce - Triling\u00fce - El Mejor Colegio de Colombia","publisher":{"@id":"https:\/\/ds-barranquilla.org\/#organization"},"potentialAction":[{"@type":"SearchAction","target":{"@type":"EntryPoint","urlTemplate":"https:\/\/ds-barranquilla.org\/?s={search_term_string}"},"query-input":"required name=search_term_string"}],"inLanguage":"de"},{"@type":"Organization","@id":"https:\/\/ds-barranquilla.org\/#organization","name":"Colegio Alem\u00e1n Barranquilla","url":"https:\/\/ds-barranquilla.org\/","logo":{"@type":"ImageObject","inLanguage":"de","@id":"https:\/\/ds-barranquilla.org\/#\/schema\/logo\/image\/","url":"https:\/\/ds-barranquilla.org\/wp-content\/uploads\/2021\/05\/coleman_logo_2.png","contentUrl":"https:\/\/ds-barranquilla.org\/wp-content\/uploads\/2021\/05\/coleman_logo_2.png","width":418,"height":307,"caption":"Colegio Alem\u00e1n Barranquilla"},"image":{"@id":"https:\/\/ds-barranquilla.org\/#\/schema\/logo\/image\/"},"sameAs":["https:\/\/www.facebook.com\/ColegioAlemanBaq\/","https:\/\/x.com\/ColegioAlemanBq","https:\/\/www.instagram.com\/colegioalemanbaq\/","https:\/\/www.linkedin.com\/school\/deutsche-schule-barranquilla\/","https:\/\/www.youtube.com\/channel\/UCOOGZQCVs6aYRqIWvSN5agQ"]},{"@type":"Person","@id":"https:\/\/ds-barranquilla.org\/#\/schema\/person\/7bf8790ba89d3480e0551241ccdc8d36","name":"Comunicaciones Comunicaciones","image":{"@type":"ImageObject","inLanguage":"de","@id":"https:\/\/ds-barranquilla.org\/#\/schema\/person\/image\/","url":"https:\/\/secure.gravatar.com\/avatar\/a66ba9484a4338d81d6bea750e595038?s=96&d=mm&r=g","contentUrl":"https:\/\/secure.gravatar.com\/avatar\/a66ba9484a4338d81d6bea750e595038?s=96&d=mm&r=g","caption":"Comunicaciones Comunicaciones"}}]}},"_links":{"self":[{"href":"https:\/\/ds-barranquilla.org\/de\/wp-json\/wp\/v2\/posts\/6642"}],"collection":[{"href":"https:\/\/ds-barranquilla.org\/de\/wp-json\/wp\/v2\/posts"}],"about":[{"href":"https:\/\/ds-barranquilla.org\/de\/wp-json\/wp\/v2\/types\/post"}],"author":[{"embeddable":true,"href":"https:\/\/ds-barranquilla.org\/de\/wp-json\/wp\/v2\/users\/16"}],"replies":[{"embeddable":true,"href":"https:\/\/ds-barranquilla.org\/de\/wp-json\/wp\/v2\/comments?post=6642"}],"version-history":[{"count":7,"href":"https:\/\/ds-barranquilla.org\/de\/wp-json\/wp\/v2\/posts\/6642\/revisions"}],"predecessor-version":[{"id":14802,"href":"https:\/\/ds-barranquilla.org\/de\/wp-json\/wp\/v2\/posts\/6642\/revisions\/14802"}],"wp:featuredmedia":[{"embeddable":true,"href":"https:\/\/ds-barranquilla.org\/de\/wp-json\/wp\/v2\/media\/6643"}],"wp:attachment":[{"href":"https:\/\/ds-barranquilla.org\/de\/wp-json\/wp\/v2\/media?parent=6642"}],"wp:term":[{"taxonomy":"category","embeddable":true,"href":"https:\/\/ds-barranquilla.org\/de\/wp-json\/wp\/v2\/categories?post=6642"},{"taxonomy":"post_tag","embeddable":true,"href":"https:\/\/ds-barranquilla.org\/de\/wp-json\/wp\/v2\/tags?post=6642"}],"curies":[{"name":"wp","href":"https:\/\/api.w.org\/{rel}","templated":true}]}}