{"id":6646,"date":"2021-02-12T13:50:44","date_gmt":"2021-02-12T18:50:44","guid":{"rendered":"https:\/\/ds-barranquilla.org\/?p=6646"},"modified":"2023-01-03T15:42:47","modified_gmt":"2023-01-03T20:42:47","slug":"carnavales-del-mundo-y-carnaval-de-alemania-los-temas-centrales-de-nuestro-carnaval-bicultural","status":"publish","type":"post","link":"https:\/\/ds-barranquilla.org\/de\/carnavales-del-mundo-y-carnaval-de-alemania-los-temas-centrales-de-nuestro-carnaval-bicultural\/","title":{"rendered":"\u2018Carnavales del Mundo\u2019 y \u2018Carnaval de Alemania\u2019: los temas centrales de nuestro Carnaval Bicultural"},"content":{"rendered":"<h1>\u2018Carnavales del Mundo\u2019 y \u2018Carnaval de Alemania\u2019: los temas centrales de nuestro Carnaval Bicultural<\/h1>\n<p><span data-contrast=\"auto\"><strong>Geschrieben von: Jos\u00e9 R\u00edos Mercado.<\/strong> Nuestro Carnaval Bicultural trajo en esta ocasi\u00f3n algo totalmente innovador como lo fue la presentaci\u00f3n de contenidos \u2018Carnavales del Mundo\u2019 y \u2018Carnaval en Alemania\u2019. A diferencia de a\u00f1os anteriores <\/span><span data-contrast=\"auto\">el \u00c1rea de Alem\u00e1n\u00a0<\/span><span data-contrast=\"auto\">se uni\u00f3 a<\/span><span data-contrast=\"auto\">l \u00c1rea de Lengua y Literatura, y\u00a0<\/span><span data-contrast=\"auto\">a\u00a0<\/span><span data-contrast=\"auto\">la Biblioteca<\/span><span data-contrast=\"auto\">\u00a0para la realizaci\u00f3n de\u00a0<\/span><span data-contrast=\"auto\">esta actividad que promueve la\u00a0<\/span><span data-contrast=\"auto\">Biculturalidad<\/span><span data-contrast=\"auto\">.<\/span><span data-contrast=\"auto\">\u00a0<\/span><span data-contrast=\"auto\">Seg\u00fan la encargada de la Biblioteca,\u00a0<\/span><span data-contrast=\"auto\">Yunia<\/span><span data-contrast=\"auto\">\u00a0Arrieta, esta iniciativa\u00a0<\/span><span data-contrast=\"auto\">es un apoyo al\u202f<\/span><span data-contrast=\"auto\">proyecto\u00a0<\/span><span data-contrast=\"auto\">de C<\/span><span data-contrast=\"auto\">ultura y\u00a0<\/span><span data-contrast=\"auto\">C<\/span><span data-contrast=\"auto\">arnaval del\u00a0<\/span><span data-contrast=\"auto\">\u00c1<\/span><span data-contrast=\"auto\">rea de\u00a0<\/span><span data-contrast=\"auto\">L<\/span><span data-contrast=\"auto\">engua y\u00a0<\/span><span data-contrast=\"auto\">L<\/span><span data-contrast=\"auto\">iteratura de nuestr<\/span><span data-contrast=\"auto\">o colegio, e indic\u00f3 que por primera vez se hizo de forma virtual.<\/span><\/p>\n<p><span data-contrast=\"auto\">Por su parte,\u00a0<\/span><span data-contrast=\"none\">la Coordinadora de Alem\u00e1n (<\/span><span data-contrast=\"none\">Klassen<\/span><span data-contrast=\"none\">\u00a03 a 6),\u00a0<\/span><span data-contrast=\"none\">Alisson<\/span><span data-contrast=\"none\">\u00a0Jim\u00e9nez<\/span><span data-contrast=\"none\">,\u00a0<\/span><span data-contrast=\"none\">precis\u00f3 que\u00a0<\/span><span data-contrast=\"auto\">p<\/span><span data-contrast=\"auto\">ara\u00a0<\/span><span data-contrast=\"auto\">la instituci\u00f3n\u00a0<\/span><span data-contrast=\"auto\">como colegio bicultural que<\/span><span data-contrast=\"auto\">\u00a0es y que\u00a0<\/span><span data-contrast=\"auto\">prepara ciudadanos del mundo<\/span><span data-contrast=\"auto\">,\u00a0<\/span><span data-contrast=\"auto\">es muy importante que los estudiantes conozcan las tradiciones de otros pa\u00edses, las entiendan, reflexionen sobre ellas y las comparen con las nuestras, para que tengan una visi\u00f3n m\u00e1s amplia del mundo<\/span><span data-contrast=\"auto\">.<\/span><\/p>\n<p><span data-contrast=\"none\">La docente\u00a0<\/span><span data-contrast=\"none\">se\u00f1al\u00f3\u00a0<\/span><span data-contrast=\"none\">que los estudiantes del Pro<\/span><span data-contrast=\"none\">grama CAS\u00a0<\/span><span data-contrast=\"none\">(Creatividad, Actividad y Servicio)<\/span><span data-contrast=\"none\">\u00a0fueron quienes prepararon los contenidos\u00a0<\/span><span data-contrast=\"none\">del Carnaval Bicultural, el cual se present\u00f3 a trav\u00e9s de un\u00a0<\/span><span data-contrast=\"none\">Genially<\/span><span data-contrast=\"none\">\u00a0que permite la observaci\u00f3n de videos y la consulta de p\u00e1ginas con informaci\u00f3n alusiva a este tema<\/span><span data-contrast=\"none\">.<\/span><\/p>\n<p><span data-contrast=\"none\">\"<\/span><span data-contrast=\"none\">Por causa de la pandemia e<\/span><span data-contrast=\"none\">ste a\u00f1o<\/span><span data-contrast=\"none\">\u00a0decidimos unir fuerzas para sacar un solo producto que nos permita hacerlo visible desde el punto de vista cultural. Quiero hacerle un reconocimiento a la labor de los estudiantes que trabajaron juiciosamente en las tareas asignadas para ofrecer un producto de calidad\u201d,\u00a0<\/span><span data-contrast=\"none\">expres\u00f3<\/span><span data-contrast=\"none\">\u00a0<\/span><span data-contrast=\"none\">Alisson<\/span><span data-contrast=\"none\">\u00a0Jim\u00e9nez.<\/span><\/p>\n<p><span data-contrast=\"none\">Para\u00a0<\/span><span data-contrast=\"none\">la Coordinadora de Alem\u00e1n (<\/span><span data-contrast=\"none\">Klassen<\/span><span data-contrast=\"none\">\u00a03 a 6), algunos de los contenidos presentados en el Carnaval Bicultural, como: la comida, los disfraces y las tradiciones, ya ha<\/span><span data-contrast=\"none\">b\u00edan<\/span><span data-contrast=\"none\">\u00a0sido abordados d\u00edas atr\u00e1s por el\u00a0<\/span><span data-contrast=\"none\">\u00c1rea de Alem\u00e1n en algunas de sus clases, lo que ref<\/span><span data-contrast=\"none\">orz\u00f3<\/span><span data-contrast=\"none\">\u00a0a\u00fan m\u00e1s esta\u00a0<\/span><span data-contrast=\"none\">actividad<\/span><span data-contrast=\"none\">\u00a0en los estudiantes.<\/span><\/p>","protected":false},"excerpt":{"rendered":"<p>\u2018Carnavales del Mundo\u2019 y \u2018Carnaval de Alemania\u2019: los temas centrales de nuestro Carnaval Bicultural Creado por: Jos\u00e9 R\u00edos Mercado. Nuestro Carnaval Bicultural trajo en esta ocasi\u00f3n<span class=\"excerpt-hellip\"> [\u2026]<\/span><\/p>","protected":false},"author":16,"featured_media":6647,"comment_status":"open","ping_status":"open","sticky":false,"template":"","format":"standard","meta":{"_exactmetrics_skip_tracking":false,"_exactmetrics_sitenote_active":false,"_exactmetrics_sitenote_note":"","_exactmetrics_sitenote_category":0,"_joinchat":[],"footnotes":""},"categories":[681,673,690,674,708],"tags":[],"class_list":["post-6646","post","type-post","status-publish","format-standard","has-post-thumbnail","hentry","category-681","category-area-de-aleman","category-area-de-lengua-y-literatura","category-lengua-y-cultura-alemana","category-proyectos-academicos"],"yoast_head":"<!-- This site is optimized with the Yoast SEO plugin v23.3 - https:\/\/yoast.com\/wordpress\/plugins\/seo\/ -->\n<title>\u2018Carnavales del Mundo\u2019 y \u2018Carnaval de Alemania\u2019: los temas centrales de nuestro Carnaval Bicultural - 2026<\/title>\n<meta name=\"robots\" content=\"noindex, follow, max-snippet:-1, max-image-preview:large, max-video-preview:-1\" \/>\n<meta property=\"og:locale\" content=\"de_DE\" \/>\n<meta property=\"og:type\" content=\"article\" \/>\n<meta property=\"og:title\" content=\"\u2018Carnavales del Mundo\u2019 y \u2018Carnaval de Alemania\u2019: los temas centrales de nuestro Carnaval Bicultural - 2026\" \/>\n<meta property=\"og:description\" content=\"\u2018Carnavales del Mundo\u2019 y \u2018Carnaval de Alemania\u2019: los temas centrales de nuestro Carnaval Bicultural Creado por: Jos\u00e9 R\u00edos Mercado. Nuestro Carnaval Bicultural trajo en esta ocasi\u00f3n [\u2026]\" \/>\n<meta property=\"og:url\" content=\"https:\/\/ds-barranquilla.org\/de\/carnavales-del-mundo-y-carnaval-de-alemania-los-temas-centrales-de-nuestro-carnaval-bicultural\/\" \/>\n<meta property=\"og:site_name\" content=\"Colegio Alem\u00e1n - Los Mejores Colegios de Colombia - Colegio Triling\u00fce\" \/>\n<meta property=\"article:publisher\" content=\"https:\/\/www.facebook.com\/ColegioAlemanBaq\/\" \/>\n<meta property=\"article:published_time\" content=\"2021-02-12T18:50:44+00:00\" \/>\n<meta property=\"article:modified_time\" content=\"2023-01-03T20:42:47+00:00\" \/>\n<meta property=\"og:image\" content=\"https:\/\/ds-barranquilla.org\/wp-content\/uploads\/2021\/03\/Carnaval-Bicultural.jpg\" \/>\n\t<meta property=\"og:image:width\" content=\"1024\" \/>\n\t<meta property=\"og:image:height\" content=\"768\" \/>\n\t<meta property=\"og:image:type\" content=\"image\/jpeg\" \/>\n<meta name=\"author\" content=\"Comunicaciones Comunicaciones\" \/>\n<meta name=\"twitter:card\" content=\"summary_large_image\" \/>\n<meta name=\"twitter:creator\" content=\"@ColegioAlemanBq\" \/>\n<meta name=\"twitter:site\" content=\"@ColegioAlemanBq\" \/>\n<meta name=\"twitter:label1\" content=\"Verfasst von\" \/>\n\t<meta name=\"twitter:data1\" content=\"Comunicaciones Comunicaciones\" \/>\n\t<meta name=\"twitter:label2\" content=\"Gesch\u00e4tzte Lesezeit\" \/>\n\t<meta name=\"twitter:data2\" content=\"2\u00a0Minuten\" \/>\n<script type=\"application\/ld+json\" class=\"yoast-schema-graph\">{\"@context\":\"https:\/\/schema.org\",\"@graph\":[{\"@type\":\"Article\",\"@id\":\"https:\/\/ds-barranquilla.org\/carnavales-del-mundo-y-carnaval-de-alemania-los-temas-centrales-de-nuestro-carnaval-bicultural\/#article\",\"isPartOf\":{\"@id\":\"https:\/\/ds-barranquilla.org\/carnavales-del-mundo-y-carnaval-de-alemania-los-temas-centrales-de-nuestro-carnaval-bicultural\/\"},\"author\":{\"name\":\"Comunicaciones Comunicaciones\",\"@id\":\"https:\/\/ds-barranquilla.org\/#\/schema\/person\/7bf8790ba89d3480e0551241ccdc8d36\"},\"headline\":\"\u2018Carnavales del Mundo\u2019 y \u2018Carnaval de Alemania\u2019: los temas centrales de nuestro Carnaval Bicultural\",\"datePublished\":\"2021-02-12T18:50:44+00:00\",\"dateModified\":\"2023-01-03T20:42:47+00:00\",\"mainEntityOfPage\":{\"@id\":\"https:\/\/ds-barranquilla.org\/carnavales-del-mundo-y-carnaval-de-alemania-los-temas-centrales-de-nuestro-carnaval-bicultural\/\"},\"wordCount\":373,\"commentCount\":0,\"publisher\":{\"@id\":\"https:\/\/ds-barranquilla.org\/#organization\"},\"image\":{\"@id\":\"https:\/\/ds-barranquilla.org\/carnavales-del-mundo-y-carnaval-de-alemania-los-temas-centrales-de-nuestro-carnaval-bicultural\/#primaryimage\"},\"thumbnailUrl\":\"https:\/\/ds-barranquilla.org\/wp-content\/uploads\/2021\/03\/Carnaval-Bicultural.jpg\",\"articleSection\":[\"2021\",\"\u00c1rea de Alem\u00e1n\",\"\u00c1rea de Lengua y Literatura\",\"Lengua y Cultura Alemana\",\"Proyectos acad\u00e9micos\"],\"inLanguage\":\"de\",\"potentialAction\":[{\"@type\":\"CommentAction\",\"name\":\"Comment\",\"target\":[\"https:\/\/ds-barranquilla.org\/carnavales-del-mundo-y-carnaval-de-alemania-los-temas-centrales-de-nuestro-carnaval-bicultural\/#respond\"]}]},{\"@type\":\"WebPage\",\"@id\":\"https:\/\/ds-barranquilla.org\/carnavales-del-mundo-y-carnaval-de-alemania-los-temas-centrales-de-nuestro-carnaval-bicultural\/\",\"url\":\"https:\/\/ds-barranquilla.org\/carnavales-del-mundo-y-carnaval-de-alemania-los-temas-centrales-de-nuestro-carnaval-bicultural\/\",\"name\":\"\u2018Carnavales del Mundo\u2019 y \u2018Carnaval de Alemania\u2019: los temas centrales de nuestro Carnaval Bicultural - 2026\",\"isPartOf\":{\"@id\":\"https:\/\/ds-barranquilla.org\/#website\"},\"primaryImageOfPage\":{\"@id\":\"https:\/\/ds-barranquilla.org\/carnavales-del-mundo-y-carnaval-de-alemania-los-temas-centrales-de-nuestro-carnaval-bicultural\/#primaryimage\"},\"image\":{\"@id\":\"https:\/\/ds-barranquilla.org\/carnavales-del-mundo-y-carnaval-de-alemania-los-temas-centrales-de-nuestro-carnaval-bicultural\/#primaryimage\"},\"thumbnailUrl\":\"https:\/\/ds-barranquilla.org\/wp-content\/uploads\/2021\/03\/Carnaval-Bicultural.jpg\",\"datePublished\":\"2021-02-12T18:50:44+00:00\",\"dateModified\":\"2023-01-03T20:42:47+00:00\",\"breadcrumb\":{\"@id\":\"https:\/\/ds-barranquilla.org\/carnavales-del-mundo-y-carnaval-de-alemania-los-temas-centrales-de-nuestro-carnaval-bicultural\/#breadcrumb\"},\"inLanguage\":\"de\",\"potentialAction\":[{\"@type\":\"ReadAction\",\"target\":[\"https:\/\/ds-barranquilla.org\/carnavales-del-mundo-y-carnaval-de-alemania-los-temas-centrales-de-nuestro-carnaval-bicultural\/\"]}]},{\"@type\":\"ImageObject\",\"inLanguage\":\"de\",\"@id\":\"https:\/\/ds-barranquilla.org\/carnavales-del-mundo-y-carnaval-de-alemania-los-temas-centrales-de-nuestro-carnaval-bicultural\/#primaryimage\",\"url\":\"https:\/\/ds-barranquilla.org\/wp-content\/uploads\/2021\/03\/Carnaval-Bicultural.jpg\",\"contentUrl\":\"https:\/\/ds-barranquilla.org\/wp-content\/uploads\/2021\/03\/Carnaval-Bicultural.jpg\",\"width\":1024,\"height\":768},{\"@type\":\"BreadcrumbList\",\"@id\":\"https:\/\/ds-barranquilla.org\/carnavales-del-mundo-y-carnaval-de-alemania-los-temas-centrales-de-nuestro-carnaval-bicultural\/#breadcrumb\",\"itemListElement\":[{\"@type\":\"ListItem\",\"position\":1,\"name\":\"Portada\",\"item\":\"https:\/\/ds-barranquilla.org\/\"},{\"@type\":\"ListItem\",\"position\":2,\"name\":\"\u2018Carnavales del Mundo\u2019 y \u2018Carnaval de Alemania\u2019: los temas centrales de nuestro Carnaval Bicultural\"}]},{\"@type\":\"WebSite\",\"@id\":\"https:\/\/ds-barranquilla.org\/#website\",\"url\":\"https:\/\/ds-barranquilla.org\/\",\"name\":\"Colegio Alem\u00e1n - Los Mejores Colegios de Colombia - Colegio Triling\u00fce\",\"description\":\"Colegio Alem\u00e1n  Barranquilla Colombia - Colegio Biling\u00fce - Triling\u00fce - El Mejor Colegio de Colombia\",\"publisher\":{\"@id\":\"https:\/\/ds-barranquilla.org\/#organization\"},\"potentialAction\":[{\"@type\":\"SearchAction\",\"target\":{\"@type\":\"EntryPoint\",\"urlTemplate\":\"https:\/\/ds-barranquilla.org\/?s={search_term_string}\"},\"query-input\":\"required name=search_term_string\"}],\"inLanguage\":\"de\"},{\"@type\":\"Organization\",\"@id\":\"https:\/\/ds-barranquilla.org\/#organization\",\"name\":\"Colegio Alem\u00e1n Barranquilla\",\"url\":\"https:\/\/ds-barranquilla.org\/\",\"logo\":{\"@type\":\"ImageObject\",\"inLanguage\":\"de\",\"@id\":\"https:\/\/ds-barranquilla.org\/#\/schema\/logo\/image\/\",\"url\":\"https:\/\/ds-barranquilla.org\/wp-content\/uploads\/2021\/05\/coleman_logo_2.png\",\"contentUrl\":\"https:\/\/ds-barranquilla.org\/wp-content\/uploads\/2021\/05\/coleman_logo_2.png\",\"width\":418,\"height\":307,\"caption\":\"Colegio Alem\u00e1n Barranquilla\"},\"image\":{\"@id\":\"https:\/\/ds-barranquilla.org\/#\/schema\/logo\/image\/\"},\"sameAs\":[\"https:\/\/www.facebook.com\/ColegioAlemanBaq\/\",\"https:\/\/x.com\/ColegioAlemanBq\",\"https:\/\/www.instagram.com\/colegioalemanbaq\/\",\"https:\/\/www.linkedin.com\/school\/deutsche-schule-barranquilla\/\",\"https:\/\/www.youtube.com\/channel\/UCOOGZQCVs6aYRqIWvSN5agQ\"]},{\"@type\":\"Person\",\"@id\":\"https:\/\/ds-barranquilla.org\/#\/schema\/person\/7bf8790ba89d3480e0551241ccdc8d36\",\"name\":\"Comunicaciones Comunicaciones\",\"image\":{\"@type\":\"ImageObject\",\"inLanguage\":\"de\",\"@id\":\"https:\/\/ds-barranquilla.org\/#\/schema\/person\/image\/\",\"url\":\"https:\/\/secure.gravatar.com\/avatar\/a66ba9484a4338d81d6bea750e595038?s=96&d=mm&r=g\",\"contentUrl\":\"https:\/\/secure.gravatar.com\/avatar\/a66ba9484a4338d81d6bea750e595038?s=96&d=mm&r=g\",\"caption\":\"Comunicaciones Comunicaciones\"}}]}<\/script>\n<!-- \/ Yoast SEO plugin. -->","yoast_head_json":{"title":"\u2018Carnavales del Mundo\u2019 y \u2018Carnaval de Alemania\u2019: los temas centrales de nuestro Carnaval Bicultural - 2026","robots":{"index":"noindex","follow":"follow","max-snippet":"max-snippet:-1","max-image-preview":"max-image-preview:large","max-video-preview":"max-video-preview:-1"},"og_locale":"de_DE","og_type":"article","og_title":"\u2018Carnavales del Mundo\u2019 y \u2018Carnaval de Alemania\u2019: los temas centrales de nuestro Carnaval Bicultural - 2026","og_description":"\u2018Carnavales del Mundo\u2019 y \u2018Carnaval de Alemania\u2019: los temas centrales de nuestro Carnaval Bicultural Creado por: Jos\u00e9 R\u00edos Mercado. Nuestro Carnaval Bicultural trajo en esta ocasi\u00f3n [\u2026]","og_url":"https:\/\/ds-barranquilla.org\/de\/carnavales-del-mundo-y-carnaval-de-alemania-los-temas-centrales-de-nuestro-carnaval-bicultural\/","og_site_name":"Colegio Alem\u00e1n - Los Mejores Colegios de Colombia - Colegio Triling\u00fce","article_publisher":"https:\/\/www.facebook.com\/ColegioAlemanBaq\/","article_published_time":"2021-02-12T18:50:44+00:00","article_modified_time":"2023-01-03T20:42:47+00:00","og_image":[{"width":1024,"height":768,"url":"https:\/\/ds-barranquilla.org\/wp-content\/uploads\/2021\/03\/Carnaval-Bicultural.jpg","type":"image\/jpeg"}],"author":"Comunicaciones Comunicaciones","twitter_card":"summary_large_image","twitter_creator":"@ColegioAlemanBq","twitter_site":"@ColegioAlemanBq","twitter_misc":{"Verfasst von":"Comunicaciones Comunicaciones","Gesch\u00e4tzte Lesezeit":"2\u00a0Minuten"},"schema":{"@context":"https:\/\/schema.org","@graph":[{"@type":"Article","@id":"https:\/\/ds-barranquilla.org\/carnavales-del-mundo-y-carnaval-de-alemania-los-temas-centrales-de-nuestro-carnaval-bicultural\/#article","isPartOf":{"@id":"https:\/\/ds-barranquilla.org\/carnavales-del-mundo-y-carnaval-de-alemania-los-temas-centrales-de-nuestro-carnaval-bicultural\/"},"author":{"name":"Comunicaciones Comunicaciones","@id":"https:\/\/ds-barranquilla.org\/#\/schema\/person\/7bf8790ba89d3480e0551241ccdc8d36"},"headline":"\u2018Carnavales del Mundo\u2019 y \u2018Carnaval de Alemania\u2019: los temas centrales de nuestro Carnaval Bicultural","datePublished":"2021-02-12T18:50:44+00:00","dateModified":"2023-01-03T20:42:47+00:00","mainEntityOfPage":{"@id":"https:\/\/ds-barranquilla.org\/carnavales-del-mundo-y-carnaval-de-alemania-los-temas-centrales-de-nuestro-carnaval-bicultural\/"},"wordCount":373,"commentCount":0,"publisher":{"@id":"https:\/\/ds-barranquilla.org\/#organization"},"image":{"@id":"https:\/\/ds-barranquilla.org\/carnavales-del-mundo-y-carnaval-de-alemania-los-temas-centrales-de-nuestro-carnaval-bicultural\/#primaryimage"},"thumbnailUrl":"https:\/\/ds-barranquilla.org\/wp-content\/uploads\/2021\/03\/Carnaval-Bicultural.jpg","articleSection":["2021","\u00c1rea de Alem\u00e1n","\u00c1rea de Lengua y Literatura","Lengua y Cultura Alemana","Proyectos acad\u00e9micos"],"inLanguage":"de","potentialAction":[{"@type":"CommentAction","name":"Comment","target":["https:\/\/ds-barranquilla.org\/carnavales-del-mundo-y-carnaval-de-alemania-los-temas-centrales-de-nuestro-carnaval-bicultural\/#respond"]}]},{"@type":"WebPage","@id":"https:\/\/ds-barranquilla.org\/carnavales-del-mundo-y-carnaval-de-alemania-los-temas-centrales-de-nuestro-carnaval-bicultural\/","url":"https:\/\/ds-barranquilla.org\/carnavales-del-mundo-y-carnaval-de-alemania-los-temas-centrales-de-nuestro-carnaval-bicultural\/","name":"\u2018Carnavales del Mundo\u2019 y \u2018Carnaval de Alemania\u2019: los temas centrales de nuestro Carnaval Bicultural - 2026","isPartOf":{"@id":"https:\/\/ds-barranquilla.org\/#website"},"primaryImageOfPage":{"@id":"https:\/\/ds-barranquilla.org\/carnavales-del-mundo-y-carnaval-de-alemania-los-temas-centrales-de-nuestro-carnaval-bicultural\/#primaryimage"},"image":{"@id":"https:\/\/ds-barranquilla.org\/carnavales-del-mundo-y-carnaval-de-alemania-los-temas-centrales-de-nuestro-carnaval-bicultural\/#primaryimage"},"thumbnailUrl":"https:\/\/ds-barranquilla.org\/wp-content\/uploads\/2021\/03\/Carnaval-Bicultural.jpg","datePublished":"2021-02-12T18:50:44+00:00","dateModified":"2023-01-03T20:42:47+00:00","breadcrumb":{"@id":"https:\/\/ds-barranquilla.org\/carnavales-del-mundo-y-carnaval-de-alemania-los-temas-centrales-de-nuestro-carnaval-bicultural\/#breadcrumb"},"inLanguage":"de","potentialAction":[{"@type":"ReadAction","target":["https:\/\/ds-barranquilla.org\/carnavales-del-mundo-y-carnaval-de-alemania-los-temas-centrales-de-nuestro-carnaval-bicultural\/"]}]},{"@type":"ImageObject","inLanguage":"de","@id":"https:\/\/ds-barranquilla.org\/carnavales-del-mundo-y-carnaval-de-alemania-los-temas-centrales-de-nuestro-carnaval-bicultural\/#primaryimage","url":"https:\/\/ds-barranquilla.org\/wp-content\/uploads\/2021\/03\/Carnaval-Bicultural.jpg","contentUrl":"https:\/\/ds-barranquilla.org\/wp-content\/uploads\/2021\/03\/Carnaval-Bicultural.jpg","width":1024,"height":768},{"@type":"BreadcrumbList","@id":"https:\/\/ds-barranquilla.org\/carnavales-del-mundo-y-carnaval-de-alemania-los-temas-centrales-de-nuestro-carnaval-bicultural\/#breadcrumb","itemListElement":[{"@type":"ListItem","position":1,"name":"Portada","item":"https:\/\/ds-barranquilla.org\/"},{"@type":"ListItem","position":2,"name":"\u2018Carnavales del Mundo\u2019 y \u2018Carnaval de Alemania\u2019: los temas centrales de nuestro Carnaval Bicultural"}]},{"@type":"WebSite","@id":"https:\/\/ds-barranquilla.org\/#website","url":"https:\/\/ds-barranquilla.org\/","name":"Colegio Alem\u00e1n - Los Mejores Colegios de Colombia - Colegio Triling\u00fce","description":"Colegio Alem\u00e1n  Barranquilla Colombia - Colegio Biling\u00fce - Triling\u00fce - El Mejor Colegio de Colombia","publisher":{"@id":"https:\/\/ds-barranquilla.org\/#organization"},"potentialAction":[{"@type":"SearchAction","target":{"@type":"EntryPoint","urlTemplate":"https:\/\/ds-barranquilla.org\/?s={search_term_string}"},"query-input":"required name=search_term_string"}],"inLanguage":"de"},{"@type":"Organization","@id":"https:\/\/ds-barranquilla.org\/#organization","name":"Colegio Alem\u00e1n Barranquilla","url":"https:\/\/ds-barranquilla.org\/","logo":{"@type":"ImageObject","inLanguage":"de","@id":"https:\/\/ds-barranquilla.org\/#\/schema\/logo\/image\/","url":"https:\/\/ds-barranquilla.org\/wp-content\/uploads\/2021\/05\/coleman_logo_2.png","contentUrl":"https:\/\/ds-barranquilla.org\/wp-content\/uploads\/2021\/05\/coleman_logo_2.png","width":418,"height":307,"caption":"Colegio Alem\u00e1n Barranquilla"},"image":{"@id":"https:\/\/ds-barranquilla.org\/#\/schema\/logo\/image\/"},"sameAs":["https:\/\/www.facebook.com\/ColegioAlemanBaq\/","https:\/\/x.com\/ColegioAlemanBq","https:\/\/www.instagram.com\/colegioalemanbaq\/","https:\/\/www.linkedin.com\/school\/deutsche-schule-barranquilla\/","https:\/\/www.youtube.com\/channel\/UCOOGZQCVs6aYRqIWvSN5agQ"]},{"@type":"Person","@id":"https:\/\/ds-barranquilla.org\/#\/schema\/person\/7bf8790ba89d3480e0551241ccdc8d36","name":"Comunicaciones Comunicaciones","image":{"@type":"ImageObject","inLanguage":"de","@id":"https:\/\/ds-barranquilla.org\/#\/schema\/person\/image\/","url":"https:\/\/secure.gravatar.com\/avatar\/a66ba9484a4338d81d6bea750e595038?s=96&d=mm&r=g","contentUrl":"https:\/\/secure.gravatar.com\/avatar\/a66ba9484a4338d81d6bea750e595038?s=96&d=mm&r=g","caption":"Comunicaciones Comunicaciones"}}]}},"_links":{"self":[{"href":"https:\/\/ds-barranquilla.org\/de\/wp-json\/wp\/v2\/posts\/6646"}],"collection":[{"href":"https:\/\/ds-barranquilla.org\/de\/wp-json\/wp\/v2\/posts"}],"about":[{"href":"https:\/\/ds-barranquilla.org\/de\/wp-json\/wp\/v2\/types\/post"}],"author":[{"embeddable":true,"href":"https:\/\/ds-barranquilla.org\/de\/wp-json\/wp\/v2\/users\/16"}],"replies":[{"embeddable":true,"href":"https:\/\/ds-barranquilla.org\/de\/wp-json\/wp\/v2\/comments?post=6646"}],"version-history":[{"count":2,"href":"https:\/\/ds-barranquilla.org\/de\/wp-json\/wp\/v2\/posts\/6646\/revisions"}],"predecessor-version":[{"id":6828,"href":"https:\/\/ds-barranquilla.org\/de\/wp-json\/wp\/v2\/posts\/6646\/revisions\/6828"}],"wp:featuredmedia":[{"embeddable":true,"href":"https:\/\/ds-barranquilla.org\/de\/wp-json\/wp\/v2\/media\/6647"}],"wp:attachment":[{"href":"https:\/\/ds-barranquilla.org\/de\/wp-json\/wp\/v2\/media?parent=6646"}],"wp:term":[{"taxonomy":"category","embeddable":true,"href":"https:\/\/ds-barranquilla.org\/de\/wp-json\/wp\/v2\/categories?post=6646"},{"taxonomy":"post_tag","embeddable":true,"href":"https:\/\/ds-barranquilla.org\/de\/wp-json\/wp\/v2\/tags?post=6646"}],"curies":[{"name":"wp","href":"https:\/\/api.w.org\/{rel}","templated":true}]}}