{"id":6649,"date":"2021-02-12T13:58:28","date_gmt":"2021-02-12T18:58:28","guid":{"rendered":"https:\/\/ds-barranquilla.org\/?p=6649"},"modified":"2023-01-03T15:37:12","modified_gmt":"2023-01-03T20:37:12","slug":"cultura-y-carnaval-el-proyecto-que-promueve-el-acervo-cultural-de-nuestra-emblematica-festividad","status":"publish","type":"post","link":"https:\/\/ds-barranquilla.org\/de\/cultura-y-carnaval-el-proyecto-que-promueve-el-acervo-cultural-de-nuestra-emblematica-festividad\/","title":{"rendered":"Cultura y Carnaval: el proyecto que promueve el acervo cultural de nuestra emblem\u00e1tica festividad"},"content":{"rendered":"<h1>Cultura y Carnaval: el proyecto que promueve el acervo cultural de nuestra emblem\u00e1tica festividad<\/h1>\n<p><span data-contrast=\"auto\"><strong>Geschrieben von: Jos\u00e9 R\u00edos Mercado.<\/strong> Conmemora<\/span><span data-contrast=\"auto\">ndo<\/span><span data-contrast=\"auto\">\u00a0los 17 a\u00f1os de haber sido reconocido el Carnaval de Barranquilla como\u00a0<\/span><span data-contrast=\"auto\">Patrimonio Oral de la\u00a0<\/span><span data-contrast=\"auto\">H<\/span><span data-contrast=\"auto\">umanidad por parte de la Unesco,\u00a0<\/span><span data-contrast=\"auto\">el \u00c1rea de Lengua y Literatura decidi\u00f3\u00a0<\/span><span data-contrast=\"auto\">en una nueva edici\u00f3n del\u00a0<\/span><span data-contrast=\"auto\">proyecto de Cultura y Carnaval<\/span><span data-contrast=\"auto\">\u00a0que \u00e9ste<\/span><span data-contrast=\"auto\">\u00a0abordara\u00a0<\/span><span data-contrast=\"auto\">tem\u00e1ticas y desarrollara actividades, dejando\u00a0<\/span><span data-contrast=\"auto\">a<\/span><span data-contrast=\"auto\">\u00a0un lado la fiesta, para priorizar a\u00fan m\u00e1s la indagaci\u00f3n y favoreciendo el acervo cultural.<\/span><\/p>\n<p><span data-contrast=\"auto\">A diferencia de a\u00f1os anteriores<\/span><span data-contrast=\"auto\">,<\/span><span data-contrast=\"auto\">\u00a0los organizadores tuvieron como reto principal trasladar la Media Torta -lugar emblem\u00e1tico donde siempre se ha realizado el colorido evento- al Aula virtual y a la plataforma de columnas decoradas por las llamadas de\u00a0<\/span><span data-contrast=\"auto\">Teams<\/span><span data-contrast=\"auto\">. Si bien\u00a0<\/span><span data-contrast=\"auto\">la tarea no fue tan sencilla, la principal motivaci\u00f3n era i<\/span><span data-contrast=\"auto\">ntentar mantener\u00a0<\/span><span data-contrast=\"auto\">vivas\u00a0<\/span><span data-contrast=\"auto\">las tradiciones y motivar a los\u00a0<\/span><span data-contrast=\"auto\">estudiantes\u00a0<\/span><span data-contrast=\"auto\">a\u00a0<\/span><span data-contrast=\"auto\">participar del proyecto\u00a0<\/span><span data-contrast=\"auto\">de forma virtual.\u202f<\/span><\/p>\n<p><span data-contrast=\"auto\">\"<\/span><span data-contrast=\"auto\">Distribuimos las tem\u00e1ticas por conjuntos de grado\u00a0<\/span><span data-contrast=\"auto\">y\u00a0<\/span><span data-contrast=\"auto\">de la misma manera<\/span><span data-contrast=\"auto\">,<\/span><span data-contrast=\"auto\">\u00a0seleccionamos\u00a0<\/span><span data-contrast=\"auto\">a\u00a0<\/span><span data-contrast=\"auto\">las reinas que representar\u00edan<\/span><span data-contrast=\"auto\">,<\/span><span data-contrast=\"auto\">\u00a0ya no a una sola\u00a0<\/span><span data-contrast=\"auto\">Klasse<\/span><span data-contrast=\"auto\">,<\/span><span data-contrast=\"auto\">\u00a0sino a 3 niveles. Cada tem\u00e1tica estuvo pensada<\/span><span data-contrast=\"auto\">\u00a0wir<\/span><span data-contrast=\"auto\">\u00a0que pudiera\u202fgenerar diversos productos de aprendizaje y as\u00ed cumplir con el objetivo que e<\/span><span data-contrast=\"auto\">ra el de<\/span><span data-contrast=\"auto\">\u00a0p<\/span><span data-contrast=\"auto\">ropiciar un espacio de aprendizaje acad\u00e9mico y cultural desde las vivencias propias de nuestra fiesta central<\/span><span data-contrast=\"auto\">\u201d, expres\u00f3 la Coordinadora del \u00c1rea de Lengua y Literatura, Claudia Fontalvo.<\/span><\/p>\n<p><span data-contrast=\"auto\">La docente\u00a0<\/span><span data-contrast=\"auto\">destac\u00f3 e<\/span><span data-contrast=\"auto\">l trabajo de los estudiantes<\/span><span data-contrast=\"auto\">, padres de familia y profesores, quienes acudieron a su\u00a0<\/span><span data-contrast=\"auto\">creatividad y recursividad\u00a0<\/span><span data-contrast=\"auto\">para sacar adelante Cultura y Carnaval, e hizo un reconocimiento a los docentes del \u00c1rea,\u00a0<\/span><span data-contrast=\"auto\">especial<\/span><span data-contrast=\"auto\">mente a<\/span><span data-contrast=\"auto\">\u00a0Maryori Montoya como\u00a0<\/span><span data-contrast=\"auto\">R<\/span><span data-contrast=\"auto\">eina del\u00a0<\/span><span data-contrast=\"auto\">C<\/span><span data-contrast=\"auto\">arnaval de los profesores<\/span><span data-contrast=\"auto\">,<\/span><span data-contrast=\"auto\">\u00a0y\u00a0<\/span><span data-contrast=\"auto\">al\u00a0<\/span><span data-contrast=\"auto\">profesor\u00a0<\/span><span data-contrast=\"auto\">del \u00c1rea de Deportes,\u00a0<\/span><span data-contrast=\"auto\">William\u00a0<\/span><span data-contrast=\"auto\">Iturriago<\/span><span data-contrast=\"auto\">\u00a0como\u00a0<\/span><span data-contrast=\"auto\">R<\/span><span data-contrast=\"auto\">ey\u00a0<\/span><span data-contrast=\"auto\">M<\/span><span data-contrast=\"auto\">omo de esta versi\u00f3n virtual.\u202f<\/span><span data-contrast=\"auto\">Finalmente, hizo un balance\u00a0<\/span><span data-contrast=\"auto\">muy positivo<\/span><span data-contrast=\"auto\">\u00a0del evento en la que la\u00a0<\/span><span data-contrast=\"auto\">participaci\u00f3n\u00a0<\/span><span data-contrast=\"auto\">de la comunidad\u00a0<\/span><span data-contrast=\"auto\">escolar\u00a0<\/span><span data-contrast=\"auto\">fue al 100% y\u00a0<\/span><span data-contrast=\"auto\">asegur\u00f3\u00a0<\/span><span data-contrast=\"auto\">que<\/span><span data-contrast=\"auto\">\u00a0<\/span><span data-contrast=\"auto\">a pesar de las circunstancias<\/span><span data-contrast=\"auto\">,\u00a0<\/span><span data-contrast=\"auto\">aprendimos no solo a vernos sino a escucharnos mejor.<\/span><\/p>","protected":false},"excerpt":{"rendered":"<p>Cultura y Carnaval: el proyecto que promueve el acervo cultural de nuestra emblem\u00e1tica festividad Creado por: Jos\u00e9 R\u00edos Mercado. Conmemorando\u00a0los 17 a\u00f1os de haber sido reconocido<span class=\"excerpt-hellip\"> [\u2026]<\/span><\/p>","protected":false},"author":16,"featured_media":6650,"comment_status":"open","ping_status":"open","sticky":false,"template":"","format":"standard","meta":{"_exactmetrics_skip_tracking":false,"_exactmetrics_sitenote_active":false,"_exactmetrics_sitenote_note":"","_exactmetrics_sitenote_category":0,"_joinchat":[],"footnotes":""},"categories":[681,690,708],"tags":[],"class_list":["post-6649","post","type-post","status-publish","format-standard","has-post-thumbnail","hentry","category-681","category-area-de-lengua-y-literatura","category-proyectos-academicos"],"yoast_head":"<!-- This site is optimized with the Yoast SEO plugin v23.3 - https:\/\/yoast.com\/wordpress\/plugins\/seo\/ -->\n<title>Cultura y Carnaval: el proyecto que promueve el acervo cultural de nuestra emblem\u00e1tica festividad - 2026<\/title>\n<meta name=\"robots\" content=\"noindex, follow, max-snippet:-1, max-image-preview:large, max-video-preview:-1\" \/>\n<meta property=\"og:locale\" content=\"de_DE\" \/>\n<meta property=\"og:type\" content=\"article\" \/>\n<meta property=\"og:title\" content=\"Cultura y Carnaval: el proyecto que promueve el acervo cultural de nuestra emblem\u00e1tica festividad - 2026\" \/>\n<meta property=\"og:description\" content=\"Cultura y Carnaval: el proyecto que promueve el acervo cultural de nuestra emblem\u00e1tica festividad Creado por: Jos\u00e9 R\u00edos Mercado. Conmemorando\u00a0los 17 a\u00f1os de haber sido reconocido [\u2026]\" \/>\n<meta property=\"og:url\" content=\"https:\/\/ds-barranquilla.org\/de\/cultura-y-carnaval-el-proyecto-que-promueve-el-acervo-cultural-de-nuestra-emblematica-festividad\/\" \/>\n<meta property=\"og:site_name\" content=\"Colegio Alem\u00e1n - Los Mejores Colegios de Colombia - Colegio Triling\u00fce\" \/>\n<meta property=\"article:publisher\" content=\"https:\/\/www.facebook.com\/ColegioAlemanBaq\/\" \/>\n<meta property=\"article:published_time\" content=\"2021-02-12T18:58:28+00:00\" \/>\n<meta property=\"article:modified_time\" content=\"2023-01-03T20:37:12+00:00\" \/>\n<meta property=\"og:image\" content=\"https:\/\/ds-barranquilla.org\/wp-content\/uploads\/2021\/03\/Cultura-y-Carnaval-scaled.jpg\" \/>\n\t<meta property=\"og:image:width\" content=\"2560\" \/>\n\t<meta property=\"og:image:height\" content=\"1920\" \/>\n\t<meta property=\"og:image:type\" content=\"image\/jpeg\" \/>\n<meta name=\"author\" content=\"Comunicaciones Comunicaciones\" \/>\n<meta name=\"twitter:card\" content=\"summary_large_image\" \/>\n<meta name=\"twitter:creator\" content=\"@ColegioAlemanBq\" \/>\n<meta name=\"twitter:site\" content=\"@ColegioAlemanBq\" \/>\n<meta name=\"twitter:label1\" content=\"Verfasst von\" \/>\n\t<meta name=\"twitter:data1\" content=\"Comunicaciones Comunicaciones\" \/>\n\t<meta name=\"twitter:label2\" content=\"Gesch\u00e4tzte Lesezeit\" \/>\n\t<meta name=\"twitter:data2\" content=\"2\u00a0Minuten\" \/>\n<script type=\"application\/ld+json\" class=\"yoast-schema-graph\">{\"@context\":\"https:\/\/schema.org\",\"@graph\":[{\"@type\":\"Article\",\"@id\":\"https:\/\/ds-barranquilla.org\/cultura-y-carnaval-el-proyecto-que-promueve-el-acervo-cultural-de-nuestra-emblematica-festividad\/#article\",\"isPartOf\":{\"@id\":\"https:\/\/ds-barranquilla.org\/cultura-y-carnaval-el-proyecto-que-promueve-el-acervo-cultural-de-nuestra-emblematica-festividad\/\"},\"author\":{\"name\":\"Comunicaciones Comunicaciones\",\"@id\":\"https:\/\/ds-barranquilla.org\/#\/schema\/person\/7bf8790ba89d3480e0551241ccdc8d36\"},\"headline\":\"Cultura y Carnaval: el proyecto que promueve el acervo cultural de nuestra emblem\u00e1tica festividad\",\"datePublished\":\"2021-02-12T18:58:28+00:00\",\"dateModified\":\"2023-01-03T20:37:12+00:00\",\"mainEntityOfPage\":{\"@id\":\"https:\/\/ds-barranquilla.org\/cultura-y-carnaval-el-proyecto-que-promueve-el-acervo-cultural-de-nuestra-emblematica-festividad\/\"},\"wordCount\":368,\"commentCount\":0,\"publisher\":{\"@id\":\"https:\/\/ds-barranquilla.org\/#organization\"},\"image\":{\"@id\":\"https:\/\/ds-barranquilla.org\/cultura-y-carnaval-el-proyecto-que-promueve-el-acervo-cultural-de-nuestra-emblematica-festividad\/#primaryimage\"},\"thumbnailUrl\":\"https:\/\/ds-barranquilla.org\/wp-content\/uploads\/2021\/03\/Cultura-y-Carnaval-scaled.jpg\",\"articleSection\":[\"2021\",\"\u00c1rea de Lengua y Literatura\",\"Proyectos acad\u00e9micos\"],\"inLanguage\":\"de\",\"potentialAction\":[{\"@type\":\"CommentAction\",\"name\":\"Comment\",\"target\":[\"https:\/\/ds-barranquilla.org\/cultura-y-carnaval-el-proyecto-que-promueve-el-acervo-cultural-de-nuestra-emblematica-festividad\/#respond\"]}]},{\"@type\":\"WebPage\",\"@id\":\"https:\/\/ds-barranquilla.org\/cultura-y-carnaval-el-proyecto-que-promueve-el-acervo-cultural-de-nuestra-emblematica-festividad\/\",\"url\":\"https:\/\/ds-barranquilla.org\/cultura-y-carnaval-el-proyecto-que-promueve-el-acervo-cultural-de-nuestra-emblematica-festividad\/\",\"name\":\"Cultura y Carnaval: el proyecto que promueve el acervo cultural de nuestra emblem\u00e1tica festividad - 2026\",\"isPartOf\":{\"@id\":\"https:\/\/ds-barranquilla.org\/#website\"},\"primaryImageOfPage\":{\"@id\":\"https:\/\/ds-barranquilla.org\/cultura-y-carnaval-el-proyecto-que-promueve-el-acervo-cultural-de-nuestra-emblematica-festividad\/#primaryimage\"},\"image\":{\"@id\":\"https:\/\/ds-barranquilla.org\/cultura-y-carnaval-el-proyecto-que-promueve-el-acervo-cultural-de-nuestra-emblematica-festividad\/#primaryimage\"},\"thumbnailUrl\":\"https:\/\/ds-barranquilla.org\/wp-content\/uploads\/2021\/03\/Cultura-y-Carnaval-scaled.jpg\",\"datePublished\":\"2021-02-12T18:58:28+00:00\",\"dateModified\":\"2023-01-03T20:37:12+00:00\",\"breadcrumb\":{\"@id\":\"https:\/\/ds-barranquilla.org\/cultura-y-carnaval-el-proyecto-que-promueve-el-acervo-cultural-de-nuestra-emblematica-festividad\/#breadcrumb\"},\"inLanguage\":\"de\",\"potentialAction\":[{\"@type\":\"ReadAction\",\"target\":[\"https:\/\/ds-barranquilla.org\/cultura-y-carnaval-el-proyecto-que-promueve-el-acervo-cultural-de-nuestra-emblematica-festividad\/\"]}]},{\"@type\":\"ImageObject\",\"inLanguage\":\"de\",\"@id\":\"https:\/\/ds-barranquilla.org\/cultura-y-carnaval-el-proyecto-que-promueve-el-acervo-cultural-de-nuestra-emblematica-festividad\/#primaryimage\",\"url\":\"https:\/\/ds-barranquilla.org\/wp-content\/uploads\/2021\/03\/Cultura-y-Carnaval-scaled.jpg\",\"contentUrl\":\"https:\/\/ds-barranquilla.org\/wp-content\/uploads\/2021\/03\/Cultura-y-Carnaval-scaled.jpg\",\"width\":2560,\"height\":1920},{\"@type\":\"BreadcrumbList\",\"@id\":\"https:\/\/ds-barranquilla.org\/cultura-y-carnaval-el-proyecto-que-promueve-el-acervo-cultural-de-nuestra-emblematica-festividad\/#breadcrumb\",\"itemListElement\":[{\"@type\":\"ListItem\",\"position\":1,\"name\":\"Portada\",\"item\":\"https:\/\/ds-barranquilla.org\/\"},{\"@type\":\"ListItem\",\"position\":2,\"name\":\"Cultura y Carnaval: el proyecto que promueve el acervo cultural de nuestra emblem\u00e1tica festividad\"}]},{\"@type\":\"WebSite\",\"@id\":\"https:\/\/ds-barranquilla.org\/#website\",\"url\":\"https:\/\/ds-barranquilla.org\/\",\"name\":\"Colegio Alem\u00e1n - Los Mejores Colegios de Colombia - Colegio Triling\u00fce\",\"description\":\"Colegio Alem\u00e1n  Barranquilla Colombia - Colegio Biling\u00fce - Triling\u00fce - El Mejor Colegio de Colombia\",\"publisher\":{\"@id\":\"https:\/\/ds-barranquilla.org\/#organization\"},\"potentialAction\":[{\"@type\":\"SearchAction\",\"target\":{\"@type\":\"EntryPoint\",\"urlTemplate\":\"https:\/\/ds-barranquilla.org\/?s={search_term_string}\"},\"query-input\":\"required name=search_term_string\"}],\"inLanguage\":\"de\"},{\"@type\":\"Organization\",\"@id\":\"https:\/\/ds-barranquilla.org\/#organization\",\"name\":\"Colegio Alem\u00e1n Barranquilla\",\"url\":\"https:\/\/ds-barranquilla.org\/\",\"logo\":{\"@type\":\"ImageObject\",\"inLanguage\":\"de\",\"@id\":\"https:\/\/ds-barranquilla.org\/#\/schema\/logo\/image\/\",\"url\":\"https:\/\/ds-barranquilla.org\/wp-content\/uploads\/2021\/05\/coleman_logo_2.png\",\"contentUrl\":\"https:\/\/ds-barranquilla.org\/wp-content\/uploads\/2021\/05\/coleman_logo_2.png\",\"width\":418,\"height\":307,\"caption\":\"Colegio Alem\u00e1n Barranquilla\"},\"image\":{\"@id\":\"https:\/\/ds-barranquilla.org\/#\/schema\/logo\/image\/\"},\"sameAs\":[\"https:\/\/www.facebook.com\/ColegioAlemanBaq\/\",\"https:\/\/x.com\/ColegioAlemanBq\",\"https:\/\/www.instagram.com\/colegioalemanbaq\/\",\"https:\/\/www.linkedin.com\/school\/deutsche-schule-barranquilla\/\",\"https:\/\/www.youtube.com\/channel\/UCOOGZQCVs6aYRqIWvSN5agQ\"]},{\"@type\":\"Person\",\"@id\":\"https:\/\/ds-barranquilla.org\/#\/schema\/person\/7bf8790ba89d3480e0551241ccdc8d36\",\"name\":\"Comunicaciones Comunicaciones\",\"image\":{\"@type\":\"ImageObject\",\"inLanguage\":\"de\",\"@id\":\"https:\/\/ds-barranquilla.org\/#\/schema\/person\/image\/\",\"url\":\"https:\/\/secure.gravatar.com\/avatar\/a66ba9484a4338d81d6bea750e595038?s=96&d=mm&r=g\",\"contentUrl\":\"https:\/\/secure.gravatar.com\/avatar\/a66ba9484a4338d81d6bea750e595038?s=96&d=mm&r=g\",\"caption\":\"Comunicaciones Comunicaciones\"}}]}<\/script>\n<!-- \/ Yoast SEO plugin. -->","yoast_head_json":{"title":"Cultura y Carnaval: el proyecto que promueve el acervo cultural de nuestra emblem\u00e1tica festividad - 2026","robots":{"index":"noindex","follow":"follow","max-snippet":"max-snippet:-1","max-image-preview":"max-image-preview:large","max-video-preview":"max-video-preview:-1"},"og_locale":"de_DE","og_type":"article","og_title":"Cultura y Carnaval: el proyecto que promueve el acervo cultural de nuestra emblem\u00e1tica festividad - 2026","og_description":"Cultura y Carnaval: el proyecto que promueve el acervo cultural de nuestra emblem\u00e1tica festividad Creado por: Jos\u00e9 R\u00edos Mercado. Conmemorando\u00a0los 17 a\u00f1os de haber sido reconocido [\u2026]","og_url":"https:\/\/ds-barranquilla.org\/de\/cultura-y-carnaval-el-proyecto-que-promueve-el-acervo-cultural-de-nuestra-emblematica-festividad\/","og_site_name":"Colegio Alem\u00e1n - Los Mejores Colegios de Colombia - Colegio Triling\u00fce","article_publisher":"https:\/\/www.facebook.com\/ColegioAlemanBaq\/","article_published_time":"2021-02-12T18:58:28+00:00","article_modified_time":"2023-01-03T20:37:12+00:00","og_image":[{"width":2560,"height":1920,"url":"https:\/\/ds-barranquilla.org\/wp-content\/uploads\/2021\/03\/Cultura-y-Carnaval-scaled.jpg","type":"image\/jpeg"}],"author":"Comunicaciones Comunicaciones","twitter_card":"summary_large_image","twitter_creator":"@ColegioAlemanBq","twitter_site":"@ColegioAlemanBq","twitter_misc":{"Verfasst von":"Comunicaciones Comunicaciones","Gesch\u00e4tzte Lesezeit":"2\u00a0Minuten"},"schema":{"@context":"https:\/\/schema.org","@graph":[{"@type":"Article","@id":"https:\/\/ds-barranquilla.org\/cultura-y-carnaval-el-proyecto-que-promueve-el-acervo-cultural-de-nuestra-emblematica-festividad\/#article","isPartOf":{"@id":"https:\/\/ds-barranquilla.org\/cultura-y-carnaval-el-proyecto-que-promueve-el-acervo-cultural-de-nuestra-emblematica-festividad\/"},"author":{"name":"Comunicaciones Comunicaciones","@id":"https:\/\/ds-barranquilla.org\/#\/schema\/person\/7bf8790ba89d3480e0551241ccdc8d36"},"headline":"Cultura y Carnaval: el proyecto que promueve el acervo cultural de nuestra emblem\u00e1tica festividad","datePublished":"2021-02-12T18:58:28+00:00","dateModified":"2023-01-03T20:37:12+00:00","mainEntityOfPage":{"@id":"https:\/\/ds-barranquilla.org\/cultura-y-carnaval-el-proyecto-que-promueve-el-acervo-cultural-de-nuestra-emblematica-festividad\/"},"wordCount":368,"commentCount":0,"publisher":{"@id":"https:\/\/ds-barranquilla.org\/#organization"},"image":{"@id":"https:\/\/ds-barranquilla.org\/cultura-y-carnaval-el-proyecto-que-promueve-el-acervo-cultural-de-nuestra-emblematica-festividad\/#primaryimage"},"thumbnailUrl":"https:\/\/ds-barranquilla.org\/wp-content\/uploads\/2021\/03\/Cultura-y-Carnaval-scaled.jpg","articleSection":["2021","\u00c1rea de Lengua y Literatura","Proyectos acad\u00e9micos"],"inLanguage":"de","potentialAction":[{"@type":"CommentAction","name":"Comment","target":["https:\/\/ds-barranquilla.org\/cultura-y-carnaval-el-proyecto-que-promueve-el-acervo-cultural-de-nuestra-emblematica-festividad\/#respond"]}]},{"@type":"WebPage","@id":"https:\/\/ds-barranquilla.org\/cultura-y-carnaval-el-proyecto-que-promueve-el-acervo-cultural-de-nuestra-emblematica-festividad\/","url":"https:\/\/ds-barranquilla.org\/cultura-y-carnaval-el-proyecto-que-promueve-el-acervo-cultural-de-nuestra-emblematica-festividad\/","name":"Cultura y Carnaval: el proyecto que promueve el acervo cultural de nuestra emblem\u00e1tica festividad - 2026","isPartOf":{"@id":"https:\/\/ds-barranquilla.org\/#website"},"primaryImageOfPage":{"@id":"https:\/\/ds-barranquilla.org\/cultura-y-carnaval-el-proyecto-que-promueve-el-acervo-cultural-de-nuestra-emblematica-festividad\/#primaryimage"},"image":{"@id":"https:\/\/ds-barranquilla.org\/cultura-y-carnaval-el-proyecto-que-promueve-el-acervo-cultural-de-nuestra-emblematica-festividad\/#primaryimage"},"thumbnailUrl":"https:\/\/ds-barranquilla.org\/wp-content\/uploads\/2021\/03\/Cultura-y-Carnaval-scaled.jpg","datePublished":"2021-02-12T18:58:28+00:00","dateModified":"2023-01-03T20:37:12+00:00","breadcrumb":{"@id":"https:\/\/ds-barranquilla.org\/cultura-y-carnaval-el-proyecto-que-promueve-el-acervo-cultural-de-nuestra-emblematica-festividad\/#breadcrumb"},"inLanguage":"de","potentialAction":[{"@type":"ReadAction","target":["https:\/\/ds-barranquilla.org\/cultura-y-carnaval-el-proyecto-que-promueve-el-acervo-cultural-de-nuestra-emblematica-festividad\/"]}]},{"@type":"ImageObject","inLanguage":"de","@id":"https:\/\/ds-barranquilla.org\/cultura-y-carnaval-el-proyecto-que-promueve-el-acervo-cultural-de-nuestra-emblematica-festividad\/#primaryimage","url":"https:\/\/ds-barranquilla.org\/wp-content\/uploads\/2021\/03\/Cultura-y-Carnaval-scaled.jpg","contentUrl":"https:\/\/ds-barranquilla.org\/wp-content\/uploads\/2021\/03\/Cultura-y-Carnaval-scaled.jpg","width":2560,"height":1920},{"@type":"BreadcrumbList","@id":"https:\/\/ds-barranquilla.org\/cultura-y-carnaval-el-proyecto-que-promueve-el-acervo-cultural-de-nuestra-emblematica-festividad\/#breadcrumb","itemListElement":[{"@type":"ListItem","position":1,"name":"Portada","item":"https:\/\/ds-barranquilla.org\/"},{"@type":"ListItem","position":2,"name":"Cultura y Carnaval: el proyecto que promueve el acervo cultural de nuestra emblem\u00e1tica festividad"}]},{"@type":"WebSite","@id":"https:\/\/ds-barranquilla.org\/#website","url":"https:\/\/ds-barranquilla.org\/","name":"Colegio Alem\u00e1n - Los Mejores Colegios de Colombia - Colegio Triling\u00fce","description":"Colegio Alem\u00e1n  Barranquilla Colombia - Colegio Biling\u00fce - Triling\u00fce - El Mejor Colegio de Colombia","publisher":{"@id":"https:\/\/ds-barranquilla.org\/#organization"},"potentialAction":[{"@type":"SearchAction","target":{"@type":"EntryPoint","urlTemplate":"https:\/\/ds-barranquilla.org\/?s={search_term_string}"},"query-input":"required name=search_term_string"}],"inLanguage":"de"},{"@type":"Organization","@id":"https:\/\/ds-barranquilla.org\/#organization","name":"Colegio Alem\u00e1n Barranquilla","url":"https:\/\/ds-barranquilla.org\/","logo":{"@type":"ImageObject","inLanguage":"de","@id":"https:\/\/ds-barranquilla.org\/#\/schema\/logo\/image\/","url":"https:\/\/ds-barranquilla.org\/wp-content\/uploads\/2021\/05\/coleman_logo_2.png","contentUrl":"https:\/\/ds-barranquilla.org\/wp-content\/uploads\/2021\/05\/coleman_logo_2.png","width":418,"height":307,"caption":"Colegio Alem\u00e1n Barranquilla"},"image":{"@id":"https:\/\/ds-barranquilla.org\/#\/schema\/logo\/image\/"},"sameAs":["https:\/\/www.facebook.com\/ColegioAlemanBaq\/","https:\/\/x.com\/ColegioAlemanBq","https:\/\/www.instagram.com\/colegioalemanbaq\/","https:\/\/www.linkedin.com\/school\/deutsche-schule-barranquilla\/","https:\/\/www.youtube.com\/channel\/UCOOGZQCVs6aYRqIWvSN5agQ"]},{"@type":"Person","@id":"https:\/\/ds-barranquilla.org\/#\/schema\/person\/7bf8790ba89d3480e0551241ccdc8d36","name":"Comunicaciones Comunicaciones","image":{"@type":"ImageObject","inLanguage":"de","@id":"https:\/\/ds-barranquilla.org\/#\/schema\/person\/image\/","url":"https:\/\/secure.gravatar.com\/avatar\/a66ba9484a4338d81d6bea750e595038?s=96&d=mm&r=g","contentUrl":"https:\/\/secure.gravatar.com\/avatar\/a66ba9484a4338d81d6bea750e595038?s=96&d=mm&r=g","caption":"Comunicaciones Comunicaciones"}}]}},"_links":{"self":[{"href":"https:\/\/ds-barranquilla.org\/de\/wp-json\/wp\/v2\/posts\/6649"}],"collection":[{"href":"https:\/\/ds-barranquilla.org\/de\/wp-json\/wp\/v2\/posts"}],"about":[{"href":"https:\/\/ds-barranquilla.org\/de\/wp-json\/wp\/v2\/types\/post"}],"author":[{"embeddable":true,"href":"https:\/\/ds-barranquilla.org\/de\/wp-json\/wp\/v2\/users\/16"}],"replies":[{"embeddable":true,"href":"https:\/\/ds-barranquilla.org\/de\/wp-json\/wp\/v2\/comments?post=6649"}],"version-history":[{"count":2,"href":"https:\/\/ds-barranquilla.org\/de\/wp-json\/wp\/v2\/posts\/6649\/revisions"}],"predecessor-version":[{"id":6829,"href":"https:\/\/ds-barranquilla.org\/de\/wp-json\/wp\/v2\/posts\/6649\/revisions\/6829"}],"wp:featuredmedia":[{"embeddable":true,"href":"https:\/\/ds-barranquilla.org\/de\/wp-json\/wp\/v2\/media\/6650"}],"wp:attachment":[{"href":"https:\/\/ds-barranquilla.org\/de\/wp-json\/wp\/v2\/media?parent=6649"}],"wp:term":[{"taxonomy":"category","embeddable":true,"href":"https:\/\/ds-barranquilla.org\/de\/wp-json\/wp\/v2\/categories?post=6649"},{"taxonomy":"post_tag","embeddable":true,"href":"https:\/\/ds-barranquilla.org\/de\/wp-json\/wp\/v2\/tags?post=6649"}],"curies":[{"name":"wp","href":"https:\/\/api.w.org\/{rel}","templated":true}]}}