{"id":6655,"date":"2021-02-19T14:09:17","date_gmt":"2021-02-19T19:09:17","guid":{"rendered":"https:\/\/ds-barranquilla.org\/?p=6655"},"modified":"2023-01-03T15:36:38","modified_gmt":"2023-01-03T20:36:38","slug":"fomentando-la-curiosidad-abrimos-el-camino-a-la-indagacion","status":"publish","type":"post","link":"https:\/\/ds-barranquilla.org\/de\/fomentando-la-curiosidad-abrimos-el-camino-a-la-indagacion\/","title":{"rendered":"Fomentando la curiosidad, abrimos el camino a la indagaci\u00f3n"},"content":{"rendered":"<h1>Fomentando la curiosidad, abrimos el camino a la indagaci\u00f3n<\/h1>\n<p><span data-contrast=\"auto\"><strong>Creado por: Andrea Garc\u00e9s &#8211; Katherine Torres.<\/strong> Uno de los atributos que promovemos en nuestros estudiantes para alcanzar el IB <\/span><span data-contrast=\"auto\">(Bachillerato Internacional)\u00a0<\/span><span data-contrast=\"auto\">es el de\u00a0<\/span><span data-contrast=\"auto\">ser\u00a0<\/span><span data-contrast=\"auto\">\u201cindagadores\u201d. Indagar nos ayuda a optimizar nuestro aprendizaje y\u00a0<\/span><span data-contrast=\"auto\">la\u00a0<\/span><span data-contrast=\"auto\">base fundamental de ese atributo es la curiosidad. La curiosidad es lo que nos motiva a aprender sobre un tema que nos interesa, as\u00ed se desarrolla el querer saber y al mismo tiempo se desarrolla la autonom\u00eda. Pero, \u00bfc\u00f3mo fomentamos esa curiosidad en nuestros ni\u00f1os y j\u00f3venes?<\/span><\/p>\n<p><span data-contrast=\"auto\">La autora Marianne\u00a0<\/span><span data-contrast=\"auto\">Stenger<\/span><span data-contrast=\"auto\">\u00a0menciona en su art\u00edculo \u2018<\/span><span data-contrast=\"auto\">Why<\/span><span data-contrast=\"auto\">\u00a0<\/span><span data-contrast=\"auto\">Curiosity<\/span><span data-contrast=\"auto\">\u00a0<\/span><span data-contrast=\"auto\">Enhances<\/span><span data-contrast=\"auto\">\u00a0<\/span><span data-contrast=\"auto\">Learning<\/span><span data-contrast=\"auto\">\u2019<\/span><span data-contrast=\"auto\">\u00a0(\u00bfPor qu\u00e9 la curiosidad mejora el aprendizaje?) que los seres humanos somos m\u00e1s propensos a aprender y a recordar lo aprendido a largo plazo cuando el tema nos intriga y nos despierta la curiosidad. Tenemos entonces la tarea como educadores y como padres de propiciar el inter\u00e9s y la curiosidad en nuestros estudiantes hacia diferentes temas.<\/span><\/p>\n<p><span data-contrast=\"auto\">Cuestionarse y hacerse preguntas sobre el mundo que nos rodea, abre nuestro inter\u00e9s para conocer sobre \u00e9l. Motivar al estudiante a preguntarse por qu\u00e9 suceden las cosas, c\u00f3mo funcionan, qu\u00e9 pasar\u00eda si\u2026,\u00a0<\/span><span data-contrast=\"auto\">lo\u00a0<\/span><span data-contrast=\"auto\">impulsa\u00a0<\/span><span data-contrast=\"auto\">a<\/span><span data-contrast=\"auto\">\u00a0querer saber las respuestas,\u00a0<\/span><span data-contrast=\"auto\">algo fundamental\u00a0<\/span><span data-contrast=\"auto\">tanto para el proceso cognitivo como para el proceso emocional<\/span><span data-contrast=\"auto\">.<\/span><span data-contrast=\"auto\">\u00a0<\/span><span data-contrast=\"auto\">E<\/span><span data-contrast=\"auto\">s la curiosidad del ser humano, la que lleva a desarrollar, por inter\u00e9s, las respuestas a todos estos cuestionamientos.<\/span><\/p>\n<p><span data-contrast=\"auto\">Empecemos por conocer y explorar el espacio que nos rodea. Ellen\u00a0<\/span><span data-contrast=\"auto\">Hendricksen<\/span><span data-contrast=\"auto\">\u00a0<\/span><span data-contrast=\"auto\">(<\/span><span data-contrast=\"auto\">Ph<\/span><span data-contrast=\"auto\">.<\/span><span data-contrast=\"auto\">D<\/span><span data-contrast=\"auto\">.<\/span><span data-contrast=\"auto\">\u00a0wir\u00a0<\/span><span data-contrast=\"auto\">P<\/span><span data-contrast=\"auto\">sicolog\u00eda\u00a0<\/span><span data-contrast=\"auto\">C<\/span><span data-contrast=\"auto\">l\u00ednica\u00a0<\/span><span data-contrast=\"auto\">que trabaja en\u00a0<\/span><span data-contrast=\"auto\">el Centro de Ansiedad y Trastornos Relacionados de la Universidad de Boston<\/span><span data-contrast=\"auto\">)<\/span><span data-contrast=\"auto\">\u00a0referencia en su libro\u00a0<\/span><span data-contrast=\"auto\">\u2018<\/span><span data-contrast=\"auto\">How<\/span><span data-contrast=\"auto\">\u00a0<\/span><span data-contrast=\"auto\">To<\/span><span data-contrast=\"auto\">\u00a0Be\u00a0<\/span><span data-contrast=\"auto\">Yourself<\/span><span data-contrast=\"auto\">: Quite\u00a0<\/span><span data-contrast=\"auto\">the<\/span><span data-contrast=\"auto\">\u00a0<\/span><span data-contrast=\"auto\">Inner<\/span><span data-contrast=\"auto\">\u00a0<\/span><span data-contrast=\"auto\">Critic<\/span><span data-contrast=\"auto\">\u00a0and\u00a0<\/span><span data-contrast=\"auto\">Rise<\/span><span data-contrast=\"auto\">\u00a0<\/span><span data-contrast=\"auto\">Above<\/span><span data-contrast=\"auto\">\u00a0Social\u00a0<\/span><span data-contrast=\"auto\">Anxiety<\/span><span data-contrast=\"auto\">\u2019<\/span><span data-contrast=\"auto\">\u00a0(<\/span><span data-contrast=\"auto\">C\u00f3mo ser t\u00fa mismo: calla al cr\u00edtico interior y sobreponte a la ansiedad social) una t\u00e9cnica conocida como 5-4-3-2-1, que sirve tanto para\u00a0<\/span><span data-contrast=\"auto\">la<\/span><span data-contrast=\"auto\">\u00a0autorreflexi\u00f3n como para\u00a0<\/span><span data-contrast=\"auto\">das\u00a0<\/span><span data-contrast=\"auto\">cuestiona<\/span><span data-contrast=\"auto\">miento\u00a0<\/span><span data-contrast=\"auto\">sobre s\u00ed mismo y el mundo que nos rodea.<\/span><\/p>\n<p><span data-contrast=\"auto\">La t\u00e9cnica consiste en tomarse unos minutos para sentarse a pensar conscientemente sobre nuestro entorno. Miremos alrededor y pensemos en 5 cosas que podamos ver, 4 cosas que podamos o\u00edr, 3 cosas que podamos tocar, 2 cosas que podamos oler y 1 cosa que podamos saborear en ese preciso momento. Este sencillo ejercicio se puede aplicar a un contexto acad\u00e9mico en tanto reformulemos las preguntas.<\/span><\/p>\n<p><span data-contrast=\"auto\">De esta forma<\/span><span data-contrast=\"auto\">,<\/span><span data-contrast=\"auto\">\u00a0podemos invitar a nuestros hijos a una reflexi\u00f3n previa a un examen o a una presentaci\u00f3n sobre el tema en cuesti\u00f3n: 5 cosas que s\u00e9, 4 cosas que puedo explicar a otro, 3 cosas que a\u00fan no domino, 2 cosas que a\u00fan debo investigar y 1 cosa que no tengo clara; as\u00ed se afianza el conocimiento que han adquirido y se fomenta la indagaci\u00f3n acerca de lo que a\u00fan falte sobre el tema.<\/span><\/p>\n<p><span data-contrast=\"auto\">La propuesta educativa del IB apunta a que docentes, padres y estudiantes trabajen juntos en propiciar un ambiente de aprendizaje \u00f3ptimo a partir de ejercicios cotidianos que despierten la curiosidad de los estudiantes y desemboque en el deseo por indagar e investigar; el proceso ser\u00e1 exitoso, si se da como punto de partida el \u201cquerer saber\u201d.<\/span><\/p>\n<p><span data-contrast=\"auto\">Exploremos nosotros mismos los intereses de nuestros hijos y estudiantes y aprovech\u00e9moslos para motivar los aprendizajes significativos. Es fundamental escuchar y prestar atenci\u00f3n a sus apreciaciones, en lo que ellos evocan est\u00e1 la clave sobre lo que despierta su atenci\u00f3n. Es muy importante encontrar el punto de inter\u00e9s para de ah\u00ed trazar una ruta de indagaci\u00f3n que nos lleve finalmente a un aprendizaje significativo.<\/span><\/p>\n<p><span data-contrast=\"auto\">El gran reto ahora es aprender el alem\u00e1n en casa<\/span><span data-contrast=\"auto\">;<\/span><span data-contrast=\"auto\">\u00a0<\/span><span data-contrast=\"auto\">p<\/span><span data-contrast=\"auto\">odemos entre todos aprovechar la situaci\u00f3n coyuntural\u00a0<\/span><span data-contrast=\"auto\">por causa de<\/span><span data-contrast=\"auto\">\u00a0la pandemia y poner en pr\u00e1ctica lo aprendido en el hogar, que ahora tambi\u00e9n es escuela. En casa podemos favorecer un acercamiento a la lengua y a la cultura de tal manera que despertemos un mayor inter\u00e9s en nuestros hijos por aprender. Busquemos juntos m\u00fasica en alem\u00e1n y escojamos un d\u00eda a la semana para explorar, o\u00edr canciones e incluso buscar sus letras.<\/span><\/p>\n<p><span data-contrast=\"auto\">Veamos como familia pel\u00edculas en alem\u00e1n, incluso pueden ser pel\u00edculas que ya hayamos visto o que sepamos que a nuestros hijos les gustan.\u00a0<\/span><span data-contrast=\"auto\">Preparemos con ellos una receta alemana o indaguemos con ellos sobre ciudades o festividades alemanas. Podemos hacerlo tambi\u00e9n jugando: dig\u00e1mosles a nuestros hijos que ellos son los maestros de la lengua, que nos ense\u00f1en todos los d\u00edas una palabra o algo preciso que hayan adquirido durante la clase, eso les\u00a0<\/span><span data-contrast=\"auto\">generar\u00e1 m\u00e1s<\/span><span data-contrast=\"auto\"> inter\u00e9s por aprender, luego por ense\u00f1ar y ser\u00e1 muy significativo para todos traer el idioma a la din\u00e1mica familiar.<\/span><\/p>\n<p><span data-contrast=\"auto\">De esta manera<\/span><span data-contrast=\"auto\">,<\/span><span data-contrast=\"auto\"> tal vez despertemos el deseo de nuestros hijos de acercarse m\u00e1s y aprender mejor sobre la cultura y lengua alemanas.<\/span><\/p>","protected":false},"excerpt":{"rendered":"<p>Fomentando la curiosidad, abrimos el camino a la indagaci\u00f3n Creado por: Andrea Garc\u00e9s &#8211; Katherine Torres. Uno de los atributos que promovemos en nuestros estudiantes para<span class=\"excerpt-hellip\"> [\u2026]<\/span><\/p>","protected":false},"author":16,"featured_media":6656,"comment_status":"open","ping_status":"open","sticky":false,"template":"","format":"standard","meta":{"_exactmetrics_skip_tracking":false,"_exactmetrics_sitenote_active":false,"_exactmetrics_sitenote_note":"","_exactmetrics_sitenote_category":0,"_joinchat":[],"footnotes":""},"categories":[681,694],"tags":[],"class_list":["post-6655","post","type-post","status-publish","format-standard","has-post-thumbnail","hentry","category-681","category-bachillerato-internacional"],"yoast_head":"<!-- This site is optimized with the Yoast SEO plugin v23.3 - https:\/\/yoast.com\/wordpress\/plugins\/seo\/ -->\n<title>Fomentando la curiosidad, abrimos el camino a la indagaci\u00f3n - 2026<\/title>\n<meta name=\"robots\" content=\"noindex, follow, max-snippet:-1, max-image-preview:large, max-video-preview:-1\" \/>\n<meta property=\"og:locale\" content=\"de_DE\" \/>\n<meta property=\"og:type\" content=\"article\" \/>\n<meta property=\"og:title\" content=\"Fomentando la curiosidad, abrimos el camino a la indagaci\u00f3n - 2026\" \/>\n<meta property=\"og:description\" content=\"Fomentando la curiosidad, abrimos el camino a la indagaci\u00f3n Creado por: Andrea Garc\u00e9s &#8211; Katherine Torres. Uno de los atributos que promovemos en nuestros estudiantes para [\u2026]\" \/>\n<meta property=\"og:url\" content=\"https:\/\/ds-barranquilla.org\/de\/fomentando-la-curiosidad-abrimos-el-camino-a-la-indagacion\/\" \/>\n<meta property=\"og:site_name\" content=\"Colegio Alem\u00e1n - Los Mejores Colegios de Colombia - Colegio Triling\u00fce\" \/>\n<meta property=\"article:publisher\" content=\"https:\/\/www.facebook.com\/ColegioAlemanBaq\/\" \/>\n<meta property=\"article:published_time\" content=\"2021-02-19T19:09:17+00:00\" \/>\n<meta property=\"article:modified_time\" content=\"2023-01-03T20:36:38+00:00\" \/>\n<meta property=\"og:image\" content=\"https:\/\/ds-barranquilla.org\/wp-content\/uploads\/2021\/03\/Baumhaus.jpg\" \/>\n\t<meta property=\"og:image:width\" content=\"626\" \/>\n\t<meta property=\"og:image:height\" content=\"417\" \/>\n\t<meta property=\"og:image:type\" content=\"image\/jpeg\" \/>\n<meta name=\"author\" content=\"Comunicaciones Comunicaciones\" \/>\n<meta name=\"twitter:card\" content=\"summary_large_image\" \/>\n<meta name=\"twitter:creator\" content=\"@ColegioAlemanBq\" \/>\n<meta name=\"twitter:site\" content=\"@ColegioAlemanBq\" \/>\n<meta name=\"twitter:label1\" content=\"Verfasst von\" \/>\n\t<meta name=\"twitter:data1\" content=\"Comunicaciones Comunicaciones\" \/>\n\t<meta name=\"twitter:label2\" content=\"Gesch\u00e4tzte Lesezeit\" \/>\n\t<meta name=\"twitter:data2\" content=\"4\u00a0Minuten\" \/>\n<script type=\"application\/ld+json\" class=\"yoast-schema-graph\">{\"@context\":\"https:\/\/schema.org\",\"@graph\":[{\"@type\":\"Article\",\"@id\":\"https:\/\/ds-barranquilla.org\/fomentando-la-curiosidad-abrimos-el-camino-a-la-indagacion\/#article\",\"isPartOf\":{\"@id\":\"https:\/\/ds-barranquilla.org\/fomentando-la-curiosidad-abrimos-el-camino-a-la-indagacion\/\"},\"author\":{\"name\":\"Comunicaciones Comunicaciones\",\"@id\":\"https:\/\/ds-barranquilla.org\/#\/schema\/person\/7bf8790ba89d3480e0551241ccdc8d36\"},\"headline\":\"Fomentando la curiosidad, abrimos el camino a la indagaci\u00f3n\",\"datePublished\":\"2021-02-19T19:09:17+00:00\",\"dateModified\":\"2023-01-03T20:36:38+00:00\",\"mainEntityOfPage\":{\"@id\":\"https:\/\/ds-barranquilla.org\/fomentando-la-curiosidad-abrimos-el-camino-a-la-indagacion\/\"},\"wordCount\":841,\"commentCount\":0,\"publisher\":{\"@id\":\"https:\/\/ds-barranquilla.org\/#organization\"},\"image\":{\"@id\":\"https:\/\/ds-barranquilla.org\/fomentando-la-curiosidad-abrimos-el-camino-a-la-indagacion\/#primaryimage\"},\"thumbnailUrl\":\"https:\/\/ds-barranquilla.org\/wp-content\/uploads\/2021\/03\/Baumhaus.jpg\",\"articleSection\":[\"2021\",\"Bachillerato Internacional\"],\"inLanguage\":\"de\",\"potentialAction\":[{\"@type\":\"CommentAction\",\"name\":\"Comment\",\"target\":[\"https:\/\/ds-barranquilla.org\/fomentando-la-curiosidad-abrimos-el-camino-a-la-indagacion\/#respond\"]}]},{\"@type\":\"WebPage\",\"@id\":\"https:\/\/ds-barranquilla.org\/fomentando-la-curiosidad-abrimos-el-camino-a-la-indagacion\/\",\"url\":\"https:\/\/ds-barranquilla.org\/fomentando-la-curiosidad-abrimos-el-camino-a-la-indagacion\/\",\"name\":\"Fomentando la curiosidad, abrimos el camino a la indagaci\u00f3n - 2026\",\"isPartOf\":{\"@id\":\"https:\/\/ds-barranquilla.org\/#website\"},\"primaryImageOfPage\":{\"@id\":\"https:\/\/ds-barranquilla.org\/fomentando-la-curiosidad-abrimos-el-camino-a-la-indagacion\/#primaryimage\"},\"image\":{\"@id\":\"https:\/\/ds-barranquilla.org\/fomentando-la-curiosidad-abrimos-el-camino-a-la-indagacion\/#primaryimage\"},\"thumbnailUrl\":\"https:\/\/ds-barranquilla.org\/wp-content\/uploads\/2021\/03\/Baumhaus.jpg\",\"datePublished\":\"2021-02-19T19:09:17+00:00\",\"dateModified\":\"2023-01-03T20:36:38+00:00\",\"breadcrumb\":{\"@id\":\"https:\/\/ds-barranquilla.org\/fomentando-la-curiosidad-abrimos-el-camino-a-la-indagacion\/#breadcrumb\"},\"inLanguage\":\"de\",\"potentialAction\":[{\"@type\":\"ReadAction\",\"target\":[\"https:\/\/ds-barranquilla.org\/fomentando-la-curiosidad-abrimos-el-camino-a-la-indagacion\/\"]}]},{\"@type\":\"ImageObject\",\"inLanguage\":\"de\",\"@id\":\"https:\/\/ds-barranquilla.org\/fomentando-la-curiosidad-abrimos-el-camino-a-la-indagacion\/#primaryimage\",\"url\":\"https:\/\/ds-barranquilla.org\/wp-content\/uploads\/2021\/03\/Baumhaus.jpg\",\"contentUrl\":\"https:\/\/ds-barranquilla.org\/wp-content\/uploads\/2021\/03\/Baumhaus.jpg\",\"width\":626,\"height\":417},{\"@type\":\"BreadcrumbList\",\"@id\":\"https:\/\/ds-barranquilla.org\/fomentando-la-curiosidad-abrimos-el-camino-a-la-indagacion\/#breadcrumb\",\"itemListElement\":[{\"@type\":\"ListItem\",\"position\":1,\"name\":\"Portada\",\"item\":\"https:\/\/ds-barranquilla.org\/\"},{\"@type\":\"ListItem\",\"position\":2,\"name\":\"Fomentando la curiosidad, abrimos el camino a la indagaci\u00f3n\"}]},{\"@type\":\"WebSite\",\"@id\":\"https:\/\/ds-barranquilla.org\/#website\",\"url\":\"https:\/\/ds-barranquilla.org\/\",\"name\":\"Colegio Alem\u00e1n - Los Mejores Colegios de Colombia - Colegio Triling\u00fce\",\"description\":\"Colegio Alem\u00e1n  Barranquilla Colombia - Colegio Biling\u00fce - Triling\u00fce - El Mejor Colegio de Colombia\",\"publisher\":{\"@id\":\"https:\/\/ds-barranquilla.org\/#organization\"},\"potentialAction\":[{\"@type\":\"SearchAction\",\"target\":{\"@type\":\"EntryPoint\",\"urlTemplate\":\"https:\/\/ds-barranquilla.org\/?s={search_term_string}\"},\"query-input\":\"required name=search_term_string\"}],\"inLanguage\":\"de\"},{\"@type\":\"Organization\",\"@id\":\"https:\/\/ds-barranquilla.org\/#organization\",\"name\":\"Colegio Alem\u00e1n Barranquilla\",\"url\":\"https:\/\/ds-barranquilla.org\/\",\"logo\":{\"@type\":\"ImageObject\",\"inLanguage\":\"de\",\"@id\":\"https:\/\/ds-barranquilla.org\/#\/schema\/logo\/image\/\",\"url\":\"https:\/\/ds-barranquilla.org\/wp-content\/uploads\/2021\/05\/coleman_logo_2.png\",\"contentUrl\":\"https:\/\/ds-barranquilla.org\/wp-content\/uploads\/2021\/05\/coleman_logo_2.png\",\"width\":418,\"height\":307,\"caption\":\"Colegio Alem\u00e1n Barranquilla\"},\"image\":{\"@id\":\"https:\/\/ds-barranquilla.org\/#\/schema\/logo\/image\/\"},\"sameAs\":[\"https:\/\/www.facebook.com\/ColegioAlemanBaq\/\",\"https:\/\/x.com\/ColegioAlemanBq\",\"https:\/\/www.instagram.com\/colegioalemanbaq\/\",\"https:\/\/www.linkedin.com\/school\/deutsche-schule-barranquilla\/\",\"https:\/\/www.youtube.com\/channel\/UCOOGZQCVs6aYRqIWvSN5agQ\"]},{\"@type\":\"Person\",\"@id\":\"https:\/\/ds-barranquilla.org\/#\/schema\/person\/7bf8790ba89d3480e0551241ccdc8d36\",\"name\":\"Comunicaciones Comunicaciones\",\"image\":{\"@type\":\"ImageObject\",\"inLanguage\":\"de\",\"@id\":\"https:\/\/ds-barranquilla.org\/#\/schema\/person\/image\/\",\"url\":\"https:\/\/secure.gravatar.com\/avatar\/a66ba9484a4338d81d6bea750e595038?s=96&d=mm&r=g\",\"contentUrl\":\"https:\/\/secure.gravatar.com\/avatar\/a66ba9484a4338d81d6bea750e595038?s=96&d=mm&r=g\",\"caption\":\"Comunicaciones Comunicaciones\"}}]}<\/script>\n<!-- \/ Yoast SEO plugin. -->","yoast_head_json":{"title":"Fomentando la curiosidad, abrimos el camino a la indagaci\u00f3n - 2026","robots":{"index":"noindex","follow":"follow","max-snippet":"max-snippet:-1","max-image-preview":"max-image-preview:large","max-video-preview":"max-video-preview:-1"},"og_locale":"de_DE","og_type":"article","og_title":"Fomentando la curiosidad, abrimos el camino a la indagaci\u00f3n - 2026","og_description":"Fomentando la curiosidad, abrimos el camino a la indagaci\u00f3n Creado por: Andrea Garc\u00e9s &#8211; Katherine Torres. Uno de los atributos que promovemos en nuestros estudiantes para [\u2026]","og_url":"https:\/\/ds-barranquilla.org\/de\/fomentando-la-curiosidad-abrimos-el-camino-a-la-indagacion\/","og_site_name":"Colegio Alem\u00e1n - Los Mejores Colegios de Colombia - Colegio Triling\u00fce","article_publisher":"https:\/\/www.facebook.com\/ColegioAlemanBaq\/","article_published_time":"2021-02-19T19:09:17+00:00","article_modified_time":"2023-01-03T20:36:38+00:00","og_image":[{"width":626,"height":417,"url":"https:\/\/ds-barranquilla.org\/wp-content\/uploads\/2021\/03\/Baumhaus.jpg","type":"image\/jpeg"}],"author":"Comunicaciones Comunicaciones","twitter_card":"summary_large_image","twitter_creator":"@ColegioAlemanBq","twitter_site":"@ColegioAlemanBq","twitter_misc":{"Verfasst von":"Comunicaciones Comunicaciones","Gesch\u00e4tzte Lesezeit":"4\u00a0Minuten"},"schema":{"@context":"https:\/\/schema.org","@graph":[{"@type":"Article","@id":"https:\/\/ds-barranquilla.org\/fomentando-la-curiosidad-abrimos-el-camino-a-la-indagacion\/#article","isPartOf":{"@id":"https:\/\/ds-barranquilla.org\/fomentando-la-curiosidad-abrimos-el-camino-a-la-indagacion\/"},"author":{"name":"Comunicaciones Comunicaciones","@id":"https:\/\/ds-barranquilla.org\/#\/schema\/person\/7bf8790ba89d3480e0551241ccdc8d36"},"headline":"Fomentando la curiosidad, abrimos el camino a la indagaci\u00f3n","datePublished":"2021-02-19T19:09:17+00:00","dateModified":"2023-01-03T20:36:38+00:00","mainEntityOfPage":{"@id":"https:\/\/ds-barranquilla.org\/fomentando-la-curiosidad-abrimos-el-camino-a-la-indagacion\/"},"wordCount":841,"commentCount":0,"publisher":{"@id":"https:\/\/ds-barranquilla.org\/#organization"},"image":{"@id":"https:\/\/ds-barranquilla.org\/fomentando-la-curiosidad-abrimos-el-camino-a-la-indagacion\/#primaryimage"},"thumbnailUrl":"https:\/\/ds-barranquilla.org\/wp-content\/uploads\/2021\/03\/Baumhaus.jpg","articleSection":["2021","Bachillerato Internacional"],"inLanguage":"de","potentialAction":[{"@type":"CommentAction","name":"Comment","target":["https:\/\/ds-barranquilla.org\/fomentando-la-curiosidad-abrimos-el-camino-a-la-indagacion\/#respond"]}]},{"@type":"WebPage","@id":"https:\/\/ds-barranquilla.org\/fomentando-la-curiosidad-abrimos-el-camino-a-la-indagacion\/","url":"https:\/\/ds-barranquilla.org\/fomentando-la-curiosidad-abrimos-el-camino-a-la-indagacion\/","name":"Fomentando la curiosidad, abrimos el camino a la indagaci\u00f3n - 2026","isPartOf":{"@id":"https:\/\/ds-barranquilla.org\/#website"},"primaryImageOfPage":{"@id":"https:\/\/ds-barranquilla.org\/fomentando-la-curiosidad-abrimos-el-camino-a-la-indagacion\/#primaryimage"},"image":{"@id":"https:\/\/ds-barranquilla.org\/fomentando-la-curiosidad-abrimos-el-camino-a-la-indagacion\/#primaryimage"},"thumbnailUrl":"https:\/\/ds-barranquilla.org\/wp-content\/uploads\/2021\/03\/Baumhaus.jpg","datePublished":"2021-02-19T19:09:17+00:00","dateModified":"2023-01-03T20:36:38+00:00","breadcrumb":{"@id":"https:\/\/ds-barranquilla.org\/fomentando-la-curiosidad-abrimos-el-camino-a-la-indagacion\/#breadcrumb"},"inLanguage":"de","potentialAction":[{"@type":"ReadAction","target":["https:\/\/ds-barranquilla.org\/fomentando-la-curiosidad-abrimos-el-camino-a-la-indagacion\/"]}]},{"@type":"ImageObject","inLanguage":"de","@id":"https:\/\/ds-barranquilla.org\/fomentando-la-curiosidad-abrimos-el-camino-a-la-indagacion\/#primaryimage","url":"https:\/\/ds-barranquilla.org\/wp-content\/uploads\/2021\/03\/Baumhaus.jpg","contentUrl":"https:\/\/ds-barranquilla.org\/wp-content\/uploads\/2021\/03\/Baumhaus.jpg","width":626,"height":417},{"@type":"BreadcrumbList","@id":"https:\/\/ds-barranquilla.org\/fomentando-la-curiosidad-abrimos-el-camino-a-la-indagacion\/#breadcrumb","itemListElement":[{"@type":"ListItem","position":1,"name":"Portada","item":"https:\/\/ds-barranquilla.org\/"},{"@type":"ListItem","position":2,"name":"Fomentando la curiosidad, abrimos el camino a la indagaci\u00f3n"}]},{"@type":"WebSite","@id":"https:\/\/ds-barranquilla.org\/#website","url":"https:\/\/ds-barranquilla.org\/","name":"Colegio Alem\u00e1n - Los Mejores Colegios de Colombia - Colegio Triling\u00fce","description":"Colegio Alem\u00e1n  Barranquilla Colombia - Colegio Biling\u00fce - Triling\u00fce - El Mejor Colegio de Colombia","publisher":{"@id":"https:\/\/ds-barranquilla.org\/#organization"},"potentialAction":[{"@type":"SearchAction","target":{"@type":"EntryPoint","urlTemplate":"https:\/\/ds-barranquilla.org\/?s={search_term_string}"},"query-input":"required name=search_term_string"}],"inLanguage":"de"},{"@type":"Organization","@id":"https:\/\/ds-barranquilla.org\/#organization","name":"Colegio Alem\u00e1n Barranquilla","url":"https:\/\/ds-barranquilla.org\/","logo":{"@type":"ImageObject","inLanguage":"de","@id":"https:\/\/ds-barranquilla.org\/#\/schema\/logo\/image\/","url":"https:\/\/ds-barranquilla.org\/wp-content\/uploads\/2021\/05\/coleman_logo_2.png","contentUrl":"https:\/\/ds-barranquilla.org\/wp-content\/uploads\/2021\/05\/coleman_logo_2.png","width":418,"height":307,"caption":"Colegio Alem\u00e1n Barranquilla"},"image":{"@id":"https:\/\/ds-barranquilla.org\/#\/schema\/logo\/image\/"},"sameAs":["https:\/\/www.facebook.com\/ColegioAlemanBaq\/","https:\/\/x.com\/ColegioAlemanBq","https:\/\/www.instagram.com\/colegioalemanbaq\/","https:\/\/www.linkedin.com\/school\/deutsche-schule-barranquilla\/","https:\/\/www.youtube.com\/channel\/UCOOGZQCVs6aYRqIWvSN5agQ"]},{"@type":"Person","@id":"https:\/\/ds-barranquilla.org\/#\/schema\/person\/7bf8790ba89d3480e0551241ccdc8d36","name":"Comunicaciones Comunicaciones","image":{"@type":"ImageObject","inLanguage":"de","@id":"https:\/\/ds-barranquilla.org\/#\/schema\/person\/image\/","url":"https:\/\/secure.gravatar.com\/avatar\/a66ba9484a4338d81d6bea750e595038?s=96&d=mm&r=g","contentUrl":"https:\/\/secure.gravatar.com\/avatar\/a66ba9484a4338d81d6bea750e595038?s=96&d=mm&r=g","caption":"Comunicaciones Comunicaciones"}}]}},"_links":{"self":[{"href":"https:\/\/ds-barranquilla.org\/de\/wp-json\/wp\/v2\/posts\/6655"}],"collection":[{"href":"https:\/\/ds-barranquilla.org\/de\/wp-json\/wp\/v2\/posts"}],"about":[{"href":"https:\/\/ds-barranquilla.org\/de\/wp-json\/wp\/v2\/types\/post"}],"author":[{"embeddable":true,"href":"https:\/\/ds-barranquilla.org\/de\/wp-json\/wp\/v2\/users\/16"}],"replies":[{"embeddable":true,"href":"https:\/\/ds-barranquilla.org\/de\/wp-json\/wp\/v2\/comments?post=6655"}],"version-history":[{"count":2,"href":"https:\/\/ds-barranquilla.org\/de\/wp-json\/wp\/v2\/posts\/6655\/revisions"}],"predecessor-version":[{"id":6831,"href":"https:\/\/ds-barranquilla.org\/de\/wp-json\/wp\/v2\/posts\/6655\/revisions\/6831"}],"wp:featuredmedia":[{"embeddable":true,"href":"https:\/\/ds-barranquilla.org\/de\/wp-json\/wp\/v2\/media\/6656"}],"wp:attachment":[{"href":"https:\/\/ds-barranquilla.org\/de\/wp-json\/wp\/v2\/media?parent=6655"}],"wp:term":[{"taxonomy":"category","embeddable":true,"href":"https:\/\/ds-barranquilla.org\/de\/wp-json\/wp\/v2\/categories?post=6655"},{"taxonomy":"post_tag","embeddable":true,"href":"https:\/\/ds-barranquilla.org\/de\/wp-json\/wp\/v2\/tags?post=6655"}],"curies":[{"name":"wp","href":"https:\/\/api.w.org\/{rel}","templated":true}]}}