{"id":6661,"date":"2021-02-25T14:22:47","date_gmt":"2021-02-25T19:22:47","guid":{"rendered":"https:\/\/ds-barranquilla.org\/?p=6661"},"modified":"2023-01-03T15:31:56","modified_gmt":"2023-01-03T20:31:56","slug":"asesor-de-procesos-de-la-zfa-realizo-acompanamiento-virtual-a-nuestro-colegio","status":"publish","type":"post","link":"https:\/\/ds-barranquilla.org\/de\/asesor-de-procesos-de-la-zfa-realizo-acompanamiento-virtual-a-nuestro-colegio\/","title":{"rendered":"Asesor de Procesos de la ZfA realiz\u00f3 acompa\u00f1amiento virtual a nuestro colegio"},"content":{"rendered":"<h1>Asesor de Procesos de la ZfA realiz\u00f3 acompa\u00f1amiento virtual a nuestro colegio<\/h1>\n<p><span data-contrast=\"none\"><strong>Geschrieben von: Jos\u00e9 R\u00edos Mercado.<\/strong> En el marco del apoyo y acompa\u00f1amiento brindado por la <\/span><span data-contrast=\"none\">Oficina Central de Escuelas en el Extranjero,\u00a0<\/span><span data-contrast=\"none\">ZfA<\/span><span data-contrast=\"none\">,<\/span><span data-contrast=\"none\">\u00a0<\/span><span data-contrast=\"none\">(<\/span><span data-contrast=\"none\">Zentralstelle<\/span><span data-contrast=\"none\">\u00a0<\/span><span data-contrast=\"none\">f\u00fcr<\/span><span data-contrast=\"none\">\u00a0das\u00a0<\/span><span data-contrast=\"none\">Auslandsschulwesen<\/span><span data-contrast=\"none\">)\u00a0<\/span><span data-contrast=\"none\">a los colegios alemanes en el extranjero para su\u00a0<\/span><span data-contrast=\"auto\">desarrollo, nuestra instituci\u00f3n\u00a0<\/span><span data-contrast=\"auto\">fue<\/span><span data-contrast=\"auto\">\u00a0visitada\u00a0<\/span><span data-contrast=\"auto\">de manera virtual\u00a0<\/span><span data-contrast=\"none\">por\u00a0<\/span><span data-contrast=\"none\">das<\/span><span data-contrast=\"none\">\u00a0Asesor de Procesos,\u00a0<\/span><span data-contrast=\"none\">Daniel\u00a0<\/span><span data-contrast=\"none\">Bernsen<\/span><span data-contrast=\"none\">,\u00a0<\/span><span data-contrast=\"none\">quien es el encargado de orientar a\u00a0<\/span><span data-contrast=\"none\">nuestro<\/span><span data-contrast=\"none\">\u00a0personal acad\u00e9mico\u00a0<\/span><span data-contrast=\"none\">y administrativo\u00a0<\/span><span data-contrast=\"none\">para que\u00a0<\/span><span data-contrast=\"none\">el colegio<\/span><span data-contrast=\"none\">\u00a0<\/span><span data-contrast=\"none\">siga\u00a0<\/span><span data-contrast=\"none\">manteniendo altos est\u00e1ndares de calidad en sus procesos<\/span><span data-contrast=\"none\">\u00a0pedag\u00f3gicos<\/span><span data-contrast=\"none\">.<\/span><span data-contrast=\"none\">\u00a0<\/span><span data-contrast=\"none\">Para asegurar que todos los colegios alemanes<\/span><span data-contrast=\"none\">\u00a0se\u00a0<\/span><span data-contrast=\"none\">desarrollen uniformemente, la\u00a0<\/span><span data-contrast=\"none\">ZfA<\/span><span data-contrast=\"none\">\u00a0<\/span><span data-contrast=\"none\">les\u00a0<\/span><span data-contrast=\"none\">comparte un Marco de Orientaci\u00f3n que sirve como gu\u00eda para\u00a0<\/span><span data-contrast=\"none\">este proceso\u00a0<\/span><span data-contrast=\"none\">y que es la base para las visitas.<\/span><\/p>\n<p><span data-contrast=\"none\">\"<\/span><span data-contrast=\"none\">Considerando que el eje central de este Marco de Orientaci\u00f3n es la pedagog\u00eda,\u00a0<\/span><span data-contrast=\"none\">a estas reuniones\u00a0<\/span><span data-contrast=\"none\">asisten principalmente (pero no exclusivamente) miembros de los diferentes grupos\u202fpedag\u00f3gicos.<\/span><span data-contrast=\"none\">\u00a0<\/span><span data-contrast=\"none\">En los encuentros se habla principalmente de los procesos escolares establecidos y de los conceptos escolares correspondientes<\/span><span data-contrast=\"none\">;<\/span><span data-contrast=\"none\">\u00a0<\/span><span data-contrast=\"none\">t<\/span><span data-contrast=\"none\">ambi\u00e9n<\/span><span data-contrast=\"none\">\u00a0<\/span><span data-contrast=\"none\">se discuten\u00a0<\/span><span data-contrast=\"none\">abiertamente\u00a0<\/span><span data-contrast=\"none\">ideas para\u00a0<\/span><span data-contrast=\"none\">implementar\u00a0<\/span><span data-contrast=\"none\">en las diferentes \u00e1reas de<\/span><span data-contrast=\"none\">\u00a0la instituci\u00f3n<\/span><span data-contrast=\"none\">\u201d, expres\u00f3\u00a0<\/span><span data-contrast=\"none\">el Asistente Pedag\u00f3gico,\u00a0<\/span><span data-contrast=\"none\">Maximilian<\/span><span data-contrast=\"none\">\u00a0<\/span><span data-contrast=\"none\">Hutter<\/span><span data-contrast=\"none\">.<\/span><\/p>\n<p><span data-contrast=\"none\">El funcionario indic\u00f3\u00a0<\/span><span data-contrast=\"none\">que\u00a0<\/span><span data-contrast=\"none\">Daniel<\/span><span data-contrast=\"none\">\u00a0<\/span><span data-contrast=\"none\">Bernsen<\/span><span data-contrast=\"none\">\u00a0es nuevo en el\u00a0<\/span><span data-contrast=\"none\">cargo como A<\/span><span data-contrast=\"none\">sesor de\u00a0<\/span><span data-contrast=\"none\">P<\/span><span data-contrast=\"none\">rocesos<\/span><span data-contrast=\"none\">\u00a0y el objetivo de esta visita<\/span><span data-contrast=\"none\">\u00a0<\/span><span data-contrast=\"none\">era\u00a0<\/span><span data-contrast=\"none\">conocer\u00a0<\/span><span data-contrast=\"none\">la\u202fdin\u00e1mica\u202fde<\/span><span data-contrast=\"none\">\u00a0<\/span><span data-contrast=\"none\">nuestro colegio.<\/span><span data-contrast=\"none\">\u00a0<\/span><span data-contrast=\"none\">As\u00ed mismo<\/span><span data-contrast=\"none\">, precis\u00f3 que estos\u00a0<\/span><span data-contrast=\"none\">encuentros<\/span><span data-contrast=\"none\">\u00a0<\/span><span data-contrast=\"none\">con<\/span><span data-contrast=\"none\">\u00a0un experto<\/span><span data-contrast=\"none\">\u00a0externo<\/span><span data-contrast=\"none\">,<\/span><span data-contrast=\"none\">\u00a0en general son muy\u00a0<\/span><span data-contrast=\"none\">relevantes<\/span><span data-contrast=\"none\">\u00a0<\/span><span data-contrast=\"none\">porque\u00a0<\/span><span data-contrast=\"none\">adem\u00e1s de\u00a0<\/span><span data-contrast=\"none\">poder\u00a0<\/span><span data-contrast=\"none\">tener una retroalimentaci\u00f3n de nuestra labor\u00a0<\/span><span data-contrast=\"none\">pedag\u00f3gica<\/span><span data-contrast=\"none\">\u00a0y administrativa<\/span><span data-contrast=\"none\">,<\/span><span data-contrast=\"none\">\u00a0el \u00e1mbito de Comunicaci<\/span><span data-contrast=\"none\">ones y la Cultura y Lengua alemana,<\/span><span data-contrast=\"none\">\u00a0<\/span><span data-contrast=\"none\">representan\u00a0<\/span><span data-contrast=\"none\">un insumo importante\u00a0<\/span><span data-contrast=\"none\">para el\u00a0<\/span><span data-contrast=\"none\">futuro\u00a0<\/span><span data-contrast=\"none\">desarrollo escolar,\u00a0<\/span><span data-contrast=\"none\">aspecto evaluado peri\u00f3dicamente durante las inspecciones de\u00a0<\/span><span data-contrast=\"none\">la BLI<\/span><span data-contrast=\"none\">\u00a0(Bund-<\/span><span data-contrast=\"none\">L\u00e4nder<\/span><span data-contrast=\"none\">&#8211;<\/span><span data-contrast=\"none\">Inspektion<\/span><span data-contrast=\"none\">) 2.0<\/span><span data-contrast=\"none\">\u00a0para la recertificaci\u00f3n.<\/span><\/p>\n<p><span data-contrast=\"auto\">\u201cE<\/span><span data-contrast=\"auto\">ntre los aspectos\u00a0<\/span><span data-contrast=\"auto\">de nuestra instituci\u00f3n\u00a0<\/span><span data-contrast=\"auto\">destacados por el\u00a0<\/span><span data-contrast=\"auto\">Asesor de Procesos estuvo la\u00a0<\/span><span data-contrast=\"auto\">g<\/span><span data-contrast=\"auto\">ran organizaci\u00f3n de los diferentes procesos que hace<\/span><span data-contrast=\"auto\">n<\/span><span data-contrast=\"auto\">\u00a0parte\u00a0<\/span><span data-contrast=\"auto\">del\u00a0<\/span><span data-contrast=\"auto\">Steuergruppe setzt sich<\/span><span data-contrast=\"auto\">\u00a0(iniciativa que trabaja actualmente en tres \u00e1mbitos de nuestro colegio: comunicaciones, cultura y lengua alemana, y pedag\u00f3gico, en procura de la excelencia\u00a0<\/span><span data-contrast=\"auto\">pedag\u00f3gica<\/span><span data-contrast=\"auto\">\u00a0y que est\u00e1 enmarcada en indicadores de calidad definidos por el Gobierno alem\u00e1n)<\/span><span data-contrast=\"auto\">, l<\/span><span data-contrast=\"auto\">o<\/span><span data-contrast=\"auto\">\u00a0cual da muestra de un trabajo bastante estructurado<\/span><span data-contrast=\"auto\">, especialmente en un momento como el actual por causa de la pandemia<\/span><span data-contrast=\"auto\">\u201d,<\/span><span data-contrast=\"none\">\u00a0<\/span><span data-contrast=\"none\">manifest\u00f3\u00a0<\/span><span data-contrast=\"auto\">la Coordinadora del proceso de Gesti\u00f3n de Calidad Pedag\u00f3gica (PQM), M\u00f3nica P\u00e1ez<\/span><span data-contrast=\"auto\">.<\/span><\/p>\n<p><span data-contrast=\"auto\">La funcionaria se\u00f1al\u00f3 que para la instituci\u00f3n ha sido un placer contar con la orientaci\u00f3n de Daniel\u00a0<\/span><span data-contrast=\"auto\">Bernsen<\/span><span data-contrast=\"auto\">, una persona con mucha experiencia para acompa\u00f1ar el proceso de Calidad Pedag\u00f3gica de nuestro colegio, especialmente en esta etapa de transici\u00f3n en la que la instituci\u00f3n se prepara nuevamente para obtener el sello de calidad como Colegio Alem\u00e1n de excelencia en el extranjero por parte de la\u00a0<\/span><span data-contrast=\"auto\">ZfA<\/span><span data-contrast=\"auto\">.<\/span><\/p>","protected":false},"excerpt":{"rendered":"<p>Asesor de Procesos de la ZfA realiz\u00f3 acompa\u00f1amiento virtual a nuestro colegio Creado por: Jos\u00e9 R\u00edos Mercado. En el marco del apoyo y acompa\u00f1amiento brindado por<span class=\"excerpt-hellip\"> [\u2026]<\/span><\/p>","protected":false},"author":16,"featured_media":6662,"comment_status":"open","ping_status":"open","sticky":false,"template":"","format":"standard","meta":{"_exactmetrics_skip_tracking":false,"_exactmetrics_sitenote_active":false,"_exactmetrics_sitenote_note":"","_exactmetrics_sitenote_category":0,"_joinchat":[],"footnotes":""},"categories":[681,682,674,704,707],"tags":[],"class_list":["post-6661","post","type-post","status-publish","format-standard","has-post-thumbnail","hentry","category-681","category-acreditaciones-y-calidad","category-lengua-y-cultura-alemana","category-oficina-de-relaciones-internacionales","category-otras-noticias"],"yoast_head":"<!-- This site is optimized with the Yoast SEO plugin v23.3 - https:\/\/yoast.com\/wordpress\/plugins\/seo\/ -->\n<title>Asesor de Procesos de la ZfA realiz\u00f3 acompa\u00f1amiento virtual a nuestro colegio - 2026<\/title>\n<meta name=\"robots\" content=\"noindex, follow, max-snippet:-1, max-image-preview:large, max-video-preview:-1\" \/>\n<meta property=\"og:locale\" content=\"de_DE\" \/>\n<meta property=\"og:type\" content=\"article\" \/>\n<meta property=\"og:title\" content=\"Asesor de Procesos de la ZfA realiz\u00f3 acompa\u00f1amiento virtual a nuestro colegio - 2026\" \/>\n<meta property=\"og:description\" content=\"Asesor de Procesos de la ZfA realiz\u00f3 acompa\u00f1amiento virtual a nuestro colegio Creado por: Jos\u00e9 R\u00edos Mercado. En el marco del apoyo y acompa\u00f1amiento brindado por [\u2026]\" \/>\n<meta property=\"og:url\" content=\"https:\/\/ds-barranquilla.org\/de\/asesor-de-procesos-de-la-zfa-realizo-acompanamiento-virtual-a-nuestro-colegio\/\" \/>\n<meta property=\"og:site_name\" content=\"Colegio Alem\u00e1n - Los Mejores Colegios de Colombia - Colegio Triling\u00fce\" \/>\n<meta property=\"article:publisher\" content=\"https:\/\/www.facebook.com\/ColegioAlemanBaq\/\" \/>\n<meta property=\"article:published_time\" content=\"2021-02-25T19:22:47+00:00\" \/>\n<meta property=\"article:modified_time\" content=\"2023-01-03T20:31:56+00:00\" \/>\n<meta property=\"og:image\" content=\"https:\/\/ds-barranquilla.org\/wp-content\/uploads\/2021\/03\/ZfA.jpg\" \/>\n\t<meta property=\"og:image:width\" content=\"1345\" \/>\n\t<meta property=\"og:image:height\" content=\"629\" \/>\n\t<meta property=\"og:image:type\" content=\"image\/jpeg\" \/>\n<meta name=\"author\" content=\"Comunicaciones Comunicaciones\" \/>\n<meta name=\"twitter:card\" content=\"summary_large_image\" \/>\n<meta name=\"twitter:creator\" content=\"@ColegioAlemanBq\" \/>\n<meta name=\"twitter:site\" content=\"@ColegioAlemanBq\" \/>\n<meta name=\"twitter:label1\" content=\"Verfasst von\" \/>\n\t<meta name=\"twitter:data1\" content=\"Comunicaciones Comunicaciones\" \/>\n\t<meta name=\"twitter:label2\" content=\"Gesch\u00e4tzte Lesezeit\" \/>\n\t<meta name=\"twitter:data2\" content=\"2\u00a0Minuten\" \/>\n<script type=\"application\/ld+json\" class=\"yoast-schema-graph\">{\"@context\":\"https:\/\/schema.org\",\"@graph\":[{\"@type\":\"Article\",\"@id\":\"https:\/\/ds-barranquilla.org\/asesor-de-procesos-de-la-zfa-realizo-acompanamiento-virtual-a-nuestro-colegio\/#article\",\"isPartOf\":{\"@id\":\"https:\/\/ds-barranquilla.org\/asesor-de-procesos-de-la-zfa-realizo-acompanamiento-virtual-a-nuestro-colegio\/\"},\"author\":{\"name\":\"Comunicaciones Comunicaciones\",\"@id\":\"https:\/\/ds-barranquilla.org\/#\/schema\/person\/7bf8790ba89d3480e0551241ccdc8d36\"},\"headline\":\"Asesor de Procesos de la ZfA realiz\u00f3 acompa\u00f1amiento virtual a nuestro colegio\",\"datePublished\":\"2021-02-25T19:22:47+00:00\",\"dateModified\":\"2023-01-03T20:31:56+00:00\",\"mainEntityOfPage\":{\"@id\":\"https:\/\/ds-barranquilla.org\/asesor-de-procesos-de-la-zfa-realizo-acompanamiento-virtual-a-nuestro-colegio\/\"},\"wordCount\":499,\"commentCount\":0,\"publisher\":{\"@id\":\"https:\/\/ds-barranquilla.org\/#organization\"},\"image\":{\"@id\":\"https:\/\/ds-barranquilla.org\/asesor-de-procesos-de-la-zfa-realizo-acompanamiento-virtual-a-nuestro-colegio\/#primaryimage\"},\"thumbnailUrl\":\"https:\/\/ds-barranquilla.org\/wp-content\/uploads\/2021\/03\/ZfA.jpg\",\"articleSection\":[\"2021\",\"Acreditaciones y Calidad\",\"Lengua y Cultura Alemana\",\"Oficina de Relaciones Internacionales\",\"Otras noticias\"],\"inLanguage\":\"de\",\"potentialAction\":[{\"@type\":\"CommentAction\",\"name\":\"Comment\",\"target\":[\"https:\/\/ds-barranquilla.org\/asesor-de-procesos-de-la-zfa-realizo-acompanamiento-virtual-a-nuestro-colegio\/#respond\"]}]},{\"@type\":\"WebPage\",\"@id\":\"https:\/\/ds-barranquilla.org\/asesor-de-procesos-de-la-zfa-realizo-acompanamiento-virtual-a-nuestro-colegio\/\",\"url\":\"https:\/\/ds-barranquilla.org\/asesor-de-procesos-de-la-zfa-realizo-acompanamiento-virtual-a-nuestro-colegio\/\",\"name\":\"Asesor de Procesos de la ZfA realiz\u00f3 acompa\u00f1amiento virtual a nuestro colegio - 2026\",\"isPartOf\":{\"@id\":\"https:\/\/ds-barranquilla.org\/#website\"},\"primaryImageOfPage\":{\"@id\":\"https:\/\/ds-barranquilla.org\/asesor-de-procesos-de-la-zfa-realizo-acompanamiento-virtual-a-nuestro-colegio\/#primaryimage\"},\"image\":{\"@id\":\"https:\/\/ds-barranquilla.org\/asesor-de-procesos-de-la-zfa-realizo-acompanamiento-virtual-a-nuestro-colegio\/#primaryimage\"},\"thumbnailUrl\":\"https:\/\/ds-barranquilla.org\/wp-content\/uploads\/2021\/03\/ZfA.jpg\",\"datePublished\":\"2021-02-25T19:22:47+00:00\",\"dateModified\":\"2023-01-03T20:31:56+00:00\",\"breadcrumb\":{\"@id\":\"https:\/\/ds-barranquilla.org\/asesor-de-procesos-de-la-zfa-realizo-acompanamiento-virtual-a-nuestro-colegio\/#breadcrumb\"},\"inLanguage\":\"de\",\"potentialAction\":[{\"@type\":\"ReadAction\",\"target\":[\"https:\/\/ds-barranquilla.org\/asesor-de-procesos-de-la-zfa-realizo-acompanamiento-virtual-a-nuestro-colegio\/\"]}]},{\"@type\":\"ImageObject\",\"inLanguage\":\"de\",\"@id\":\"https:\/\/ds-barranquilla.org\/asesor-de-procesos-de-la-zfa-realizo-acompanamiento-virtual-a-nuestro-colegio\/#primaryimage\",\"url\":\"https:\/\/ds-barranquilla.org\/wp-content\/uploads\/2021\/03\/ZfA.jpg\",\"contentUrl\":\"https:\/\/ds-barranquilla.org\/wp-content\/uploads\/2021\/03\/ZfA.jpg\",\"width\":1345,\"height\":629},{\"@type\":\"BreadcrumbList\",\"@id\":\"https:\/\/ds-barranquilla.org\/asesor-de-procesos-de-la-zfa-realizo-acompanamiento-virtual-a-nuestro-colegio\/#breadcrumb\",\"itemListElement\":[{\"@type\":\"ListItem\",\"position\":1,\"name\":\"Portada\",\"item\":\"https:\/\/ds-barranquilla.org\/\"},{\"@type\":\"ListItem\",\"position\":2,\"name\":\"Asesor de Procesos de la ZfA realiz\u00f3 acompa\u00f1amiento virtual a nuestro colegio\"}]},{\"@type\":\"WebSite\",\"@id\":\"https:\/\/ds-barranquilla.org\/#website\",\"url\":\"https:\/\/ds-barranquilla.org\/\",\"name\":\"Colegio Alem\u00e1n - Los Mejores Colegios de Colombia - Colegio Triling\u00fce\",\"description\":\"Colegio Alem\u00e1n  Barranquilla Colombia - Colegio Biling\u00fce - Triling\u00fce - El Mejor Colegio de Colombia\",\"publisher\":{\"@id\":\"https:\/\/ds-barranquilla.org\/#organization\"},\"potentialAction\":[{\"@type\":\"SearchAction\",\"target\":{\"@type\":\"EntryPoint\",\"urlTemplate\":\"https:\/\/ds-barranquilla.org\/?s={search_term_string}\"},\"query-input\":\"required name=search_term_string\"}],\"inLanguage\":\"de\"},{\"@type\":\"Organization\",\"@id\":\"https:\/\/ds-barranquilla.org\/#organization\",\"name\":\"Colegio Alem\u00e1n Barranquilla\",\"url\":\"https:\/\/ds-barranquilla.org\/\",\"logo\":{\"@type\":\"ImageObject\",\"inLanguage\":\"de\",\"@id\":\"https:\/\/ds-barranquilla.org\/#\/schema\/logo\/image\/\",\"url\":\"https:\/\/ds-barranquilla.org\/wp-content\/uploads\/2021\/05\/coleman_logo_2.png\",\"contentUrl\":\"https:\/\/ds-barranquilla.org\/wp-content\/uploads\/2021\/05\/coleman_logo_2.png\",\"width\":418,\"height\":307,\"caption\":\"Colegio Alem\u00e1n Barranquilla\"},\"image\":{\"@id\":\"https:\/\/ds-barranquilla.org\/#\/schema\/logo\/image\/\"},\"sameAs\":[\"https:\/\/www.facebook.com\/ColegioAlemanBaq\/\",\"https:\/\/x.com\/ColegioAlemanBq\",\"https:\/\/www.instagram.com\/colegioalemanbaq\/\",\"https:\/\/www.linkedin.com\/school\/deutsche-schule-barranquilla\/\",\"https:\/\/www.youtube.com\/channel\/UCOOGZQCVs6aYRqIWvSN5agQ\"]},{\"@type\":\"Person\",\"@id\":\"https:\/\/ds-barranquilla.org\/#\/schema\/person\/7bf8790ba89d3480e0551241ccdc8d36\",\"name\":\"Comunicaciones Comunicaciones\",\"image\":{\"@type\":\"ImageObject\",\"inLanguage\":\"de\",\"@id\":\"https:\/\/ds-barranquilla.org\/#\/schema\/person\/image\/\",\"url\":\"https:\/\/secure.gravatar.com\/avatar\/a66ba9484a4338d81d6bea750e595038?s=96&d=mm&r=g\",\"contentUrl\":\"https:\/\/secure.gravatar.com\/avatar\/a66ba9484a4338d81d6bea750e595038?s=96&d=mm&r=g\",\"caption\":\"Comunicaciones Comunicaciones\"}}]}<\/script>\n<!-- \/ Yoast SEO plugin. -->","yoast_head_json":{"title":"Asesor de Procesos de la ZfA realiz\u00f3 acompa\u00f1amiento virtual a nuestro colegio - 2026","robots":{"index":"noindex","follow":"follow","max-snippet":"max-snippet:-1","max-image-preview":"max-image-preview:large","max-video-preview":"max-video-preview:-1"},"og_locale":"de_DE","og_type":"article","og_title":"Asesor de Procesos de la ZfA realiz\u00f3 acompa\u00f1amiento virtual a nuestro colegio - 2026","og_description":"Asesor de Procesos de la ZfA realiz\u00f3 acompa\u00f1amiento virtual a nuestro colegio Creado por: Jos\u00e9 R\u00edos Mercado. En el marco del apoyo y acompa\u00f1amiento brindado por [\u2026]","og_url":"https:\/\/ds-barranquilla.org\/de\/asesor-de-procesos-de-la-zfa-realizo-acompanamiento-virtual-a-nuestro-colegio\/","og_site_name":"Colegio Alem\u00e1n - Los Mejores Colegios de Colombia - Colegio Triling\u00fce","article_publisher":"https:\/\/www.facebook.com\/ColegioAlemanBaq\/","article_published_time":"2021-02-25T19:22:47+00:00","article_modified_time":"2023-01-03T20:31:56+00:00","og_image":[{"width":1345,"height":629,"url":"https:\/\/ds-barranquilla.org\/wp-content\/uploads\/2021\/03\/ZfA.jpg","type":"image\/jpeg"}],"author":"Comunicaciones Comunicaciones","twitter_card":"summary_large_image","twitter_creator":"@ColegioAlemanBq","twitter_site":"@ColegioAlemanBq","twitter_misc":{"Verfasst von":"Comunicaciones Comunicaciones","Gesch\u00e4tzte Lesezeit":"2\u00a0Minuten"},"schema":{"@context":"https:\/\/schema.org","@graph":[{"@type":"Article","@id":"https:\/\/ds-barranquilla.org\/asesor-de-procesos-de-la-zfa-realizo-acompanamiento-virtual-a-nuestro-colegio\/#article","isPartOf":{"@id":"https:\/\/ds-barranquilla.org\/asesor-de-procesos-de-la-zfa-realizo-acompanamiento-virtual-a-nuestro-colegio\/"},"author":{"name":"Comunicaciones Comunicaciones","@id":"https:\/\/ds-barranquilla.org\/#\/schema\/person\/7bf8790ba89d3480e0551241ccdc8d36"},"headline":"Asesor de Procesos de la ZfA realiz\u00f3 acompa\u00f1amiento virtual a nuestro colegio","datePublished":"2021-02-25T19:22:47+00:00","dateModified":"2023-01-03T20:31:56+00:00","mainEntityOfPage":{"@id":"https:\/\/ds-barranquilla.org\/asesor-de-procesos-de-la-zfa-realizo-acompanamiento-virtual-a-nuestro-colegio\/"},"wordCount":499,"commentCount":0,"publisher":{"@id":"https:\/\/ds-barranquilla.org\/#organization"},"image":{"@id":"https:\/\/ds-barranquilla.org\/asesor-de-procesos-de-la-zfa-realizo-acompanamiento-virtual-a-nuestro-colegio\/#primaryimage"},"thumbnailUrl":"https:\/\/ds-barranquilla.org\/wp-content\/uploads\/2021\/03\/ZfA.jpg","articleSection":["2021","Acreditaciones y Calidad","Lengua y Cultura Alemana","Oficina de Relaciones Internacionales","Otras noticias"],"inLanguage":"de","potentialAction":[{"@type":"CommentAction","name":"Comment","target":["https:\/\/ds-barranquilla.org\/asesor-de-procesos-de-la-zfa-realizo-acompanamiento-virtual-a-nuestro-colegio\/#respond"]}]},{"@type":"WebPage","@id":"https:\/\/ds-barranquilla.org\/asesor-de-procesos-de-la-zfa-realizo-acompanamiento-virtual-a-nuestro-colegio\/","url":"https:\/\/ds-barranquilla.org\/asesor-de-procesos-de-la-zfa-realizo-acompanamiento-virtual-a-nuestro-colegio\/","name":"Asesor de Procesos de la ZfA realiz\u00f3 acompa\u00f1amiento virtual a nuestro colegio - 2026","isPartOf":{"@id":"https:\/\/ds-barranquilla.org\/#website"},"primaryImageOfPage":{"@id":"https:\/\/ds-barranquilla.org\/asesor-de-procesos-de-la-zfa-realizo-acompanamiento-virtual-a-nuestro-colegio\/#primaryimage"},"image":{"@id":"https:\/\/ds-barranquilla.org\/asesor-de-procesos-de-la-zfa-realizo-acompanamiento-virtual-a-nuestro-colegio\/#primaryimage"},"thumbnailUrl":"https:\/\/ds-barranquilla.org\/wp-content\/uploads\/2021\/03\/ZfA.jpg","datePublished":"2021-02-25T19:22:47+00:00","dateModified":"2023-01-03T20:31:56+00:00","breadcrumb":{"@id":"https:\/\/ds-barranquilla.org\/asesor-de-procesos-de-la-zfa-realizo-acompanamiento-virtual-a-nuestro-colegio\/#breadcrumb"},"inLanguage":"de","potentialAction":[{"@type":"ReadAction","target":["https:\/\/ds-barranquilla.org\/asesor-de-procesos-de-la-zfa-realizo-acompanamiento-virtual-a-nuestro-colegio\/"]}]},{"@type":"ImageObject","inLanguage":"de","@id":"https:\/\/ds-barranquilla.org\/asesor-de-procesos-de-la-zfa-realizo-acompanamiento-virtual-a-nuestro-colegio\/#primaryimage","url":"https:\/\/ds-barranquilla.org\/wp-content\/uploads\/2021\/03\/ZfA.jpg","contentUrl":"https:\/\/ds-barranquilla.org\/wp-content\/uploads\/2021\/03\/ZfA.jpg","width":1345,"height":629},{"@type":"BreadcrumbList","@id":"https:\/\/ds-barranquilla.org\/asesor-de-procesos-de-la-zfa-realizo-acompanamiento-virtual-a-nuestro-colegio\/#breadcrumb","itemListElement":[{"@type":"ListItem","position":1,"name":"Portada","item":"https:\/\/ds-barranquilla.org\/"},{"@type":"ListItem","position":2,"name":"Asesor de Procesos de la ZfA realiz\u00f3 acompa\u00f1amiento virtual a nuestro colegio"}]},{"@type":"WebSite","@id":"https:\/\/ds-barranquilla.org\/#website","url":"https:\/\/ds-barranquilla.org\/","name":"Colegio Alem\u00e1n - Los Mejores Colegios de Colombia - Colegio Triling\u00fce","description":"Colegio Alem\u00e1n  Barranquilla Colombia - Colegio Biling\u00fce - Triling\u00fce - El Mejor Colegio de Colombia","publisher":{"@id":"https:\/\/ds-barranquilla.org\/#organization"},"potentialAction":[{"@type":"SearchAction","target":{"@type":"EntryPoint","urlTemplate":"https:\/\/ds-barranquilla.org\/?s={search_term_string}"},"query-input":"required name=search_term_string"}],"inLanguage":"de"},{"@type":"Organization","@id":"https:\/\/ds-barranquilla.org\/#organization","name":"Colegio Alem\u00e1n Barranquilla","url":"https:\/\/ds-barranquilla.org\/","logo":{"@type":"ImageObject","inLanguage":"de","@id":"https:\/\/ds-barranquilla.org\/#\/schema\/logo\/image\/","url":"https:\/\/ds-barranquilla.org\/wp-content\/uploads\/2021\/05\/coleman_logo_2.png","contentUrl":"https:\/\/ds-barranquilla.org\/wp-content\/uploads\/2021\/05\/coleman_logo_2.png","width":418,"height":307,"caption":"Colegio Alem\u00e1n Barranquilla"},"image":{"@id":"https:\/\/ds-barranquilla.org\/#\/schema\/logo\/image\/"},"sameAs":["https:\/\/www.facebook.com\/ColegioAlemanBaq\/","https:\/\/x.com\/ColegioAlemanBq","https:\/\/www.instagram.com\/colegioalemanbaq\/","https:\/\/www.linkedin.com\/school\/deutsche-schule-barranquilla\/","https:\/\/www.youtube.com\/channel\/UCOOGZQCVs6aYRqIWvSN5agQ"]},{"@type":"Person","@id":"https:\/\/ds-barranquilla.org\/#\/schema\/person\/7bf8790ba89d3480e0551241ccdc8d36","name":"Comunicaciones Comunicaciones","image":{"@type":"ImageObject","inLanguage":"de","@id":"https:\/\/ds-barranquilla.org\/#\/schema\/person\/image\/","url":"https:\/\/secure.gravatar.com\/avatar\/a66ba9484a4338d81d6bea750e595038?s=96&d=mm&r=g","contentUrl":"https:\/\/secure.gravatar.com\/avatar\/a66ba9484a4338d81d6bea750e595038?s=96&d=mm&r=g","caption":"Comunicaciones Comunicaciones"}}]}},"_links":{"self":[{"href":"https:\/\/ds-barranquilla.org\/de\/wp-json\/wp\/v2\/posts\/6661"}],"collection":[{"href":"https:\/\/ds-barranquilla.org\/de\/wp-json\/wp\/v2\/posts"}],"about":[{"href":"https:\/\/ds-barranquilla.org\/de\/wp-json\/wp\/v2\/types\/post"}],"author":[{"embeddable":true,"href":"https:\/\/ds-barranquilla.org\/de\/wp-json\/wp\/v2\/users\/16"}],"replies":[{"embeddable":true,"href":"https:\/\/ds-barranquilla.org\/de\/wp-json\/wp\/v2\/comments?post=6661"}],"version-history":[{"count":2,"href":"https:\/\/ds-barranquilla.org\/de\/wp-json\/wp\/v2\/posts\/6661\/revisions"}],"predecessor-version":[{"id":6833,"href":"https:\/\/ds-barranquilla.org\/de\/wp-json\/wp\/v2\/posts\/6661\/revisions\/6833"}],"wp:featuredmedia":[{"embeddable":true,"href":"https:\/\/ds-barranquilla.org\/de\/wp-json\/wp\/v2\/media\/6662"}],"wp:attachment":[{"href":"https:\/\/ds-barranquilla.org\/de\/wp-json\/wp\/v2\/media?parent=6661"}],"wp:term":[{"taxonomy":"category","embeddable":true,"href":"https:\/\/ds-barranquilla.org\/de\/wp-json\/wp\/v2\/categories?post=6661"},{"taxonomy":"post_tag","embeddable":true,"href":"https:\/\/ds-barranquilla.org\/de\/wp-json\/wp\/v2\/tags?post=6661"}],"curies":[{"name":"wp","href":"https:\/\/api.w.org\/{rel}","templated":true}]}}