{"id":6668,"date":"2021-03-02T14:36:36","date_gmt":"2021-03-02T19:36:36","guid":{"rendered":"https:\/\/ds-barranquilla.org\/?p=6668"},"modified":"2023-01-03T15:31:06","modified_gmt":"2023-01-03T20:31:06","slug":"todo-esta-listo-para-iniciar-con-el-proyecto-vyda-en-primaria","status":"publish","type":"post","link":"https:\/\/ds-barranquilla.org\/de\/todo-esta-listo-para-iniciar-con-el-proyecto-vyda-en-primaria\/","title":{"rendered":"Todo est\u00e1 listo para iniciar con el Proyecto Vyda en Primaria"},"content":{"rendered":"<h1>Todo est\u00e1 listo para iniciar con el Proyecto Vyda en Primaria<\/h1>\n<p><span data-contrast=\"auto\"><strong>Geschrieben von: Jos\u00e9 R\u00edos Mercado.<\/strong> Dada las condiciones de pandemia, <\/span><span data-contrast=\"auto\">el Proyecto\u00a0<\/span><span data-contrast=\"auto\">Vyda<\/span><span data-contrast=\"auto\">\u00a0(Valores y Desarrollo del Autoestima) en la Primaria se realizar\u00e1 de forma virtual. Para ello,\u00a0<\/span><span data-contrast=\"auto\">los encuentros liderados por los padres<\/span><span data-contrast=\"auto\">,<\/span><span data-contrast=\"auto\">\u00a0se\u00a0<\/span><span data-contrast=\"auto\">apoyar\u00e1n en videos\u00a0<\/span><span data-contrast=\"auto\">promocion<\/span><span data-contrast=\"auto\">ales que circular\u00e1n entre ellos para darles a conocer<\/span><span data-contrast=\"auto\">\u00a0<\/span><span data-contrast=\"auto\">su<\/span><span data-contrast=\"auto\">\u00a0experiencia de hacer parte de<\/span><span data-contrast=\"auto\">\u00a0esta iniciativa<\/span><span data-contrast=\"auto\">\u00a0<\/span><span data-contrast=\"auto\">que es una oportunidad para vincularse y ser parte activa en la formaci\u00f3n de sus hijos.<\/span><\/p>\n<p><span data-contrast=\"none\">\"<\/span><span data-contrast=\"none\">Los padres recib<\/span><span data-contrast=\"none\">ir\u00e1n<\/span><span data-contrast=\"none\">\u00a0acompa\u00f1amiento por parte de<\/span><span data-contrast=\"none\">s<\/span><span data-contrast=\"none\">\u00a0<\/span><span data-contrast=\"none\">\u00c1rea de Orientaci\u00f3n Psicoeducativa (OPE), Psicolog\u00eda escolar y el equipo directivo de la secci\u00f3n<\/span><span data-contrast=\"none\">\u00a0<\/span><span data-contrast=\"none\">para la planificaci\u00f3n y\u00a0<\/span><span data-contrast=\"none\">las\u00a0<\/span><span data-contrast=\"none\">estrategias a desarrollar en los encuentros en l\u00ednea.\u202f<\/span><span data-contrast=\"auto\">La no presencialidad<\/span><span data-contrast=\"auto\">\u00a0ha generado en los padres un deseo de asumir retos y mantener la ejecuci\u00f3n del\u00a0<\/span><span data-contrast=\"auto\">proyecto\u201d, expres\u00f3 la psic\u00f3loga\u00a0<\/span><span data-contrast=\"auto\">Dayanna<\/span><span data-contrast=\"auto\">\u00a0M\u00e1rquez.<\/span><\/p>\n<p><span data-contrast=\"auto\">La funcionaria indic\u00f3 que\u00a0<\/span><span data-contrast=\"auto\">Vyda<\/span><span data-contrast=\"auto\">\u00a0pretende el<\/span><span data-contrast=\"auto\">\u00a0desarrollo del individuo en relaci\u00f3n con sus propias capacidades y el entorno donde se desenvuelve<\/span><span data-contrast=\"auto\">. As\u00ed mismo, precis\u00f3 que\u00a0<\/span><span data-contrast=\"auto\">su base es el concepto de Autoestima, teniendo en cuenta que\u00a0<\/span><span data-contrast=\"auto\">\u00e9<\/span><span data-contrast=\"auto\">sta es la necesidad de m\u00e1s alto orden para la auto<\/span><span data-contrast=\"auto\">r<\/span><span data-contrast=\"auto\">realizaci\u00f3n\u00a0<\/span><span data-contrast=\"auto\">de<\/span><span data-contrast=\"auto\">\u00a0<\/span><span data-contrast=\"auto\">los\u00a0<\/span><span data-contrast=\"auto\">ni\u00f1os y adolescentes<\/span><span data-contrast=\"auto\">.<\/span><\/p>","protected":false},"excerpt":{"rendered":"<p>Todo est\u00e1 listo para iniciar con el Proyecto Vyda en Primaria Creado por: Jos\u00e9 R\u00edos Mercado. Dada las condiciones de pandemia, el Proyecto\u00a0Vyda\u00a0(Valores y Desarrollo del<span class=\"excerpt-hellip\"> [\u2026]<\/span><\/p>","protected":false},"author":16,"featured_media":6669,"comment_status":"open","ping_status":"open","sticky":false,"template":"","format":"standard","meta":{"_exactmetrics_skip_tracking":false,"_exactmetrics_sitenote_active":false,"_exactmetrics_sitenote_note":"","_exactmetrics_sitenote_category":0,"_joinchat":[],"footnotes":""},"categories":[681,696,705,676],"tags":[],"class_list":["post-6668","post","type-post","status-publish","format-standard","has-post-thumbnail","hentry","category-681","category-bienestar-estudiantil","category-orientacion-psicoeducativa","category-primaria"],"yoast_head":"<!-- This site is optimized with the Yoast SEO plugin v23.3 - https:\/\/yoast.com\/wordpress\/plugins\/seo\/ -->\n<title>Todo est\u00e1 listo para iniciar con el Proyecto Vyda en Primaria - 2026<\/title>\n<meta name=\"robots\" content=\"noindex, follow, max-snippet:-1, max-image-preview:large, max-video-preview:-1\" \/>\n<meta property=\"og:locale\" content=\"de_DE\" \/>\n<meta property=\"og:type\" content=\"article\" \/>\n<meta property=\"og:title\" content=\"Todo est\u00e1 listo para iniciar con el Proyecto Vyda en Primaria - 2026\" \/>\n<meta property=\"og:description\" content=\"Todo est\u00e1 listo para iniciar con el Proyecto Vyda en Primaria Creado por: Jos\u00e9 R\u00edos Mercado. Dada las condiciones de pandemia, el Proyecto\u00a0Vyda\u00a0(Valores y Desarrollo del [\u2026]\" \/>\n<meta property=\"og:url\" content=\"https:\/\/ds-barranquilla.org\/de\/todo-esta-listo-para-iniciar-con-el-proyecto-vyda-en-primaria\/\" \/>\n<meta property=\"og:site_name\" content=\"Colegio Alem\u00e1n - Los Mejores Colegios de Colombia - Colegio Triling\u00fce\" \/>\n<meta property=\"article:publisher\" content=\"https:\/\/www.facebook.com\/ColegioAlemanBaq\/\" \/>\n<meta property=\"article:published_time\" content=\"2021-03-02T19:36:36+00:00\" \/>\n<meta property=\"article:modified_time\" content=\"2023-01-03T20:31:06+00:00\" \/>\n<meta property=\"og:image\" content=\"https:\/\/ds-barranquilla.org\/wp-content\/uploads\/2021\/03\/Proyecto-Vyda-2-scaled.jpg\" \/>\n\t<meta property=\"og:image:width\" content=\"2560\" \/>\n\t<meta property=\"og:image:height\" content=\"1707\" \/>\n\t<meta property=\"og:image:type\" content=\"image\/jpeg\" \/>\n<meta name=\"author\" content=\"Comunicaciones Comunicaciones\" \/>\n<meta name=\"twitter:card\" content=\"summary_large_image\" \/>\n<meta name=\"twitter:creator\" content=\"@ColegioAlemanBq\" \/>\n<meta name=\"twitter:site\" content=\"@ColegioAlemanBq\" \/>\n<meta name=\"twitter:label1\" content=\"Verfasst von\" \/>\n\t<meta name=\"twitter:data1\" content=\"Comunicaciones Comunicaciones\" \/>\n\t<meta name=\"twitter:label2\" content=\"Gesch\u00e4tzte Lesezeit\" \/>\n\t<meta name=\"twitter:data2\" content=\"1\u00a0Minute\" \/>\n<script type=\"application\/ld+json\" class=\"yoast-schema-graph\">{\"@context\":\"https:\/\/schema.org\",\"@graph\":[{\"@type\":\"Article\",\"@id\":\"https:\/\/ds-barranquilla.org\/todo-esta-listo-para-iniciar-con-el-proyecto-vyda-en-primaria\/#article\",\"isPartOf\":{\"@id\":\"https:\/\/ds-barranquilla.org\/todo-esta-listo-para-iniciar-con-el-proyecto-vyda-en-primaria\/\"},\"author\":{\"name\":\"Comunicaciones Comunicaciones\",\"@id\":\"https:\/\/ds-barranquilla.org\/#\/schema\/person\/7bf8790ba89d3480e0551241ccdc8d36\"},\"headline\":\"Todo est\u00e1 listo para iniciar con el Proyecto Vyda en Primaria\",\"datePublished\":\"2021-03-02T19:36:36+00:00\",\"dateModified\":\"2023-01-03T20:31:06+00:00\",\"mainEntityOfPage\":{\"@id\":\"https:\/\/ds-barranquilla.org\/todo-esta-listo-para-iniciar-con-el-proyecto-vyda-en-primaria\/\"},\"wordCount\":227,\"commentCount\":0,\"publisher\":{\"@id\":\"https:\/\/ds-barranquilla.org\/#organization\"},\"image\":{\"@id\":\"https:\/\/ds-barranquilla.org\/todo-esta-listo-para-iniciar-con-el-proyecto-vyda-en-primaria\/#primaryimage\"},\"thumbnailUrl\":\"https:\/\/ds-barranquilla.org\/wp-content\/uploads\/2021\/03\/Proyecto-Vyda-2-scaled.jpg\",\"articleSection\":[\"2021\",\"Bienestar Estudiantil\",\"Orientaci\u00f3n Psicoeducativa\",\"Primaria\"],\"inLanguage\":\"de\",\"potentialAction\":[{\"@type\":\"CommentAction\",\"name\":\"Comment\",\"target\":[\"https:\/\/ds-barranquilla.org\/todo-esta-listo-para-iniciar-con-el-proyecto-vyda-en-primaria\/#respond\"]}]},{\"@type\":\"WebPage\",\"@id\":\"https:\/\/ds-barranquilla.org\/todo-esta-listo-para-iniciar-con-el-proyecto-vyda-en-primaria\/\",\"url\":\"https:\/\/ds-barranquilla.org\/todo-esta-listo-para-iniciar-con-el-proyecto-vyda-en-primaria\/\",\"name\":\"Todo est\u00e1 listo para iniciar con el Proyecto Vyda en Primaria - 2026\",\"isPartOf\":{\"@id\":\"https:\/\/ds-barranquilla.org\/#website\"},\"primaryImageOfPage\":{\"@id\":\"https:\/\/ds-barranquilla.org\/todo-esta-listo-para-iniciar-con-el-proyecto-vyda-en-primaria\/#primaryimage\"},\"image\":{\"@id\":\"https:\/\/ds-barranquilla.org\/todo-esta-listo-para-iniciar-con-el-proyecto-vyda-en-primaria\/#primaryimage\"},\"thumbnailUrl\":\"https:\/\/ds-barranquilla.org\/wp-content\/uploads\/2021\/03\/Proyecto-Vyda-2-scaled.jpg\",\"datePublished\":\"2021-03-02T19:36:36+00:00\",\"dateModified\":\"2023-01-03T20:31:06+00:00\",\"breadcrumb\":{\"@id\":\"https:\/\/ds-barranquilla.org\/todo-esta-listo-para-iniciar-con-el-proyecto-vyda-en-primaria\/#breadcrumb\"},\"inLanguage\":\"de\",\"potentialAction\":[{\"@type\":\"ReadAction\",\"target\":[\"https:\/\/ds-barranquilla.org\/todo-esta-listo-para-iniciar-con-el-proyecto-vyda-en-primaria\/\"]}]},{\"@type\":\"ImageObject\",\"inLanguage\":\"de\",\"@id\":\"https:\/\/ds-barranquilla.org\/todo-esta-listo-para-iniciar-con-el-proyecto-vyda-en-primaria\/#primaryimage\",\"url\":\"https:\/\/ds-barranquilla.org\/wp-content\/uploads\/2021\/03\/Proyecto-Vyda-2-scaled.jpg\",\"contentUrl\":\"https:\/\/ds-barranquilla.org\/wp-content\/uploads\/2021\/03\/Proyecto-Vyda-2-scaled.jpg\",\"width\":2560,\"height\":1707},{\"@type\":\"BreadcrumbList\",\"@id\":\"https:\/\/ds-barranquilla.org\/todo-esta-listo-para-iniciar-con-el-proyecto-vyda-en-primaria\/#breadcrumb\",\"itemListElement\":[{\"@type\":\"ListItem\",\"position\":1,\"name\":\"Portada\",\"item\":\"https:\/\/ds-barranquilla.org\/\"},{\"@type\":\"ListItem\",\"position\":2,\"name\":\"Todo est\u00e1 listo para iniciar con el Proyecto Vyda en Primaria\"}]},{\"@type\":\"WebSite\",\"@id\":\"https:\/\/ds-barranquilla.org\/#website\",\"url\":\"https:\/\/ds-barranquilla.org\/\",\"name\":\"Colegio Alem\u00e1n - Los Mejores Colegios de Colombia - Colegio Triling\u00fce\",\"description\":\"Colegio Alem\u00e1n  Barranquilla Colombia - Colegio Biling\u00fce - Triling\u00fce - El Mejor Colegio de Colombia\",\"publisher\":{\"@id\":\"https:\/\/ds-barranquilla.org\/#organization\"},\"potentialAction\":[{\"@type\":\"SearchAction\",\"target\":{\"@type\":\"EntryPoint\",\"urlTemplate\":\"https:\/\/ds-barranquilla.org\/?s={search_term_string}\"},\"query-input\":\"required name=search_term_string\"}],\"inLanguage\":\"de\"},{\"@type\":\"Organization\",\"@id\":\"https:\/\/ds-barranquilla.org\/#organization\",\"name\":\"Colegio Alem\u00e1n Barranquilla\",\"url\":\"https:\/\/ds-barranquilla.org\/\",\"logo\":{\"@type\":\"ImageObject\",\"inLanguage\":\"de\",\"@id\":\"https:\/\/ds-barranquilla.org\/#\/schema\/logo\/image\/\",\"url\":\"https:\/\/ds-barranquilla.org\/wp-content\/uploads\/2021\/05\/coleman_logo_2.png\",\"contentUrl\":\"https:\/\/ds-barranquilla.org\/wp-content\/uploads\/2021\/05\/coleman_logo_2.png\",\"width\":418,\"height\":307,\"caption\":\"Colegio Alem\u00e1n Barranquilla\"},\"image\":{\"@id\":\"https:\/\/ds-barranquilla.org\/#\/schema\/logo\/image\/\"},\"sameAs\":[\"https:\/\/www.facebook.com\/ColegioAlemanBaq\/\",\"https:\/\/x.com\/ColegioAlemanBq\",\"https:\/\/www.instagram.com\/colegioalemanbaq\/\",\"https:\/\/www.linkedin.com\/school\/deutsche-schule-barranquilla\/\",\"https:\/\/www.youtube.com\/channel\/UCOOGZQCVs6aYRqIWvSN5agQ\"]},{\"@type\":\"Person\",\"@id\":\"https:\/\/ds-barranquilla.org\/#\/schema\/person\/7bf8790ba89d3480e0551241ccdc8d36\",\"name\":\"Comunicaciones Comunicaciones\",\"image\":{\"@type\":\"ImageObject\",\"inLanguage\":\"de\",\"@id\":\"https:\/\/ds-barranquilla.org\/#\/schema\/person\/image\/\",\"url\":\"https:\/\/secure.gravatar.com\/avatar\/a66ba9484a4338d81d6bea750e595038?s=96&d=mm&r=g\",\"contentUrl\":\"https:\/\/secure.gravatar.com\/avatar\/a66ba9484a4338d81d6bea750e595038?s=96&d=mm&r=g\",\"caption\":\"Comunicaciones Comunicaciones\"}}]}<\/script>\n<!-- \/ Yoast SEO plugin. -->","yoast_head_json":{"title":"Todo est\u00e1 listo para iniciar con el Proyecto Vyda en Primaria - 2026","robots":{"index":"noindex","follow":"follow","max-snippet":"max-snippet:-1","max-image-preview":"max-image-preview:large","max-video-preview":"max-video-preview:-1"},"og_locale":"de_DE","og_type":"article","og_title":"Todo est\u00e1 listo para iniciar con el Proyecto Vyda en Primaria - 2026","og_description":"Todo est\u00e1 listo para iniciar con el Proyecto Vyda en Primaria Creado por: Jos\u00e9 R\u00edos Mercado. Dada las condiciones de pandemia, el Proyecto\u00a0Vyda\u00a0(Valores y Desarrollo del [\u2026]","og_url":"https:\/\/ds-barranquilla.org\/de\/todo-esta-listo-para-iniciar-con-el-proyecto-vyda-en-primaria\/","og_site_name":"Colegio Alem\u00e1n - Los Mejores Colegios de Colombia - Colegio Triling\u00fce","article_publisher":"https:\/\/www.facebook.com\/ColegioAlemanBaq\/","article_published_time":"2021-03-02T19:36:36+00:00","article_modified_time":"2023-01-03T20:31:06+00:00","og_image":[{"width":2560,"height":1707,"url":"https:\/\/ds-barranquilla.org\/wp-content\/uploads\/2021\/03\/Proyecto-Vyda-2-scaled.jpg","type":"image\/jpeg"}],"author":"Comunicaciones Comunicaciones","twitter_card":"summary_large_image","twitter_creator":"@ColegioAlemanBq","twitter_site":"@ColegioAlemanBq","twitter_misc":{"Verfasst von":"Comunicaciones Comunicaciones","Gesch\u00e4tzte Lesezeit":"1\u00a0Minute"},"schema":{"@context":"https:\/\/schema.org","@graph":[{"@type":"Article","@id":"https:\/\/ds-barranquilla.org\/todo-esta-listo-para-iniciar-con-el-proyecto-vyda-en-primaria\/#article","isPartOf":{"@id":"https:\/\/ds-barranquilla.org\/todo-esta-listo-para-iniciar-con-el-proyecto-vyda-en-primaria\/"},"author":{"name":"Comunicaciones Comunicaciones","@id":"https:\/\/ds-barranquilla.org\/#\/schema\/person\/7bf8790ba89d3480e0551241ccdc8d36"},"headline":"Todo est\u00e1 listo para iniciar con el Proyecto Vyda en Primaria","datePublished":"2021-03-02T19:36:36+00:00","dateModified":"2023-01-03T20:31:06+00:00","mainEntityOfPage":{"@id":"https:\/\/ds-barranquilla.org\/todo-esta-listo-para-iniciar-con-el-proyecto-vyda-en-primaria\/"},"wordCount":227,"commentCount":0,"publisher":{"@id":"https:\/\/ds-barranquilla.org\/#organization"},"image":{"@id":"https:\/\/ds-barranquilla.org\/todo-esta-listo-para-iniciar-con-el-proyecto-vyda-en-primaria\/#primaryimage"},"thumbnailUrl":"https:\/\/ds-barranquilla.org\/wp-content\/uploads\/2021\/03\/Proyecto-Vyda-2-scaled.jpg","articleSection":["2021","Bienestar Estudiantil","Orientaci\u00f3n Psicoeducativa","Primaria"],"inLanguage":"de","potentialAction":[{"@type":"CommentAction","name":"Comment","target":["https:\/\/ds-barranquilla.org\/todo-esta-listo-para-iniciar-con-el-proyecto-vyda-en-primaria\/#respond"]}]},{"@type":"WebPage","@id":"https:\/\/ds-barranquilla.org\/todo-esta-listo-para-iniciar-con-el-proyecto-vyda-en-primaria\/","url":"https:\/\/ds-barranquilla.org\/todo-esta-listo-para-iniciar-con-el-proyecto-vyda-en-primaria\/","name":"Todo est\u00e1 listo para iniciar con el Proyecto Vyda en Primaria - 2026","isPartOf":{"@id":"https:\/\/ds-barranquilla.org\/#website"},"primaryImageOfPage":{"@id":"https:\/\/ds-barranquilla.org\/todo-esta-listo-para-iniciar-con-el-proyecto-vyda-en-primaria\/#primaryimage"},"image":{"@id":"https:\/\/ds-barranquilla.org\/todo-esta-listo-para-iniciar-con-el-proyecto-vyda-en-primaria\/#primaryimage"},"thumbnailUrl":"https:\/\/ds-barranquilla.org\/wp-content\/uploads\/2021\/03\/Proyecto-Vyda-2-scaled.jpg","datePublished":"2021-03-02T19:36:36+00:00","dateModified":"2023-01-03T20:31:06+00:00","breadcrumb":{"@id":"https:\/\/ds-barranquilla.org\/todo-esta-listo-para-iniciar-con-el-proyecto-vyda-en-primaria\/#breadcrumb"},"inLanguage":"de","potentialAction":[{"@type":"ReadAction","target":["https:\/\/ds-barranquilla.org\/todo-esta-listo-para-iniciar-con-el-proyecto-vyda-en-primaria\/"]}]},{"@type":"ImageObject","inLanguage":"de","@id":"https:\/\/ds-barranquilla.org\/todo-esta-listo-para-iniciar-con-el-proyecto-vyda-en-primaria\/#primaryimage","url":"https:\/\/ds-barranquilla.org\/wp-content\/uploads\/2021\/03\/Proyecto-Vyda-2-scaled.jpg","contentUrl":"https:\/\/ds-barranquilla.org\/wp-content\/uploads\/2021\/03\/Proyecto-Vyda-2-scaled.jpg","width":2560,"height":1707},{"@type":"BreadcrumbList","@id":"https:\/\/ds-barranquilla.org\/todo-esta-listo-para-iniciar-con-el-proyecto-vyda-en-primaria\/#breadcrumb","itemListElement":[{"@type":"ListItem","position":1,"name":"Portada","item":"https:\/\/ds-barranquilla.org\/"},{"@type":"ListItem","position":2,"name":"Todo est\u00e1 listo para iniciar con el Proyecto Vyda en Primaria"}]},{"@type":"WebSite","@id":"https:\/\/ds-barranquilla.org\/#website","url":"https:\/\/ds-barranquilla.org\/","name":"Colegio Alem\u00e1n - Los Mejores Colegios de Colombia - Colegio Triling\u00fce","description":"Colegio Alem\u00e1n  Barranquilla Colombia - Colegio Biling\u00fce - Triling\u00fce - El Mejor Colegio de Colombia","publisher":{"@id":"https:\/\/ds-barranquilla.org\/#organization"},"potentialAction":[{"@type":"SearchAction","target":{"@type":"EntryPoint","urlTemplate":"https:\/\/ds-barranquilla.org\/?s={search_term_string}"},"query-input":"required name=search_term_string"}],"inLanguage":"de"},{"@type":"Organization","@id":"https:\/\/ds-barranquilla.org\/#organization","name":"Colegio Alem\u00e1n Barranquilla","url":"https:\/\/ds-barranquilla.org\/","logo":{"@type":"ImageObject","inLanguage":"de","@id":"https:\/\/ds-barranquilla.org\/#\/schema\/logo\/image\/","url":"https:\/\/ds-barranquilla.org\/wp-content\/uploads\/2021\/05\/coleman_logo_2.png","contentUrl":"https:\/\/ds-barranquilla.org\/wp-content\/uploads\/2021\/05\/coleman_logo_2.png","width":418,"height":307,"caption":"Colegio Alem\u00e1n Barranquilla"},"image":{"@id":"https:\/\/ds-barranquilla.org\/#\/schema\/logo\/image\/"},"sameAs":["https:\/\/www.facebook.com\/ColegioAlemanBaq\/","https:\/\/x.com\/ColegioAlemanBq","https:\/\/www.instagram.com\/colegioalemanbaq\/","https:\/\/www.linkedin.com\/school\/deutsche-schule-barranquilla\/","https:\/\/www.youtube.com\/channel\/UCOOGZQCVs6aYRqIWvSN5agQ"]},{"@type":"Person","@id":"https:\/\/ds-barranquilla.org\/#\/schema\/person\/7bf8790ba89d3480e0551241ccdc8d36","name":"Comunicaciones Comunicaciones","image":{"@type":"ImageObject","inLanguage":"de","@id":"https:\/\/ds-barranquilla.org\/#\/schema\/person\/image\/","url":"https:\/\/secure.gravatar.com\/avatar\/a66ba9484a4338d81d6bea750e595038?s=96&d=mm&r=g","contentUrl":"https:\/\/secure.gravatar.com\/avatar\/a66ba9484a4338d81d6bea750e595038?s=96&d=mm&r=g","caption":"Comunicaciones Comunicaciones"}}]}},"_links":{"self":[{"href":"https:\/\/ds-barranquilla.org\/de\/wp-json\/wp\/v2\/posts\/6668"}],"collection":[{"href":"https:\/\/ds-barranquilla.org\/de\/wp-json\/wp\/v2\/posts"}],"about":[{"href":"https:\/\/ds-barranquilla.org\/de\/wp-json\/wp\/v2\/types\/post"}],"author":[{"embeddable":true,"href":"https:\/\/ds-barranquilla.org\/de\/wp-json\/wp\/v2\/users\/16"}],"replies":[{"embeddable":true,"href":"https:\/\/ds-barranquilla.org\/de\/wp-json\/wp\/v2\/comments?post=6668"}],"version-history":[{"count":2,"href":"https:\/\/ds-barranquilla.org\/de\/wp-json\/wp\/v2\/posts\/6668\/revisions"}],"predecessor-version":[{"id":6835,"href":"https:\/\/ds-barranquilla.org\/de\/wp-json\/wp\/v2\/posts\/6668\/revisions\/6835"}],"wp:featuredmedia":[{"embeddable":true,"href":"https:\/\/ds-barranquilla.org\/de\/wp-json\/wp\/v2\/media\/6669"}],"wp:attachment":[{"href":"https:\/\/ds-barranquilla.org\/de\/wp-json\/wp\/v2\/media?parent=6668"}],"wp:term":[{"taxonomy":"category","embeddable":true,"href":"https:\/\/ds-barranquilla.org\/de\/wp-json\/wp\/v2\/categories?post=6668"},{"taxonomy":"post_tag","embeddable":true,"href":"https:\/\/ds-barranquilla.org\/de\/wp-json\/wp\/v2\/tags?post=6668"}],"curies":[{"name":"wp","href":"https:\/\/api.w.org\/{rel}","templated":true}]}}