{"id":6674,"date":"2021-03-03T14:57:50","date_gmt":"2021-03-03T19:57:50","guid":{"rendered":"https:\/\/ds-barranquilla.org\/?p=6674"},"modified":"2023-01-03T15:25:19","modified_gmt":"2023-01-03T20:25:19","slug":"las-operaciones-aereas-el-ambito-donde-martin-oeding-ha-construido-una-sobresaliente-trayectoria","status":"publish","type":"post","link":"https:\/\/ds-barranquilla.org\/de\/las-operaciones-aereas-el-ambito-donde-martin-oeding-ha-construido-una-sobresaliente-trayectoria\/","title":{"rendered":"Las operaciones a\u00e9reas: el \u00e1mbito donde Martin Oeding ha construido una sobresaliente trayectoria"},"content":{"rendered":"<h1>Las operaciones a\u00e9reas: el \u00e1mbito donde Martin Oeding ha construido una sobresaliente trayectoria<\/h1>\n<p><span data-contrast=\"auto\"><strong>Geschrieben von: Jos\u00e9 R\u00edos Mercado.<\/strong> La industria aeron\u00e1utica ha sido el sector en el que nuestro exalumno de la Promoci\u00f3n 1997, Martin <\/span><span data-contrast=\"auto\">Oeding<\/span><span data-contrast=\"auto\">, ha ejercido diferentes cargos<\/span><span data-contrast=\"auto\">\u00a0en el campo de la gesti\u00f3n de operaciones a\u00e9reas<\/span><span data-contrast=\"auto\">. American Airlines y\u00a0<\/span><span data-contrast=\"auto\">Emirates<\/span><span data-contrast=\"auto\">\u00a0Air<\/span><span data-contrast=\"auto\">lines<\/span><span data-contrast=\"auto\">\u00a0han sido las compa\u00f1\u00edas a\u00e9reas donde este administrador de empresas de Arden\u00a0<\/span><span data-contrast=\"auto\">University<\/span><span data-contrast=\"auto\">\u00a0(Gran Breta\u00f1a) con una formaci\u00f3n en Seguridad Aeron\u00e1utica,\u00a0<\/span><span data-contrast=\"auto\">ha forjado una sobresaliente trayectoria en\u00a0<\/span><span data-contrast=\"auto\">Colombia, Espa\u00f1a y Alemania<\/span><span data-contrast=\"auto\">.<\/span><\/p>\n<p><span data-contrast=\"auto\">\"<\/span><span data-contrast=\"auto\">Desde\u00a0<\/span><span data-contrast=\"auto\">muy peque\u00f1o<\/span><span data-contrast=\"auto\">\u00a0tuve contacto con\u00a0<\/span><span data-contrast=\"auto\">este\u00a0<\/span><span data-contrast=\"auto\">mundo<\/span><span data-contrast=\"auto\">, puesto que mi pap\u00e1<\/span><span data-contrast=\"auto\">\u00a0<\/span><span data-contrast=\"auto\">era un apasionado por\u00a0<\/span><span data-contrast=\"auto\">los aviones<\/span><span data-contrast=\"auto\">\u00a0y ten\u00eda en el apartamento<\/span><span data-contrast=\"auto\">\u00a0cualquier cantidad de<\/span><span data-contrast=\"auto\">\u00a0libros<\/span><span data-contrast=\"auto\">.\u00a0<\/span><span data-contrast=\"auto\">A m<\/span><span data-contrast=\"auto\">i hogar\u00a0<\/span><span data-contrast=\"auto\">llegaban<\/span><span data-contrast=\"auto\">\u00a0muchas personas dedicadas a la investigaci\u00f3n para preguntarle\u00a0<\/span><span data-contrast=\"auto\">sobre la\u00a0<\/span><span data-contrast=\"auto\">Scadta<\/span><span data-contrast=\"auto\">\u00a0y la historia de la aviaci\u00f3n en Colombia<\/span><span data-contrast=\"auto\">; todo esto fue definitivo para que yo l<\/span><span data-contrast=\"auto\">uego de\u00a0<\/span><span data-contrast=\"auto\">terminar el bachillerato<\/span><span data-contrast=\"auto\">,\u00a0<\/span><span data-contrast=\"auto\">decidiera enfocar mi vida\u00a0<\/span><span data-contrast=\"auto\">profesional<\/span><span data-contrast=\"auto\">\u00a0<\/span><span data-contrast=\"auto\">hacia este sector<\/span><span data-contrast=\"auto\">\u201d, expres\u00f3 el administrador de empresas.<\/span><\/p>\n<p><span data-contrast=\"auto\">Martin\u00a0<\/span><span data-contrast=\"auto\">Oeding<\/span><span data-contrast=\"auto\">\u00a0indic\u00f3 que su primera oportunidad laboral se la brind\u00f3 American Airlines en\u00a0<\/span><span data-contrast=\"auto\">el aeropuerto \u2018Ernesto Cortissoz\u2019. All\u00ed hizo parte del Departamento de Seguridad de la empresa y esta experiencia le permiti\u00f3 conocer en detalle todo lo que hay detr\u00e1s de una operaci\u00f3n aeroportuaria y que el pasajero\u00a0<\/span><span data-contrast=\"auto\">del com\u00fan\u00a0<\/span><span data-contrast=\"auto\">desconoce; de esta forma, \u00e9l pudo entender la pasi\u00f3n de su pap\u00e1 por la\u00a0<\/span><span data-contrast=\"auto\">historia de la\u00a0<\/span><span data-contrast=\"auto\">aviaci\u00f3n y\u00a0<\/span><span data-contrast=\"auto\">c\u00f3mo los pioneros pudieron\u00a0<\/span><span data-contrast=\"auto\">materializar e<\/span><span data-contrast=\"auto\">ste<\/span><span data-contrast=\"auto\"> sue\u00f1o.<\/span><\/p>\n<p><span data-contrast=\"auto\">\"<\/span><span data-contrast=\"none\">Despu\u00e9s de dos a\u00f1os<\/span><span data-contrast=\"none\">\u00a0de trabajo<\/span><span data-contrast=\"none\">,\u00a0<\/span><span data-contrast=\"none\">esta<\/span><span data-contrast=\"none\">\u00a0<\/span><span data-contrast=\"none\">compa\u00f1\u00eda\u00a0<\/span><span data-contrast=\"none\">suspendi\u00f3 su ruta\u00a0<\/span><span data-contrast=\"none\">Barranquilla-Miami<\/span><span data-contrast=\"none\"> y esto me motiv\u00f3 a viajar a Frankfurt <\/span><span data-contrast=\"none\">(<\/span><span data-contrast=\"none\">Alemania<\/span><span data-contrast=\"none\">)<\/span><span data-contrast=\"none\">\u00a0donde\u00a0<\/span><span data-contrast=\"none\">inici\u00e9 un nuevo\u00a0<\/span><span data-contrast=\"none\">ciclo con American Airlines como\u00a0<\/span><span data-contrast=\"none\">Agente de Servicio al Cliente<\/span><span data-contrast=\"none\">\u00a0y posteriormente,\u00a0<\/span><span data-contrast=\"none\">como Coordinador de Operacione<\/span><span data-contrast=\"none\">s<\/span><span data-contrast=\"none\">. Luego de\u00a0<\/span><span data-contrast=\"none\">6 a\u00f1os<\/span><span data-contrast=\"none\">\u00a0<\/span><span data-contrast=\"none\">fui\u00a0<\/span><span data-contrast=\"none\">trasladado a Barcelona (Espa\u00f1a) como <\/span><span data-contrast=\"none\">G<\/span><span data-contrast=\"none\">erente de\u00a0<\/span><span data-contrast=\"none\">O<\/span><span data-contrast=\"none\">peraciones y\u00a0<\/span><span data-contrast=\"none\">de\u00a0<\/span><span data-contrast=\"none\">S<\/span><span data-contrast=\"none\">ervicios al\u00a0<\/span><span data-contrast=\"none\">P<\/span><span data-contrast=\"none\">asajero<\/span><span data-contrast=\"none\">,\u00a0<\/span><span data-contrast=\"none\">posici\u00f3n<\/span><span data-contrast=\"none\">\u00a0que desempe\u00f1\u00e9 por\u00a0<\/span><span data-contrast=\"none\">4 a\u00f1os<\/span><span data-contrast=\"none\">\u201d<\/span><span data-contrast=\"none\">,\u00a0<\/span><span data-contrast=\"none\">manifest\u00f3 el administrador de empresas.<\/span><\/p>\n<p><span data-contrast=\"none\">La posibilidad de\u00a0<\/span><span data-contrast=\"none\">ser contratado por\u00a0<\/span><span data-contrast=\"none\">Emirates<\/span><span data-contrast=\"none\">\u00a0Airlines, una de las empresas a\u00e9reas m\u00e1s grandes del mundo<\/span><span data-contrast=\"none\">\u00a0y que se caracteriza por ser muy exigente al momento de reclutar<\/span><span data-contrast=\"none\">, ha representado para Martin\u00a0<\/span><span data-contrast=\"none\">Oeding<\/span><span data-contrast=\"none\">\u00a0uno de sus grandes logros<\/span><span data-contrast=\"none\">\u00a0profesionales<\/span><span data-contrast=\"none\">.<\/span><span data-contrast=\"none\">\u00a0<\/span><span data-contrast=\"none\">Actualmente, ejerce el cargo como Gerente de Servicios Aeroportuarios en Hamburgo (Alemania) para esta compa\u00f1\u00eda, en la que ya cumpli\u00f3\u00a0<\/span><span data-contrast=\"none\">10 a\u00f1os de vinculaci\u00f3n<\/span><span data-contrast=\"none\">.<\/span><\/p>\n<p><span data-contrast=\"auto\">P<\/span><span data-contrast=\"auto\">aralelamente<\/span><span data-contrast=\"auto\">,\u00a0<\/span><span data-contrast=\"auto\">este administrador de empresas\u00a0<\/span><span data-contrast=\"auto\">inici\u00f3\u00a0<\/span><span data-contrast=\"auto\">hace poco un emprendimiento llamado Oeding Imports, enfocado<\/span><span data-contrast=\"auto\">\u00a0wir <\/span><span data-contrast=\"auto\">la importaci\u00f3n y distribuci\u00f3n de productos latinoamericanos,\u00a0<\/span><span data-contrast=\"auto\">especialmente de queso coste\u00f1o,\u00a0<\/span><span data-contrast=\"auto\">en Alemania.<\/span><span data-contrast=\"auto\">\u00a0Con relaci\u00f3n a su etapa\u00a0<\/span><span data-contrast=\"auto\">como estudiante de nuestro colegio<\/span><span data-contrast=\"auto\">, asegura que nuestr<\/span><span data-contrast=\"auto\">a<\/span><span data-contrast=\"auto\">\u00a0<\/span><span data-contrast=\"auto\">instituci\u00f3n<\/span><span data-contrast=\"auto\">\u00a0<\/span><span data-contrast=\"auto\">dej<\/span><span data-contrast=\"auto\">\u00f3\u00a0<\/span><span data-contrast=\"auto\">una marca imborrable en\u00a0<\/span><span data-contrast=\"auto\">\u00e9l por la ense\u00f1anza recibida y por su formaci\u00f3n como ser humano integral; para \u00e9l\u00a0<\/span><span data-contrast=\"auto\">la gran\u00a0<\/span><span data-contrast=\"auto\">F<\/span><span data-contrast=\"auto\">amilia del Colegio Alem\u00e1n\u00a0<\/span><span data-contrast=\"auto\">siempre\u00a0<\/span><span data-contrast=\"auto\">ha estado presente\u00a0<\/span><span data-contrast=\"auto\">en su vida y siempre lo va a estar, puesto que sigue manteniendo contacto con muchos exalumnos<\/span><span data-contrast=\"auto\">,<\/span><span data-contrast=\"auto\">\u00a0a los que considera<\/span><span data-contrast=\"auto\">\u00a0<\/span><span data-contrast=\"auto\">sus<\/span><span data-contrast=\"auto\">\u00a0<\/span><span data-contrast=\"auto\">\"<\/span><span data-contrast=\"auto\">hermanos de vida<\/span><span data-contrast=\"auto\">\u201d<\/span><span data-contrast=\"auto\">.<\/span><\/p>","protected":false},"excerpt":{"rendered":"<p>Las operaciones a\u00e9reas: el \u00e1mbito donde Martin Oeding ha construido una sobresaliente trayectoria Creado por: Jos\u00e9 R\u00edos Mercado. La industria aeron\u00e1utica ha sido el sector en<span class=\"excerpt-hellip\"> [\u2026]<\/span><\/p>","protected":false},"author":16,"featured_media":6675,"comment_status":"open","ping_status":"open","sticky":false,"template":"","format":"standard","meta":{"_exactmetrics_skip_tracking":false,"_exactmetrics_sitenote_active":false,"_exactmetrics_sitenote_note":"","_exactmetrics_sitenote_category":0,"_joinchat":[],"footnotes":""},"categories":[681,684],"tags":[712],"class_list":["post-6674","post","type-post","status-publish","format-standard","has-post-thumbnail","hentry","category-681","category-alumni","tag-entrevista"],"yoast_head":"<!-- This site is optimized with the Yoast SEO plugin v23.3 - https:\/\/yoast.com\/wordpress\/plugins\/seo\/ -->\n<title>Las operaciones a\u00e9reas: el \u00e1mbito donde Martin Oeding ha construido una sobresaliente trayectoria - 2026<\/title>\n<meta name=\"robots\" content=\"noindex, follow, max-snippet:-1, max-image-preview:large, max-video-preview:-1\" \/>\n<meta property=\"og:locale\" content=\"de_DE\" \/>\n<meta property=\"og:type\" content=\"article\" \/>\n<meta property=\"og:title\" content=\"Las operaciones a\u00e9reas: el \u00e1mbito donde Martin Oeding ha construido una sobresaliente trayectoria - 2026\" \/>\n<meta property=\"og:description\" content=\"Las operaciones a\u00e9reas: el \u00e1mbito donde Martin Oeding ha construido una sobresaliente trayectoria Creado por: Jos\u00e9 R\u00edos Mercado. La industria aeron\u00e1utica ha sido el sector en [\u2026]\" \/>\n<meta property=\"og:url\" content=\"https:\/\/ds-barranquilla.org\/de\/las-operaciones-aereas-el-ambito-donde-martin-oeding-ha-construido-una-sobresaliente-trayectoria\/\" \/>\n<meta property=\"og:site_name\" content=\"Colegio Alem\u00e1n - Los Mejores Colegios de Colombia - Colegio Triling\u00fce\" \/>\n<meta property=\"article:publisher\" content=\"https:\/\/www.facebook.com\/ColegioAlemanBaq\/\" \/>\n<meta property=\"article:published_time\" content=\"2021-03-03T19:57:50+00:00\" \/>\n<meta property=\"article:modified_time\" content=\"2023-01-03T20:25:19+00:00\" \/>\n<meta property=\"og:image\" content=\"https:\/\/ds-barranquilla.org\/wp-content\/uploads\/2021\/03\/Martin-Oeding.jpeg\" \/>\n\t<meta property=\"og:image:width\" content=\"941\" \/>\n\t<meta property=\"og:image:height\" content=\"638\" \/>\n\t<meta property=\"og:image:type\" content=\"image\/jpeg\" \/>\n<meta name=\"author\" content=\"Comunicaciones Comunicaciones\" \/>\n<meta name=\"twitter:card\" content=\"summary_large_image\" \/>\n<meta name=\"twitter:creator\" content=\"@ColegioAlemanBq\" \/>\n<meta name=\"twitter:site\" content=\"@ColegioAlemanBq\" \/>\n<meta name=\"twitter:label1\" content=\"Verfasst von\" \/>\n\t<meta name=\"twitter:data1\" content=\"Comunicaciones Comunicaciones\" \/>\n\t<meta name=\"twitter:label2\" content=\"Gesch\u00e4tzte Lesezeit\" \/>\n\t<meta name=\"twitter:data2\" content=\"3\u00a0Minuten\" \/>\n<script type=\"application\/ld+json\" class=\"yoast-schema-graph\">{\"@context\":\"https:\/\/schema.org\",\"@graph\":[{\"@type\":\"Article\",\"@id\":\"https:\/\/ds-barranquilla.org\/las-operaciones-aereas-el-ambito-donde-martin-oeding-ha-construido-una-sobresaliente-trayectoria\/#article\",\"isPartOf\":{\"@id\":\"https:\/\/ds-barranquilla.org\/las-operaciones-aereas-el-ambito-donde-martin-oeding-ha-construido-una-sobresaliente-trayectoria\/\"},\"author\":{\"name\":\"Comunicaciones Comunicaciones\",\"@id\":\"https:\/\/ds-barranquilla.org\/#\/schema\/person\/7bf8790ba89d3480e0551241ccdc8d36\"},\"headline\":\"Las operaciones a\u00e9reas: el \u00e1mbito donde Martin Oeding ha construido una sobresaliente trayectoria\",\"datePublished\":\"2021-03-03T19:57:50+00:00\",\"dateModified\":\"2023-01-03T20:25:19+00:00\",\"mainEntityOfPage\":{\"@id\":\"https:\/\/ds-barranquilla.org\/las-operaciones-aereas-el-ambito-donde-martin-oeding-ha-construido-una-sobresaliente-trayectoria\/\"},\"wordCount\":533,\"commentCount\":0,\"publisher\":{\"@id\":\"https:\/\/ds-barranquilla.org\/#organization\"},\"image\":{\"@id\":\"https:\/\/ds-barranquilla.org\/las-operaciones-aereas-el-ambito-donde-martin-oeding-ha-construido-una-sobresaliente-trayectoria\/#primaryimage\"},\"thumbnailUrl\":\"https:\/\/ds-barranquilla.org\/wp-content\/uploads\/2021\/03\/Martin-Oeding.jpeg\",\"keywords\":[\"Entrevista\"],\"articleSection\":[\"2021\",\"Alumni\"],\"inLanguage\":\"de\",\"potentialAction\":[{\"@type\":\"CommentAction\",\"name\":\"Comment\",\"target\":[\"https:\/\/ds-barranquilla.org\/las-operaciones-aereas-el-ambito-donde-martin-oeding-ha-construido-una-sobresaliente-trayectoria\/#respond\"]}]},{\"@type\":\"WebPage\",\"@id\":\"https:\/\/ds-barranquilla.org\/las-operaciones-aereas-el-ambito-donde-martin-oeding-ha-construido-una-sobresaliente-trayectoria\/\",\"url\":\"https:\/\/ds-barranquilla.org\/las-operaciones-aereas-el-ambito-donde-martin-oeding-ha-construido-una-sobresaliente-trayectoria\/\",\"name\":\"Las operaciones a\u00e9reas: el \u00e1mbito donde Martin Oeding ha construido una sobresaliente trayectoria - 2026\",\"isPartOf\":{\"@id\":\"https:\/\/ds-barranquilla.org\/#website\"},\"primaryImageOfPage\":{\"@id\":\"https:\/\/ds-barranquilla.org\/las-operaciones-aereas-el-ambito-donde-martin-oeding-ha-construido-una-sobresaliente-trayectoria\/#primaryimage\"},\"image\":{\"@id\":\"https:\/\/ds-barranquilla.org\/las-operaciones-aereas-el-ambito-donde-martin-oeding-ha-construido-una-sobresaliente-trayectoria\/#primaryimage\"},\"thumbnailUrl\":\"https:\/\/ds-barranquilla.org\/wp-content\/uploads\/2021\/03\/Martin-Oeding.jpeg\",\"datePublished\":\"2021-03-03T19:57:50+00:00\",\"dateModified\":\"2023-01-03T20:25:19+00:00\",\"breadcrumb\":{\"@id\":\"https:\/\/ds-barranquilla.org\/las-operaciones-aereas-el-ambito-donde-martin-oeding-ha-construido-una-sobresaliente-trayectoria\/#breadcrumb\"},\"inLanguage\":\"de\",\"potentialAction\":[{\"@type\":\"ReadAction\",\"target\":[\"https:\/\/ds-barranquilla.org\/las-operaciones-aereas-el-ambito-donde-martin-oeding-ha-construido-una-sobresaliente-trayectoria\/\"]}]},{\"@type\":\"ImageObject\",\"inLanguage\":\"de\",\"@id\":\"https:\/\/ds-barranquilla.org\/las-operaciones-aereas-el-ambito-donde-martin-oeding-ha-construido-una-sobresaliente-trayectoria\/#primaryimage\",\"url\":\"https:\/\/ds-barranquilla.org\/wp-content\/uploads\/2021\/03\/Martin-Oeding.jpeg\",\"contentUrl\":\"https:\/\/ds-barranquilla.org\/wp-content\/uploads\/2021\/03\/Martin-Oeding.jpeg\",\"width\":941,\"height\":638},{\"@type\":\"BreadcrumbList\",\"@id\":\"https:\/\/ds-barranquilla.org\/las-operaciones-aereas-el-ambito-donde-martin-oeding-ha-construido-una-sobresaliente-trayectoria\/#breadcrumb\",\"itemListElement\":[{\"@type\":\"ListItem\",\"position\":1,\"name\":\"Portada\",\"item\":\"https:\/\/ds-barranquilla.org\/\"},{\"@type\":\"ListItem\",\"position\":2,\"name\":\"Las operaciones a\u00e9reas: el \u00e1mbito donde Martin Oeding ha construido una sobresaliente trayectoria\"}]},{\"@type\":\"WebSite\",\"@id\":\"https:\/\/ds-barranquilla.org\/#website\",\"url\":\"https:\/\/ds-barranquilla.org\/\",\"name\":\"Colegio Alem\u00e1n - Los Mejores Colegios de Colombia - Colegio Triling\u00fce\",\"description\":\"Colegio Alem\u00e1n  Barranquilla Colombia - Colegio Biling\u00fce - Triling\u00fce - El Mejor Colegio de Colombia\",\"publisher\":{\"@id\":\"https:\/\/ds-barranquilla.org\/#organization\"},\"potentialAction\":[{\"@type\":\"SearchAction\",\"target\":{\"@type\":\"EntryPoint\",\"urlTemplate\":\"https:\/\/ds-barranquilla.org\/?s={search_term_string}\"},\"query-input\":\"required name=search_term_string\"}],\"inLanguage\":\"de\"},{\"@type\":\"Organization\",\"@id\":\"https:\/\/ds-barranquilla.org\/#organization\",\"name\":\"Colegio Alem\u00e1n Barranquilla\",\"url\":\"https:\/\/ds-barranquilla.org\/\",\"logo\":{\"@type\":\"ImageObject\",\"inLanguage\":\"de\",\"@id\":\"https:\/\/ds-barranquilla.org\/#\/schema\/logo\/image\/\",\"url\":\"https:\/\/ds-barranquilla.org\/wp-content\/uploads\/2021\/05\/coleman_logo_2.png\",\"contentUrl\":\"https:\/\/ds-barranquilla.org\/wp-content\/uploads\/2021\/05\/coleman_logo_2.png\",\"width\":418,\"height\":307,\"caption\":\"Colegio Alem\u00e1n Barranquilla\"},\"image\":{\"@id\":\"https:\/\/ds-barranquilla.org\/#\/schema\/logo\/image\/\"},\"sameAs\":[\"https:\/\/www.facebook.com\/ColegioAlemanBaq\/\",\"https:\/\/x.com\/ColegioAlemanBq\",\"https:\/\/www.instagram.com\/colegioalemanbaq\/\",\"https:\/\/www.linkedin.com\/school\/deutsche-schule-barranquilla\/\",\"https:\/\/www.youtube.com\/channel\/UCOOGZQCVs6aYRqIWvSN5agQ\"]},{\"@type\":\"Person\",\"@id\":\"https:\/\/ds-barranquilla.org\/#\/schema\/person\/7bf8790ba89d3480e0551241ccdc8d36\",\"name\":\"Comunicaciones Comunicaciones\",\"image\":{\"@type\":\"ImageObject\",\"inLanguage\":\"de\",\"@id\":\"https:\/\/ds-barranquilla.org\/#\/schema\/person\/image\/\",\"url\":\"https:\/\/secure.gravatar.com\/avatar\/a66ba9484a4338d81d6bea750e595038?s=96&d=mm&r=g\",\"contentUrl\":\"https:\/\/secure.gravatar.com\/avatar\/a66ba9484a4338d81d6bea750e595038?s=96&d=mm&r=g\",\"caption\":\"Comunicaciones Comunicaciones\"}}]}<\/script>\n<!-- \/ Yoast SEO plugin. -->","yoast_head_json":{"title":"Las operaciones a\u00e9reas: el \u00e1mbito donde Martin Oeding ha construido una sobresaliente trayectoria - 2026","robots":{"index":"noindex","follow":"follow","max-snippet":"max-snippet:-1","max-image-preview":"max-image-preview:large","max-video-preview":"max-video-preview:-1"},"og_locale":"de_DE","og_type":"article","og_title":"Las operaciones a\u00e9reas: el \u00e1mbito donde Martin Oeding ha construido una sobresaliente trayectoria - 2026","og_description":"Las operaciones a\u00e9reas: el \u00e1mbito donde Martin Oeding ha construido una sobresaliente trayectoria Creado por: Jos\u00e9 R\u00edos Mercado. La industria aeron\u00e1utica ha sido el sector en [\u2026]","og_url":"https:\/\/ds-barranquilla.org\/de\/las-operaciones-aereas-el-ambito-donde-martin-oeding-ha-construido-una-sobresaliente-trayectoria\/","og_site_name":"Colegio Alem\u00e1n - Los Mejores Colegios de Colombia - Colegio Triling\u00fce","article_publisher":"https:\/\/www.facebook.com\/ColegioAlemanBaq\/","article_published_time":"2021-03-03T19:57:50+00:00","article_modified_time":"2023-01-03T20:25:19+00:00","og_image":[{"width":941,"height":638,"url":"https:\/\/ds-barranquilla.org\/wp-content\/uploads\/2021\/03\/Martin-Oeding.jpeg","type":"image\/jpeg"}],"author":"Comunicaciones Comunicaciones","twitter_card":"summary_large_image","twitter_creator":"@ColegioAlemanBq","twitter_site":"@ColegioAlemanBq","twitter_misc":{"Verfasst von":"Comunicaciones Comunicaciones","Gesch\u00e4tzte Lesezeit":"3\u00a0Minuten"},"schema":{"@context":"https:\/\/schema.org","@graph":[{"@type":"Article","@id":"https:\/\/ds-barranquilla.org\/las-operaciones-aereas-el-ambito-donde-martin-oeding-ha-construido-una-sobresaliente-trayectoria\/#article","isPartOf":{"@id":"https:\/\/ds-barranquilla.org\/las-operaciones-aereas-el-ambito-donde-martin-oeding-ha-construido-una-sobresaliente-trayectoria\/"},"author":{"name":"Comunicaciones Comunicaciones","@id":"https:\/\/ds-barranquilla.org\/#\/schema\/person\/7bf8790ba89d3480e0551241ccdc8d36"},"headline":"Las operaciones a\u00e9reas: el \u00e1mbito donde Martin Oeding ha construido una sobresaliente trayectoria","datePublished":"2021-03-03T19:57:50+00:00","dateModified":"2023-01-03T20:25:19+00:00","mainEntityOfPage":{"@id":"https:\/\/ds-barranquilla.org\/las-operaciones-aereas-el-ambito-donde-martin-oeding-ha-construido-una-sobresaliente-trayectoria\/"},"wordCount":533,"commentCount":0,"publisher":{"@id":"https:\/\/ds-barranquilla.org\/#organization"},"image":{"@id":"https:\/\/ds-barranquilla.org\/las-operaciones-aereas-el-ambito-donde-martin-oeding-ha-construido-una-sobresaliente-trayectoria\/#primaryimage"},"thumbnailUrl":"https:\/\/ds-barranquilla.org\/wp-content\/uploads\/2021\/03\/Martin-Oeding.jpeg","keywords":["Entrevista"],"articleSection":["2021","Alumni"],"inLanguage":"de","potentialAction":[{"@type":"CommentAction","name":"Comment","target":["https:\/\/ds-barranquilla.org\/las-operaciones-aereas-el-ambito-donde-martin-oeding-ha-construido-una-sobresaliente-trayectoria\/#respond"]}]},{"@type":"WebPage","@id":"https:\/\/ds-barranquilla.org\/las-operaciones-aereas-el-ambito-donde-martin-oeding-ha-construido-una-sobresaliente-trayectoria\/","url":"https:\/\/ds-barranquilla.org\/las-operaciones-aereas-el-ambito-donde-martin-oeding-ha-construido-una-sobresaliente-trayectoria\/","name":"Las operaciones a\u00e9reas: el \u00e1mbito donde Martin Oeding ha construido una sobresaliente trayectoria - 2026","isPartOf":{"@id":"https:\/\/ds-barranquilla.org\/#website"},"primaryImageOfPage":{"@id":"https:\/\/ds-barranquilla.org\/las-operaciones-aereas-el-ambito-donde-martin-oeding-ha-construido-una-sobresaliente-trayectoria\/#primaryimage"},"image":{"@id":"https:\/\/ds-barranquilla.org\/las-operaciones-aereas-el-ambito-donde-martin-oeding-ha-construido-una-sobresaliente-trayectoria\/#primaryimage"},"thumbnailUrl":"https:\/\/ds-barranquilla.org\/wp-content\/uploads\/2021\/03\/Martin-Oeding.jpeg","datePublished":"2021-03-03T19:57:50+00:00","dateModified":"2023-01-03T20:25:19+00:00","breadcrumb":{"@id":"https:\/\/ds-barranquilla.org\/las-operaciones-aereas-el-ambito-donde-martin-oeding-ha-construido-una-sobresaliente-trayectoria\/#breadcrumb"},"inLanguage":"de","potentialAction":[{"@type":"ReadAction","target":["https:\/\/ds-barranquilla.org\/las-operaciones-aereas-el-ambito-donde-martin-oeding-ha-construido-una-sobresaliente-trayectoria\/"]}]},{"@type":"ImageObject","inLanguage":"de","@id":"https:\/\/ds-barranquilla.org\/las-operaciones-aereas-el-ambito-donde-martin-oeding-ha-construido-una-sobresaliente-trayectoria\/#primaryimage","url":"https:\/\/ds-barranquilla.org\/wp-content\/uploads\/2021\/03\/Martin-Oeding.jpeg","contentUrl":"https:\/\/ds-barranquilla.org\/wp-content\/uploads\/2021\/03\/Martin-Oeding.jpeg","width":941,"height":638},{"@type":"BreadcrumbList","@id":"https:\/\/ds-barranquilla.org\/las-operaciones-aereas-el-ambito-donde-martin-oeding-ha-construido-una-sobresaliente-trayectoria\/#breadcrumb","itemListElement":[{"@type":"ListItem","position":1,"name":"Portada","item":"https:\/\/ds-barranquilla.org\/"},{"@type":"ListItem","position":2,"name":"Las operaciones a\u00e9reas: el \u00e1mbito donde Martin Oeding ha construido una sobresaliente trayectoria"}]},{"@type":"WebSite","@id":"https:\/\/ds-barranquilla.org\/#website","url":"https:\/\/ds-barranquilla.org\/","name":"Colegio Alem\u00e1n - Los Mejores Colegios de Colombia - Colegio Triling\u00fce","description":"Colegio Alem\u00e1n  Barranquilla Colombia - Colegio Biling\u00fce - Triling\u00fce - El Mejor Colegio de Colombia","publisher":{"@id":"https:\/\/ds-barranquilla.org\/#organization"},"potentialAction":[{"@type":"SearchAction","target":{"@type":"EntryPoint","urlTemplate":"https:\/\/ds-barranquilla.org\/?s={search_term_string}"},"query-input":"required name=search_term_string"}],"inLanguage":"de"},{"@type":"Organization","@id":"https:\/\/ds-barranquilla.org\/#organization","name":"Colegio Alem\u00e1n Barranquilla","url":"https:\/\/ds-barranquilla.org\/","logo":{"@type":"ImageObject","inLanguage":"de","@id":"https:\/\/ds-barranquilla.org\/#\/schema\/logo\/image\/","url":"https:\/\/ds-barranquilla.org\/wp-content\/uploads\/2021\/05\/coleman_logo_2.png","contentUrl":"https:\/\/ds-barranquilla.org\/wp-content\/uploads\/2021\/05\/coleman_logo_2.png","width":418,"height":307,"caption":"Colegio Alem\u00e1n Barranquilla"},"image":{"@id":"https:\/\/ds-barranquilla.org\/#\/schema\/logo\/image\/"},"sameAs":["https:\/\/www.facebook.com\/ColegioAlemanBaq\/","https:\/\/x.com\/ColegioAlemanBq","https:\/\/www.instagram.com\/colegioalemanbaq\/","https:\/\/www.linkedin.com\/school\/deutsche-schule-barranquilla\/","https:\/\/www.youtube.com\/channel\/UCOOGZQCVs6aYRqIWvSN5agQ"]},{"@type":"Person","@id":"https:\/\/ds-barranquilla.org\/#\/schema\/person\/7bf8790ba89d3480e0551241ccdc8d36","name":"Comunicaciones Comunicaciones","image":{"@type":"ImageObject","inLanguage":"de","@id":"https:\/\/ds-barranquilla.org\/#\/schema\/person\/image\/","url":"https:\/\/secure.gravatar.com\/avatar\/a66ba9484a4338d81d6bea750e595038?s=96&d=mm&r=g","contentUrl":"https:\/\/secure.gravatar.com\/avatar\/a66ba9484a4338d81d6bea750e595038?s=96&d=mm&r=g","caption":"Comunicaciones Comunicaciones"}}]}},"_links":{"self":[{"href":"https:\/\/ds-barranquilla.org\/de\/wp-json\/wp\/v2\/posts\/6674"}],"collection":[{"href":"https:\/\/ds-barranquilla.org\/de\/wp-json\/wp\/v2\/posts"}],"about":[{"href":"https:\/\/ds-barranquilla.org\/de\/wp-json\/wp\/v2\/types\/post"}],"author":[{"embeddable":true,"href":"https:\/\/ds-barranquilla.org\/de\/wp-json\/wp\/v2\/users\/16"}],"replies":[{"embeddable":true,"href":"https:\/\/ds-barranquilla.org\/de\/wp-json\/wp\/v2\/comments?post=6674"}],"version-history":[{"count":2,"href":"https:\/\/ds-barranquilla.org\/de\/wp-json\/wp\/v2\/posts\/6674\/revisions"}],"predecessor-version":[{"id":6837,"href":"https:\/\/ds-barranquilla.org\/de\/wp-json\/wp\/v2\/posts\/6674\/revisions\/6837"}],"wp:featuredmedia":[{"embeddable":true,"href":"https:\/\/ds-barranquilla.org\/de\/wp-json\/wp\/v2\/media\/6675"}],"wp:attachment":[{"href":"https:\/\/ds-barranquilla.org\/de\/wp-json\/wp\/v2\/media?parent=6674"}],"wp:term":[{"taxonomy":"category","embeddable":true,"href":"https:\/\/ds-barranquilla.org\/de\/wp-json\/wp\/v2\/categories?post=6674"},{"taxonomy":"post_tag","embeddable":true,"href":"https:\/\/ds-barranquilla.org\/de\/wp-json\/wp\/v2\/tags?post=6674"}],"curies":[{"name":"wp","href":"https:\/\/api.w.org\/{rel}","templated":true}]}}