{"id":6677,"date":"2021-03-03T15:02:47","date_gmt":"2021-03-03T20:02:47","guid":{"rendered":"https:\/\/ds-barranquilla.org\/?p=6677"},"modified":"2023-01-03T15:18:17","modified_gmt":"2023-01-03T20:18:17","slug":"alvaro-collazos-y-su-destacada-labor-medica-en-espana","status":"publish","type":"post","link":"https:\/\/ds-barranquilla.org\/de\/alvaro-collazos-y-su-destacada-labor-medica-en-espana\/","title":{"rendered":"\u00c1lvaro Collazos y su destacada labor m\u00e9dica en Espa\u00f1a"},"content":{"rendered":"<h1>\u00c1lvaro Collazos y su destacada labor m\u00e9dica en Espa\u00f1a<\/h1>\n<p><span data-contrast=\"auto\"><strong>Geschrieben von: Jos\u00e9 R\u00edos Mercado.<\/strong> Espa\u00f1a es el pa\u00eds donde actualmente ejerce como profesional de la salud nuestro exalumno de la Promoci\u00f3n 1993, \u00c1lvaro Collazos. Para este m\u00e9dico graduado en la Universidad del Norte con una Especiali<\/span><span data-contrast=\"auto\">dad<\/span><span data-contrast=\"auto\">\u00a0en Medicina Familiar<\/span><span data-contrast=\"auto\">\u00a0<\/span><span data-contrast=\"auto\">y un M\u00e1ster en Diabetolog\u00eda de la Universidad de Barcelona,\u00a0<\/span><span data-contrast=\"auto\">la<\/span><span data-contrast=\"auto\">\u00a0necesidad de conocer otras formas de trabajar en este campo, lo impuls\u00f3 a trasladarse a ese pa\u00eds donde ha prestado sus servicios para diferentes hospitales.<\/span><\/p>\n<p><span data-contrast=\"auto\">\"<\/span><span data-contrast=\"auto\">Durante\u00a0<\/span><span data-contrast=\"auto\">mi<\/span><span data-contrast=\"auto\">\u00a0proceso de formaci\u00f3n\u00a0<\/span><span data-contrast=\"auto\">como estudiante de Medicina\u00a0<\/span><span data-contrast=\"auto\">tuve la oportunidad de participar en\u00a0<\/span><span data-contrast=\"auto\">diferentes\u00a0<\/span><span data-contrast=\"auto\">actividades<\/span><span data-contrast=\"auto\">\u00a0<\/span><span data-contrast=\"auto\">y eventos<\/span><span data-contrast=\"auto\">,\u00a0<\/span><span data-contrast=\"auto\">en l<\/span><span data-contrast=\"auto\">o<\/span><span data-contrast=\"auto\">s que pude\u00a0<\/span><span data-contrast=\"auto\">enterarme de\u00a0<\/span><span data-contrast=\"auto\">distintas formas de ejercer la profesi\u00f3n en\u00a0<\/span><span data-contrast=\"auto\">otro tipo de\u00a0<\/span><span data-contrast=\"auto\">entornos sanitarios con una estructura hospitalaria, asistencial y un\u00a0<\/span><span data-contrast=\"auto\">dise\u00f1o del\u00a0<\/span><span data-contrast=\"auto\">sistema muy diferente al que conocemos en Colombia<\/span><span data-contrast=\"auto\">. Estas experiencias me motivaron a aplicar para una beca de intercambio a trav\u00e9s de la O<\/span><span data-contrast=\"auto\">ficina de\u00a0<\/span><span data-contrast=\"auto\">R<\/span><span data-contrast=\"auto\">elaciones\u00a0<\/span><span data-contrast=\"auto\">I<\/span><span data-contrast=\"auto\">nternacionales<\/span><span data-contrast=\"auto\">\u00a0de Uninorte<\/span><span data-contrast=\"auto\">\u201d, expres\u00f3 el m\u00e9dico<\/span><span data-contrast=\"auto\">.<\/span><\/p>\n<p><span data-contrast=\"auto\">\u00c1lvaro Collazos\u00a0<\/span><span data-contrast=\"auto\">reali<\/span><span data-contrast=\"auto\">z\u00f3 por espacio de 6 meses su\u00a0<\/span><span data-contrast=\"auto\">intercambio en\u00a0<\/span><span data-contrast=\"auto\">la Universidad \u2018Miguel Hern\u00e1ndez\u2019 de Elche (Espa\u00f1a)\u00a0<\/span><span data-contrast=\"auto\">donde\u00a0<\/span><span data-contrast=\"auto\">pud<\/span><span data-contrast=\"auto\">o<\/span><span data-contrast=\"auto\">\u00a0conocer de primera mano otra forma de trabajar y de aprender<\/span><span data-contrast=\"auto\">,\u00a0<\/span><span data-contrast=\"auto\">lo que\u00a0<\/span><span data-contrast=\"auto\">lo llev\u00f3 a retornar a este pa\u00eds una vez culmin<\/span><span data-contrast=\"auto\">\u00f3<\/span><span data-contrast=\"auto\">\u00a0su carrera y su a\u00f1o rural.\u00a0<\/span><span data-contrast=\"auto\">Posteriormente,\u00a0<\/span><span data-contrast=\"auto\">present\u00f3\u00a0<\/span><span data-contrast=\"auto\">los ex\u00e1menes de acceso a la especial<\/span><span data-contrast=\"auto\">i<\/span><span data-contrast=\"auto\">dad<\/span><span data-contrast=\"auto\">\u00a0v\u00eda MIR (m\u00e9dico interno residente)<\/span><span data-contrast=\"auto\">, la cual realiz\u00f3 en el Hospital Virgen de los Lirios en la ciudad de Alcoy (provincia de Alicante).<\/span><\/p>\n<p><span data-contrast=\"auto\">\u201cT<\/span><span data-contrast=\"auto\">oda\u00a0<\/span><span data-contrast=\"auto\">mi<\/span><span data-contrast=\"auto\">\u00a0experiencia laboral la he desarrollado en\u00a0<\/span><span data-contrast=\"auto\">este pa\u00eds europeo; a<\/span><span data-contrast=\"auto\">ctualmente\u00a0<\/span><span data-contrast=\"auto\">trabajo\u00a0<\/span><span data-contrast=\"auto\">en el mismo\u00a0<\/span><span data-contrast=\"auto\">centro hospitalario\u00a0<\/span><span data-contrast=\"auto\">donde finalic\u00e9 la especialidad<\/span><span data-contrast=\"auto\">.<\/span><span data-contrast=\"auto\">\u00a0<\/span><span data-contrast=\"auto\">P<\/span><span data-contrast=\"auto\">articipo de forma<\/span><span data-contrast=\"auto\">\u00a0<\/span><span data-contrast=\"auto\">muy activa en la comisi\u00f3n de docencia donde coordinamos las actividades formativas de los residentes y estudiantes de\u00a0<\/span><span data-contrast=\"auto\">M<\/span><span data-contrast=\"auto\">edicina<\/span><span data-contrast=\"auto\">,<\/span><span data-contrast=\"auto\">\u00a0adem\u00e1s del grupo de trabajo en la Sociedad Espa\u00f1ola de M\u00e9dicos de Atenci\u00f3n Primaria (SEMERGEN)<\/span><span data-contrast=\"auto\">\u201d, manifest\u00f3 el m\u00e9dico<\/span><span data-contrast=\"auto\">.<\/span><\/p>\n<p><span data-contrast=\"auto\">Para \u00c1lvaro Collazos, las buenas bases adquiridas en el colegio contribuyeron para a<\/span><span data-contrast=\"auto\">frontar\u00a0<\/span><span data-contrast=\"auto\">exitosamente su<\/span><span data-contrast=\"auto\">\u00a0formaci\u00f3n universitaria<\/span><span data-contrast=\"auto\">. Adem\u00e1s de\u00a0<\/span><span data-contrast=\"auto\">permitirle\u00a0<\/span><span data-contrast=\"auto\">desarrollar habilidades y adquirir la disciplina y constancia necesarias para sacar adelante los estudios<\/span><span data-contrast=\"auto\">,<\/span><span data-contrast=\"auto\">\u00a0<\/span><span data-contrast=\"auto\">e<\/span><span data-contrast=\"auto\">l conocimiento de\u00a0<\/span><span data-contrast=\"auto\">los\u00a0<\/span><span data-contrast=\"auto\">idiomas facilit\u00f3 esta evoluci\u00f3n<\/span><span data-contrast=\"auto\">, lo que en su\u00a0<\/span><span data-contrast=\"auto\">caso concreto fue un pilar fundamental<\/span><span data-contrast=\"auto\">;\u00a0<\/span><span data-contrast=\"auto\">\u00e9<\/span><span data-contrast=\"auto\">l considera\u00a0<\/span><span data-contrast=\"auto\">que el contacto e influencia de la cultura alemana transmit<\/span><span data-contrast=\"auto\">idos<\/span><span data-contrast=\"auto\">\u00a0a la comunidad estudiantil<\/span><span data-contrast=\"auto\">, le ayuda<\/span><span data-contrast=\"auto\">ron<\/span><span data-contrast=\"auto\">\u00a0<\/span><span data-contrast=\"auto\">a entender\u00a0<\/span><span data-contrast=\"auto\">su<\/span><span data-contrast=\"auto\">\u00a0rol\u00a0<\/span><span data-contrast=\"auto\">en la sociedad.<\/span><\/p>","protected":false},"excerpt":{"rendered":"<p>\u00c1lvaro Collazos y su destacada labor m\u00e9dica en Espa\u00f1a Creado por: Jos\u00e9 R\u00edos Mercado. Espa\u00f1a es el pa\u00eds donde actualmente ejerce como profesional de la salud<span class=\"excerpt-hellip\"> [\u2026]<\/span><\/p>","protected":false},"author":16,"featured_media":6678,"comment_status":"open","ping_status":"open","sticky":false,"template":"","format":"standard","meta":{"_exactmetrics_skip_tracking":false,"_exactmetrics_sitenote_active":false,"_exactmetrics_sitenote_note":"","_exactmetrics_sitenote_category":0,"_joinchat":[],"footnotes":""},"categories":[681,684],"tags":[712],"class_list":["post-6677","post","type-post","status-publish","format-standard","has-post-thumbnail","hentry","category-681","category-alumni","tag-entrevista"],"yoast_head":"<!-- This site is optimized with the Yoast SEO plugin v23.3 - https:\/\/yoast.com\/wordpress\/plugins\/seo\/ -->\n<title>\u00c1lvaro Collazos y su destacada labor m\u00e9dica en Espa\u00f1a - 2026<\/title>\n<meta name=\"robots\" content=\"noindex, follow, max-snippet:-1, max-image-preview:large, max-video-preview:-1\" \/>\n<meta property=\"og:locale\" content=\"de_DE\" \/>\n<meta property=\"og:type\" content=\"article\" \/>\n<meta property=\"og:title\" content=\"\u00c1lvaro Collazos y su destacada labor m\u00e9dica en Espa\u00f1a - 2026\" \/>\n<meta property=\"og:description\" content=\"\u00c1lvaro Collazos y su destacada labor m\u00e9dica en Espa\u00f1a Creado por: Jos\u00e9 R\u00edos Mercado. Espa\u00f1a es el pa\u00eds donde actualmente ejerce como profesional de la salud [\u2026]\" \/>\n<meta property=\"og:url\" content=\"https:\/\/ds-barranquilla.org\/de\/alvaro-collazos-y-su-destacada-labor-medica-en-espana\/\" \/>\n<meta property=\"og:site_name\" content=\"Colegio Alem\u00e1n - Los Mejores Colegios de Colombia - Colegio Triling\u00fce\" \/>\n<meta property=\"article:publisher\" content=\"https:\/\/www.facebook.com\/ColegioAlemanBaq\/\" \/>\n<meta property=\"article:published_time\" content=\"2021-03-03T20:02:47+00:00\" \/>\n<meta property=\"article:modified_time\" content=\"2023-01-03T20:18:17+00:00\" \/>\n<meta property=\"og:image\" content=\"https:\/\/ds-barranquilla.org\/wp-content\/uploads\/2021\/03\/Alvaro-Collazos.jpeg\" \/>\n\t<meta property=\"og:image:width\" content=\"1400\" \/>\n\t<meta property=\"og:image:height\" content=\"816\" \/>\n\t<meta property=\"og:image:type\" content=\"image\/jpeg\" \/>\n<meta name=\"author\" content=\"Comunicaciones Comunicaciones\" \/>\n<meta name=\"twitter:card\" content=\"summary_large_image\" \/>\n<meta name=\"twitter:creator\" content=\"@ColegioAlemanBq\" \/>\n<meta name=\"twitter:site\" content=\"@ColegioAlemanBq\" \/>\n<meta name=\"twitter:label1\" content=\"Verfasst von\" \/>\n\t<meta name=\"twitter:data1\" content=\"Comunicaciones Comunicaciones\" \/>\n\t<meta name=\"twitter:label2\" content=\"Gesch\u00e4tzte Lesezeit\" \/>\n\t<meta name=\"twitter:data2\" content=\"2\u00a0Minuten\" \/>\n<script type=\"application\/ld+json\" class=\"yoast-schema-graph\">{\"@context\":\"https:\/\/schema.org\",\"@graph\":[{\"@type\":\"Article\",\"@id\":\"https:\/\/ds-barranquilla.org\/de\/alvaro-collazos-y-su-destacada-labor-medica-en-espana\/#article\",\"isPartOf\":{\"@id\":\"https:\/\/ds-barranquilla.org\/de\/alvaro-collazos-y-su-destacada-labor-medica-en-espana\/\"},\"author\":{\"name\":\"Comunicaciones Comunicaciones\",\"@id\":\"https:\/\/ds-barranquilla.org\/#\/schema\/person\/7bf8790ba89d3480e0551241ccdc8d36\"},\"headline\":\"\u00c1lvaro Collazos y su destacada labor m\u00e9dica en Espa\u00f1a\",\"datePublished\":\"2021-03-03T20:02:47+00:00\",\"dateModified\":\"2023-01-03T20:18:17+00:00\",\"mainEntityOfPage\":{\"@id\":\"https:\/\/ds-barranquilla.org\/de\/alvaro-collazos-y-su-destacada-labor-medica-en-espana\/\"},\"wordCount\":442,\"commentCount\":0,\"publisher\":{\"@id\":\"https:\/\/ds-barranquilla.org\/#organization\"},\"image\":{\"@id\":\"https:\/\/ds-barranquilla.org\/de\/alvaro-collazos-y-su-destacada-labor-medica-en-espana\/#primaryimage\"},\"thumbnailUrl\":\"https:\/\/ds-barranquilla.org\/wp-content\/uploads\/2021\/03\/Alvaro-Collazos.jpeg\",\"keywords\":[\"Entrevista\"],\"articleSection\":[\"2021\",\"Alumni\"],\"inLanguage\":\"de\",\"potentialAction\":[{\"@type\":\"CommentAction\",\"name\":\"Comment\",\"target\":[\"https:\/\/ds-barranquilla.org\/de\/alvaro-collazos-y-su-destacada-labor-medica-en-espana\/#respond\"]}]},{\"@type\":\"WebPage\",\"@id\":\"https:\/\/ds-barranquilla.org\/de\/alvaro-collazos-y-su-destacada-labor-medica-en-espana\/\",\"url\":\"https:\/\/ds-barranquilla.org\/de\/alvaro-collazos-y-su-destacada-labor-medica-en-espana\/\",\"name\":\"\u00c1lvaro Collazos y su destacada labor m\u00e9dica en Espa\u00f1a - 2026\",\"isPartOf\":{\"@id\":\"https:\/\/ds-barranquilla.org\/#website\"},\"primaryImageOfPage\":{\"@id\":\"https:\/\/ds-barranquilla.org\/de\/alvaro-collazos-y-su-destacada-labor-medica-en-espana\/#primaryimage\"},\"image\":{\"@id\":\"https:\/\/ds-barranquilla.org\/de\/alvaro-collazos-y-su-destacada-labor-medica-en-espana\/#primaryimage\"},\"thumbnailUrl\":\"https:\/\/ds-barranquilla.org\/wp-content\/uploads\/2021\/03\/Alvaro-Collazos.jpeg\",\"datePublished\":\"2021-03-03T20:02:47+00:00\",\"dateModified\":\"2023-01-03T20:18:17+00:00\",\"breadcrumb\":{\"@id\":\"https:\/\/ds-barranquilla.org\/de\/alvaro-collazos-y-su-destacada-labor-medica-en-espana\/#breadcrumb\"},\"inLanguage\":\"de\",\"potentialAction\":[{\"@type\":\"ReadAction\",\"target\":[\"https:\/\/ds-barranquilla.org\/de\/alvaro-collazos-y-su-destacada-labor-medica-en-espana\/\"]}]},{\"@type\":\"ImageObject\",\"inLanguage\":\"de\",\"@id\":\"https:\/\/ds-barranquilla.org\/de\/alvaro-collazos-y-su-destacada-labor-medica-en-espana\/#primaryimage\",\"url\":\"https:\/\/ds-barranquilla.org\/wp-content\/uploads\/2021\/03\/Alvaro-Collazos.jpeg\",\"contentUrl\":\"https:\/\/ds-barranquilla.org\/wp-content\/uploads\/2021\/03\/Alvaro-Collazos.jpeg\",\"width\":1400,\"height\":816},{\"@type\":\"BreadcrumbList\",\"@id\":\"https:\/\/ds-barranquilla.org\/de\/alvaro-collazos-y-su-destacada-labor-medica-en-espana\/#breadcrumb\",\"itemListElement\":[{\"@type\":\"ListItem\",\"position\":1,\"name\":\"Portada\",\"item\":\"https:\/\/ds-barranquilla.org\/\"},{\"@type\":\"ListItem\",\"position\":2,\"name\":\"\u00c1lvaro Collazos y su destacada labor m\u00e9dica en Espa\u00f1a\"}]},{\"@type\":\"WebSite\",\"@id\":\"https:\/\/ds-barranquilla.org\/#website\",\"url\":\"https:\/\/ds-barranquilla.org\/\",\"name\":\"Colegio Alem\u00e1n - Los Mejores Colegios de Colombia - Colegio Triling\u00fce\",\"description\":\"Colegio Alem\u00e1n  Barranquilla Colombia - Colegio Biling\u00fce - Triling\u00fce - El Mejor Colegio de Colombia\",\"publisher\":{\"@id\":\"https:\/\/ds-barranquilla.org\/#organization\"},\"potentialAction\":[{\"@type\":\"SearchAction\",\"target\":{\"@type\":\"EntryPoint\",\"urlTemplate\":\"https:\/\/ds-barranquilla.org\/?s={search_term_string}\"},\"query-input\":\"required name=search_term_string\"}],\"inLanguage\":\"de\"},{\"@type\":\"Organization\",\"@id\":\"https:\/\/ds-barranquilla.org\/#organization\",\"name\":\"Colegio Alem\u00e1n Barranquilla\",\"url\":\"https:\/\/ds-barranquilla.org\/\",\"logo\":{\"@type\":\"ImageObject\",\"inLanguage\":\"de\",\"@id\":\"https:\/\/ds-barranquilla.org\/#\/schema\/logo\/image\/\",\"url\":\"https:\/\/ds-barranquilla.org\/wp-content\/uploads\/2021\/05\/coleman_logo_2.png\",\"contentUrl\":\"https:\/\/ds-barranquilla.org\/wp-content\/uploads\/2021\/05\/coleman_logo_2.png\",\"width\":418,\"height\":307,\"caption\":\"Colegio Alem\u00e1n Barranquilla\"},\"image\":{\"@id\":\"https:\/\/ds-barranquilla.org\/#\/schema\/logo\/image\/\"},\"sameAs\":[\"https:\/\/www.facebook.com\/ColegioAlemanBaq\/\",\"https:\/\/x.com\/ColegioAlemanBq\",\"https:\/\/www.instagram.com\/colegioalemanbaq\/\",\"https:\/\/www.linkedin.com\/school\/deutsche-schule-barranquilla\/\",\"https:\/\/www.youtube.com\/channel\/UCOOGZQCVs6aYRqIWvSN5agQ\"]},{\"@type\":\"Person\",\"@id\":\"https:\/\/ds-barranquilla.org\/#\/schema\/person\/7bf8790ba89d3480e0551241ccdc8d36\",\"name\":\"Comunicaciones Comunicaciones\",\"image\":{\"@type\":\"ImageObject\",\"inLanguage\":\"de\",\"@id\":\"https:\/\/ds-barranquilla.org\/#\/schema\/person\/image\/\",\"url\":\"https:\/\/secure.gravatar.com\/avatar\/a66ba9484a4338d81d6bea750e595038?s=96&d=mm&r=g\",\"contentUrl\":\"https:\/\/secure.gravatar.com\/avatar\/a66ba9484a4338d81d6bea750e595038?s=96&d=mm&r=g\",\"caption\":\"Comunicaciones Comunicaciones\"}}]}<\/script>\n<!-- \/ Yoast SEO plugin. -->","yoast_head_json":{"title":"\u00c1lvaro Collazos y su destacada labor m\u00e9dica en Espa\u00f1a - 2026","robots":{"index":"noindex","follow":"follow","max-snippet":"max-snippet:-1","max-image-preview":"max-image-preview:large","max-video-preview":"max-video-preview:-1"},"og_locale":"de_DE","og_type":"article","og_title":"\u00c1lvaro Collazos y su destacada labor m\u00e9dica en Espa\u00f1a - 2026","og_description":"\u00c1lvaro Collazos y su destacada labor m\u00e9dica en Espa\u00f1a Creado por: Jos\u00e9 R\u00edos Mercado. Espa\u00f1a es el pa\u00eds donde actualmente ejerce como profesional de la salud [\u2026]","og_url":"https:\/\/ds-barranquilla.org\/de\/alvaro-collazos-y-su-destacada-labor-medica-en-espana\/","og_site_name":"Colegio Alem\u00e1n - Los Mejores Colegios de Colombia - Colegio Triling\u00fce","article_publisher":"https:\/\/www.facebook.com\/ColegioAlemanBaq\/","article_published_time":"2021-03-03T20:02:47+00:00","article_modified_time":"2023-01-03T20:18:17+00:00","og_image":[{"width":1400,"height":816,"url":"https:\/\/ds-barranquilla.org\/wp-content\/uploads\/2021\/03\/Alvaro-Collazos.jpeg","type":"image\/jpeg"}],"author":"Comunicaciones Comunicaciones","twitter_card":"summary_large_image","twitter_creator":"@ColegioAlemanBq","twitter_site":"@ColegioAlemanBq","twitter_misc":{"Verfasst von":"Comunicaciones Comunicaciones","Gesch\u00e4tzte Lesezeit":"2\u00a0Minuten"},"schema":{"@context":"https:\/\/schema.org","@graph":[{"@type":"Article","@id":"https:\/\/ds-barranquilla.org\/de\/alvaro-collazos-y-su-destacada-labor-medica-en-espana\/#article","isPartOf":{"@id":"https:\/\/ds-barranquilla.org\/de\/alvaro-collazos-y-su-destacada-labor-medica-en-espana\/"},"author":{"name":"Comunicaciones Comunicaciones","@id":"https:\/\/ds-barranquilla.org\/#\/schema\/person\/7bf8790ba89d3480e0551241ccdc8d36"},"headline":"\u00c1lvaro Collazos y su destacada labor m\u00e9dica en Espa\u00f1a","datePublished":"2021-03-03T20:02:47+00:00","dateModified":"2023-01-03T20:18:17+00:00","mainEntityOfPage":{"@id":"https:\/\/ds-barranquilla.org\/de\/alvaro-collazos-y-su-destacada-labor-medica-en-espana\/"},"wordCount":442,"commentCount":0,"publisher":{"@id":"https:\/\/ds-barranquilla.org\/#organization"},"image":{"@id":"https:\/\/ds-barranquilla.org\/de\/alvaro-collazos-y-su-destacada-labor-medica-en-espana\/#primaryimage"},"thumbnailUrl":"https:\/\/ds-barranquilla.org\/wp-content\/uploads\/2021\/03\/Alvaro-Collazos.jpeg","keywords":["Entrevista"],"articleSection":["2021","Alumni"],"inLanguage":"de","potentialAction":[{"@type":"CommentAction","name":"Comment","target":["https:\/\/ds-barranquilla.org\/de\/alvaro-collazos-y-su-destacada-labor-medica-en-espana\/#respond"]}]},{"@type":"WebPage","@id":"https:\/\/ds-barranquilla.org\/de\/alvaro-collazos-y-su-destacada-labor-medica-en-espana\/","url":"https:\/\/ds-barranquilla.org\/de\/alvaro-collazos-y-su-destacada-labor-medica-en-espana\/","name":"\u00c1lvaro Collazos y su destacada labor m\u00e9dica en Espa\u00f1a - 2026","isPartOf":{"@id":"https:\/\/ds-barranquilla.org\/#website"},"primaryImageOfPage":{"@id":"https:\/\/ds-barranquilla.org\/de\/alvaro-collazos-y-su-destacada-labor-medica-en-espana\/#primaryimage"},"image":{"@id":"https:\/\/ds-barranquilla.org\/de\/alvaro-collazos-y-su-destacada-labor-medica-en-espana\/#primaryimage"},"thumbnailUrl":"https:\/\/ds-barranquilla.org\/wp-content\/uploads\/2021\/03\/Alvaro-Collazos.jpeg","datePublished":"2021-03-03T20:02:47+00:00","dateModified":"2023-01-03T20:18:17+00:00","breadcrumb":{"@id":"https:\/\/ds-barranquilla.org\/de\/alvaro-collazos-y-su-destacada-labor-medica-en-espana\/#breadcrumb"},"inLanguage":"de","potentialAction":[{"@type":"ReadAction","target":["https:\/\/ds-barranquilla.org\/de\/alvaro-collazos-y-su-destacada-labor-medica-en-espana\/"]}]},{"@type":"ImageObject","inLanguage":"de","@id":"https:\/\/ds-barranquilla.org\/de\/alvaro-collazos-y-su-destacada-labor-medica-en-espana\/#primaryimage","url":"https:\/\/ds-barranquilla.org\/wp-content\/uploads\/2021\/03\/Alvaro-Collazos.jpeg","contentUrl":"https:\/\/ds-barranquilla.org\/wp-content\/uploads\/2021\/03\/Alvaro-Collazos.jpeg","width":1400,"height":816},{"@type":"BreadcrumbList","@id":"https:\/\/ds-barranquilla.org\/de\/alvaro-collazos-y-su-destacada-labor-medica-en-espana\/#breadcrumb","itemListElement":[{"@type":"ListItem","position":1,"name":"Portada","item":"https:\/\/ds-barranquilla.org\/"},{"@type":"ListItem","position":2,"name":"\u00c1lvaro Collazos y su destacada labor m\u00e9dica en Espa\u00f1a"}]},{"@type":"WebSite","@id":"https:\/\/ds-barranquilla.org\/#website","url":"https:\/\/ds-barranquilla.org\/","name":"Colegio Alem\u00e1n - Los Mejores Colegios de Colombia - Colegio Triling\u00fce","description":"Colegio Alem\u00e1n  Barranquilla Colombia - Colegio Biling\u00fce - Triling\u00fce - El Mejor Colegio de Colombia","publisher":{"@id":"https:\/\/ds-barranquilla.org\/#organization"},"potentialAction":[{"@type":"SearchAction","target":{"@type":"EntryPoint","urlTemplate":"https:\/\/ds-barranquilla.org\/?s={search_term_string}"},"query-input":"required name=search_term_string"}],"inLanguage":"de"},{"@type":"Organization","@id":"https:\/\/ds-barranquilla.org\/#organization","name":"Colegio Alem\u00e1n Barranquilla","url":"https:\/\/ds-barranquilla.org\/","logo":{"@type":"ImageObject","inLanguage":"de","@id":"https:\/\/ds-barranquilla.org\/#\/schema\/logo\/image\/","url":"https:\/\/ds-barranquilla.org\/wp-content\/uploads\/2021\/05\/coleman_logo_2.png","contentUrl":"https:\/\/ds-barranquilla.org\/wp-content\/uploads\/2021\/05\/coleman_logo_2.png","width":418,"height":307,"caption":"Colegio Alem\u00e1n Barranquilla"},"image":{"@id":"https:\/\/ds-barranquilla.org\/#\/schema\/logo\/image\/"},"sameAs":["https:\/\/www.facebook.com\/ColegioAlemanBaq\/","https:\/\/x.com\/ColegioAlemanBq","https:\/\/www.instagram.com\/colegioalemanbaq\/","https:\/\/www.linkedin.com\/school\/deutsche-schule-barranquilla\/","https:\/\/www.youtube.com\/channel\/UCOOGZQCVs6aYRqIWvSN5agQ"]},{"@type":"Person","@id":"https:\/\/ds-barranquilla.org\/#\/schema\/person\/7bf8790ba89d3480e0551241ccdc8d36","name":"Comunicaciones Comunicaciones","image":{"@type":"ImageObject","inLanguage":"de","@id":"https:\/\/ds-barranquilla.org\/#\/schema\/person\/image\/","url":"https:\/\/secure.gravatar.com\/avatar\/a66ba9484a4338d81d6bea750e595038?s=96&d=mm&r=g","contentUrl":"https:\/\/secure.gravatar.com\/avatar\/a66ba9484a4338d81d6bea750e595038?s=96&d=mm&r=g","caption":"Comunicaciones Comunicaciones"}}]}},"_links":{"self":[{"href":"https:\/\/ds-barranquilla.org\/de\/wp-json\/wp\/v2\/posts\/6677"}],"collection":[{"href":"https:\/\/ds-barranquilla.org\/de\/wp-json\/wp\/v2\/posts"}],"about":[{"href":"https:\/\/ds-barranquilla.org\/de\/wp-json\/wp\/v2\/types\/post"}],"author":[{"embeddable":true,"href":"https:\/\/ds-barranquilla.org\/de\/wp-json\/wp\/v2\/users\/16"}],"replies":[{"embeddable":true,"href":"https:\/\/ds-barranquilla.org\/de\/wp-json\/wp\/v2\/comments?post=6677"}],"version-history":[{"count":2,"href":"https:\/\/ds-barranquilla.org\/de\/wp-json\/wp\/v2\/posts\/6677\/revisions"}],"predecessor-version":[{"id":6838,"href":"https:\/\/ds-barranquilla.org\/de\/wp-json\/wp\/v2\/posts\/6677\/revisions\/6838"}],"wp:featuredmedia":[{"embeddable":true,"href":"https:\/\/ds-barranquilla.org\/de\/wp-json\/wp\/v2\/media\/6678"}],"wp:attachment":[{"href":"https:\/\/ds-barranquilla.org\/de\/wp-json\/wp\/v2\/media?parent=6677"}],"wp:term":[{"taxonomy":"category","embeddable":true,"href":"https:\/\/ds-barranquilla.org\/de\/wp-json\/wp\/v2\/categories?post=6677"},{"taxonomy":"post_tag","embeddable":true,"href":"https:\/\/ds-barranquilla.org\/de\/wp-json\/wp\/v2\/tags?post=6677"}],"curies":[{"name":"wp","href":"https:\/\/api.w.org\/{rel}","templated":true}]}}