{"id":6680,"date":"2021-03-05T15:14:10","date_gmt":"2021-03-05T20:14:10","guid":{"rendered":"https:\/\/ds-barranquilla.org\/?p=6680"},"modified":"2023-01-03T15:16:49","modified_gmt":"2023-01-03T20:16:49","slug":"nuestro-colegio-cuenta-con-un-lugar-de-aislamiento-para-la-atencion-de-casos-sospechosos-de-covid-19","status":"publish","type":"post","link":"https:\/\/ds-barranquilla.org\/de\/nuestro-colegio-cuenta-con-un-lugar-de-aislamiento-para-la-atencion-de-casos-sospechosos-de-covid-19\/","title":{"rendered":"Unsere Schule verf\u00fcgt \u00fcber einen eigenen Isolationsbereich zur Betreuung von Covid-19 Verdachtsf\u00e4llen"},"content":{"rendered":"<h4>Unsere Schule verf\u00fcgt \u00fcber einen eigenen Isolationsbereich zur Betreuung von Covid-19 Verdachtsf\u00e4llen<\/h4>\n<p><strong>Geschrieben von: Jos\u00e9 R\u00edos Mercado. <\/strong><\/p>\n<p>Die Eigenschaften unseres Isolationsbereichs entsprechen den Beschl\u00fcssen 666 und 1721 (aus dem Jahr 2020) des kolumbianischen Ministeriums f\u00fcr Gesundheit und Soziales, in welchen steht, dass Unternehmen und Institutionen \u00fcber einen solchen Bereich zur Behandlung von Covid-19 Verdachtsf\u00e4llen verf\u00fcgen m\u00fcssen. Dieser Bereich muss zum einen leicht zu desinfizieren und reinigen sein, aber auch gleichzeitig \u00fcber eine gute L\u00fcftung verf\u00fcgen. Weiterhin muss er die M\u00f6glichkeit zur Diskretion bieten, \u00fcber einen leicht zug\u00e4nglichen Ein- und Ausgang verf\u00fcgen und darf nur von autorisiertem Personal beteten werden, da ein genaues Register \u00fcber alle Personen gef\u00fchrt werden muss, die diesen Raum betreten.<\/p>\n<p>\"Die Aspekte, die bei der Umsetzung dieses Projekts ber\u00fccksichtigt wurden, entsprechen den Ausf\u00fchrungen in den oben genannten Resolutionen. Das betrifft im Fall der Resolution 666 insbesondere die Artikel 4.1.2 \u201aPr\u00e4senzarbeit\u2018 und 4.7 \u201aManagement von Risikosituationen\u2018 sowie im Fall der Resolution 1721 die Artikel 3.7 \u201aPr\u00e4vention und Management von Kontaktsituationen\u2018 und 3.9.2 \u201aVorsorgliche Isolation\u2018\u201c, erkl\u00e4rt die Qualit\u00e4tsbeauftragte Lizzette Carbonell.<\/p>\n<p>Weiterhin f\u00fchrt sie aus, dass der Bereich von einer Fachkraft aus unserer Krankenstation betreut wird und \u00fcber alle notwendigen Ger\u00e4te f\u00fcr die Betreuung dieser F\u00e4lle verf\u00fcgt. Sie betont dabei auch, wie wichtig dieser Raum f\u00fcr unsere Schulgemeinschaft ist, da er der schnellen Identifizierung und Isolierung von potenziell betroffenen Personen und der \u00dcberpr\u00fcfung und Einhaltung der vom Ministerium f\u00fcr Gesundheit und Soziales aufgestellten Richtlinien dient.<\/p>\n<p>\"Der Isolationsbereich erm\u00f6glicht eine rechtzeitige Reaktion auf potentiell kranke Sch\u00fclerInnen oder MitarbeiterInnen. Kommt es zu einem Verdachtsfall erfolgt gleichzeitig ein Abgleich mit allen Kontakten zu anderen Personen (Kontaktkette) und es werden die m\u00f6glichen Symptome der Sch\u00fclerInnen und MitarbeiterInnen im Blick gehalten. Weiterhin k\u00f6nnen von dort aus im Notfall alle relevanten Stellen kontaktiert werden. Die behandelte Person erh\u00e4lt au\u00dferdem vor dem Verlassen der Schule alle notwendigen Informationen und Empfehlungen, die in ihrem jeweiligen Zustand zu beachten sind (Informationen zu den Schutzma\u00dfnahmen und Pr\u00e4vention bzw. zur Abschw\u00e4chung des Virus)\", erkl\u00e4rt Lizzette Carbonell.<\/p>\n<p>Ihrerseits gibt die Fachkraft f\u00fcr Gesundheit und Schutz am Arbeitsplatz, Margelis Garc\u00eda, an, dass der Bereich eine Kapazit\u00e4t von f\u00fcnf Personen aufweist und gleichzeitig bis zu drei Personen behandelt werden k\u00f6nnen. Der Isolationsbereich verf\u00fcgt zudem \u00fcber drei Betten, zwei Sauerstoffger\u00e4te, ein Badezimmer und zwei Waschbecken (eines drinnen und eines drau\u00dfen). Abschlie\u00dfend f\u00fcgt sie hinzu, dass unsere Schule auf diesem Gebiet eine Vorreiterstellung einnimmt, da andere Schulen nicht \u00fcber einen solchen extra Raum getrennt von ihrer Krankenstation verf\u00fcgen.<\/p>","protected":false},"excerpt":{"rendered":"<p>Nuestro colegio cuenta con un Lugar de Aislamiento para la atenci\u00f3n de casos sospechosos de COVID-19 Creado por: Jos\u00e9 R\u00edos Mercado. Las caracter\u00edsticas de infraestructura del<span class=\"excerpt-hellip\"> [\u2026]<\/span><\/p>","protected":false},"author":16,"featured_media":6681,"comment_status":"open","ping_status":"open","sticky":false,"template":"","format":"standard","meta":{"_exactmetrics_skip_tracking":false,"_exactmetrics_sitenote_active":false,"_exactmetrics_sitenote_note":"","_exactmetrics_sitenote_category":0,"_joinchat":[],"footnotes":""},"categories":[681,682],"tags":[],"class_list":["post-6680","post","type-post","status-publish","format-standard","has-post-thumbnail","hentry","category-681","category-acreditaciones-y-calidad"],"yoast_head":"<!-- This site is optimized with the Yoast SEO plugin v23.3 - https:\/\/yoast.com\/wordpress\/plugins\/seo\/ -->\n<title>Nuestro colegio cuenta con un Lugar de Aislamiento para la atenci\u00f3n de casos sospechosos de COVID-19 - 2026<\/title>\n<meta name=\"robots\" content=\"noindex, follow, max-snippet:-1, max-image-preview:large, max-video-preview:-1\" \/>\n<meta property=\"og:locale\" content=\"de_DE\" \/>\n<meta property=\"og:type\" content=\"article\" \/>\n<meta property=\"og:title\" content=\"Nuestro colegio cuenta con un Lugar de Aislamiento para la atenci\u00f3n de casos sospechosos de COVID-19 - 2026\" \/>\n<meta property=\"og:description\" content=\"Nuestro colegio cuenta con un Lugar de Aislamiento para la atenci\u00f3n de casos sospechosos de COVID-19 Creado por: Jos\u00e9 R\u00edos Mercado. Las caracter\u00edsticas de infraestructura del [\u2026]\" \/>\n<meta property=\"og:url\" content=\"https:\/\/ds-barranquilla.org\/de\/nuestro-colegio-cuenta-con-un-lugar-de-aislamiento-para-la-atencion-de-casos-sospechosos-de-covid-19\/\" \/>\n<meta property=\"og:site_name\" content=\"Colegio Alem\u00e1n - Los Mejores Colegios de Colombia - Colegio Triling\u00fce\" \/>\n<meta property=\"article:publisher\" content=\"https:\/\/www.facebook.com\/ColegioAlemanBaq\/\" \/>\n<meta property=\"article:published_time\" content=\"2021-03-05T20:14:10+00:00\" \/>\n<meta property=\"article:modified_time\" content=\"2023-01-03T20:16:49+00:00\" \/>\n<meta property=\"og:image\" content=\"https:\/\/ds-barranquilla.org\/wp-content\/uploads\/2021\/03\/Lugar-de-Aislamiento-scaled.jpg\" \/>\n\t<meta property=\"og:image:width\" content=\"2560\" \/>\n\t<meta property=\"og:image:height\" content=\"1707\" \/>\n\t<meta property=\"og:image:type\" content=\"image\/jpeg\" \/>\n<meta name=\"author\" content=\"Comunicaciones Comunicaciones\" \/>\n<meta name=\"twitter:card\" content=\"summary_large_image\" \/>\n<meta name=\"twitter:creator\" content=\"@ColegioAlemanBq\" \/>\n<meta name=\"twitter:site\" content=\"@ColegioAlemanBq\" \/>\n<meta name=\"twitter:label1\" content=\"Verfasst von\" \/>\n\t<meta name=\"twitter:data1\" content=\"Comunicaciones Comunicaciones\" \/>\n\t<meta name=\"twitter:label2\" content=\"Gesch\u00e4tzte Lesezeit\" \/>\n\t<meta name=\"twitter:data2\" content=\"3\u00a0Minuten\" \/>\n<script type=\"application\/ld+json\" class=\"yoast-schema-graph\">{\"@context\":\"https:\/\/schema.org\",\"@graph\":[{\"@type\":\"Article\",\"@id\":\"https:\/\/ds-barranquilla.org\/nuestro-colegio-cuenta-con-un-lugar-de-aislamiento-para-la-atencion-de-casos-sospechosos-de-covid-19\/#article\",\"isPartOf\":{\"@id\":\"https:\/\/ds-barranquilla.org\/nuestro-colegio-cuenta-con-un-lugar-de-aislamiento-para-la-atencion-de-casos-sospechosos-de-covid-19\/\"},\"author\":{\"name\":\"Comunicaciones Comunicaciones\",\"@id\":\"https:\/\/ds-barranquilla.org\/#\/schema\/person\/7bf8790ba89d3480e0551241ccdc8d36\"},\"headline\":\"Nuestro colegio cuenta con un Lugar de Aislamiento para la atenci\u00f3n de casos sospechosos de COVID-19\",\"datePublished\":\"2021-03-05T20:14:10+00:00\",\"dateModified\":\"2023-01-03T20:16:49+00:00\",\"mainEntityOfPage\":{\"@id\":\"https:\/\/ds-barranquilla.org\/nuestro-colegio-cuenta-con-un-lugar-de-aislamiento-para-la-atencion-de-casos-sospechosos-de-covid-19\/\"},\"wordCount\":495,\"commentCount\":0,\"publisher\":{\"@id\":\"https:\/\/ds-barranquilla.org\/#organization\"},\"image\":{\"@id\":\"https:\/\/ds-barranquilla.org\/nuestro-colegio-cuenta-con-un-lugar-de-aislamiento-para-la-atencion-de-casos-sospechosos-de-covid-19\/#primaryimage\"},\"thumbnailUrl\":\"https:\/\/ds-barranquilla.org\/wp-content\/uploads\/2021\/03\/Lugar-de-Aislamiento-scaled.jpg\",\"articleSection\":[\"2021\",\"Acreditaciones y Calidad\"],\"inLanguage\":\"de\",\"potentialAction\":[{\"@type\":\"CommentAction\",\"name\":\"Comment\",\"target\":[\"https:\/\/ds-barranquilla.org\/nuestro-colegio-cuenta-con-un-lugar-de-aislamiento-para-la-atencion-de-casos-sospechosos-de-covid-19\/#respond\"]}]},{\"@type\":\"WebPage\",\"@id\":\"https:\/\/ds-barranquilla.org\/nuestro-colegio-cuenta-con-un-lugar-de-aislamiento-para-la-atencion-de-casos-sospechosos-de-covid-19\/\",\"url\":\"https:\/\/ds-barranquilla.org\/nuestro-colegio-cuenta-con-un-lugar-de-aislamiento-para-la-atencion-de-casos-sospechosos-de-covid-19\/\",\"name\":\"Nuestro colegio cuenta con un Lugar de Aislamiento para la atenci\u00f3n de casos sospechosos de COVID-19 - 2026\",\"isPartOf\":{\"@id\":\"https:\/\/ds-barranquilla.org\/#website\"},\"primaryImageOfPage\":{\"@id\":\"https:\/\/ds-barranquilla.org\/nuestro-colegio-cuenta-con-un-lugar-de-aislamiento-para-la-atencion-de-casos-sospechosos-de-covid-19\/#primaryimage\"},\"image\":{\"@id\":\"https:\/\/ds-barranquilla.org\/nuestro-colegio-cuenta-con-un-lugar-de-aislamiento-para-la-atencion-de-casos-sospechosos-de-covid-19\/#primaryimage\"},\"thumbnailUrl\":\"https:\/\/ds-barranquilla.org\/wp-content\/uploads\/2021\/03\/Lugar-de-Aislamiento-scaled.jpg\",\"datePublished\":\"2021-03-05T20:14:10+00:00\",\"dateModified\":\"2023-01-03T20:16:49+00:00\",\"breadcrumb\":{\"@id\":\"https:\/\/ds-barranquilla.org\/nuestro-colegio-cuenta-con-un-lugar-de-aislamiento-para-la-atencion-de-casos-sospechosos-de-covid-19\/#breadcrumb\"},\"inLanguage\":\"de\",\"potentialAction\":[{\"@type\":\"ReadAction\",\"target\":[\"https:\/\/ds-barranquilla.org\/nuestro-colegio-cuenta-con-un-lugar-de-aislamiento-para-la-atencion-de-casos-sospechosos-de-covid-19\/\"]}]},{\"@type\":\"ImageObject\",\"inLanguage\":\"de\",\"@id\":\"https:\/\/ds-barranquilla.org\/nuestro-colegio-cuenta-con-un-lugar-de-aislamiento-para-la-atencion-de-casos-sospechosos-de-covid-19\/#primaryimage\",\"url\":\"https:\/\/ds-barranquilla.org\/wp-content\/uploads\/2021\/03\/Lugar-de-Aislamiento-scaled.jpg\",\"contentUrl\":\"https:\/\/ds-barranquilla.org\/wp-content\/uploads\/2021\/03\/Lugar-de-Aislamiento-scaled.jpg\",\"width\":2560,\"height\":1707},{\"@type\":\"BreadcrumbList\",\"@id\":\"https:\/\/ds-barranquilla.org\/nuestro-colegio-cuenta-con-un-lugar-de-aislamiento-para-la-atencion-de-casos-sospechosos-de-covid-19\/#breadcrumb\",\"itemListElement\":[{\"@type\":\"ListItem\",\"position\":1,\"name\":\"Portada\",\"item\":\"https:\/\/ds-barranquilla.org\/\"},{\"@type\":\"ListItem\",\"position\":2,\"name\":\"Nuestro colegio cuenta con un Lugar de Aislamiento para la atenci\u00f3n de casos sospechosos de COVID-19\"}]},{\"@type\":\"WebSite\",\"@id\":\"https:\/\/ds-barranquilla.org\/#website\",\"url\":\"https:\/\/ds-barranquilla.org\/\",\"name\":\"Colegio Alem\u00e1n - Los Mejores Colegios de Colombia - Colegio Triling\u00fce\",\"description\":\"Colegio Alem\u00e1n  Barranquilla Colombia - Colegio Biling\u00fce - Triling\u00fce - El Mejor Colegio de Colombia\",\"publisher\":{\"@id\":\"https:\/\/ds-barranquilla.org\/#organization\"},\"potentialAction\":[{\"@type\":\"SearchAction\",\"target\":{\"@type\":\"EntryPoint\",\"urlTemplate\":\"https:\/\/ds-barranquilla.org\/?s={search_term_string}\"},\"query-input\":\"required name=search_term_string\"}],\"inLanguage\":\"de\"},{\"@type\":\"Organization\",\"@id\":\"https:\/\/ds-barranquilla.org\/#organization\",\"name\":\"Colegio Alem\u00e1n Barranquilla\",\"url\":\"https:\/\/ds-barranquilla.org\/\",\"logo\":{\"@type\":\"ImageObject\",\"inLanguage\":\"de\",\"@id\":\"https:\/\/ds-barranquilla.org\/#\/schema\/logo\/image\/\",\"url\":\"https:\/\/ds-barranquilla.org\/wp-content\/uploads\/2021\/05\/coleman_logo_2.png\",\"contentUrl\":\"https:\/\/ds-barranquilla.org\/wp-content\/uploads\/2021\/05\/coleman_logo_2.png\",\"width\":418,\"height\":307,\"caption\":\"Colegio Alem\u00e1n Barranquilla\"},\"image\":{\"@id\":\"https:\/\/ds-barranquilla.org\/#\/schema\/logo\/image\/\"},\"sameAs\":[\"https:\/\/www.facebook.com\/ColegioAlemanBaq\/\",\"https:\/\/x.com\/ColegioAlemanBq\",\"https:\/\/www.instagram.com\/colegioalemanbaq\/\",\"https:\/\/www.linkedin.com\/school\/deutsche-schule-barranquilla\/\",\"https:\/\/www.youtube.com\/channel\/UCOOGZQCVs6aYRqIWvSN5agQ\"]},{\"@type\":\"Person\",\"@id\":\"https:\/\/ds-barranquilla.org\/#\/schema\/person\/7bf8790ba89d3480e0551241ccdc8d36\",\"name\":\"Comunicaciones Comunicaciones\",\"image\":{\"@type\":\"ImageObject\",\"inLanguage\":\"de\",\"@id\":\"https:\/\/ds-barranquilla.org\/#\/schema\/person\/image\/\",\"url\":\"https:\/\/secure.gravatar.com\/avatar\/a66ba9484a4338d81d6bea750e595038?s=96&d=mm&r=g\",\"contentUrl\":\"https:\/\/secure.gravatar.com\/avatar\/a66ba9484a4338d81d6bea750e595038?s=96&d=mm&r=g\",\"caption\":\"Comunicaciones Comunicaciones\"}}]}<\/script>\n<!-- \/ Yoast SEO plugin. -->","yoast_head_json":{"title":"Nuestro colegio cuenta con un Lugar de Aislamiento para la atenci\u00f3n de casos sospechosos de COVID-19 - 2026","robots":{"index":"noindex","follow":"follow","max-snippet":"max-snippet:-1","max-image-preview":"max-image-preview:large","max-video-preview":"max-video-preview:-1"},"og_locale":"de_DE","og_type":"article","og_title":"Nuestro colegio cuenta con un Lugar de Aislamiento para la atenci\u00f3n de casos sospechosos de COVID-19 - 2026","og_description":"Nuestro colegio cuenta con un Lugar de Aislamiento para la atenci\u00f3n de casos sospechosos de COVID-19 Creado por: Jos\u00e9 R\u00edos Mercado. Las caracter\u00edsticas de infraestructura del [\u2026]","og_url":"https:\/\/ds-barranquilla.org\/de\/nuestro-colegio-cuenta-con-un-lugar-de-aislamiento-para-la-atencion-de-casos-sospechosos-de-covid-19\/","og_site_name":"Colegio Alem\u00e1n - Los Mejores Colegios de Colombia - Colegio Triling\u00fce","article_publisher":"https:\/\/www.facebook.com\/ColegioAlemanBaq\/","article_published_time":"2021-03-05T20:14:10+00:00","article_modified_time":"2023-01-03T20:16:49+00:00","og_image":[{"width":2560,"height":1707,"url":"https:\/\/ds-barranquilla.org\/wp-content\/uploads\/2021\/03\/Lugar-de-Aislamiento-scaled.jpg","type":"image\/jpeg"}],"author":"Comunicaciones Comunicaciones","twitter_card":"summary_large_image","twitter_creator":"@ColegioAlemanBq","twitter_site":"@ColegioAlemanBq","twitter_misc":{"Verfasst von":"Comunicaciones Comunicaciones","Gesch\u00e4tzte Lesezeit":"3\u00a0Minuten"},"schema":{"@context":"https:\/\/schema.org","@graph":[{"@type":"Article","@id":"https:\/\/ds-barranquilla.org\/nuestro-colegio-cuenta-con-un-lugar-de-aislamiento-para-la-atencion-de-casos-sospechosos-de-covid-19\/#article","isPartOf":{"@id":"https:\/\/ds-barranquilla.org\/nuestro-colegio-cuenta-con-un-lugar-de-aislamiento-para-la-atencion-de-casos-sospechosos-de-covid-19\/"},"author":{"name":"Comunicaciones Comunicaciones","@id":"https:\/\/ds-barranquilla.org\/#\/schema\/person\/7bf8790ba89d3480e0551241ccdc8d36"},"headline":"Nuestro colegio cuenta con un Lugar de Aislamiento para la atenci\u00f3n de casos sospechosos de COVID-19","datePublished":"2021-03-05T20:14:10+00:00","dateModified":"2023-01-03T20:16:49+00:00","mainEntityOfPage":{"@id":"https:\/\/ds-barranquilla.org\/nuestro-colegio-cuenta-con-un-lugar-de-aislamiento-para-la-atencion-de-casos-sospechosos-de-covid-19\/"},"wordCount":495,"commentCount":0,"publisher":{"@id":"https:\/\/ds-barranquilla.org\/#organization"},"image":{"@id":"https:\/\/ds-barranquilla.org\/nuestro-colegio-cuenta-con-un-lugar-de-aislamiento-para-la-atencion-de-casos-sospechosos-de-covid-19\/#primaryimage"},"thumbnailUrl":"https:\/\/ds-barranquilla.org\/wp-content\/uploads\/2021\/03\/Lugar-de-Aislamiento-scaled.jpg","articleSection":["2021","Acreditaciones y Calidad"],"inLanguage":"de","potentialAction":[{"@type":"CommentAction","name":"Comment","target":["https:\/\/ds-barranquilla.org\/nuestro-colegio-cuenta-con-un-lugar-de-aislamiento-para-la-atencion-de-casos-sospechosos-de-covid-19\/#respond"]}]},{"@type":"WebPage","@id":"https:\/\/ds-barranquilla.org\/nuestro-colegio-cuenta-con-un-lugar-de-aislamiento-para-la-atencion-de-casos-sospechosos-de-covid-19\/","url":"https:\/\/ds-barranquilla.org\/nuestro-colegio-cuenta-con-un-lugar-de-aislamiento-para-la-atencion-de-casos-sospechosos-de-covid-19\/","name":"Nuestro colegio cuenta con un Lugar de Aislamiento para la atenci\u00f3n de casos sospechosos de COVID-19 - 2026","isPartOf":{"@id":"https:\/\/ds-barranquilla.org\/#website"},"primaryImageOfPage":{"@id":"https:\/\/ds-barranquilla.org\/nuestro-colegio-cuenta-con-un-lugar-de-aislamiento-para-la-atencion-de-casos-sospechosos-de-covid-19\/#primaryimage"},"image":{"@id":"https:\/\/ds-barranquilla.org\/nuestro-colegio-cuenta-con-un-lugar-de-aislamiento-para-la-atencion-de-casos-sospechosos-de-covid-19\/#primaryimage"},"thumbnailUrl":"https:\/\/ds-barranquilla.org\/wp-content\/uploads\/2021\/03\/Lugar-de-Aislamiento-scaled.jpg","datePublished":"2021-03-05T20:14:10+00:00","dateModified":"2023-01-03T20:16:49+00:00","breadcrumb":{"@id":"https:\/\/ds-barranquilla.org\/nuestro-colegio-cuenta-con-un-lugar-de-aislamiento-para-la-atencion-de-casos-sospechosos-de-covid-19\/#breadcrumb"},"inLanguage":"de","potentialAction":[{"@type":"ReadAction","target":["https:\/\/ds-barranquilla.org\/nuestro-colegio-cuenta-con-un-lugar-de-aislamiento-para-la-atencion-de-casos-sospechosos-de-covid-19\/"]}]},{"@type":"ImageObject","inLanguage":"de","@id":"https:\/\/ds-barranquilla.org\/nuestro-colegio-cuenta-con-un-lugar-de-aislamiento-para-la-atencion-de-casos-sospechosos-de-covid-19\/#primaryimage","url":"https:\/\/ds-barranquilla.org\/wp-content\/uploads\/2021\/03\/Lugar-de-Aislamiento-scaled.jpg","contentUrl":"https:\/\/ds-barranquilla.org\/wp-content\/uploads\/2021\/03\/Lugar-de-Aislamiento-scaled.jpg","width":2560,"height":1707},{"@type":"BreadcrumbList","@id":"https:\/\/ds-barranquilla.org\/nuestro-colegio-cuenta-con-un-lugar-de-aislamiento-para-la-atencion-de-casos-sospechosos-de-covid-19\/#breadcrumb","itemListElement":[{"@type":"ListItem","position":1,"name":"Portada","item":"https:\/\/ds-barranquilla.org\/"},{"@type":"ListItem","position":2,"name":"Nuestro colegio cuenta con un Lugar de Aislamiento para la atenci\u00f3n de casos sospechosos de COVID-19"}]},{"@type":"WebSite","@id":"https:\/\/ds-barranquilla.org\/#website","url":"https:\/\/ds-barranquilla.org\/","name":"Colegio Alem\u00e1n - Los Mejores Colegios de Colombia - Colegio Triling\u00fce","description":"Colegio Alem\u00e1n  Barranquilla Colombia - Colegio Biling\u00fce - Triling\u00fce - El Mejor Colegio de Colombia","publisher":{"@id":"https:\/\/ds-barranquilla.org\/#organization"},"potentialAction":[{"@type":"SearchAction","target":{"@type":"EntryPoint","urlTemplate":"https:\/\/ds-barranquilla.org\/?s={search_term_string}"},"query-input":"required name=search_term_string"}],"inLanguage":"de"},{"@type":"Organization","@id":"https:\/\/ds-barranquilla.org\/#organization","name":"Colegio Alem\u00e1n Barranquilla","url":"https:\/\/ds-barranquilla.org\/","logo":{"@type":"ImageObject","inLanguage":"de","@id":"https:\/\/ds-barranquilla.org\/#\/schema\/logo\/image\/","url":"https:\/\/ds-barranquilla.org\/wp-content\/uploads\/2021\/05\/coleman_logo_2.png","contentUrl":"https:\/\/ds-barranquilla.org\/wp-content\/uploads\/2021\/05\/coleman_logo_2.png","width":418,"height":307,"caption":"Colegio Alem\u00e1n Barranquilla"},"image":{"@id":"https:\/\/ds-barranquilla.org\/#\/schema\/logo\/image\/"},"sameAs":["https:\/\/www.facebook.com\/ColegioAlemanBaq\/","https:\/\/x.com\/ColegioAlemanBq","https:\/\/www.instagram.com\/colegioalemanbaq\/","https:\/\/www.linkedin.com\/school\/deutsche-schule-barranquilla\/","https:\/\/www.youtube.com\/channel\/UCOOGZQCVs6aYRqIWvSN5agQ"]},{"@type":"Person","@id":"https:\/\/ds-barranquilla.org\/#\/schema\/person\/7bf8790ba89d3480e0551241ccdc8d36","name":"Comunicaciones Comunicaciones","image":{"@type":"ImageObject","inLanguage":"de","@id":"https:\/\/ds-barranquilla.org\/#\/schema\/person\/image\/","url":"https:\/\/secure.gravatar.com\/avatar\/a66ba9484a4338d81d6bea750e595038?s=96&d=mm&r=g","contentUrl":"https:\/\/secure.gravatar.com\/avatar\/a66ba9484a4338d81d6bea750e595038?s=96&d=mm&r=g","caption":"Comunicaciones Comunicaciones"}}]}},"_links":{"self":[{"href":"https:\/\/ds-barranquilla.org\/de\/wp-json\/wp\/v2\/posts\/6680"}],"collection":[{"href":"https:\/\/ds-barranquilla.org\/de\/wp-json\/wp\/v2\/posts"}],"about":[{"href":"https:\/\/ds-barranquilla.org\/de\/wp-json\/wp\/v2\/types\/post"}],"author":[{"embeddable":true,"href":"https:\/\/ds-barranquilla.org\/de\/wp-json\/wp\/v2\/users\/16"}],"replies":[{"embeddable":true,"href":"https:\/\/ds-barranquilla.org\/de\/wp-json\/wp\/v2\/comments?post=6680"}],"version-history":[{"count":5,"href":"https:\/\/ds-barranquilla.org\/de\/wp-json\/wp\/v2\/posts\/6680\/revisions"}],"predecessor-version":[{"id":14792,"href":"https:\/\/ds-barranquilla.org\/de\/wp-json\/wp\/v2\/posts\/6680\/revisions\/14792"}],"wp:featuredmedia":[{"embeddable":true,"href":"https:\/\/ds-barranquilla.org\/de\/wp-json\/wp\/v2\/media\/6681"}],"wp:attachment":[{"href":"https:\/\/ds-barranquilla.org\/de\/wp-json\/wp\/v2\/media?parent=6680"}],"wp:term":[{"taxonomy":"category","embeddable":true,"href":"https:\/\/ds-barranquilla.org\/de\/wp-json\/wp\/v2\/categories?post=6680"},{"taxonomy":"post_tag","embeddable":true,"href":"https:\/\/ds-barranquilla.org\/de\/wp-json\/wp\/v2\/tags?post=6680"}],"curies":[{"name":"wp","href":"https:\/\/api.w.org\/{rel}","templated":true}]}}