{"id":6683,"date":"2021-03-05T15:20:09","date_gmt":"2021-03-05T20:20:09","guid":{"rendered":"https:\/\/ds-barranquilla.org\/?p=6683"},"modified":"2023-01-03T15:09:15","modified_gmt":"2023-01-03T20:09:15","slug":"los-retos-de-nuestros-docentes-en-el-manejo-simultaneo-de-la-presencialidad-y-la-virtualidad","status":"publish","type":"post","link":"https:\/\/ds-barranquilla.org\/de\/los-retos-de-nuestros-docentes-en-el-manejo-simultaneo-de-la-presencialidad-y-la-virtualidad\/","title":{"rendered":"Die Herausforderungen unserer LehrerInnen im Umgang mit dem Hybridunterricht"},"content":{"rendered":"<h4>Die Herausforderungen unserer LehrerInnen im Umgang mit dem Hybridunterricht<\/h4>\n<p><strong>Geschrieben von: Jos\u00e9 R\u00edos Mercado.<\/strong><\/p>\n<p>Die gleichzeitige Arbeit mit Sch\u00fclergruppen zu Hause und in der Schule ist eine gro\u00dfe Herausforderung f\u00fcr unsere LehrerInnen. Wir haben mit drei LehrerInnen aus den verschiedenen Sektionen unserer Schule gesprochen, die uns ausf\u00fchrlich \u00fcber ihre Erfahrungen berichten.<\/p>\n<p><strong>Karen Gr\u00fcnwaldt \u2013 Kinderg\u00e4rtnerin<\/strong><\/p>\n<p><strong>Wie sah Ihre Vorbereitung aus, um diese Doppelrolle (gleichzeitiges Unterrichten von Sch\u00fclergruppen in der Schule und Zuhause) \u00fcbernehmen zu k\u00f6nnen?<\/strong><\/p>\n<p>Meine Denkweise zu \u00e4ndern, war mein erster Schritt, um diese Doppelrolle zu \u00fcbernehmen. Die Pandemie hat uns gelehrt, dass die Art und Weise, wie wir auf eine Situation reagieren, uns auch zu besseren Strategien oder Lernwerkzeugen f\u00fchren kann. Hervorzuheben ist auch die Teamarbeit, bei der wir alle voneinander lernen und immer sehr offen n\u00fctzliche Erfahrungen f\u00fcr einen effektiven Unterricht miteinander teilen.<\/p>\n<p><strong>Was war das Einfachste und das Schwierigste an dieser Arbeit?<\/strong><\/p>\n<p>Das Schwierigste war zweifellos, uns neu zu erfinden, aus unserer Komfortzone herauszukommen und in einer v\u00f6llig neuen Lernumgebung zu denken. Es war nicht einfach, aber mit viel Engagement l\u00e4sst sich alles erreichen, immer unter der Pr\u00e4misse, dass ich liebe, was ich tue, und m\u00f6chte, dass sich meine Kinder dabei wohlf\u00fchlen und gl\u00fccklich sind. Deshalb ist es wichtig, immer klare Lernziele zu haben.<\/p>\n<p><strong>Was tr\u00e4gt dieses neue Szenario zu Ihrem beruflichen und pers\u00f6nlichen Wachstum bei?<\/strong><\/p>\n<p>Alles in diesem Leben tr\u00e4gt dazu bei, dass wir uns innerlich weiterentwickeln \u2013 dazu z\u00e4hlen auch die Erfahrungen, die nicht so angenehm sind. Die Pandemie hat mich dazu gef\u00fchrt, mich selbst besser kennenzulernen, mich neu zu erfinden, jeden Tag etwas Neues zu lernen sowie meine F\u00e4higkeiten des Zuh\u00f6rens und der aktiven Beobachtung zu entwickeln, sodass ich effektiv und schnell auf die Bed\u00fcrfnisse meiner Sch\u00fclerInnen reagieren kann.<\/p>\n<p><strong>Wie stellen Sie sich die neue Normalit\u00e4t (in Bezug auf die Lehre) in den kommenden Jahren vor?<\/strong><\/p>\n<p>Ich m\u00f6chte mit einem Zitat des amerikanischen Schriftstellers und Philosophen Eric Hoffer beginnen: \"In Zeiten des Wandels werden diejenigen, die offen sind zu lernen, die Zukunft besitzen, w\u00e4hrend diejenigen, die glauben, alles zu wissen, f\u00fcr eine Welt ger\u00fcstet sein werden, die es nicht mehr gibt\". Ich m\u00f6chte auf dieser Aussage aufbauen, indem ich erkenne, dass wir als LehrerInnen eine optimistische Zukunft sehen, aber wir m\u00fcssen bereit sein, uns zu ver\u00e4ndern und erkennen, dass wir nicht immer alles wissen und dass die Technologie unser neuer Verb\u00fcndeter ist.<\/p>\n<p>Die Zeiten haben sich ge\u00e4ndert und damit auch die Bed\u00fcrfnisse unserer Sch\u00fclerInnen. Wir lehren nicht mehr f\u00fcr eine Welt des Wissens, wir lehren f\u00fcr eine Welt der Herausforderungen und des st\u00e4ndigen Wandels. Kurz gesagt, es handelt sich nicht mehr um ein lineares oder statisches Lernen, sondern um ein Lernen, das uns zur L\u00f6sung von Problemen in einer ungewissen Zukunft f\u00fchren kann.<\/p>\n<p>Was wir nie verlieren d\u00fcrfen, ist Empathie und Sensibilit\u00e4t gegen\u00fcber unseren Kindern und vor allem Respekt vor ihren eigenen Lernprozessen. Unsere Ausbildung zielt auf das Sein, nicht auf das Tun. Wenn es eine emotionale Verbindung gibt, dann gibt es auch Lernen, egal in welchem Szenario.<\/p>\n<p>\u2014\u2014\u2014-<\/p>\n<p><strong>Guimel Rinc\u00f3n \u2013 Grundschullehrerin:<\/strong><\/p>\n<p><strong>Wie sah Ihre Vorbereitung aus, um diese Doppelrolle (gleichzeitiges Unterrichten von Sch\u00fclergruppen in der Schule und Zuhause) \u00fcbernehmen zu k\u00f6nnen?<\/strong><\/p>\n<p>Das letzte Jahr hat mir erlaubt, viel mehr \u00fcber den Einsatz von technologischen Werkzeugen zu lernen und sie an ein virtuelles Szenario anzupassen. Deshalb war der Prozess f\u00fcr mich, als ich mit der Arbeit im Alternanzmodell anfing, relativ einfach, da ich mich mit der Technologie gut auskannte und in der Lage war, Materialien zu entwerfen, mit dem beide Gruppen (face-to-face und virtuell) arbeiten konnten. Die Verwendung von Plattformen wie Teams und deren Konfiguration war dabei entscheidend und hing von der Art der Interaktion ab, mit der ich im Rahmen der Unterrichtsaktivit\u00e4ten arbeiten wollte (Sollen die Kinder im Klassenzimmer den Kindern zu Hause zuh\u00f6ren oder umgekehrt? M\u00f6chte ich, dass sie ein Gespr\u00e4ch untereinander aufbauen? M\u00f6chte ich, dass eine Gruppe an einer Sache und die andere Gruppe an einer anderen arbeitet?).<\/p>\n<p><strong>Was war das Einfachste und das Schwierigste bei der Entwicklung dieser Arbeit?<\/strong><\/p>\n<p>Das Zuh\u00f6ren der Sch\u00fclerInnen war ab und an ein bisschen schwierig, da es mir gelegentlich passierte, dass beide Gruppen gleichzeitig mit mir sprachen. Deshalb muss ich aufmerksam sein und versuchen, rechtzeitig auf die aufkommenden Bed\u00fcrfnisse einzugehen, damit alle das Gef\u00fchl hatten, geh\u00f6rt zu werden.<\/p>\n<p><strong>Was tr\u00e4gt dieses neue Szenario zu Ihrem beruflichen und pers\u00f6nlichen Wachstum bei?<\/strong><\/p>\n<p>Dieses neue Szenario hat einen gro\u00dfen Beitrag zu meinem beruflichen Wachstum geleistet, da ich mehr \u00fcber technologische Werkzeuge und deren Einsatzm\u00f6glichkeiten lernen konnte und die M\u00f6glichkeit hatte, dieses Wissen mit anderen KollegInnen zu teilen. Ich habe auch mehr \u00fcber Didaktik und Methodik gelernt und deshalb habe ich entsprechend der aktuellen Situation versucht, Aktivit\u00e4ten zu entwickeln, die die Lernrhythmen der Kinder und ihre unterschiedlichen Pers\u00f6nlichkeiten ber\u00fccksichtigen.<\/p>\n<p><strong>Wie stellen Sie sich die neue Normalit\u00e4t (in Bezug auf die Lehre) in den kommenden Jahren vor?<\/strong><\/p>\n<p>Ich denke, es wird eine Situation sein, in der wir alle mit digitalen Medien arbeiten k\u00f6nnen. Wir sind alle dazu in der Lage, Aktivit\u00e4ten durchzuf\u00fchren, die bisher nur f\u00fcr den Face-to-Face-Unterricht konzipiert waren. Jetzt k\u00f6nnen wir sie aber auch in einer hybriden Umgebung anwenden. Wir LehrerInnen m\u00fcssen uns \u00fcber die neuesten Themen in den Bereichen Bildung und Technologie auf dem Laufenden halten, denn die Welt bewegt sich weiter und wir m\u00fcssen mit ihr gehen.<\/p>\n<p>\u2014\u2014\u2014-<\/p>\n<p><strong>Luis Fernando L\u00f3pez \u2013 Lehrer der Sekundarstufe:<\/strong><\/p>\n<p><strong>Wie sah Ihre Vorbereitung aus, um diese Doppelrolle (gleichzeitiges Unterrichten von Sch\u00fclergruppen in der Schule und Zuhause) \u00fcbernehmen zu k\u00f6nnen?<\/strong><\/p>\n<p>Da wir uns aufgrund von COVID-19 mitten in einer globalen Krise befinden, ist es notwendig, dass die R\u00fcckkehr in unsere Schule auf schrittweise Art und Weise erfolgt, um das Risiko einer Ansteckung zu verringern. Dabei muss angemerkt werden, dass die Schule alle logistischen Mittel einsetzt, damit sich die Bildungsgemeinschaft sicher f\u00fchlt.<\/p>\n<p>In Bezug auf die p\u00e4dagogische Vorbereitung haben wir im Fachbereich f\u00fcr Sozialkunde dar\u00fcber nachgedacht, wie wir sowohl die Sch\u00fclerInnen, die vor Ort in der Schule sein w\u00fcrden, als auch diejenigen, die zu Hause bleiben mit einbeziehen k\u00f6nnen. Die Aktivit\u00e4ten wurden entsprechend auf beide Gruppen ausgerichtet und zwar so, dass beide Gruppen jederzeit in das Unterrichtsgeschehen involviert werden konnten.<\/p>\n<p>Es kam daher auch zu Interaktionen zwischen beiden Gruppen und ich m\u00f6chte betonen, dass die pers\u00f6nliche Beziehung, die ich zu meinen Gruppen habe, dabei eine wichtige Rolle gespielt hat, da diese Erfahrung grundlegend daf\u00fcr ist, dass die Sch\u00fclerInnen sich sicher f\u00fchlen, egal ob im Klassenzimmer oder zu Hause.<\/p>\n<p><strong>Was war das Einfachste und das Schwierigste an dieser Arbeit?<\/strong><\/p>\n<p>Am einfachsten war es, meine Sch\u00fclerInnen zu erreichen. Ich wiederhole, dass die pers\u00f6nliche Verbindung zu ihnen eine entscheidende Rolle bei jeder Aktion oder p\u00e4dagogischen Handlung spielt: die Sch\u00fclerInnen stehen im Zentrum der Aktivit\u00e4ten und wir kommen ihnen n\u00e4her, wenn sie bereit sind, ihr Herz zu \u00f6ffnen. Wenn dies geschieht, ist der p\u00e4dagogische Aspekt in hohem Ma\u00dfe gesichert.<\/p>\n<p>Das Schwierigste ist etwas, was allen fremd ist: zu h\u00f6ren, dass sie sich in der Schule wohler f\u00fchlen als zu Hause, und wir ihnen als Schule aufgrund der schrecklichen globalen Situation nicht die M\u00f6glichkeit bieten k\u00f6nnen, uns t\u00e4glich in der Schule um sie zu k\u00fcmmern.<\/p>\n<p><strong>Was tr\u00e4gt dieses neue Szenario zu Ihrem beruflichen und pers\u00f6nlichen Wachstum bei?<\/strong><\/p>\n<p>Diese Situation hat mich dazu gebracht, die Inhalte aus meinem Studium erneut zu sichten, und mich selbstst\u00e4ndig weiterzubilden, indem ich beispielsweise Artikel und Ratschl\u00e4ge von Experten und Forschern zu diesem Thema gelesen habe. Diese Ressourcen sind im Moment sehr wertvoll und es gibt viele Artikel mit starken Inhalten und Argumenten.<\/p>\n<p>Ich habe bereits Erfahrungen im Pr\u00e4senz- und Fernunterricht gesammelt, allerdings getrennt voneinander. Dieses neue Szenario bedeutete eine Herausforderung, die, um die Wahrheit zu sagen, erfreulich ist. Die Erfahrung, mit Sch\u00fclerInnen vor Ort zu arbeiten und gleichzeitig mit Sch\u00fclerInnen zu Hause, die untereinander durch technologische Mittel miteinander verbunden sind, ist sehr gewinnbringend. Diese Erfahrung hat mir gezeigt, dass es m\u00f6glich ist, mit Hingabe und Anstrengung, den Bildungsprozess in der Deutschen Schule Barranquilla auf eine sichere Art und Weise voranzubringen.<\/p>\n<p><strong>Wie stellen Sie sich die neue Normalit\u00e4t (in Bezug auf die Lehre) in den kommenden Jahren vor?<\/strong><\/p>\n<p>Die Herausforderung f\u00fcr den Unterricht besteht darin, dass wir trotz der Einschr\u00e4nkungen, die wir weiterhin haben werden (dazu geh\u00f6ren neben der Kontaktbeschr\u00e4nkungen und Maskenpflicht auch Einschr\u00e4nkungen in Bezug auf die Nutzung der Unterrichtsmaterialien), n\u00e4her an den Sch\u00fcler herankommen und solide und anhaltende Br\u00fccken bauen m\u00fcssen, die nicht mehr physisch, sondern emotional sind. Zweifelsohne wird es auch nach der Impfung noch einige Jahre so weitergehen, folgt man der Meinung von Experten auf dem Gebiet. Das wird unsere Normalit\u00e4t sein.<\/p>\n<p>Wir haben jedoch die M\u00f6glichkeit, die Auswirkungen dieser lebensver\u00e4ndernden Umst\u00e4nde, die unsere Sch\u00fclerInnen erleben, dank dieser Br\u00fccke, die ich gerade erw\u00e4hnt habe, zu mildern. Je \"n\u00e4her\" wir unseren Sch\u00fclerInnen sind, desto offener werden sie f\u00fcr die p\u00e4dagogischen Angebote sein, die wir ihnen machen. So wie sich philosophische Ideen den Ereignissen anpassen, so ist nach John Deweys Idee auch das p\u00e4dagogische Denken evolution\u00e4r. Wir sind daher bereit, den Anforderungen, die die Realit\u00e4t an uns stellt, zu begegnen.<\/p>","protected":false},"excerpt":{"rendered":"<p>Los retos de nuestros docentes en el manejo simult\u00e1neo de la Presencialidad y la Virtualidad Creado por: Jos\u00e9 R\u00edos Mercado. En un gran reto se ha<span class=\"excerpt-hellip\"> [\u2026]<\/span><\/p>","protected":false},"author":16,"featured_media":6684,"comment_status":"open","ping_status":"open","sticky":false,"template":"","format":"standard","meta":{"_exactmetrics_skip_tracking":false,"_exactmetrics_sitenote_active":false,"_exactmetrics_sitenote_note":"","_exactmetrics_sitenote_category":0,"_joinchat":[],"footnotes":""},"categories":[681,677,676,710],"tags":[],"class_list":["post-6683","post","type-post","status-publish","format-standard","has-post-thumbnail","hentry","category-681","category-kindergarten","category-primaria","category-secundaria"],"yoast_head":"<!-- This site is optimized with the Yoast SEO plugin v23.3 - https:\/\/yoast.com\/wordpress\/plugins\/seo\/ -->\n<title>Los retos de nuestros docentes en el manejo simult\u00e1neo de la Presencialidad y la Virtualidad - 2026<\/title>\n<meta name=\"robots\" content=\"noindex, follow, max-snippet:-1, max-image-preview:large, max-video-preview:-1\" \/>\n<meta property=\"og:locale\" content=\"de_DE\" \/>\n<meta property=\"og:type\" content=\"article\" \/>\n<meta property=\"og:title\" content=\"Los retos de nuestros docentes en el manejo simult\u00e1neo de la Presencialidad y la Virtualidad - 2026\" \/>\n<meta property=\"og:description\" content=\"Los retos de nuestros docentes en el manejo simult\u00e1neo de la Presencialidad y la Virtualidad Creado por: Jos\u00e9 R\u00edos Mercado. En un gran reto se ha [\u2026]\" \/>\n<meta property=\"og:url\" content=\"https:\/\/ds-barranquilla.org\/de\/los-retos-de-nuestros-docentes-en-el-manejo-simultaneo-de-la-presencialidad-y-la-virtualidad\/\" \/>\n<meta property=\"og:site_name\" content=\"Colegio Alem\u00e1n - Los Mejores Colegios de Colombia - Colegio Triling\u00fce\" \/>\n<meta property=\"article:publisher\" content=\"https:\/\/www.facebook.com\/ColegioAlemanBaq\/\" \/>\n<meta property=\"article:published_time\" content=\"2021-03-05T20:20:09+00:00\" \/>\n<meta property=\"article:modified_time\" content=\"2023-01-03T20:09:15+00:00\" \/>\n<meta property=\"og:image\" content=\"https:\/\/ds-barranquilla.org\/wp-content\/uploads\/2021\/03\/Docentes-scaled.jpg\" \/>\n\t<meta property=\"og:image:width\" content=\"2560\" \/>\n\t<meta property=\"og:image:height\" content=\"1707\" \/>\n\t<meta property=\"og:image:type\" content=\"image\/jpeg\" \/>\n<meta name=\"author\" content=\"Comunicaciones Comunicaciones\" \/>\n<meta name=\"twitter:card\" content=\"summary_large_image\" \/>\n<meta name=\"twitter:creator\" content=\"@ColegioAlemanBq\" \/>\n<meta name=\"twitter:site\" content=\"@ColegioAlemanBq\" \/>\n<meta name=\"twitter:label1\" content=\"Verfasst von\" \/>\n\t<meta name=\"twitter:data1\" content=\"Comunicaciones Comunicaciones\" \/>\n\t<meta name=\"twitter:label2\" content=\"Gesch\u00e4tzte Lesezeit\" \/>\n\t<meta name=\"twitter:data2\" content=\"7\u00a0Minuten\" \/>\n<script type=\"application\/ld+json\" class=\"yoast-schema-graph\">{\"@context\":\"https:\/\/schema.org\",\"@graph\":[{\"@type\":\"Article\",\"@id\":\"https:\/\/ds-barranquilla.org\/los-retos-de-nuestros-docentes-en-el-manejo-simultaneo-de-la-presencialidad-y-la-virtualidad\/#article\",\"isPartOf\":{\"@id\":\"https:\/\/ds-barranquilla.org\/los-retos-de-nuestros-docentes-en-el-manejo-simultaneo-de-la-presencialidad-y-la-virtualidad\/\"},\"author\":{\"name\":\"Comunicaciones Comunicaciones\",\"@id\":\"https:\/\/ds-barranquilla.org\/#\/schema\/person\/7bf8790ba89d3480e0551241ccdc8d36\"},\"headline\":\"Los retos de nuestros docentes en el manejo simult\u00e1neo de la Presencialidad y la Virtualidad\",\"datePublished\":\"2021-03-05T20:20:09+00:00\",\"dateModified\":\"2023-01-03T20:09:15+00:00\",\"mainEntityOfPage\":{\"@id\":\"https:\/\/ds-barranquilla.org\/los-retos-de-nuestros-docentes-en-el-manejo-simultaneo-de-la-presencialidad-y-la-virtualidad\/\"},\"wordCount\":1685,\"commentCount\":0,\"publisher\":{\"@id\":\"https:\/\/ds-barranquilla.org\/#organization\"},\"image\":{\"@id\":\"https:\/\/ds-barranquilla.org\/los-retos-de-nuestros-docentes-en-el-manejo-simultaneo-de-la-presencialidad-y-la-virtualidad\/#primaryimage\"},\"thumbnailUrl\":\"https:\/\/ds-barranquilla.org\/wp-content\/uploads\/2021\/03\/Docentes-scaled.jpg\",\"articleSection\":[\"2021\",\"Kindergarten\",\"Primaria\",\"Secundaria\"],\"inLanguage\":\"de\",\"potentialAction\":[{\"@type\":\"CommentAction\",\"name\":\"Comment\",\"target\":[\"https:\/\/ds-barranquilla.org\/los-retos-de-nuestros-docentes-en-el-manejo-simultaneo-de-la-presencialidad-y-la-virtualidad\/#respond\"]}]},{\"@type\":\"WebPage\",\"@id\":\"https:\/\/ds-barranquilla.org\/los-retos-de-nuestros-docentes-en-el-manejo-simultaneo-de-la-presencialidad-y-la-virtualidad\/\",\"url\":\"https:\/\/ds-barranquilla.org\/los-retos-de-nuestros-docentes-en-el-manejo-simultaneo-de-la-presencialidad-y-la-virtualidad\/\",\"name\":\"Los retos de nuestros docentes en el manejo simult\u00e1neo de la Presencialidad y la Virtualidad - 2026\",\"isPartOf\":{\"@id\":\"https:\/\/ds-barranquilla.org\/#website\"},\"primaryImageOfPage\":{\"@id\":\"https:\/\/ds-barranquilla.org\/los-retos-de-nuestros-docentes-en-el-manejo-simultaneo-de-la-presencialidad-y-la-virtualidad\/#primaryimage\"},\"image\":{\"@id\":\"https:\/\/ds-barranquilla.org\/los-retos-de-nuestros-docentes-en-el-manejo-simultaneo-de-la-presencialidad-y-la-virtualidad\/#primaryimage\"},\"thumbnailUrl\":\"https:\/\/ds-barranquilla.org\/wp-content\/uploads\/2021\/03\/Docentes-scaled.jpg\",\"datePublished\":\"2021-03-05T20:20:09+00:00\",\"dateModified\":\"2023-01-03T20:09:15+00:00\",\"breadcrumb\":{\"@id\":\"https:\/\/ds-barranquilla.org\/los-retos-de-nuestros-docentes-en-el-manejo-simultaneo-de-la-presencialidad-y-la-virtualidad\/#breadcrumb\"},\"inLanguage\":\"de\",\"potentialAction\":[{\"@type\":\"ReadAction\",\"target\":[\"https:\/\/ds-barranquilla.org\/los-retos-de-nuestros-docentes-en-el-manejo-simultaneo-de-la-presencialidad-y-la-virtualidad\/\"]}]},{\"@type\":\"ImageObject\",\"inLanguage\":\"de\",\"@id\":\"https:\/\/ds-barranquilla.org\/los-retos-de-nuestros-docentes-en-el-manejo-simultaneo-de-la-presencialidad-y-la-virtualidad\/#primaryimage\",\"url\":\"https:\/\/ds-barranquilla.org\/wp-content\/uploads\/2021\/03\/Docentes-scaled.jpg\",\"contentUrl\":\"https:\/\/ds-barranquilla.org\/wp-content\/uploads\/2021\/03\/Docentes-scaled.jpg\",\"width\":2560,\"height\":1707},{\"@type\":\"BreadcrumbList\",\"@id\":\"https:\/\/ds-barranquilla.org\/los-retos-de-nuestros-docentes-en-el-manejo-simultaneo-de-la-presencialidad-y-la-virtualidad\/#breadcrumb\",\"itemListElement\":[{\"@type\":\"ListItem\",\"position\":1,\"name\":\"Portada\",\"item\":\"https:\/\/ds-barranquilla.org\/\"},{\"@type\":\"ListItem\",\"position\":2,\"name\":\"Los retos de nuestros docentes en el manejo simult\u00e1neo de la Presencialidad y la Virtualidad\"}]},{\"@type\":\"WebSite\",\"@id\":\"https:\/\/ds-barranquilla.org\/#website\",\"url\":\"https:\/\/ds-barranquilla.org\/\",\"name\":\"Colegio Alem\u00e1n - Los Mejores Colegios de Colombia - Colegio Triling\u00fce\",\"description\":\"Colegio Alem\u00e1n  Barranquilla Colombia - Colegio Biling\u00fce - Triling\u00fce - El Mejor Colegio de Colombia\",\"publisher\":{\"@id\":\"https:\/\/ds-barranquilla.org\/#organization\"},\"potentialAction\":[{\"@type\":\"SearchAction\",\"target\":{\"@type\":\"EntryPoint\",\"urlTemplate\":\"https:\/\/ds-barranquilla.org\/?s={search_term_string}\"},\"query-input\":\"required name=search_term_string\"}],\"inLanguage\":\"de\"},{\"@type\":\"Organization\",\"@id\":\"https:\/\/ds-barranquilla.org\/#organization\",\"name\":\"Colegio Alem\u00e1n Barranquilla\",\"url\":\"https:\/\/ds-barranquilla.org\/\",\"logo\":{\"@type\":\"ImageObject\",\"inLanguage\":\"de\",\"@id\":\"https:\/\/ds-barranquilla.org\/#\/schema\/logo\/image\/\",\"url\":\"https:\/\/ds-barranquilla.org\/wp-content\/uploads\/2021\/05\/coleman_logo_2.png\",\"contentUrl\":\"https:\/\/ds-barranquilla.org\/wp-content\/uploads\/2021\/05\/coleman_logo_2.png\",\"width\":418,\"height\":307,\"caption\":\"Colegio Alem\u00e1n Barranquilla\"},\"image\":{\"@id\":\"https:\/\/ds-barranquilla.org\/#\/schema\/logo\/image\/\"},\"sameAs\":[\"https:\/\/www.facebook.com\/ColegioAlemanBaq\/\",\"https:\/\/x.com\/ColegioAlemanBq\",\"https:\/\/www.instagram.com\/colegioalemanbaq\/\",\"https:\/\/www.linkedin.com\/school\/deutsche-schule-barranquilla\/\",\"https:\/\/www.youtube.com\/channel\/UCOOGZQCVs6aYRqIWvSN5agQ\"]},{\"@type\":\"Person\",\"@id\":\"https:\/\/ds-barranquilla.org\/#\/schema\/person\/7bf8790ba89d3480e0551241ccdc8d36\",\"name\":\"Comunicaciones Comunicaciones\",\"image\":{\"@type\":\"ImageObject\",\"inLanguage\":\"de\",\"@id\":\"https:\/\/ds-barranquilla.org\/#\/schema\/person\/image\/\",\"url\":\"https:\/\/secure.gravatar.com\/avatar\/a66ba9484a4338d81d6bea750e595038?s=96&d=mm&r=g\",\"contentUrl\":\"https:\/\/secure.gravatar.com\/avatar\/a66ba9484a4338d81d6bea750e595038?s=96&d=mm&r=g\",\"caption\":\"Comunicaciones Comunicaciones\"}}]}<\/script>\n<!-- \/ Yoast SEO plugin. -->","yoast_head_json":{"title":"Los retos de nuestros docentes en el manejo simult\u00e1neo de la Presencialidad y la Virtualidad - 2026","robots":{"index":"noindex","follow":"follow","max-snippet":"max-snippet:-1","max-image-preview":"max-image-preview:large","max-video-preview":"max-video-preview:-1"},"og_locale":"de_DE","og_type":"article","og_title":"Los retos de nuestros docentes en el manejo simult\u00e1neo de la Presencialidad y la Virtualidad - 2026","og_description":"Los retos de nuestros docentes en el manejo simult\u00e1neo de la Presencialidad y la Virtualidad Creado por: Jos\u00e9 R\u00edos Mercado. En un gran reto se ha [\u2026]","og_url":"https:\/\/ds-barranquilla.org\/de\/los-retos-de-nuestros-docentes-en-el-manejo-simultaneo-de-la-presencialidad-y-la-virtualidad\/","og_site_name":"Colegio Alem\u00e1n - Los Mejores Colegios de Colombia - Colegio Triling\u00fce","article_publisher":"https:\/\/www.facebook.com\/ColegioAlemanBaq\/","article_published_time":"2021-03-05T20:20:09+00:00","article_modified_time":"2023-01-03T20:09:15+00:00","og_image":[{"width":2560,"height":1707,"url":"https:\/\/ds-barranquilla.org\/wp-content\/uploads\/2021\/03\/Docentes-scaled.jpg","type":"image\/jpeg"}],"author":"Comunicaciones Comunicaciones","twitter_card":"summary_large_image","twitter_creator":"@ColegioAlemanBq","twitter_site":"@ColegioAlemanBq","twitter_misc":{"Verfasst von":"Comunicaciones Comunicaciones","Gesch\u00e4tzte Lesezeit":"7\u00a0Minuten"},"schema":{"@context":"https:\/\/schema.org","@graph":[{"@type":"Article","@id":"https:\/\/ds-barranquilla.org\/los-retos-de-nuestros-docentes-en-el-manejo-simultaneo-de-la-presencialidad-y-la-virtualidad\/#article","isPartOf":{"@id":"https:\/\/ds-barranquilla.org\/los-retos-de-nuestros-docentes-en-el-manejo-simultaneo-de-la-presencialidad-y-la-virtualidad\/"},"author":{"name":"Comunicaciones Comunicaciones","@id":"https:\/\/ds-barranquilla.org\/#\/schema\/person\/7bf8790ba89d3480e0551241ccdc8d36"},"headline":"Los retos de nuestros docentes en el manejo simult\u00e1neo de la Presencialidad y la Virtualidad","datePublished":"2021-03-05T20:20:09+00:00","dateModified":"2023-01-03T20:09:15+00:00","mainEntityOfPage":{"@id":"https:\/\/ds-barranquilla.org\/los-retos-de-nuestros-docentes-en-el-manejo-simultaneo-de-la-presencialidad-y-la-virtualidad\/"},"wordCount":1685,"commentCount":0,"publisher":{"@id":"https:\/\/ds-barranquilla.org\/#organization"},"image":{"@id":"https:\/\/ds-barranquilla.org\/los-retos-de-nuestros-docentes-en-el-manejo-simultaneo-de-la-presencialidad-y-la-virtualidad\/#primaryimage"},"thumbnailUrl":"https:\/\/ds-barranquilla.org\/wp-content\/uploads\/2021\/03\/Docentes-scaled.jpg","articleSection":["2021","Kindergarten","Primaria","Secundaria"],"inLanguage":"de","potentialAction":[{"@type":"CommentAction","name":"Comment","target":["https:\/\/ds-barranquilla.org\/los-retos-de-nuestros-docentes-en-el-manejo-simultaneo-de-la-presencialidad-y-la-virtualidad\/#respond"]}]},{"@type":"WebPage","@id":"https:\/\/ds-barranquilla.org\/los-retos-de-nuestros-docentes-en-el-manejo-simultaneo-de-la-presencialidad-y-la-virtualidad\/","url":"https:\/\/ds-barranquilla.org\/los-retos-de-nuestros-docentes-en-el-manejo-simultaneo-de-la-presencialidad-y-la-virtualidad\/","name":"Los retos de nuestros docentes en el manejo simult\u00e1neo de la Presencialidad y la Virtualidad - 2026","isPartOf":{"@id":"https:\/\/ds-barranquilla.org\/#website"},"primaryImageOfPage":{"@id":"https:\/\/ds-barranquilla.org\/los-retos-de-nuestros-docentes-en-el-manejo-simultaneo-de-la-presencialidad-y-la-virtualidad\/#primaryimage"},"image":{"@id":"https:\/\/ds-barranquilla.org\/los-retos-de-nuestros-docentes-en-el-manejo-simultaneo-de-la-presencialidad-y-la-virtualidad\/#primaryimage"},"thumbnailUrl":"https:\/\/ds-barranquilla.org\/wp-content\/uploads\/2021\/03\/Docentes-scaled.jpg","datePublished":"2021-03-05T20:20:09+00:00","dateModified":"2023-01-03T20:09:15+00:00","breadcrumb":{"@id":"https:\/\/ds-barranquilla.org\/los-retos-de-nuestros-docentes-en-el-manejo-simultaneo-de-la-presencialidad-y-la-virtualidad\/#breadcrumb"},"inLanguage":"de","potentialAction":[{"@type":"ReadAction","target":["https:\/\/ds-barranquilla.org\/los-retos-de-nuestros-docentes-en-el-manejo-simultaneo-de-la-presencialidad-y-la-virtualidad\/"]}]},{"@type":"ImageObject","inLanguage":"de","@id":"https:\/\/ds-barranquilla.org\/los-retos-de-nuestros-docentes-en-el-manejo-simultaneo-de-la-presencialidad-y-la-virtualidad\/#primaryimage","url":"https:\/\/ds-barranquilla.org\/wp-content\/uploads\/2021\/03\/Docentes-scaled.jpg","contentUrl":"https:\/\/ds-barranquilla.org\/wp-content\/uploads\/2021\/03\/Docentes-scaled.jpg","width":2560,"height":1707},{"@type":"BreadcrumbList","@id":"https:\/\/ds-barranquilla.org\/los-retos-de-nuestros-docentes-en-el-manejo-simultaneo-de-la-presencialidad-y-la-virtualidad\/#breadcrumb","itemListElement":[{"@type":"ListItem","position":1,"name":"Portada","item":"https:\/\/ds-barranquilla.org\/"},{"@type":"ListItem","position":2,"name":"Los retos de nuestros docentes en el manejo simult\u00e1neo de la Presencialidad y la Virtualidad"}]},{"@type":"WebSite","@id":"https:\/\/ds-barranquilla.org\/#website","url":"https:\/\/ds-barranquilla.org\/","name":"Colegio Alem\u00e1n - Los Mejores Colegios de Colombia - Colegio Triling\u00fce","description":"Colegio Alem\u00e1n  Barranquilla Colombia - Colegio Biling\u00fce - Triling\u00fce - El Mejor Colegio de Colombia","publisher":{"@id":"https:\/\/ds-barranquilla.org\/#organization"},"potentialAction":[{"@type":"SearchAction","target":{"@type":"EntryPoint","urlTemplate":"https:\/\/ds-barranquilla.org\/?s={search_term_string}"},"query-input":"required name=search_term_string"}],"inLanguage":"de"},{"@type":"Organization","@id":"https:\/\/ds-barranquilla.org\/#organization","name":"Colegio Alem\u00e1n Barranquilla","url":"https:\/\/ds-barranquilla.org\/","logo":{"@type":"ImageObject","inLanguage":"de","@id":"https:\/\/ds-barranquilla.org\/#\/schema\/logo\/image\/","url":"https:\/\/ds-barranquilla.org\/wp-content\/uploads\/2021\/05\/coleman_logo_2.png","contentUrl":"https:\/\/ds-barranquilla.org\/wp-content\/uploads\/2021\/05\/coleman_logo_2.png","width":418,"height":307,"caption":"Colegio Alem\u00e1n Barranquilla"},"image":{"@id":"https:\/\/ds-barranquilla.org\/#\/schema\/logo\/image\/"},"sameAs":["https:\/\/www.facebook.com\/ColegioAlemanBaq\/","https:\/\/x.com\/ColegioAlemanBq","https:\/\/www.instagram.com\/colegioalemanbaq\/","https:\/\/www.linkedin.com\/school\/deutsche-schule-barranquilla\/","https:\/\/www.youtube.com\/channel\/UCOOGZQCVs6aYRqIWvSN5agQ"]},{"@type":"Person","@id":"https:\/\/ds-barranquilla.org\/#\/schema\/person\/7bf8790ba89d3480e0551241ccdc8d36","name":"Comunicaciones Comunicaciones","image":{"@type":"ImageObject","inLanguage":"de","@id":"https:\/\/ds-barranquilla.org\/#\/schema\/person\/image\/","url":"https:\/\/secure.gravatar.com\/avatar\/a66ba9484a4338d81d6bea750e595038?s=96&d=mm&r=g","contentUrl":"https:\/\/secure.gravatar.com\/avatar\/a66ba9484a4338d81d6bea750e595038?s=96&d=mm&r=g","caption":"Comunicaciones Comunicaciones"}}]}},"_links":{"self":[{"href":"https:\/\/ds-barranquilla.org\/de\/wp-json\/wp\/v2\/posts\/6683"}],"collection":[{"href":"https:\/\/ds-barranquilla.org\/de\/wp-json\/wp\/v2\/posts"}],"about":[{"href":"https:\/\/ds-barranquilla.org\/de\/wp-json\/wp\/v2\/types\/post"}],"author":[{"embeddable":true,"href":"https:\/\/ds-barranquilla.org\/de\/wp-json\/wp\/v2\/users\/16"}],"replies":[{"embeddable":true,"href":"https:\/\/ds-barranquilla.org\/de\/wp-json\/wp\/v2\/comments?post=6683"}],"version-history":[{"count":4,"href":"https:\/\/ds-barranquilla.org\/de\/wp-json\/wp\/v2\/posts\/6683\/revisions"}],"predecessor-version":[{"id":14789,"href":"https:\/\/ds-barranquilla.org\/de\/wp-json\/wp\/v2\/posts\/6683\/revisions\/14789"}],"wp:featuredmedia":[{"embeddable":true,"href":"https:\/\/ds-barranquilla.org\/de\/wp-json\/wp\/v2\/media\/6684"}],"wp:attachment":[{"href":"https:\/\/ds-barranquilla.org\/de\/wp-json\/wp\/v2\/media?parent=6683"}],"wp:term":[{"taxonomy":"category","embeddable":true,"href":"https:\/\/ds-barranquilla.org\/de\/wp-json\/wp\/v2\/categories?post=6683"},{"taxonomy":"post_tag","embeddable":true,"href":"https:\/\/ds-barranquilla.org\/de\/wp-json\/wp\/v2\/tags?post=6683"}],"curies":[{"name":"wp","href":"https:\/\/api.w.org\/{rel}","templated":true}]}}