{"id":6686,"date":"2021-03-06T15:28:58","date_gmt":"2021-03-06T20:28:58","guid":{"rendered":"https:\/\/ds-barranquilla.org\/?p=6686"},"modified":"2022-12-21T08:44:18","modified_gmt":"2022-12-21T13:44:18","slug":"la-otra-mirada-del-duelo-titulo-de-la-mas-reciente-escuela-de-familias","status":"publish","type":"post","link":"https:\/\/ds-barranquilla.org\/de\/la-otra-mirada-del-duelo-titulo-de-la-mas-reciente-escuela-de-familias\/","title":{"rendered":"\u2018La otra mirada del duelo\u2019, t\u00edtulo de la m\u00e1s reciente Escuela de Familias"},"content":{"rendered":"<h1>\u2018La otra mirada del duelo\u2019, t\u00edtulo de la m\u00e1s reciente Escuela de Familias<\/h1>\n<p><span data-contrast=\"auto\"><strong>Geschrieben von: Jos\u00e9 R\u00edos Mercado.<\/strong> L<\/span><span data-contrast=\"auto\">as psic\u00f3logas Ana Mar\u00eda Abello y Ximena Arce fueron las invitadas a la m\u00e1s reciente charla de la Escuela de Familias que\u00a0<\/span><span data-contrast=\"none\">tuvo como t\u00edtulo \u2018<\/span><span data-contrast=\"none\">La otra mirada del duelo\u2019<\/span><span data-contrast=\"none\">. La psic\u00f3loga Johanna\u00a0<\/span><span data-contrast=\"none\">Cuadros tuvo a su cargo la presentaci\u00f3n de la\u00a0<\/span><span data-contrast=\"none\">sesi\u00f3n virtual en la que\u202f<\/span><span data-contrast=\"none\">ambas profesionales analizaron el tema y\u00a0<\/span><span data-contrast=\"none\">le<\/span><span data-contrast=\"none\">\u00a0brindaron a los asistentes recomendaciones en<\/span><span data-contrast=\"none\">\u00a0cuanto<\/span><span data-contrast=\"none\">\u00a0<\/span><span data-contrast=\"none\">a<\/span><span data-contrast=\"none\">l manejo de\u00a0<\/span><span data-contrast=\"none\">las p\u00e9rdidas que se puedan presentar a lo largo de la vida.<\/span><\/p>\n<p><span data-contrast=\"none\">\"<\/span><span data-contrast=\"none\">Cuando se habla del duelo<\/span><span data-contrast=\"none\">\u00a0normalmente lo asociamos con algo dif\u00edcil e inc\u00f3modo, sin embargo, quiero destacar que la muerte hace parte de la vida. El duelo es todo proceso que se da luego de una p\u00e9rdida de un familiar, una persona cercana, un empleo, para citar algunos ejemplos, y que ten\u00eda una connotaci\u00f3n afectiva para nosotros<\/span><span data-contrast=\"none\">\u201d, expres\u00f3\u00a0<\/span><span data-contrast=\"none\">Ximena Arce<\/span><span data-contrast=\"none\">.<\/span><\/p>\n<p><span data-contrast=\"none\">La psic<\/span><span data-contrast=\"none\">\u00f3loga indic\u00f3 que de acuerdo a lo que perdamos, as\u00ed ser\u00e1 la intensidad del duelo, e invit\u00f3 a l<\/span><span data-contrast=\"none\">os asistentes<\/span><span data-contrast=\"none\">\u00a0a estar muy atentos a sus a familiares y allegados cuando\u00a0<\/span><span data-contrast=\"none\">el comportamiento de alguna persona del n\u00facleo cercano\u00a0<\/span><span data-contrast=\"none\">se mantenga despu\u00e9s de varios meses de la p\u00e9rdida<\/span><span data-contrast=\"none\">.<\/span><\/p>\n<p><em><a href=\"https:\/\/www.youtube.com\/watch?v=ZKSDjH56iSA\" target=\"_blank\" rel=\"noopener\">&gt;&gt;&gt;Ver video<\/a><\/em><\/p>","protected":false},"excerpt":{"rendered":"<p>\u2018La otra mirada del duelo\u2019, t\u00edtulo de la m\u00e1s reciente Escuela de Familias Creado por: Jos\u00e9 R\u00edos Mercado. Las psic\u00f3logas Ana Mar\u00eda Abello y Ximena Arce<span class=\"excerpt-hellip\"> [\u2026]<\/span><\/p>","protected":false},"author":16,"featured_media":6687,"comment_status":"open","ping_status":"open","sticky":false,"template":"","format":"standard","meta":{"_exactmetrics_skip_tracking":false,"_exactmetrics_sitenote_active":false,"_exactmetrics_sitenote_note":"","_exactmetrics_sitenote_category":0,"_joinchat":[],"footnotes":""},"categories":[681,699,705],"tags":[],"class_list":["post-6686","post","type-post","status-publish","format-standard","has-post-thumbnail","hentry","category-681","category-consejo-de-padres","category-orientacion-psicoeducativa"],"yoast_head":"<!-- This site is optimized with the Yoast SEO plugin v23.3 - https:\/\/yoast.com\/wordpress\/plugins\/seo\/ -->\n<title>\u2018La otra mirada del duelo\u2019, t\u00edtulo de la m\u00e1s reciente Escuela de Familias - 2026<\/title>\n<meta name=\"robots\" content=\"noindex, follow, max-snippet:-1, max-image-preview:large, max-video-preview:-1\" \/>\n<meta property=\"og:locale\" content=\"de_DE\" \/>\n<meta property=\"og:type\" content=\"article\" \/>\n<meta property=\"og:title\" content=\"\u2018La otra mirada del duelo\u2019, t\u00edtulo de la m\u00e1s reciente Escuela de Familias - 2026\" \/>\n<meta property=\"og:description\" content=\"\u2018La otra mirada del duelo\u2019, t\u00edtulo de la m\u00e1s reciente Escuela de Familias Creado por: Jos\u00e9 R\u00edos Mercado. Las psic\u00f3logas Ana Mar\u00eda Abello y Ximena Arce [\u2026]\" \/>\n<meta property=\"og:url\" content=\"https:\/\/ds-barranquilla.org\/de\/la-otra-mirada-del-duelo-titulo-de-la-mas-reciente-escuela-de-familias\/\" \/>\n<meta property=\"og:site_name\" content=\"Colegio Alem\u00e1n - Los Mejores Colegios de Colombia - Colegio Triling\u00fce\" \/>\n<meta property=\"article:publisher\" content=\"https:\/\/www.facebook.com\/ColegioAlemanBaq\/\" \/>\n<meta property=\"article:published_time\" content=\"2021-03-06T20:28:58+00:00\" \/>\n<meta property=\"article:modified_time\" content=\"2022-12-21T13:44:18+00:00\" \/>\n<meta property=\"og:image\" content=\"https:\/\/ds-barranquilla.org\/wp-content\/uploads\/2021\/03\/Escuela-de-Familias.png\" \/>\n\t<meta property=\"og:image:width\" content=\"1249\" \/>\n\t<meta property=\"og:image:height\" content=\"616\" \/>\n\t<meta property=\"og:image:type\" content=\"image\/png\" \/>\n<meta name=\"author\" content=\"Comunicaciones Comunicaciones\" \/>\n<meta name=\"twitter:card\" content=\"summary_large_image\" \/>\n<meta name=\"twitter:creator\" content=\"@ColegioAlemanBq\" \/>\n<meta name=\"twitter:site\" content=\"@ColegioAlemanBq\" \/>\n<meta name=\"twitter:label1\" content=\"Verfasst von\" \/>\n\t<meta name=\"twitter:data1\" content=\"Comunicaciones Comunicaciones\" \/>\n\t<meta name=\"twitter:label2\" content=\"Gesch\u00e4tzte Lesezeit\" \/>\n\t<meta name=\"twitter:data2\" content=\"1\u00a0Minute\" \/>\n<script type=\"application\/ld+json\" class=\"yoast-schema-graph\">{\"@context\":\"https:\/\/schema.org\",\"@graph\":[{\"@type\":\"Article\",\"@id\":\"https:\/\/ds-barranquilla.org\/la-otra-mirada-del-duelo-titulo-de-la-mas-reciente-escuela-de-familias\/#article\",\"isPartOf\":{\"@id\":\"https:\/\/ds-barranquilla.org\/la-otra-mirada-del-duelo-titulo-de-la-mas-reciente-escuela-de-familias\/\"},\"author\":{\"name\":\"Comunicaciones Comunicaciones\",\"@id\":\"https:\/\/ds-barranquilla.org\/#\/schema\/person\/7bf8790ba89d3480e0551241ccdc8d36\"},\"headline\":\"\u2018La otra mirada del duelo\u2019, t\u00edtulo de la m\u00e1s reciente Escuela de Familias\",\"datePublished\":\"2021-03-06T20:28:58+00:00\",\"dateModified\":\"2022-12-21T13:44:18+00:00\",\"mainEntityOfPage\":{\"@id\":\"https:\/\/ds-barranquilla.org\/la-otra-mirada-del-duelo-titulo-de-la-mas-reciente-escuela-de-familias\/\"},\"wordCount\":246,\"commentCount\":0,\"publisher\":{\"@id\":\"https:\/\/ds-barranquilla.org\/#organization\"},\"image\":{\"@id\":\"https:\/\/ds-barranquilla.org\/la-otra-mirada-del-duelo-titulo-de-la-mas-reciente-escuela-de-familias\/#primaryimage\"},\"thumbnailUrl\":\"https:\/\/ds-barranquilla.org\/wp-content\/uploads\/2021\/03\/Escuela-de-Familias.png\",\"articleSection\":[\"2021\",\"Consejo de Padres\",\"Orientaci\u00f3n Psicoeducativa\"],\"inLanguage\":\"de\",\"potentialAction\":[{\"@type\":\"CommentAction\",\"name\":\"Comment\",\"target\":[\"https:\/\/ds-barranquilla.org\/la-otra-mirada-del-duelo-titulo-de-la-mas-reciente-escuela-de-familias\/#respond\"]}]},{\"@type\":\"WebPage\",\"@id\":\"https:\/\/ds-barranquilla.org\/la-otra-mirada-del-duelo-titulo-de-la-mas-reciente-escuela-de-familias\/\",\"url\":\"https:\/\/ds-barranquilla.org\/la-otra-mirada-del-duelo-titulo-de-la-mas-reciente-escuela-de-familias\/\",\"name\":\"\u2018La otra mirada del duelo\u2019, t\u00edtulo de la m\u00e1s reciente Escuela de Familias - 2026\",\"isPartOf\":{\"@id\":\"https:\/\/ds-barranquilla.org\/#website\"},\"primaryImageOfPage\":{\"@id\":\"https:\/\/ds-barranquilla.org\/la-otra-mirada-del-duelo-titulo-de-la-mas-reciente-escuela-de-familias\/#primaryimage\"},\"image\":{\"@id\":\"https:\/\/ds-barranquilla.org\/la-otra-mirada-del-duelo-titulo-de-la-mas-reciente-escuela-de-familias\/#primaryimage\"},\"thumbnailUrl\":\"https:\/\/ds-barranquilla.org\/wp-content\/uploads\/2021\/03\/Escuela-de-Familias.png\",\"datePublished\":\"2021-03-06T20:28:58+00:00\",\"dateModified\":\"2022-12-21T13:44:18+00:00\",\"breadcrumb\":{\"@id\":\"https:\/\/ds-barranquilla.org\/la-otra-mirada-del-duelo-titulo-de-la-mas-reciente-escuela-de-familias\/#breadcrumb\"},\"inLanguage\":\"de\",\"potentialAction\":[{\"@type\":\"ReadAction\",\"target\":[\"https:\/\/ds-barranquilla.org\/la-otra-mirada-del-duelo-titulo-de-la-mas-reciente-escuela-de-familias\/\"]}]},{\"@type\":\"ImageObject\",\"inLanguage\":\"de\",\"@id\":\"https:\/\/ds-barranquilla.org\/la-otra-mirada-del-duelo-titulo-de-la-mas-reciente-escuela-de-familias\/#primaryimage\",\"url\":\"https:\/\/ds-barranquilla.org\/wp-content\/uploads\/2021\/03\/Escuela-de-Familias.png\",\"contentUrl\":\"https:\/\/ds-barranquilla.org\/wp-content\/uploads\/2021\/03\/Escuela-de-Familias.png\",\"width\":1249,\"height\":616},{\"@type\":\"BreadcrumbList\",\"@id\":\"https:\/\/ds-barranquilla.org\/la-otra-mirada-del-duelo-titulo-de-la-mas-reciente-escuela-de-familias\/#breadcrumb\",\"itemListElement\":[{\"@type\":\"ListItem\",\"position\":1,\"name\":\"Portada\",\"item\":\"https:\/\/ds-barranquilla.org\/\"},{\"@type\":\"ListItem\",\"position\":2,\"name\":\"\u2018La otra mirada del duelo\u2019, t\u00edtulo de la m\u00e1s reciente Escuela de Familias\"}]},{\"@type\":\"WebSite\",\"@id\":\"https:\/\/ds-barranquilla.org\/#website\",\"url\":\"https:\/\/ds-barranquilla.org\/\",\"name\":\"Colegio Alem\u00e1n - Los Mejores Colegios de Colombia - Colegio Triling\u00fce\",\"description\":\"Colegio Alem\u00e1n  Barranquilla Colombia - Colegio Biling\u00fce - Triling\u00fce - El Mejor Colegio de Colombia\",\"publisher\":{\"@id\":\"https:\/\/ds-barranquilla.org\/#organization\"},\"potentialAction\":[{\"@type\":\"SearchAction\",\"target\":{\"@type\":\"EntryPoint\",\"urlTemplate\":\"https:\/\/ds-barranquilla.org\/?s={search_term_string}\"},\"query-input\":\"required name=search_term_string\"}],\"inLanguage\":\"de\"},{\"@type\":\"Organization\",\"@id\":\"https:\/\/ds-barranquilla.org\/#organization\",\"name\":\"Colegio Alem\u00e1n Barranquilla\",\"url\":\"https:\/\/ds-barranquilla.org\/\",\"logo\":{\"@type\":\"ImageObject\",\"inLanguage\":\"de\",\"@id\":\"https:\/\/ds-barranquilla.org\/#\/schema\/logo\/image\/\",\"url\":\"https:\/\/ds-barranquilla.org\/wp-content\/uploads\/2021\/05\/coleman_logo_2.png\",\"contentUrl\":\"https:\/\/ds-barranquilla.org\/wp-content\/uploads\/2021\/05\/coleman_logo_2.png\",\"width\":418,\"height\":307,\"caption\":\"Colegio Alem\u00e1n Barranquilla\"},\"image\":{\"@id\":\"https:\/\/ds-barranquilla.org\/#\/schema\/logo\/image\/\"},\"sameAs\":[\"https:\/\/www.facebook.com\/ColegioAlemanBaq\/\",\"https:\/\/x.com\/ColegioAlemanBq\",\"https:\/\/www.instagram.com\/colegioalemanbaq\/\",\"https:\/\/www.linkedin.com\/school\/deutsche-schule-barranquilla\/\",\"https:\/\/www.youtube.com\/channel\/UCOOGZQCVs6aYRqIWvSN5agQ\"]},{\"@type\":\"Person\",\"@id\":\"https:\/\/ds-barranquilla.org\/#\/schema\/person\/7bf8790ba89d3480e0551241ccdc8d36\",\"name\":\"Comunicaciones Comunicaciones\",\"image\":{\"@type\":\"ImageObject\",\"inLanguage\":\"de\",\"@id\":\"https:\/\/ds-barranquilla.org\/#\/schema\/person\/image\/\",\"url\":\"https:\/\/secure.gravatar.com\/avatar\/a66ba9484a4338d81d6bea750e595038?s=96&d=mm&r=g\",\"contentUrl\":\"https:\/\/secure.gravatar.com\/avatar\/a66ba9484a4338d81d6bea750e595038?s=96&d=mm&r=g\",\"caption\":\"Comunicaciones Comunicaciones\"}}]}<\/script>\n<!-- \/ Yoast SEO plugin. -->","yoast_head_json":{"title":"\u2018La otra mirada del duelo\u2019, t\u00edtulo de la m\u00e1s reciente Escuela de Familias - 2026","robots":{"index":"noindex","follow":"follow","max-snippet":"max-snippet:-1","max-image-preview":"max-image-preview:large","max-video-preview":"max-video-preview:-1"},"og_locale":"de_DE","og_type":"article","og_title":"\u2018La otra mirada del duelo\u2019, t\u00edtulo de la m\u00e1s reciente Escuela de Familias - 2026","og_description":"\u2018La otra mirada del duelo\u2019, t\u00edtulo de la m\u00e1s reciente Escuela de Familias Creado por: Jos\u00e9 R\u00edos Mercado. Las psic\u00f3logas Ana Mar\u00eda Abello y Ximena Arce [\u2026]","og_url":"https:\/\/ds-barranquilla.org\/de\/la-otra-mirada-del-duelo-titulo-de-la-mas-reciente-escuela-de-familias\/","og_site_name":"Colegio Alem\u00e1n - Los Mejores Colegios de Colombia - Colegio Triling\u00fce","article_publisher":"https:\/\/www.facebook.com\/ColegioAlemanBaq\/","article_published_time":"2021-03-06T20:28:58+00:00","article_modified_time":"2022-12-21T13:44:18+00:00","og_image":[{"width":1249,"height":616,"url":"https:\/\/ds-barranquilla.org\/wp-content\/uploads\/2021\/03\/Escuela-de-Familias.png","type":"image\/png"}],"author":"Comunicaciones Comunicaciones","twitter_card":"summary_large_image","twitter_creator":"@ColegioAlemanBq","twitter_site":"@ColegioAlemanBq","twitter_misc":{"Verfasst von":"Comunicaciones Comunicaciones","Gesch\u00e4tzte Lesezeit":"1\u00a0Minute"},"schema":{"@context":"https:\/\/schema.org","@graph":[{"@type":"Article","@id":"https:\/\/ds-barranquilla.org\/la-otra-mirada-del-duelo-titulo-de-la-mas-reciente-escuela-de-familias\/#article","isPartOf":{"@id":"https:\/\/ds-barranquilla.org\/la-otra-mirada-del-duelo-titulo-de-la-mas-reciente-escuela-de-familias\/"},"author":{"name":"Comunicaciones Comunicaciones","@id":"https:\/\/ds-barranquilla.org\/#\/schema\/person\/7bf8790ba89d3480e0551241ccdc8d36"},"headline":"\u2018La otra mirada del duelo\u2019, t\u00edtulo de la m\u00e1s reciente Escuela de Familias","datePublished":"2021-03-06T20:28:58+00:00","dateModified":"2022-12-21T13:44:18+00:00","mainEntityOfPage":{"@id":"https:\/\/ds-barranquilla.org\/la-otra-mirada-del-duelo-titulo-de-la-mas-reciente-escuela-de-familias\/"},"wordCount":246,"commentCount":0,"publisher":{"@id":"https:\/\/ds-barranquilla.org\/#organization"},"image":{"@id":"https:\/\/ds-barranquilla.org\/la-otra-mirada-del-duelo-titulo-de-la-mas-reciente-escuela-de-familias\/#primaryimage"},"thumbnailUrl":"https:\/\/ds-barranquilla.org\/wp-content\/uploads\/2021\/03\/Escuela-de-Familias.png","articleSection":["2021","Consejo de Padres","Orientaci\u00f3n Psicoeducativa"],"inLanguage":"de","potentialAction":[{"@type":"CommentAction","name":"Comment","target":["https:\/\/ds-barranquilla.org\/la-otra-mirada-del-duelo-titulo-de-la-mas-reciente-escuela-de-familias\/#respond"]}]},{"@type":"WebPage","@id":"https:\/\/ds-barranquilla.org\/la-otra-mirada-del-duelo-titulo-de-la-mas-reciente-escuela-de-familias\/","url":"https:\/\/ds-barranquilla.org\/la-otra-mirada-del-duelo-titulo-de-la-mas-reciente-escuela-de-familias\/","name":"\u2018La otra mirada del duelo\u2019, t\u00edtulo de la m\u00e1s reciente Escuela de Familias - 2026","isPartOf":{"@id":"https:\/\/ds-barranquilla.org\/#website"},"primaryImageOfPage":{"@id":"https:\/\/ds-barranquilla.org\/la-otra-mirada-del-duelo-titulo-de-la-mas-reciente-escuela-de-familias\/#primaryimage"},"image":{"@id":"https:\/\/ds-barranquilla.org\/la-otra-mirada-del-duelo-titulo-de-la-mas-reciente-escuela-de-familias\/#primaryimage"},"thumbnailUrl":"https:\/\/ds-barranquilla.org\/wp-content\/uploads\/2021\/03\/Escuela-de-Familias.png","datePublished":"2021-03-06T20:28:58+00:00","dateModified":"2022-12-21T13:44:18+00:00","breadcrumb":{"@id":"https:\/\/ds-barranquilla.org\/la-otra-mirada-del-duelo-titulo-de-la-mas-reciente-escuela-de-familias\/#breadcrumb"},"inLanguage":"de","potentialAction":[{"@type":"ReadAction","target":["https:\/\/ds-barranquilla.org\/la-otra-mirada-del-duelo-titulo-de-la-mas-reciente-escuela-de-familias\/"]}]},{"@type":"ImageObject","inLanguage":"de","@id":"https:\/\/ds-barranquilla.org\/la-otra-mirada-del-duelo-titulo-de-la-mas-reciente-escuela-de-familias\/#primaryimage","url":"https:\/\/ds-barranquilla.org\/wp-content\/uploads\/2021\/03\/Escuela-de-Familias.png","contentUrl":"https:\/\/ds-barranquilla.org\/wp-content\/uploads\/2021\/03\/Escuela-de-Familias.png","width":1249,"height":616},{"@type":"BreadcrumbList","@id":"https:\/\/ds-barranquilla.org\/la-otra-mirada-del-duelo-titulo-de-la-mas-reciente-escuela-de-familias\/#breadcrumb","itemListElement":[{"@type":"ListItem","position":1,"name":"Portada","item":"https:\/\/ds-barranquilla.org\/"},{"@type":"ListItem","position":2,"name":"\u2018La otra mirada del duelo\u2019, t\u00edtulo de la m\u00e1s reciente Escuela de Familias"}]},{"@type":"WebSite","@id":"https:\/\/ds-barranquilla.org\/#website","url":"https:\/\/ds-barranquilla.org\/","name":"Colegio Alem\u00e1n - Los Mejores Colegios de Colombia - Colegio Triling\u00fce","description":"Colegio Alem\u00e1n  Barranquilla Colombia - Colegio Biling\u00fce - Triling\u00fce - El Mejor Colegio de Colombia","publisher":{"@id":"https:\/\/ds-barranquilla.org\/#organization"},"potentialAction":[{"@type":"SearchAction","target":{"@type":"EntryPoint","urlTemplate":"https:\/\/ds-barranquilla.org\/?s={search_term_string}"},"query-input":"required name=search_term_string"}],"inLanguage":"de"},{"@type":"Organization","@id":"https:\/\/ds-barranquilla.org\/#organization","name":"Colegio Alem\u00e1n Barranquilla","url":"https:\/\/ds-barranquilla.org\/","logo":{"@type":"ImageObject","inLanguage":"de","@id":"https:\/\/ds-barranquilla.org\/#\/schema\/logo\/image\/","url":"https:\/\/ds-barranquilla.org\/wp-content\/uploads\/2021\/05\/coleman_logo_2.png","contentUrl":"https:\/\/ds-barranquilla.org\/wp-content\/uploads\/2021\/05\/coleman_logo_2.png","width":418,"height":307,"caption":"Colegio Alem\u00e1n Barranquilla"},"image":{"@id":"https:\/\/ds-barranquilla.org\/#\/schema\/logo\/image\/"},"sameAs":["https:\/\/www.facebook.com\/ColegioAlemanBaq\/","https:\/\/x.com\/ColegioAlemanBq","https:\/\/www.instagram.com\/colegioalemanbaq\/","https:\/\/www.linkedin.com\/school\/deutsche-schule-barranquilla\/","https:\/\/www.youtube.com\/channel\/UCOOGZQCVs6aYRqIWvSN5agQ"]},{"@type":"Person","@id":"https:\/\/ds-barranquilla.org\/#\/schema\/person\/7bf8790ba89d3480e0551241ccdc8d36","name":"Comunicaciones Comunicaciones","image":{"@type":"ImageObject","inLanguage":"de","@id":"https:\/\/ds-barranquilla.org\/#\/schema\/person\/image\/","url":"https:\/\/secure.gravatar.com\/avatar\/a66ba9484a4338d81d6bea750e595038?s=96&d=mm&r=g","contentUrl":"https:\/\/secure.gravatar.com\/avatar\/a66ba9484a4338d81d6bea750e595038?s=96&d=mm&r=g","caption":"Comunicaciones Comunicaciones"}}]}},"_links":{"self":[{"href":"https:\/\/ds-barranquilla.org\/de\/wp-json\/wp\/v2\/posts\/6686"}],"collection":[{"href":"https:\/\/ds-barranquilla.org\/de\/wp-json\/wp\/v2\/posts"}],"about":[{"href":"https:\/\/ds-barranquilla.org\/de\/wp-json\/wp\/v2\/types\/post"}],"author":[{"embeddable":true,"href":"https:\/\/ds-barranquilla.org\/de\/wp-json\/wp\/v2\/users\/16"}],"replies":[{"embeddable":true,"href":"https:\/\/ds-barranquilla.org\/de\/wp-json\/wp\/v2\/comments?post=6686"}],"version-history":[{"count":2,"href":"https:\/\/ds-barranquilla.org\/de\/wp-json\/wp\/v2\/posts\/6686\/revisions"}],"predecessor-version":[{"id":6841,"href":"https:\/\/ds-barranquilla.org\/de\/wp-json\/wp\/v2\/posts\/6686\/revisions\/6841"}],"wp:featuredmedia":[{"embeddable":true,"href":"https:\/\/ds-barranquilla.org\/de\/wp-json\/wp\/v2\/media\/6687"}],"wp:attachment":[{"href":"https:\/\/ds-barranquilla.org\/de\/wp-json\/wp\/v2\/media?parent=6686"}],"wp:term":[{"taxonomy":"category","embeddable":true,"href":"https:\/\/ds-barranquilla.org\/de\/wp-json\/wp\/v2\/categories?post=6686"},{"taxonomy":"post_tag","embeddable":true,"href":"https:\/\/ds-barranquilla.org\/de\/wp-json\/wp\/v2\/tags?post=6686"}],"curies":[{"name":"wp","href":"https:\/\/api.w.org\/{rel}","templated":true}]}}