{"id":6689,"date":"2021-03-06T15:33:46","date_gmt":"2021-03-06T20:33:46","guid":{"rendered":"https:\/\/ds-barranquilla.org\/?p=6689"},"modified":"2022-12-07T11:40:47","modified_gmt":"2022-12-07T16:40:47","slug":"voces-de-chernobil-obra-analizada-en-el-ultimo-club-de-lectura","status":"publish","type":"post","link":"https:\/\/ds-barranquilla.org\/de\/voces-de-chernobil-obra-analizada-en-el-ultimo-club-de-lectura\/","title":{"rendered":"\u2018Voces de Chern\u00f3bil\u2019, obra analizada en el \u00faltimo Club de Lectura"},"content":{"rendered":"<h3>\u2018Voces de Chern\u00f3bil\u2019, obra analizada en el \u00faltimo Club de Lectura<\/h3>\n<p>Creado por: Jos\u00e9 R\u00edos Mercado. La \u00faltima actividad de nuestro Club de Lectura se enfoc\u00f3 en el an\u00e1lisis de la obra \u2018Voces de Chern\u00f3bil\u2019 de la escritora bielorrusa Svetlana Aleksievich. La promotora de lectura, Luz Estela Fajardo, indic\u00f3 que la novela se desarrolla en la ciudad ucraniana de Chern\u00f3bil en 1986 y es narrada desde las voces de las personas que vivieron el accidente nuclear.<\/p>\n<p>\u201cEl libro es novedoso en cuanto a su an\u00e1lisis, lo que permiti\u00f3 hacer un ejercicio muy interesante con los participantes en cuanto a propuestas de bandas sonoras, fotograf\u00edas e im\u00e1genes que dialogaran con el texto. Tambi\u00e9n se abord\u00f3 el tema de c\u00f3mo los acontecimientos transforman el mundo ante la mirada pasiva de muchos gobernantes\u201d, expres\u00f3 Luz Estela Fajardo.<\/p>\n<p>La promotora de lectura manifest\u00f3 que durante la sesi\u00f3n virtual tambi\u00e9n se debati\u00f3 sobre las pocas herramientas con las que contamos los seres humanos al enfrentar eventos de esta naturaleza.<\/p>","protected":false},"excerpt":{"rendered":"<p>\u2018Voces de Chern\u00f3bil\u2019, obra analizada en el \u00faltimo Club de Lectura Creado por: Jos\u00e9 R\u00edos Mercado. La \u00faltima actividad de nuestro Club de Lectura se enfoc\u00f3<span class=\"excerpt-hellip\"> [\u2026]<\/span><\/p>","protected":false},"author":16,"featured_media":6690,"comment_status":"open","ping_status":"open","sticky":false,"template":"","format":"standard","meta":{"_exactmetrics_skip_tracking":false,"_exactmetrics_sitenote_active":false,"_exactmetrics_sitenote_note":"","_exactmetrics_sitenote_category":0,"_joinchat":[],"footnotes":""},"categories":[681,695],"tags":[],"class_list":["post-6689","post","type-post","status-publish","format-standard","has-post-thumbnail","hentry","category-681","category-biblioteca"],"yoast_head":"<!-- This site is optimized with the Yoast SEO plugin v23.3 - https:\/\/yoast.com\/wordpress\/plugins\/seo\/ -->\n<title>\u2018Voces de Chern\u00f3bil\u2019, obra analizada en el \u00faltimo Club de Lectura - 2026<\/title>\n<meta name=\"robots\" content=\"noindex, follow, max-snippet:-1, max-image-preview:large, max-video-preview:-1\" \/>\n<meta property=\"og:locale\" content=\"de_DE\" \/>\n<meta property=\"og:type\" content=\"article\" \/>\n<meta property=\"og:title\" content=\"\u2018Voces de Chern\u00f3bil\u2019, obra analizada en el \u00faltimo Club de Lectura - 2026\" \/>\n<meta property=\"og:description\" content=\"\u2018Voces de Chern\u00f3bil\u2019, obra analizada en el \u00faltimo Club de Lectura Creado por: Jos\u00e9 R\u00edos Mercado. La \u00faltima actividad de nuestro Club de Lectura se enfoc\u00f3 [\u2026]\" \/>\n<meta property=\"og:url\" content=\"https:\/\/ds-barranquilla.org\/de\/voces-de-chernobil-obra-analizada-en-el-ultimo-club-de-lectura\/\" \/>\n<meta property=\"og:site_name\" content=\"Colegio Alem\u00e1n - Los Mejores Colegios de Colombia - Colegio Triling\u00fce\" \/>\n<meta property=\"article:publisher\" content=\"https:\/\/www.facebook.com\/ColegioAlemanBaq\/\" \/>\n<meta property=\"article:published_time\" content=\"2021-03-06T20:33:46+00:00\" \/>\n<meta property=\"article:modified_time\" content=\"2022-12-07T16:40:47+00:00\" \/>\n<meta property=\"og:image\" content=\"https:\/\/ds-barranquilla.org\/wp-content\/uploads\/2021\/03\/Club-de-Lectura.png\" \/>\n\t<meta property=\"og:image:width\" content=\"1366\" \/>\n\t<meta property=\"og:image:height\" content=\"768\" \/>\n\t<meta property=\"og:image:type\" content=\"image\/png\" \/>\n<meta name=\"author\" content=\"Comunicaciones Comunicaciones\" \/>\n<meta name=\"twitter:card\" content=\"summary_large_image\" \/>\n<meta name=\"twitter:creator\" content=\"@ColegioAlemanBq\" \/>\n<meta name=\"twitter:site\" content=\"@ColegioAlemanBq\" \/>\n<meta name=\"twitter:label1\" content=\"Verfasst von\" \/>\n\t<meta name=\"twitter:data1\" content=\"Comunicaciones Comunicaciones\" \/>\n\t<meta name=\"twitter:label2\" content=\"Gesch\u00e4tzte Lesezeit\" \/>\n\t<meta name=\"twitter:data2\" content=\"1\u00a0Minute\" \/>\n<script type=\"application\/ld+json\" class=\"yoast-schema-graph\">{\"@context\":\"https:\/\/schema.org\",\"@graph\":[{\"@type\":\"Article\",\"@id\":\"https:\/\/ds-barranquilla.org\/voces-de-chernobil-obra-analizada-en-el-ultimo-club-de-lectura\/#article\",\"isPartOf\":{\"@id\":\"https:\/\/ds-barranquilla.org\/voces-de-chernobil-obra-analizada-en-el-ultimo-club-de-lectura\/\"},\"author\":{\"name\":\"Comunicaciones Comunicaciones\",\"@id\":\"https:\/\/ds-barranquilla.org\/#\/schema\/person\/7bf8790ba89d3480e0551241ccdc8d36\"},\"headline\":\"\u2018Voces de Chern\u00f3bil\u2019, obra analizada en el \u00faltimo Club de Lectura\",\"datePublished\":\"2021-03-06T20:33:46+00:00\",\"dateModified\":\"2022-12-07T16:40:47+00:00\",\"mainEntityOfPage\":{\"@id\":\"https:\/\/ds-barranquilla.org\/voces-de-chernobil-obra-analizada-en-el-ultimo-club-de-lectura\/\"},\"wordCount\":187,\"commentCount\":0,\"publisher\":{\"@id\":\"https:\/\/ds-barranquilla.org\/#organization\"},\"image\":{\"@id\":\"https:\/\/ds-barranquilla.org\/voces-de-chernobil-obra-analizada-en-el-ultimo-club-de-lectura\/#primaryimage\"},\"thumbnailUrl\":\"https:\/\/ds-barranquilla.org\/wp-content\/uploads\/2021\/03\/Club-de-Lectura.png\",\"articleSection\":[\"2021\",\"Biblioteca\"],\"inLanguage\":\"de\",\"potentialAction\":[{\"@type\":\"CommentAction\",\"name\":\"Comment\",\"target\":[\"https:\/\/ds-barranquilla.org\/voces-de-chernobil-obra-analizada-en-el-ultimo-club-de-lectura\/#respond\"]}]},{\"@type\":\"WebPage\",\"@id\":\"https:\/\/ds-barranquilla.org\/voces-de-chernobil-obra-analizada-en-el-ultimo-club-de-lectura\/\",\"url\":\"https:\/\/ds-barranquilla.org\/voces-de-chernobil-obra-analizada-en-el-ultimo-club-de-lectura\/\",\"name\":\"\u2018Voces de Chern\u00f3bil\u2019, obra analizada en el \u00faltimo Club de Lectura - 2026\",\"isPartOf\":{\"@id\":\"https:\/\/ds-barranquilla.org\/#website\"},\"primaryImageOfPage\":{\"@id\":\"https:\/\/ds-barranquilla.org\/voces-de-chernobil-obra-analizada-en-el-ultimo-club-de-lectura\/#primaryimage\"},\"image\":{\"@id\":\"https:\/\/ds-barranquilla.org\/voces-de-chernobil-obra-analizada-en-el-ultimo-club-de-lectura\/#primaryimage\"},\"thumbnailUrl\":\"https:\/\/ds-barranquilla.org\/wp-content\/uploads\/2021\/03\/Club-de-Lectura.png\",\"datePublished\":\"2021-03-06T20:33:46+00:00\",\"dateModified\":\"2022-12-07T16:40:47+00:00\",\"breadcrumb\":{\"@id\":\"https:\/\/ds-barranquilla.org\/voces-de-chernobil-obra-analizada-en-el-ultimo-club-de-lectura\/#breadcrumb\"},\"inLanguage\":\"de\",\"potentialAction\":[{\"@type\":\"ReadAction\",\"target\":[\"https:\/\/ds-barranquilla.org\/voces-de-chernobil-obra-analizada-en-el-ultimo-club-de-lectura\/\"]}]},{\"@type\":\"ImageObject\",\"inLanguage\":\"de\",\"@id\":\"https:\/\/ds-barranquilla.org\/voces-de-chernobil-obra-analizada-en-el-ultimo-club-de-lectura\/#primaryimage\",\"url\":\"https:\/\/ds-barranquilla.org\/wp-content\/uploads\/2021\/03\/Club-de-Lectura.png\",\"contentUrl\":\"https:\/\/ds-barranquilla.org\/wp-content\/uploads\/2021\/03\/Club-de-Lectura.png\",\"width\":1366,\"height\":768},{\"@type\":\"BreadcrumbList\",\"@id\":\"https:\/\/ds-barranquilla.org\/voces-de-chernobil-obra-analizada-en-el-ultimo-club-de-lectura\/#breadcrumb\",\"itemListElement\":[{\"@type\":\"ListItem\",\"position\":1,\"name\":\"Portada\",\"item\":\"https:\/\/ds-barranquilla.org\/\"},{\"@type\":\"ListItem\",\"position\":2,\"name\":\"\u2018Voces de Chern\u00f3bil\u2019, obra analizada en el \u00faltimo Club de Lectura\"}]},{\"@type\":\"WebSite\",\"@id\":\"https:\/\/ds-barranquilla.org\/#website\",\"url\":\"https:\/\/ds-barranquilla.org\/\",\"name\":\"Colegio Alem\u00e1n - Los Mejores Colegios de Colombia - Colegio Triling\u00fce\",\"description\":\"Colegio Alem\u00e1n  Barranquilla Colombia - Colegio Biling\u00fce - Triling\u00fce - El Mejor Colegio de Colombia\",\"publisher\":{\"@id\":\"https:\/\/ds-barranquilla.org\/#organization\"},\"potentialAction\":[{\"@type\":\"SearchAction\",\"target\":{\"@type\":\"EntryPoint\",\"urlTemplate\":\"https:\/\/ds-barranquilla.org\/?s={search_term_string}\"},\"query-input\":\"required name=search_term_string\"}],\"inLanguage\":\"de\"},{\"@type\":\"Organization\",\"@id\":\"https:\/\/ds-barranquilla.org\/#organization\",\"name\":\"Colegio Alem\u00e1n Barranquilla\",\"url\":\"https:\/\/ds-barranquilla.org\/\",\"logo\":{\"@type\":\"ImageObject\",\"inLanguage\":\"de\",\"@id\":\"https:\/\/ds-barranquilla.org\/#\/schema\/logo\/image\/\",\"url\":\"https:\/\/ds-barranquilla.org\/wp-content\/uploads\/2021\/05\/coleman_logo_2.png\",\"contentUrl\":\"https:\/\/ds-barranquilla.org\/wp-content\/uploads\/2021\/05\/coleman_logo_2.png\",\"width\":418,\"height\":307,\"caption\":\"Colegio Alem\u00e1n Barranquilla\"},\"image\":{\"@id\":\"https:\/\/ds-barranquilla.org\/#\/schema\/logo\/image\/\"},\"sameAs\":[\"https:\/\/www.facebook.com\/ColegioAlemanBaq\/\",\"https:\/\/x.com\/ColegioAlemanBq\",\"https:\/\/www.instagram.com\/colegioalemanbaq\/\",\"https:\/\/www.linkedin.com\/school\/deutsche-schule-barranquilla\/\",\"https:\/\/www.youtube.com\/channel\/UCOOGZQCVs6aYRqIWvSN5agQ\"]},{\"@type\":\"Person\",\"@id\":\"https:\/\/ds-barranquilla.org\/#\/schema\/person\/7bf8790ba89d3480e0551241ccdc8d36\",\"name\":\"Comunicaciones Comunicaciones\",\"image\":{\"@type\":\"ImageObject\",\"inLanguage\":\"de\",\"@id\":\"https:\/\/ds-barranquilla.org\/#\/schema\/person\/image\/\",\"url\":\"https:\/\/secure.gravatar.com\/avatar\/a66ba9484a4338d81d6bea750e595038?s=96&d=mm&r=g\",\"contentUrl\":\"https:\/\/secure.gravatar.com\/avatar\/a66ba9484a4338d81d6bea750e595038?s=96&d=mm&r=g\",\"caption\":\"Comunicaciones Comunicaciones\"}}]}<\/script>\n<!-- \/ Yoast SEO plugin. -->","yoast_head_json":{"title":"\u2018Voces de Chern\u00f3bil\u2019, obra analizada en el \u00faltimo Club de Lectura - 2026","robots":{"index":"noindex","follow":"follow","max-snippet":"max-snippet:-1","max-image-preview":"max-image-preview:large","max-video-preview":"max-video-preview:-1"},"og_locale":"de_DE","og_type":"article","og_title":"\u2018Voces de Chern\u00f3bil\u2019, obra analizada en el \u00faltimo Club de Lectura - 2026","og_description":"\u2018Voces de Chern\u00f3bil\u2019, obra analizada en el \u00faltimo Club de Lectura Creado por: Jos\u00e9 R\u00edos Mercado. La \u00faltima actividad de nuestro Club de Lectura se enfoc\u00f3 [\u2026]","og_url":"https:\/\/ds-barranquilla.org\/de\/voces-de-chernobil-obra-analizada-en-el-ultimo-club-de-lectura\/","og_site_name":"Colegio Alem\u00e1n - Los Mejores Colegios de Colombia - Colegio Triling\u00fce","article_publisher":"https:\/\/www.facebook.com\/ColegioAlemanBaq\/","article_published_time":"2021-03-06T20:33:46+00:00","article_modified_time":"2022-12-07T16:40:47+00:00","og_image":[{"width":1366,"height":768,"url":"https:\/\/ds-barranquilla.org\/wp-content\/uploads\/2021\/03\/Club-de-Lectura.png","type":"image\/png"}],"author":"Comunicaciones Comunicaciones","twitter_card":"summary_large_image","twitter_creator":"@ColegioAlemanBq","twitter_site":"@ColegioAlemanBq","twitter_misc":{"Verfasst von":"Comunicaciones Comunicaciones","Gesch\u00e4tzte Lesezeit":"1\u00a0Minute"},"schema":{"@context":"https:\/\/schema.org","@graph":[{"@type":"Article","@id":"https:\/\/ds-barranquilla.org\/voces-de-chernobil-obra-analizada-en-el-ultimo-club-de-lectura\/#article","isPartOf":{"@id":"https:\/\/ds-barranquilla.org\/voces-de-chernobil-obra-analizada-en-el-ultimo-club-de-lectura\/"},"author":{"name":"Comunicaciones Comunicaciones","@id":"https:\/\/ds-barranquilla.org\/#\/schema\/person\/7bf8790ba89d3480e0551241ccdc8d36"},"headline":"\u2018Voces de Chern\u00f3bil\u2019, obra analizada en el \u00faltimo Club de Lectura","datePublished":"2021-03-06T20:33:46+00:00","dateModified":"2022-12-07T16:40:47+00:00","mainEntityOfPage":{"@id":"https:\/\/ds-barranquilla.org\/voces-de-chernobil-obra-analizada-en-el-ultimo-club-de-lectura\/"},"wordCount":187,"commentCount":0,"publisher":{"@id":"https:\/\/ds-barranquilla.org\/#organization"},"image":{"@id":"https:\/\/ds-barranquilla.org\/voces-de-chernobil-obra-analizada-en-el-ultimo-club-de-lectura\/#primaryimage"},"thumbnailUrl":"https:\/\/ds-barranquilla.org\/wp-content\/uploads\/2021\/03\/Club-de-Lectura.png","articleSection":["2021","Biblioteca"],"inLanguage":"de","potentialAction":[{"@type":"CommentAction","name":"Comment","target":["https:\/\/ds-barranquilla.org\/voces-de-chernobil-obra-analizada-en-el-ultimo-club-de-lectura\/#respond"]}]},{"@type":"WebPage","@id":"https:\/\/ds-barranquilla.org\/voces-de-chernobil-obra-analizada-en-el-ultimo-club-de-lectura\/","url":"https:\/\/ds-barranquilla.org\/voces-de-chernobil-obra-analizada-en-el-ultimo-club-de-lectura\/","name":"\u2018Voces de Chern\u00f3bil\u2019, obra analizada en el \u00faltimo Club de Lectura - 2026","isPartOf":{"@id":"https:\/\/ds-barranquilla.org\/#website"},"primaryImageOfPage":{"@id":"https:\/\/ds-barranquilla.org\/voces-de-chernobil-obra-analizada-en-el-ultimo-club-de-lectura\/#primaryimage"},"image":{"@id":"https:\/\/ds-barranquilla.org\/voces-de-chernobil-obra-analizada-en-el-ultimo-club-de-lectura\/#primaryimage"},"thumbnailUrl":"https:\/\/ds-barranquilla.org\/wp-content\/uploads\/2021\/03\/Club-de-Lectura.png","datePublished":"2021-03-06T20:33:46+00:00","dateModified":"2022-12-07T16:40:47+00:00","breadcrumb":{"@id":"https:\/\/ds-barranquilla.org\/voces-de-chernobil-obra-analizada-en-el-ultimo-club-de-lectura\/#breadcrumb"},"inLanguage":"de","potentialAction":[{"@type":"ReadAction","target":["https:\/\/ds-barranquilla.org\/voces-de-chernobil-obra-analizada-en-el-ultimo-club-de-lectura\/"]}]},{"@type":"ImageObject","inLanguage":"de","@id":"https:\/\/ds-barranquilla.org\/voces-de-chernobil-obra-analizada-en-el-ultimo-club-de-lectura\/#primaryimage","url":"https:\/\/ds-barranquilla.org\/wp-content\/uploads\/2021\/03\/Club-de-Lectura.png","contentUrl":"https:\/\/ds-barranquilla.org\/wp-content\/uploads\/2021\/03\/Club-de-Lectura.png","width":1366,"height":768},{"@type":"BreadcrumbList","@id":"https:\/\/ds-barranquilla.org\/voces-de-chernobil-obra-analizada-en-el-ultimo-club-de-lectura\/#breadcrumb","itemListElement":[{"@type":"ListItem","position":1,"name":"Portada","item":"https:\/\/ds-barranquilla.org\/"},{"@type":"ListItem","position":2,"name":"\u2018Voces de Chern\u00f3bil\u2019, obra analizada en el \u00faltimo Club de Lectura"}]},{"@type":"WebSite","@id":"https:\/\/ds-barranquilla.org\/#website","url":"https:\/\/ds-barranquilla.org\/","name":"Colegio Alem\u00e1n - Los Mejores Colegios de Colombia - Colegio Triling\u00fce","description":"Colegio Alem\u00e1n  Barranquilla Colombia - Colegio Biling\u00fce - Triling\u00fce - El Mejor Colegio de Colombia","publisher":{"@id":"https:\/\/ds-barranquilla.org\/#organization"},"potentialAction":[{"@type":"SearchAction","target":{"@type":"EntryPoint","urlTemplate":"https:\/\/ds-barranquilla.org\/?s={search_term_string}"},"query-input":"required name=search_term_string"}],"inLanguage":"de"},{"@type":"Organization","@id":"https:\/\/ds-barranquilla.org\/#organization","name":"Colegio Alem\u00e1n Barranquilla","url":"https:\/\/ds-barranquilla.org\/","logo":{"@type":"ImageObject","inLanguage":"de","@id":"https:\/\/ds-barranquilla.org\/#\/schema\/logo\/image\/","url":"https:\/\/ds-barranquilla.org\/wp-content\/uploads\/2021\/05\/coleman_logo_2.png","contentUrl":"https:\/\/ds-barranquilla.org\/wp-content\/uploads\/2021\/05\/coleman_logo_2.png","width":418,"height":307,"caption":"Colegio Alem\u00e1n Barranquilla"},"image":{"@id":"https:\/\/ds-barranquilla.org\/#\/schema\/logo\/image\/"},"sameAs":["https:\/\/www.facebook.com\/ColegioAlemanBaq\/","https:\/\/x.com\/ColegioAlemanBq","https:\/\/www.instagram.com\/colegioalemanbaq\/","https:\/\/www.linkedin.com\/school\/deutsche-schule-barranquilla\/","https:\/\/www.youtube.com\/channel\/UCOOGZQCVs6aYRqIWvSN5agQ"]},{"@type":"Person","@id":"https:\/\/ds-barranquilla.org\/#\/schema\/person\/7bf8790ba89d3480e0551241ccdc8d36","name":"Comunicaciones Comunicaciones","image":{"@type":"ImageObject","inLanguage":"de","@id":"https:\/\/ds-barranquilla.org\/#\/schema\/person\/image\/","url":"https:\/\/secure.gravatar.com\/avatar\/a66ba9484a4338d81d6bea750e595038?s=96&d=mm&r=g","contentUrl":"https:\/\/secure.gravatar.com\/avatar\/a66ba9484a4338d81d6bea750e595038?s=96&d=mm&r=g","caption":"Comunicaciones Comunicaciones"}}]}},"_links":{"self":[{"href":"https:\/\/ds-barranquilla.org\/de\/wp-json\/wp\/v2\/posts\/6689"}],"collection":[{"href":"https:\/\/ds-barranquilla.org\/de\/wp-json\/wp\/v2\/posts"}],"about":[{"href":"https:\/\/ds-barranquilla.org\/de\/wp-json\/wp\/v2\/types\/post"}],"author":[{"embeddable":true,"href":"https:\/\/ds-barranquilla.org\/de\/wp-json\/wp\/v2\/users\/16"}],"replies":[{"embeddable":true,"href":"https:\/\/ds-barranquilla.org\/de\/wp-json\/wp\/v2\/comments?post=6689"}],"version-history":[{"count":4,"href":"https:\/\/ds-barranquilla.org\/de\/wp-json\/wp\/v2\/posts\/6689\/revisions"}],"predecessor-version":[{"id":14797,"href":"https:\/\/ds-barranquilla.org\/de\/wp-json\/wp\/v2\/posts\/6689\/revisions\/14797"}],"wp:featuredmedia":[{"embeddable":true,"href":"https:\/\/ds-barranquilla.org\/de\/wp-json\/wp\/v2\/media\/6690"}],"wp:attachment":[{"href":"https:\/\/ds-barranquilla.org\/de\/wp-json\/wp\/v2\/media?parent=6689"}],"wp:term":[{"taxonomy":"category","embeddable":true,"href":"https:\/\/ds-barranquilla.org\/de\/wp-json\/wp\/v2\/categories?post=6689"},{"taxonomy":"post_tag","embeddable":true,"href":"https:\/\/ds-barranquilla.org\/de\/wp-json\/wp\/v2\/tags?post=6689"}],"curies":[{"name":"wp","href":"https:\/\/api.w.org\/{rel}","templated":true}]}}