{"id":6695,"date":"2021-03-12T10:21:37","date_gmt":"2021-03-12T15:21:37","guid":{"rendered":"https:\/\/ds-barranquilla.org\/?p=6695"},"modified":"2023-01-03T15:07:01","modified_gmt":"2023-01-03T20:07:01","slug":"agregado-militar-de-la-embajada-de-alemania-en-colombia-visito-nuestro-colegio","status":"publish","type":"post","link":"https:\/\/ds-barranquilla.org\/de\/agregado-militar-de-la-embajada-de-alemania-en-colombia-visito-nuestro-colegio\/","title":{"rendered":"Der Milit\u00e4rattach\u00e9 der Deutschen Botschaft in Kolumbien erstattet unserer Schule einen Besuch"},"content":{"rendered":"<h1>Der Milit\u00e4rattach\u00e9 der Deutschen Botschaft in Kolumbien erstattet unserer Schule einen Besuch<\/h1>\n<p><strong>Geschrieben von: Jos\u00e9 R\u00edos Mercado.<\/strong> Im Rahmen des Besuchs unserer Schule durch den Milit\u00e4rattach\u00e9 der Deutschen Botschaft in Kolumbien, Kommandant Harald Krempchen, brachte dieser seine gro\u00dfe Zufriedenheit mit Blick auf die geleistete Vorbereitungsarbeit f\u00fcr das Alternanzmodell zum Ausdruck. Er nutzte dabei die Gelegenheit f\u00fcr einen Rundgang durch die Schule mit unserem Vorstandsvorsitzenden, Carlos Lindemeyer, und traf sich in einem virtuellen Gespr\u00e4ch mit unserem Schulleiter, Ralph Wiese.<\/p>\n<p>\u201eIch bin sehr erfreut und finde die Entwicklung der Schule sehr interessant. Die r\u00e4umliche Aufteilung auf dem Schulgel\u00e4nde ist sehr vorteilhaft f\u00fcr die Sch\u00fclerInnen, finde ich. Besonders hat mir die Organisation des Alternanzmodells gefallen, obwohl es nat\u00fcrlich Schade ist, dass noch nicht alle Sch\u00fclerInnen gleichzeitig hier sein d\u00fcrfen. Die Schule arbeitet aber bereits darauf hin und hat einen schrittweisen und gruppenbasierten \u00dcbergang in die Pr\u00e4senzphase geplant\u201c, erkl\u00e4rte der Milit\u00e4rattach\u00e9.<\/p>\n<p>Der Kindergarten, die Grundschule, die Sekundarstufe, die Bibliothek, die Sporthalle, die Sportpl\u00e4tze, das Auditorium, das Scadta-Museum und einige weitere Orte der Schule wurden vom Milit\u00e4rattach\u00e9 im Rahmen seines Rundgangs besucht.<\/p>","protected":false},"excerpt":{"rendered":"<p>Agregado militar de la Embajada de Alemania en Colombia visit\u00f3 nuestro colegio Creado por: Jos\u00e9 R\u00edos Mercado. Durante su visita a nuestro colegio el Agregado militar<span class=\"excerpt-hellip\"> [\u2026]<\/span><\/p>","protected":false},"author":16,"featured_media":6696,"comment_status":"open","ping_status":"open","sticky":false,"template":"","format":"standard","meta":{"_exactmetrics_skip_tracking":false,"_exactmetrics_sitenote_active":false,"_exactmetrics_sitenote_note":"","_exactmetrics_sitenote_category":0,"_joinchat":[],"footnotes":""},"categories":[681,703,674,709],"tags":[],"class_list":["post-6695","post","type-post","status-publish","format-standard","has-post-thumbnail","hentry","category-681","category-junta-directiva","category-lengua-y-cultura-alemana","category-rectoria"],"yoast_head":"<!-- This site is optimized with the Yoast SEO plugin v23.3 - https:\/\/yoast.com\/wordpress\/plugins\/seo\/ -->\n<title>Agregado militar de la Embajada de Alemania en Colombia visit\u00f3 nuestro colegio - 2026<\/title>\n<meta name=\"robots\" content=\"noindex, follow, max-snippet:-1, max-image-preview:large, max-video-preview:-1\" \/>\n<meta property=\"og:locale\" content=\"de_DE\" \/>\n<meta property=\"og:type\" content=\"article\" \/>\n<meta property=\"og:title\" content=\"Agregado militar de la Embajada de Alemania en Colombia visit\u00f3 nuestro colegio - 2026\" \/>\n<meta property=\"og:description\" content=\"Agregado militar de la Embajada de Alemania en Colombia visit\u00f3 nuestro colegio Creado por: Jos\u00e9 R\u00edos Mercado. Durante su visita a nuestro colegio el Agregado militar [\u2026]\" \/>\n<meta property=\"og:url\" content=\"https:\/\/ds-barranquilla.org\/de\/agregado-militar-de-la-embajada-de-alemania-en-colombia-visito-nuestro-colegio\/\" \/>\n<meta property=\"og:site_name\" content=\"Colegio Alem\u00e1n - Los Mejores Colegios de Colombia - Colegio Triling\u00fce\" \/>\n<meta property=\"article:publisher\" content=\"https:\/\/www.facebook.com\/ColegioAlemanBaq\/\" \/>\n<meta property=\"article:published_time\" content=\"2021-03-12T15:21:37+00:00\" \/>\n<meta property=\"article:modified_time\" content=\"2023-01-03T20:07:01+00:00\" \/>\n<meta property=\"og:image\" content=\"https:\/\/ds-barranquilla.org\/wp-content\/uploads\/2021\/03\/CAB8163-scaled.jpg\" \/>\n\t<meta property=\"og:image:width\" content=\"2560\" \/>\n\t<meta property=\"og:image:height\" content=\"1707\" \/>\n\t<meta property=\"og:image:type\" content=\"image\/jpeg\" \/>\n<meta name=\"author\" content=\"Comunicaciones Comunicaciones\" \/>\n<meta name=\"twitter:card\" content=\"summary_large_image\" \/>\n<meta name=\"twitter:creator\" content=\"@ColegioAlemanBq\" \/>\n<meta name=\"twitter:site\" content=\"@ColegioAlemanBq\" \/>\n<meta name=\"twitter:label1\" content=\"Verfasst von\" \/>\n\t<meta name=\"twitter:data1\" content=\"Comunicaciones Comunicaciones\" \/>\n\t<meta name=\"twitter:label2\" content=\"Gesch\u00e4tzte Lesezeit\" \/>\n\t<meta name=\"twitter:data2\" content=\"1\u00a0Minute\" \/>\n<script type=\"application\/ld+json\" class=\"yoast-schema-graph\">{\"@context\":\"https:\/\/schema.org\",\"@graph\":[{\"@type\":\"Article\",\"@id\":\"https:\/\/ds-barranquilla.org\/agregado-militar-de-la-embajada-de-alemania-en-colombia-visito-nuestro-colegio\/#article\",\"isPartOf\":{\"@id\":\"https:\/\/ds-barranquilla.org\/agregado-militar-de-la-embajada-de-alemania-en-colombia-visito-nuestro-colegio\/\"},\"author\":{\"name\":\"Comunicaciones Comunicaciones\",\"@id\":\"https:\/\/ds-barranquilla.org\/#\/schema\/person\/7bf8790ba89d3480e0551241ccdc8d36\"},\"headline\":\"Agregado militar de la Embajada de Alemania en Colombia visit\u00f3 nuestro colegio\",\"datePublished\":\"2021-03-12T15:21:37+00:00\",\"dateModified\":\"2023-01-03T20:07:01+00:00\",\"mainEntityOfPage\":{\"@id\":\"https:\/\/ds-barranquilla.org\/agregado-militar-de-la-embajada-de-alemania-en-colombia-visito-nuestro-colegio\/\"},\"wordCount\":213,\"commentCount\":0,\"publisher\":{\"@id\":\"https:\/\/ds-barranquilla.org\/#organization\"},\"image\":{\"@id\":\"https:\/\/ds-barranquilla.org\/agregado-militar-de-la-embajada-de-alemania-en-colombia-visito-nuestro-colegio\/#primaryimage\"},\"thumbnailUrl\":\"https:\/\/ds-barranquilla.org\/wp-content\/uploads\/2021\/03\/CAB8163-scaled.jpg\",\"articleSection\":[\"2021\",\"Junta Directiva\",\"Lengua y Cultura Alemana\",\"Rector\u00eda\"],\"inLanguage\":\"de\",\"potentialAction\":[{\"@type\":\"CommentAction\",\"name\":\"Comment\",\"target\":[\"https:\/\/ds-barranquilla.org\/agregado-militar-de-la-embajada-de-alemania-en-colombia-visito-nuestro-colegio\/#respond\"]}]},{\"@type\":\"WebPage\",\"@id\":\"https:\/\/ds-barranquilla.org\/agregado-militar-de-la-embajada-de-alemania-en-colombia-visito-nuestro-colegio\/\",\"url\":\"https:\/\/ds-barranquilla.org\/agregado-militar-de-la-embajada-de-alemania-en-colombia-visito-nuestro-colegio\/\",\"name\":\"Agregado militar de la Embajada de Alemania en Colombia visit\u00f3 nuestro colegio - 2026\",\"isPartOf\":{\"@id\":\"https:\/\/ds-barranquilla.org\/#website\"},\"primaryImageOfPage\":{\"@id\":\"https:\/\/ds-barranquilla.org\/agregado-militar-de-la-embajada-de-alemania-en-colombia-visito-nuestro-colegio\/#primaryimage\"},\"image\":{\"@id\":\"https:\/\/ds-barranquilla.org\/agregado-militar-de-la-embajada-de-alemania-en-colombia-visito-nuestro-colegio\/#primaryimage\"},\"thumbnailUrl\":\"https:\/\/ds-barranquilla.org\/wp-content\/uploads\/2021\/03\/CAB8163-scaled.jpg\",\"datePublished\":\"2021-03-12T15:21:37+00:00\",\"dateModified\":\"2023-01-03T20:07:01+00:00\",\"breadcrumb\":{\"@id\":\"https:\/\/ds-barranquilla.org\/agregado-militar-de-la-embajada-de-alemania-en-colombia-visito-nuestro-colegio\/#breadcrumb\"},\"inLanguage\":\"de\",\"potentialAction\":[{\"@type\":\"ReadAction\",\"target\":[\"https:\/\/ds-barranquilla.org\/agregado-militar-de-la-embajada-de-alemania-en-colombia-visito-nuestro-colegio\/\"]}]},{\"@type\":\"ImageObject\",\"inLanguage\":\"de\",\"@id\":\"https:\/\/ds-barranquilla.org\/agregado-militar-de-la-embajada-de-alemania-en-colombia-visito-nuestro-colegio\/#primaryimage\",\"url\":\"https:\/\/ds-barranquilla.org\/wp-content\/uploads\/2021\/03\/CAB8163-scaled.jpg\",\"contentUrl\":\"https:\/\/ds-barranquilla.org\/wp-content\/uploads\/2021\/03\/CAB8163-scaled.jpg\",\"width\":2560,\"height\":1707},{\"@type\":\"BreadcrumbList\",\"@id\":\"https:\/\/ds-barranquilla.org\/agregado-militar-de-la-embajada-de-alemania-en-colombia-visito-nuestro-colegio\/#breadcrumb\",\"itemListElement\":[{\"@type\":\"ListItem\",\"position\":1,\"name\":\"Portada\",\"item\":\"https:\/\/ds-barranquilla.org\/\"},{\"@type\":\"ListItem\",\"position\":2,\"name\":\"Agregado militar de la Embajada de Alemania en Colombia visit\u00f3 nuestro colegio\"}]},{\"@type\":\"WebSite\",\"@id\":\"https:\/\/ds-barranquilla.org\/#website\",\"url\":\"https:\/\/ds-barranquilla.org\/\",\"name\":\"Colegio Alem\u00e1n - Los Mejores Colegios de Colombia - Colegio Triling\u00fce\",\"description\":\"Colegio Alem\u00e1n  Barranquilla Colombia - Colegio Biling\u00fce - Triling\u00fce - El Mejor Colegio de Colombia\",\"publisher\":{\"@id\":\"https:\/\/ds-barranquilla.org\/#organization\"},\"potentialAction\":[{\"@type\":\"SearchAction\",\"target\":{\"@type\":\"EntryPoint\",\"urlTemplate\":\"https:\/\/ds-barranquilla.org\/?s={search_term_string}\"},\"query-input\":\"required name=search_term_string\"}],\"inLanguage\":\"de\"},{\"@type\":\"Organization\",\"@id\":\"https:\/\/ds-barranquilla.org\/#organization\",\"name\":\"Colegio Alem\u00e1n Barranquilla\",\"url\":\"https:\/\/ds-barranquilla.org\/\",\"logo\":{\"@type\":\"ImageObject\",\"inLanguage\":\"de\",\"@id\":\"https:\/\/ds-barranquilla.org\/#\/schema\/logo\/image\/\",\"url\":\"https:\/\/ds-barranquilla.org\/wp-content\/uploads\/2021\/05\/coleman_logo_2.png\",\"contentUrl\":\"https:\/\/ds-barranquilla.org\/wp-content\/uploads\/2021\/05\/coleman_logo_2.png\",\"width\":418,\"height\":307,\"caption\":\"Colegio Alem\u00e1n Barranquilla\"},\"image\":{\"@id\":\"https:\/\/ds-barranquilla.org\/#\/schema\/logo\/image\/\"},\"sameAs\":[\"https:\/\/www.facebook.com\/ColegioAlemanBaq\/\",\"https:\/\/x.com\/ColegioAlemanBq\",\"https:\/\/www.instagram.com\/colegioalemanbaq\/\",\"https:\/\/www.linkedin.com\/school\/deutsche-schule-barranquilla\/\",\"https:\/\/www.youtube.com\/channel\/UCOOGZQCVs6aYRqIWvSN5agQ\"]},{\"@type\":\"Person\",\"@id\":\"https:\/\/ds-barranquilla.org\/#\/schema\/person\/7bf8790ba89d3480e0551241ccdc8d36\",\"name\":\"Comunicaciones Comunicaciones\",\"image\":{\"@type\":\"ImageObject\",\"inLanguage\":\"de\",\"@id\":\"https:\/\/ds-barranquilla.org\/#\/schema\/person\/image\/\",\"url\":\"https:\/\/secure.gravatar.com\/avatar\/a66ba9484a4338d81d6bea750e595038?s=96&d=mm&r=g\",\"contentUrl\":\"https:\/\/secure.gravatar.com\/avatar\/a66ba9484a4338d81d6bea750e595038?s=96&d=mm&r=g\",\"caption\":\"Comunicaciones Comunicaciones\"}}]}<\/script>\n<!-- \/ Yoast SEO plugin. -->","yoast_head_json":{"title":"Agregado militar de la Embajada de Alemania en Colombia visit\u00f3 nuestro colegio - 2026","robots":{"index":"noindex","follow":"follow","max-snippet":"max-snippet:-1","max-image-preview":"max-image-preview:large","max-video-preview":"max-video-preview:-1"},"og_locale":"de_DE","og_type":"article","og_title":"Agregado militar de la Embajada de Alemania en Colombia visit\u00f3 nuestro colegio - 2026","og_description":"Agregado militar de la Embajada de Alemania en Colombia visit\u00f3 nuestro colegio Creado por: Jos\u00e9 R\u00edos Mercado. Durante su visita a nuestro colegio el Agregado militar [\u2026]","og_url":"https:\/\/ds-barranquilla.org\/de\/agregado-militar-de-la-embajada-de-alemania-en-colombia-visito-nuestro-colegio\/","og_site_name":"Colegio Alem\u00e1n - Los Mejores Colegios de Colombia - Colegio Triling\u00fce","article_publisher":"https:\/\/www.facebook.com\/ColegioAlemanBaq\/","article_published_time":"2021-03-12T15:21:37+00:00","article_modified_time":"2023-01-03T20:07:01+00:00","og_image":[{"width":2560,"height":1707,"url":"https:\/\/ds-barranquilla.org\/wp-content\/uploads\/2021\/03\/CAB8163-scaled.jpg","type":"image\/jpeg"}],"author":"Comunicaciones Comunicaciones","twitter_card":"summary_large_image","twitter_creator":"@ColegioAlemanBq","twitter_site":"@ColegioAlemanBq","twitter_misc":{"Verfasst von":"Comunicaciones Comunicaciones","Gesch\u00e4tzte Lesezeit":"1\u00a0Minute"},"schema":{"@context":"https:\/\/schema.org","@graph":[{"@type":"Article","@id":"https:\/\/ds-barranquilla.org\/agregado-militar-de-la-embajada-de-alemania-en-colombia-visito-nuestro-colegio\/#article","isPartOf":{"@id":"https:\/\/ds-barranquilla.org\/agregado-militar-de-la-embajada-de-alemania-en-colombia-visito-nuestro-colegio\/"},"author":{"name":"Comunicaciones Comunicaciones","@id":"https:\/\/ds-barranquilla.org\/#\/schema\/person\/7bf8790ba89d3480e0551241ccdc8d36"},"headline":"Agregado militar de la Embajada de Alemania en Colombia visit\u00f3 nuestro colegio","datePublished":"2021-03-12T15:21:37+00:00","dateModified":"2023-01-03T20:07:01+00:00","mainEntityOfPage":{"@id":"https:\/\/ds-barranquilla.org\/agregado-militar-de-la-embajada-de-alemania-en-colombia-visito-nuestro-colegio\/"},"wordCount":213,"commentCount":0,"publisher":{"@id":"https:\/\/ds-barranquilla.org\/#organization"},"image":{"@id":"https:\/\/ds-barranquilla.org\/agregado-militar-de-la-embajada-de-alemania-en-colombia-visito-nuestro-colegio\/#primaryimage"},"thumbnailUrl":"https:\/\/ds-barranquilla.org\/wp-content\/uploads\/2021\/03\/CAB8163-scaled.jpg","articleSection":["2021","Junta Directiva","Lengua y Cultura Alemana","Rector\u00eda"],"inLanguage":"de","potentialAction":[{"@type":"CommentAction","name":"Comment","target":["https:\/\/ds-barranquilla.org\/agregado-militar-de-la-embajada-de-alemania-en-colombia-visito-nuestro-colegio\/#respond"]}]},{"@type":"WebPage","@id":"https:\/\/ds-barranquilla.org\/agregado-militar-de-la-embajada-de-alemania-en-colombia-visito-nuestro-colegio\/","url":"https:\/\/ds-barranquilla.org\/agregado-militar-de-la-embajada-de-alemania-en-colombia-visito-nuestro-colegio\/","name":"Agregado militar de la Embajada de Alemania en Colombia visit\u00f3 nuestro colegio - 2026","isPartOf":{"@id":"https:\/\/ds-barranquilla.org\/#website"},"primaryImageOfPage":{"@id":"https:\/\/ds-barranquilla.org\/agregado-militar-de-la-embajada-de-alemania-en-colombia-visito-nuestro-colegio\/#primaryimage"},"image":{"@id":"https:\/\/ds-barranquilla.org\/agregado-militar-de-la-embajada-de-alemania-en-colombia-visito-nuestro-colegio\/#primaryimage"},"thumbnailUrl":"https:\/\/ds-barranquilla.org\/wp-content\/uploads\/2021\/03\/CAB8163-scaled.jpg","datePublished":"2021-03-12T15:21:37+00:00","dateModified":"2023-01-03T20:07:01+00:00","breadcrumb":{"@id":"https:\/\/ds-barranquilla.org\/agregado-militar-de-la-embajada-de-alemania-en-colombia-visito-nuestro-colegio\/#breadcrumb"},"inLanguage":"de","potentialAction":[{"@type":"ReadAction","target":["https:\/\/ds-barranquilla.org\/agregado-militar-de-la-embajada-de-alemania-en-colombia-visito-nuestro-colegio\/"]}]},{"@type":"ImageObject","inLanguage":"de","@id":"https:\/\/ds-barranquilla.org\/agregado-militar-de-la-embajada-de-alemania-en-colombia-visito-nuestro-colegio\/#primaryimage","url":"https:\/\/ds-barranquilla.org\/wp-content\/uploads\/2021\/03\/CAB8163-scaled.jpg","contentUrl":"https:\/\/ds-barranquilla.org\/wp-content\/uploads\/2021\/03\/CAB8163-scaled.jpg","width":2560,"height":1707},{"@type":"BreadcrumbList","@id":"https:\/\/ds-barranquilla.org\/agregado-militar-de-la-embajada-de-alemania-en-colombia-visito-nuestro-colegio\/#breadcrumb","itemListElement":[{"@type":"ListItem","position":1,"name":"Portada","item":"https:\/\/ds-barranquilla.org\/"},{"@type":"ListItem","position":2,"name":"Agregado militar de la Embajada de Alemania en Colombia visit\u00f3 nuestro colegio"}]},{"@type":"WebSite","@id":"https:\/\/ds-barranquilla.org\/#website","url":"https:\/\/ds-barranquilla.org\/","name":"Colegio Alem\u00e1n - Los Mejores Colegios de Colombia - Colegio Triling\u00fce","description":"Colegio Alem\u00e1n  Barranquilla Colombia - Colegio Biling\u00fce - Triling\u00fce - El Mejor Colegio de Colombia","publisher":{"@id":"https:\/\/ds-barranquilla.org\/#organization"},"potentialAction":[{"@type":"SearchAction","target":{"@type":"EntryPoint","urlTemplate":"https:\/\/ds-barranquilla.org\/?s={search_term_string}"},"query-input":"required name=search_term_string"}],"inLanguage":"de"},{"@type":"Organization","@id":"https:\/\/ds-barranquilla.org\/#organization","name":"Colegio Alem\u00e1n Barranquilla","url":"https:\/\/ds-barranquilla.org\/","logo":{"@type":"ImageObject","inLanguage":"de","@id":"https:\/\/ds-barranquilla.org\/#\/schema\/logo\/image\/","url":"https:\/\/ds-barranquilla.org\/wp-content\/uploads\/2021\/05\/coleman_logo_2.png","contentUrl":"https:\/\/ds-barranquilla.org\/wp-content\/uploads\/2021\/05\/coleman_logo_2.png","width":418,"height":307,"caption":"Colegio Alem\u00e1n Barranquilla"},"image":{"@id":"https:\/\/ds-barranquilla.org\/#\/schema\/logo\/image\/"},"sameAs":["https:\/\/www.facebook.com\/ColegioAlemanBaq\/","https:\/\/x.com\/ColegioAlemanBq","https:\/\/www.instagram.com\/colegioalemanbaq\/","https:\/\/www.linkedin.com\/school\/deutsche-schule-barranquilla\/","https:\/\/www.youtube.com\/channel\/UCOOGZQCVs6aYRqIWvSN5agQ"]},{"@type":"Person","@id":"https:\/\/ds-barranquilla.org\/#\/schema\/person\/7bf8790ba89d3480e0551241ccdc8d36","name":"Comunicaciones Comunicaciones","image":{"@type":"ImageObject","inLanguage":"de","@id":"https:\/\/ds-barranquilla.org\/#\/schema\/person\/image\/","url":"https:\/\/secure.gravatar.com\/avatar\/a66ba9484a4338d81d6bea750e595038?s=96&d=mm&r=g","contentUrl":"https:\/\/secure.gravatar.com\/avatar\/a66ba9484a4338d81d6bea750e595038?s=96&d=mm&r=g","caption":"Comunicaciones Comunicaciones"}}]}},"_links":{"self":[{"href":"https:\/\/ds-barranquilla.org\/de\/wp-json\/wp\/v2\/posts\/6695"}],"collection":[{"href":"https:\/\/ds-barranquilla.org\/de\/wp-json\/wp\/v2\/posts"}],"about":[{"href":"https:\/\/ds-barranquilla.org\/de\/wp-json\/wp\/v2\/types\/post"}],"author":[{"embeddable":true,"href":"https:\/\/ds-barranquilla.org\/de\/wp-json\/wp\/v2\/users\/16"}],"replies":[{"embeddable":true,"href":"https:\/\/ds-barranquilla.org\/de\/wp-json\/wp\/v2\/comments?post=6695"}],"version-history":[{"count":2,"href":"https:\/\/ds-barranquilla.org\/de\/wp-json\/wp\/v2\/posts\/6695\/revisions"}],"predecessor-version":[{"id":6844,"href":"https:\/\/ds-barranquilla.org\/de\/wp-json\/wp\/v2\/posts\/6695\/revisions\/6844"}],"wp:featuredmedia":[{"embeddable":true,"href":"https:\/\/ds-barranquilla.org\/de\/wp-json\/wp\/v2\/media\/6696"}],"wp:attachment":[{"href":"https:\/\/ds-barranquilla.org\/de\/wp-json\/wp\/v2\/media?parent=6695"}],"wp:term":[{"taxonomy":"category","embeddable":true,"href":"https:\/\/ds-barranquilla.org\/de\/wp-json\/wp\/v2\/categories?post=6695"},{"taxonomy":"post_tag","embeddable":true,"href":"https:\/\/ds-barranquilla.org\/de\/wp-json\/wp\/v2\/tags?post=6695"}],"curies":[{"name":"wp","href":"https:\/\/api.w.org\/{rel}","templated":true}]}}