{"id":6907,"date":"2021-04-21T09:50:38","date_gmt":"2021-04-21T14:50:38","guid":{"rendered":"https:\/\/ds-barranquilla.org\/?p=6907"},"modified":"2023-01-03T14:40:47","modified_gmt":"2023-01-03T19:40:47","slug":"la-importancia-de-una-correcta-postura-para-la-salud-emocional-y-mental","status":"publish","type":"post","link":"https:\/\/ds-barranquilla.org\/de\/la-importancia-de-una-correcta-postura-para-la-salud-emocional-y-mental\/","title":{"rendered":"La importancia de una correcta postura para la salud emocional y mental"},"content":{"rendered":"<h1><strong>La importancia de una correcta postura para la salud emocional y mental<\/strong><\/h1>\n<p><em>\u201cEl cuerpo sabe lo que la mente a\u00fan no se ha dado cuenta\u201d.<\/em><\/p>\n<p><em>(Antonio Damacio)<\/em><\/p>\n<p><strong>Creado por: Mar\u00eda Magdalena Quinteros. <\/strong>Por muchos a\u00f1os la ciencia se empe\u00f1\u00f3 en separar el cerebro y el cuerpo como dos realidades paralelas, pero si el cerebro est\u00e1 en el cuerpo, no podemos separarlos ni aislarlos el uno del otro; es la realidad adonde llego la neurociencia. Es esta realidad la que nos permite de una manera eficiente\u00a0fortalecer la metodolog\u00eda de ense\u00f1anza en nuestra instituci\u00f3n.<\/p>\n<p>A trav\u00e9s del movimiento y la posici\u00f3n del cuerpo estamos constantemente transmitiendo informaci\u00f3n no solo a nuestro cerebro sino tambi\u00e9n a nuestro entorno.\u00a0A veces, la expresi\u00f3n corporal dice m\u00e1s que las palabras y nuestra postura nos ofrece a nosotros mismos informaci\u00f3n acerca de nuestro estado de \u00e1nimo, el cual puede cambiar la percepci\u00f3n sobre diversas situaciones o cambiar la capacidad de aprendizaje.<\/p>\n<p>Por ejemplo, se ha comprobado cient\u00edficamente que recordamos m\u00e1s las palabras negativas cuando estamos en una posici\u00f3n inclinada que cuando estamos rectos. Si apoyas la cabeza sobre tu mano mientras intentas memorizar algo, te resultar\u00e1 m\u00e1s dif\u00edcil que si te sientas derecho; la cabeza en la mano activa el parasimp\u00e1tico que lo \u00fanico que pretende es relajar el cuerpo para dormir.<\/p>\n<p><strong>\u00bfC\u00f3mo podemos cuidar de la salud mental y emocional de nuestros hijos y estudiantes en tiempos de pandemia sin ser expertos en neurociencia?<\/strong><\/p>\n<p>Es muy simple: cuida, observa y atiende tu cuerpo, tu postura es lo que afecta directamente la percepci\u00f3n; a veces no necesitas hablar, solo observar, corrige la postura corporal de tu hijo o estudiante y atiende los gestos. Si hay algo que al cerebro le gusta es la sonrisa, puesto que beneficia al sistema nervioso, cardiovascular, endocrino e inmune. La conexi\u00f3n cerebro-cuerpo nos brinda la posibilidad de intervenir en los estados de \u00e1nimo de nuestros hijos y estudiantes; debemos corregir su postura, sonre\u00edrles, cuidar su alimentaci\u00f3n y hacer ejercicios atendiendo nuestra respiraci\u00f3n.<\/p>\n<p>\u00a1El cuerpo es la llave para cuidar la mente, \u00fasala!<\/p>","protected":false},"excerpt":{"rendered":"<p>La importancia de una correcta postura para la salud emocional y mental \u201cEl cuerpo sabe lo que la mente a\u00fan no se ha dado cuenta\u201d. (Antonio<span class=\"excerpt-hellip\"> [\u2026]<\/span><\/p>","protected":false},"author":16,"featured_media":6908,"comment_status":"open","ping_status":"open","sticky":false,"template":"","format":"standard","meta":{"_exactmetrics_skip_tracking":false,"_exactmetrics_sitenote_active":false,"_exactmetrics_sitenote_note":"","_exactmetrics_sitenote_category":0,"_joinchat":[],"footnotes":""},"categories":[681,696,698],"tags":[],"class_list":["post-6907","post","type-post","status-publish","format-standard","has-post-thumbnail","hentry","category-681","category-bienestar-estudiantil","category-centro-de-apoyo-baumhaus"],"yoast_head":"<!-- This site is optimized with the Yoast SEO plugin v23.3 - https:\/\/yoast.com\/wordpress\/plugins\/seo\/ -->\n<title>La importancia de una correcta postura para la salud emocional y mental - 2026<\/title>\n<meta name=\"robots\" content=\"noindex, follow, max-snippet:-1, max-image-preview:large, max-video-preview:-1\" \/>\n<meta property=\"og:locale\" content=\"de_DE\" \/>\n<meta property=\"og:type\" content=\"article\" \/>\n<meta property=\"og:title\" content=\"La importancia de una correcta postura para la salud emocional y mental - 2026\" \/>\n<meta property=\"og:description\" content=\"La importancia de una correcta postura para la salud emocional y mental \u201cEl cuerpo sabe lo que la mente a\u00fan no se ha dado cuenta\u201d. (Antonio [\u2026]\" \/>\n<meta property=\"og:url\" content=\"https:\/\/ds-barranquilla.org\/de\/la-importancia-de-una-correcta-postura-para-la-salud-emocional-y-mental\/\" \/>\n<meta property=\"og:site_name\" content=\"Colegio Alem\u00e1n - Los Mejores Colegios de Colombia - Colegio Triling\u00fce\" \/>\n<meta property=\"article:publisher\" content=\"https:\/\/www.facebook.com\/ColegioAlemanBaq\/\" \/>\n<meta property=\"article:published_time\" content=\"2021-04-21T14:50:38+00:00\" \/>\n<meta property=\"article:modified_time\" content=\"2023-01-03T19:40:47+00:00\" \/>\n<meta property=\"og:image\" content=\"https:\/\/ds-barranquilla.org\/wp-content\/uploads\/2021\/04\/IMG_7438.jpg\" \/>\n\t<meta property=\"og:image:width\" content=\"840\" \/>\n\t<meta property=\"og:image:height\" content=\"472\" \/>\n\t<meta property=\"og:image:type\" content=\"image\/jpeg\" \/>\n<meta name=\"author\" content=\"Comunicaciones Comunicaciones\" \/>\n<meta name=\"twitter:card\" content=\"summary_large_image\" \/>\n<meta name=\"twitter:creator\" content=\"@ColegioAlemanBq\" \/>\n<meta name=\"twitter:site\" content=\"@ColegioAlemanBq\" \/>\n<meta name=\"twitter:label1\" content=\"Verfasst von\" \/>\n\t<meta name=\"twitter:data1\" content=\"Comunicaciones Comunicaciones\" \/>\n\t<meta name=\"twitter:label2\" content=\"Gesch\u00e4tzte Lesezeit\" \/>\n\t<meta name=\"twitter:data2\" content=\"2\u00a0Minuten\" \/>\n<script type=\"application\/ld+json\" class=\"yoast-schema-graph\">{\"@context\":\"https:\/\/schema.org\",\"@graph\":[{\"@type\":\"Article\",\"@id\":\"https:\/\/ds-barranquilla.org\/la-importancia-de-una-correcta-postura-para-la-salud-emocional-y-mental\/#article\",\"isPartOf\":{\"@id\":\"https:\/\/ds-barranquilla.org\/la-importancia-de-una-correcta-postura-para-la-salud-emocional-y-mental\/\"},\"author\":{\"name\":\"Comunicaciones Comunicaciones\",\"@id\":\"https:\/\/ds-barranquilla.org\/#\/schema\/person\/7bf8790ba89d3480e0551241ccdc8d36\"},\"headline\":\"La importancia de una correcta postura para la salud emocional y mental\",\"datePublished\":\"2021-04-21T14:50:38+00:00\",\"dateModified\":\"2023-01-03T19:40:47+00:00\",\"mainEntityOfPage\":{\"@id\":\"https:\/\/ds-barranquilla.org\/la-importancia-de-una-correcta-postura-para-la-salud-emocional-y-mental\/\"},\"wordCount\":380,\"commentCount\":0,\"publisher\":{\"@id\":\"https:\/\/ds-barranquilla.org\/#organization\"},\"image\":{\"@id\":\"https:\/\/ds-barranquilla.org\/la-importancia-de-una-correcta-postura-para-la-salud-emocional-y-mental\/#primaryimage\"},\"thumbnailUrl\":\"https:\/\/ds-barranquilla.org\/wp-content\/uploads\/2021\/04\/IMG_7438.jpg\",\"articleSection\":[\"2021\",\"Bienestar Estudiantil\",\"Centro de Apoyo Baumhaus\"],\"inLanguage\":\"de\",\"potentialAction\":[{\"@type\":\"CommentAction\",\"name\":\"Comment\",\"target\":[\"https:\/\/ds-barranquilla.org\/la-importancia-de-una-correcta-postura-para-la-salud-emocional-y-mental\/#respond\"]}]},{\"@type\":\"WebPage\",\"@id\":\"https:\/\/ds-barranquilla.org\/la-importancia-de-una-correcta-postura-para-la-salud-emocional-y-mental\/\",\"url\":\"https:\/\/ds-barranquilla.org\/la-importancia-de-una-correcta-postura-para-la-salud-emocional-y-mental\/\",\"name\":\"La importancia de una correcta postura para la salud emocional y mental - 2026\",\"isPartOf\":{\"@id\":\"https:\/\/ds-barranquilla.org\/#website\"},\"primaryImageOfPage\":{\"@id\":\"https:\/\/ds-barranquilla.org\/la-importancia-de-una-correcta-postura-para-la-salud-emocional-y-mental\/#primaryimage\"},\"image\":{\"@id\":\"https:\/\/ds-barranquilla.org\/la-importancia-de-una-correcta-postura-para-la-salud-emocional-y-mental\/#primaryimage\"},\"thumbnailUrl\":\"https:\/\/ds-barranquilla.org\/wp-content\/uploads\/2021\/04\/IMG_7438.jpg\",\"datePublished\":\"2021-04-21T14:50:38+00:00\",\"dateModified\":\"2023-01-03T19:40:47+00:00\",\"breadcrumb\":{\"@id\":\"https:\/\/ds-barranquilla.org\/la-importancia-de-una-correcta-postura-para-la-salud-emocional-y-mental\/#breadcrumb\"},\"inLanguage\":\"de\",\"potentialAction\":[{\"@type\":\"ReadAction\",\"target\":[\"https:\/\/ds-barranquilla.org\/la-importancia-de-una-correcta-postura-para-la-salud-emocional-y-mental\/\"]}]},{\"@type\":\"ImageObject\",\"inLanguage\":\"de\",\"@id\":\"https:\/\/ds-barranquilla.org\/la-importancia-de-una-correcta-postura-para-la-salud-emocional-y-mental\/#primaryimage\",\"url\":\"https:\/\/ds-barranquilla.org\/wp-content\/uploads\/2021\/04\/IMG_7438.jpg\",\"contentUrl\":\"https:\/\/ds-barranquilla.org\/wp-content\/uploads\/2021\/04\/IMG_7438.jpg\",\"width\":840,\"height\":472},{\"@type\":\"BreadcrumbList\",\"@id\":\"https:\/\/ds-barranquilla.org\/la-importancia-de-una-correcta-postura-para-la-salud-emocional-y-mental\/#breadcrumb\",\"itemListElement\":[{\"@type\":\"ListItem\",\"position\":1,\"name\":\"Portada\",\"item\":\"https:\/\/ds-barranquilla.org\/\"},{\"@type\":\"ListItem\",\"position\":2,\"name\":\"La importancia de una correcta postura para la salud emocional y mental\"}]},{\"@type\":\"WebSite\",\"@id\":\"https:\/\/ds-barranquilla.org\/#website\",\"url\":\"https:\/\/ds-barranquilla.org\/\",\"name\":\"Colegio Alem\u00e1n - Los Mejores Colegios de Colombia - Colegio Triling\u00fce\",\"description\":\"Colegio Alem\u00e1n  Barranquilla Colombia - Colegio Biling\u00fce - Triling\u00fce - El Mejor Colegio de Colombia\",\"publisher\":{\"@id\":\"https:\/\/ds-barranquilla.org\/#organization\"},\"potentialAction\":[{\"@type\":\"SearchAction\",\"target\":{\"@type\":\"EntryPoint\",\"urlTemplate\":\"https:\/\/ds-barranquilla.org\/?s={search_term_string}\"},\"query-input\":\"required name=search_term_string\"}],\"inLanguage\":\"de\"},{\"@type\":\"Organization\",\"@id\":\"https:\/\/ds-barranquilla.org\/#organization\",\"name\":\"Colegio Alem\u00e1n Barranquilla\",\"url\":\"https:\/\/ds-barranquilla.org\/\",\"logo\":{\"@type\":\"ImageObject\",\"inLanguage\":\"de\",\"@id\":\"https:\/\/ds-barranquilla.org\/#\/schema\/logo\/image\/\",\"url\":\"https:\/\/ds-barranquilla.org\/wp-content\/uploads\/2021\/05\/coleman_logo_2.png\",\"contentUrl\":\"https:\/\/ds-barranquilla.org\/wp-content\/uploads\/2021\/05\/coleman_logo_2.png\",\"width\":418,\"height\":307,\"caption\":\"Colegio Alem\u00e1n Barranquilla\"},\"image\":{\"@id\":\"https:\/\/ds-barranquilla.org\/#\/schema\/logo\/image\/\"},\"sameAs\":[\"https:\/\/www.facebook.com\/ColegioAlemanBaq\/\",\"https:\/\/x.com\/ColegioAlemanBq\",\"https:\/\/www.instagram.com\/colegioalemanbaq\/\",\"https:\/\/www.linkedin.com\/school\/deutsche-schule-barranquilla\/\",\"https:\/\/www.youtube.com\/channel\/UCOOGZQCVs6aYRqIWvSN5agQ\"]},{\"@type\":\"Person\",\"@id\":\"https:\/\/ds-barranquilla.org\/#\/schema\/person\/7bf8790ba89d3480e0551241ccdc8d36\",\"name\":\"Comunicaciones Comunicaciones\",\"image\":{\"@type\":\"ImageObject\",\"inLanguage\":\"de\",\"@id\":\"https:\/\/ds-barranquilla.org\/#\/schema\/person\/image\/\",\"url\":\"https:\/\/secure.gravatar.com\/avatar\/a66ba9484a4338d81d6bea750e595038?s=96&d=mm&r=g\",\"contentUrl\":\"https:\/\/secure.gravatar.com\/avatar\/a66ba9484a4338d81d6bea750e595038?s=96&d=mm&r=g\",\"caption\":\"Comunicaciones Comunicaciones\"}}]}<\/script>\n<!-- \/ Yoast SEO plugin. -->","yoast_head_json":{"title":"La importancia de una correcta postura para la salud emocional y mental - 2026","robots":{"index":"noindex","follow":"follow","max-snippet":"max-snippet:-1","max-image-preview":"max-image-preview:large","max-video-preview":"max-video-preview:-1"},"og_locale":"de_DE","og_type":"article","og_title":"La importancia de una correcta postura para la salud emocional y mental - 2026","og_description":"La importancia de una correcta postura para la salud emocional y mental \u201cEl cuerpo sabe lo que la mente a\u00fan no se ha dado cuenta\u201d. (Antonio [\u2026]","og_url":"https:\/\/ds-barranquilla.org\/de\/la-importancia-de-una-correcta-postura-para-la-salud-emocional-y-mental\/","og_site_name":"Colegio Alem\u00e1n - Los Mejores Colegios de Colombia - Colegio Triling\u00fce","article_publisher":"https:\/\/www.facebook.com\/ColegioAlemanBaq\/","article_published_time":"2021-04-21T14:50:38+00:00","article_modified_time":"2023-01-03T19:40:47+00:00","og_image":[{"width":840,"height":472,"url":"https:\/\/ds-barranquilla.org\/wp-content\/uploads\/2021\/04\/IMG_7438.jpg","type":"image\/jpeg"}],"author":"Comunicaciones Comunicaciones","twitter_card":"summary_large_image","twitter_creator":"@ColegioAlemanBq","twitter_site":"@ColegioAlemanBq","twitter_misc":{"Verfasst von":"Comunicaciones Comunicaciones","Gesch\u00e4tzte Lesezeit":"2\u00a0Minuten"},"schema":{"@context":"https:\/\/schema.org","@graph":[{"@type":"Article","@id":"https:\/\/ds-barranquilla.org\/la-importancia-de-una-correcta-postura-para-la-salud-emocional-y-mental\/#article","isPartOf":{"@id":"https:\/\/ds-barranquilla.org\/la-importancia-de-una-correcta-postura-para-la-salud-emocional-y-mental\/"},"author":{"name":"Comunicaciones Comunicaciones","@id":"https:\/\/ds-barranquilla.org\/#\/schema\/person\/7bf8790ba89d3480e0551241ccdc8d36"},"headline":"La importancia de una correcta postura para la salud emocional y mental","datePublished":"2021-04-21T14:50:38+00:00","dateModified":"2023-01-03T19:40:47+00:00","mainEntityOfPage":{"@id":"https:\/\/ds-barranquilla.org\/la-importancia-de-una-correcta-postura-para-la-salud-emocional-y-mental\/"},"wordCount":380,"commentCount":0,"publisher":{"@id":"https:\/\/ds-barranquilla.org\/#organization"},"image":{"@id":"https:\/\/ds-barranquilla.org\/la-importancia-de-una-correcta-postura-para-la-salud-emocional-y-mental\/#primaryimage"},"thumbnailUrl":"https:\/\/ds-barranquilla.org\/wp-content\/uploads\/2021\/04\/IMG_7438.jpg","articleSection":["2021","Bienestar Estudiantil","Centro de Apoyo Baumhaus"],"inLanguage":"de","potentialAction":[{"@type":"CommentAction","name":"Comment","target":["https:\/\/ds-barranquilla.org\/la-importancia-de-una-correcta-postura-para-la-salud-emocional-y-mental\/#respond"]}]},{"@type":"WebPage","@id":"https:\/\/ds-barranquilla.org\/la-importancia-de-una-correcta-postura-para-la-salud-emocional-y-mental\/","url":"https:\/\/ds-barranquilla.org\/la-importancia-de-una-correcta-postura-para-la-salud-emocional-y-mental\/","name":"La importancia de una correcta postura para la salud emocional y mental - 2026","isPartOf":{"@id":"https:\/\/ds-barranquilla.org\/#website"},"primaryImageOfPage":{"@id":"https:\/\/ds-barranquilla.org\/la-importancia-de-una-correcta-postura-para-la-salud-emocional-y-mental\/#primaryimage"},"image":{"@id":"https:\/\/ds-barranquilla.org\/la-importancia-de-una-correcta-postura-para-la-salud-emocional-y-mental\/#primaryimage"},"thumbnailUrl":"https:\/\/ds-barranquilla.org\/wp-content\/uploads\/2021\/04\/IMG_7438.jpg","datePublished":"2021-04-21T14:50:38+00:00","dateModified":"2023-01-03T19:40:47+00:00","breadcrumb":{"@id":"https:\/\/ds-barranquilla.org\/la-importancia-de-una-correcta-postura-para-la-salud-emocional-y-mental\/#breadcrumb"},"inLanguage":"de","potentialAction":[{"@type":"ReadAction","target":["https:\/\/ds-barranquilla.org\/la-importancia-de-una-correcta-postura-para-la-salud-emocional-y-mental\/"]}]},{"@type":"ImageObject","inLanguage":"de","@id":"https:\/\/ds-barranquilla.org\/la-importancia-de-una-correcta-postura-para-la-salud-emocional-y-mental\/#primaryimage","url":"https:\/\/ds-barranquilla.org\/wp-content\/uploads\/2021\/04\/IMG_7438.jpg","contentUrl":"https:\/\/ds-barranquilla.org\/wp-content\/uploads\/2021\/04\/IMG_7438.jpg","width":840,"height":472},{"@type":"BreadcrumbList","@id":"https:\/\/ds-barranquilla.org\/la-importancia-de-una-correcta-postura-para-la-salud-emocional-y-mental\/#breadcrumb","itemListElement":[{"@type":"ListItem","position":1,"name":"Portada","item":"https:\/\/ds-barranquilla.org\/"},{"@type":"ListItem","position":2,"name":"La importancia de una correcta postura para la salud emocional y mental"}]},{"@type":"WebSite","@id":"https:\/\/ds-barranquilla.org\/#website","url":"https:\/\/ds-barranquilla.org\/","name":"Colegio Alem\u00e1n - Los Mejores Colegios de Colombia - Colegio Triling\u00fce","description":"Colegio Alem\u00e1n  Barranquilla Colombia - Colegio Biling\u00fce - Triling\u00fce - El Mejor Colegio de Colombia","publisher":{"@id":"https:\/\/ds-barranquilla.org\/#organization"},"potentialAction":[{"@type":"SearchAction","target":{"@type":"EntryPoint","urlTemplate":"https:\/\/ds-barranquilla.org\/?s={search_term_string}"},"query-input":"required name=search_term_string"}],"inLanguage":"de"},{"@type":"Organization","@id":"https:\/\/ds-barranquilla.org\/#organization","name":"Colegio Alem\u00e1n Barranquilla","url":"https:\/\/ds-barranquilla.org\/","logo":{"@type":"ImageObject","inLanguage":"de","@id":"https:\/\/ds-barranquilla.org\/#\/schema\/logo\/image\/","url":"https:\/\/ds-barranquilla.org\/wp-content\/uploads\/2021\/05\/coleman_logo_2.png","contentUrl":"https:\/\/ds-barranquilla.org\/wp-content\/uploads\/2021\/05\/coleman_logo_2.png","width":418,"height":307,"caption":"Colegio Alem\u00e1n Barranquilla"},"image":{"@id":"https:\/\/ds-barranquilla.org\/#\/schema\/logo\/image\/"},"sameAs":["https:\/\/www.facebook.com\/ColegioAlemanBaq\/","https:\/\/x.com\/ColegioAlemanBq","https:\/\/www.instagram.com\/colegioalemanbaq\/","https:\/\/www.linkedin.com\/school\/deutsche-schule-barranquilla\/","https:\/\/www.youtube.com\/channel\/UCOOGZQCVs6aYRqIWvSN5agQ"]},{"@type":"Person","@id":"https:\/\/ds-barranquilla.org\/#\/schema\/person\/7bf8790ba89d3480e0551241ccdc8d36","name":"Comunicaciones Comunicaciones","image":{"@type":"ImageObject","inLanguage":"de","@id":"https:\/\/ds-barranquilla.org\/#\/schema\/person\/image\/","url":"https:\/\/secure.gravatar.com\/avatar\/a66ba9484a4338d81d6bea750e595038?s=96&d=mm&r=g","contentUrl":"https:\/\/secure.gravatar.com\/avatar\/a66ba9484a4338d81d6bea750e595038?s=96&d=mm&r=g","caption":"Comunicaciones Comunicaciones"}}]}},"_links":{"self":[{"href":"https:\/\/ds-barranquilla.org\/de\/wp-json\/wp\/v2\/posts\/6907"}],"collection":[{"href":"https:\/\/ds-barranquilla.org\/de\/wp-json\/wp\/v2\/posts"}],"about":[{"href":"https:\/\/ds-barranquilla.org\/de\/wp-json\/wp\/v2\/types\/post"}],"author":[{"embeddable":true,"href":"https:\/\/ds-barranquilla.org\/de\/wp-json\/wp\/v2\/users\/16"}],"replies":[{"embeddable":true,"href":"https:\/\/ds-barranquilla.org\/de\/wp-json\/wp\/v2\/comments?post=6907"}],"version-history":[{"count":1,"href":"https:\/\/ds-barranquilla.org\/de\/wp-json\/wp\/v2\/posts\/6907\/revisions"}],"predecessor-version":[{"id":6909,"href":"https:\/\/ds-barranquilla.org\/de\/wp-json\/wp\/v2\/posts\/6907\/revisions\/6909"}],"wp:featuredmedia":[{"embeddable":true,"href":"https:\/\/ds-barranquilla.org\/de\/wp-json\/wp\/v2\/media\/6908"}],"wp:attachment":[{"href":"https:\/\/ds-barranquilla.org\/de\/wp-json\/wp\/v2\/media?parent=6907"}],"wp:term":[{"taxonomy":"category","embeddable":true,"href":"https:\/\/ds-barranquilla.org\/de\/wp-json\/wp\/v2\/categories?post=6907"},{"taxonomy":"post_tag","embeddable":true,"href":"https:\/\/ds-barranquilla.org\/de\/wp-json\/wp\/v2\/tags?post=6907"}],"curies":[{"name":"wp","href":"https:\/\/api.w.org\/{rel}","templated":true}]}}