{"id":6910,"date":"2021-04-21T16:26:34","date_gmt":"2021-04-21T21:26:34","guid":{"rendered":"https:\/\/ds-barranquilla.org\/?p=6910"},"modified":"2023-01-03T14:39:51","modified_gmt":"2023-01-03T19:39:51","slug":"nuestro-colegio-inicio-la-reorganizacion-de-los-salones-de-clases-para-aumentar-su-aforo","status":"publish","type":"post","link":"https:\/\/ds-barranquilla.org\/de\/nuestro-colegio-inicio-la-reorganizacion-de-los-salones-de-clases-para-aumentar-su-aforo\/","title":{"rendered":"Nach erfolgreicher Umstrukturierung verf\u00fcgen die Klassenr\u00e4ume unserer Schule nun \u00fcber eine h\u00f6here Maximalkapazit\u00e4t"},"content":{"rendered":"<h1>Nach erfolgreicher Umstrukturierung verf\u00fcgen die Klassenr\u00e4ume unserer Schule nun \u00fcber eine h\u00f6here Maximalkapazit\u00e4t<\/h1>\n<p><strong>Geschrieben von: Jos\u00e9 R\u00edos Mercado. <\/strong>Die Anzahl an Familien, die ihr Vertrauen in unser erfolgreiches Alternanzmodell gesetzt haben, w\u00e4chst stetig. Als Reaktion darauf haben wir nun Anpassungen an den Klassenr\u00e4umen vorgenommen, sodass deren maximale Personenanzahl erh\u00f6ht werden konnte. Wir haben mit der Organisatorin dieses Prozesses, Heidy Navarro, gesprochen, um mehr dar\u00fcber zu erfahren.<\/p>\n<p><strong>Wie hoch ist die Kapazit\u00e4t der Klassenr\u00e4ume der Schule?<\/strong><\/p>\n<p>In unseren Klassenzimmern haben wir mit dem vorhandenen Mobiliar eine maximale Kapazit\u00e4t von 8 Sch\u00fclerInnen pro Klassenzimmer. An jedem Doppeltisch sitzt ein einzelner Sch\u00fcler bzw. eine Sch\u00fclerin, was uns einen Abstand von zwei Metern zwischen den Sch\u00fclerInnen erm\u00f6glicht. Als Erg\u00e4nzung hat die Schule nun einige Klassenzimmer mit bereits vorhandenen Ein-Personen-Tischen ausgestattet, die es uns erm\u00f6glichen, bis zu 10 Sch\u00fclerInnen im Klassenzimmer zu empfangen. \u00a0Die Richtlinien des Bildungsministeriums werden dabei selbstverst\u00e4ndlich eingehalten.<\/p>\n<p><strong>Wie schreitet dieser Prozess in unserer Schule im Rahmen des Alternanzmodells voran?<\/strong><\/p>\n<p>Unser Alternanzmodell wurde so konzipiert, dass jede\/jeder Sch\u00fclerIn alle zwei Wochen einmal zum Pr\u00e4senzunterricht in die Schule kommen kann. Gleichzeitig k\u00f6nnen wir dadurch besser m\u00f6gliche Symptomentwicklungen nachverfolgen und ggf. flexibler entsprechende Ma\u00dfnahmen einleiten. In diesem Sinne haben wir den ersten Zyklus des Alternanzmodells mit einem Tag Anwesenheit alle zwei Wochen begonnen.<\/p>\n<p>Derzeit, vor der m\u00f6glichen erneuten Quarant\u00e4ne aufgrund der dritten Pandemiewelle, befinden wir uns im zweiten Zyklus des Alternanzmodells und die Sch\u00fclerInnen kommen in zwei Wochen zwei Mal zur Schule. Im dritten Zyklus ist eine Erh\u00f6hung dieser Zahl auf vier Tage vorgesehen.<\/p>\n<p><strong>Wie haben die Sch\u00fclerInnen, LehrerInnen und Eltern auf die Erh\u00f6hung der Klassenraumkapazit\u00e4t reagiert?<\/strong><\/p>\n<p>Jeden Tag steigt die Zahl der Familien, die sich f\u00fcr unser Alternanzmodell entscheiden, erheblich. Derzeit haben wir Klassen, in denen sich 100% der Sch\u00fclerInnen f\u00fcr das Alternanzmodell entschieden haben, was uns zur Entwicklung neuer Strategien veranlasst hat. \u00a0Dazu geh\u00f6rt beispielsweise die Aufteilung der Klassen in drei Gruppen oder die Anschaffung zus\u00e4tzlicher M\u00f6bel, um die Kapazit\u00e4t in den Klassenzimmern zu erh\u00f6hen, wie es in den Klassen 1 und 2 der Fall war. \u00a0Durch die kleineren Ein-Personen-Tische konnte hier die maximale Kapazit\u00e4t auf bis zu 12 Kinder pro Klassenzimmer erh\u00f6ht werden.<\/p>\n<p>Zus\u00e4tzlich dazu m\u00f6chte ich auf unser hochkompetentes und engagiertes Lehrerkollegium verweisen. Ihre Flexibilit\u00e4t und gemeinschaftliche Planung schafft R\u00e4ume zur Weiterbildung, die eine gemeinschaftliche Entwicklung in diesem Szenario erm\u00f6glichen.<\/p>\n<p><strong>Was ist Ihr Eindruck zur Entwicklung der Kapazit\u00e4t in den Klassenr\u00e4umen der Schule in den kommenden Wochen?<\/strong><\/p>\n<p>Unser Alternanzmodell wurde unter Ber\u00fccksichtigung der vom Gesundheitsministerium herausgegeben Vorgaben entworfen und wir k\u00f6nnen offen best\u00e4tigen, dass die Deutsche Schule Barranquilla ein sicherer Ort ist. Wir \u00fcberpr\u00fcfen und analysieren t\u00e4glich die Angaben, die im Rahmen der t\u00e4glichen Symptomabfrage der APP gesammelt werden. Dadurch erhalten wir einen Gesamteindruck \u00fcber das Wohlbefinden unserer Schulgemeinschaft und k\u00f6nnen m\u00f6gliche Entscheidungen der Beh\u00f6rden in Bezug auf das Alternanzmodell in der Stadt antizipieren.<\/p>","protected":false},"excerpt":{"rendered":"<p>Avanza la reorganizaci\u00f3n de los salones de clases de nuestro colegio para aumentar su aforo Creado por: Jos\u00e9 R\u00edos Mercado. El crecimiento del n\u00famero de familias<span class=\"excerpt-hellip\"> [\u2026]<\/span><\/p>","protected":false},"author":16,"featured_media":6911,"comment_status":"open","ping_status":"open","sticky":false,"template":"","format":"standard","meta":{"_exactmetrics_skip_tracking":false,"_exactmetrics_sitenote_active":false,"_exactmetrics_sitenote_note":"","_exactmetrics_sitenote_category":0,"_joinchat":[],"footnotes":""},"categories":[681,682,683,709],"tags":[],"class_list":["post-6910","post","type-post","status-publish","format-standard","has-post-thumbnail","hentry","category-681","category-acreditaciones-y-calidad","category-administracion","category-rectoria"],"yoast_head":"<!-- This site is optimized with the Yoast SEO plugin v23.3 - https:\/\/yoast.com\/wordpress\/plugins\/seo\/ -->\n<title>Avanza la reorganizaci\u00f3n de los salones de clases de nuestro colegio para aumentar su aforo - 2026<\/title>\n<meta name=\"robots\" content=\"noindex, follow, max-snippet:-1, max-image-preview:large, max-video-preview:-1\" \/>\n<meta property=\"og:locale\" content=\"de_DE\" \/>\n<meta property=\"og:type\" content=\"article\" \/>\n<meta property=\"og:title\" content=\"Avanza la reorganizaci\u00f3n de los salones de clases de nuestro colegio para aumentar su aforo - 2026\" \/>\n<meta property=\"og:description\" content=\"Avanza la reorganizaci\u00f3n de los salones de clases de nuestro colegio para aumentar su aforo Creado por: Jos\u00e9 R\u00edos Mercado. El crecimiento del n\u00famero de familias [\u2026]\" \/>\n<meta property=\"og:url\" content=\"https:\/\/ds-barranquilla.org\/de\/nuestro-colegio-inicio-la-reorganizacion-de-los-salones-de-clases-para-aumentar-su-aforo\/\" \/>\n<meta property=\"og:site_name\" content=\"Colegio Alem\u00e1n - Los Mejores Colegios de Colombia - Colegio Triling\u00fce\" \/>\n<meta property=\"article:publisher\" content=\"https:\/\/www.facebook.com\/ColegioAlemanBaq\/\" \/>\n<meta property=\"article:published_time\" content=\"2021-04-21T21:26:34+00:00\" \/>\n<meta property=\"article:modified_time\" content=\"2023-01-03T19:39:51+00:00\" \/>\n<meta property=\"og:image\" content=\"https:\/\/ds-barranquilla.org\/wp-content\/uploads\/2021\/04\/MicrosoftTeams-image-3.jpg\" \/>\n\t<meta property=\"og:image:width\" content=\"1024\" \/>\n\t<meta property=\"og:image:height\" content=\"566\" \/>\n\t<meta property=\"og:image:type\" content=\"image\/jpeg\" \/>\n<meta name=\"author\" content=\"Comunicaciones Comunicaciones\" \/>\n<meta name=\"twitter:card\" content=\"summary_large_image\" \/>\n<meta name=\"twitter:creator\" content=\"@ColegioAlemanBq\" \/>\n<meta name=\"twitter:site\" content=\"@ColegioAlemanBq\" \/>\n<meta name=\"twitter:label1\" content=\"Verfasst von\" \/>\n\t<meta name=\"twitter:data1\" content=\"Comunicaciones Comunicaciones\" \/>\n\t<meta name=\"twitter:label2\" content=\"Gesch\u00e4tzte Lesezeit\" \/>\n\t<meta name=\"twitter:data2\" content=\"3\u00a0Minuten\" \/>\n<script type=\"application\/ld+json\" class=\"yoast-schema-graph\">{\"@context\":\"https:\/\/schema.org\",\"@graph\":[{\"@type\":\"Article\",\"@id\":\"https:\/\/ds-barranquilla.org\/nuestro-colegio-inicio-la-reorganizacion-de-los-salones-de-clases-para-aumentar-su-aforo\/#article\",\"isPartOf\":{\"@id\":\"https:\/\/ds-barranquilla.org\/nuestro-colegio-inicio-la-reorganizacion-de-los-salones-de-clases-para-aumentar-su-aforo\/\"},\"author\":{\"name\":\"Comunicaciones Comunicaciones\",\"@id\":\"https:\/\/ds-barranquilla.org\/#\/schema\/person\/7bf8790ba89d3480e0551241ccdc8d36\"},\"headline\":\"Avanza la reorganizaci\u00f3n de los salones de clases de nuestro colegio para aumentar su aforo\",\"datePublished\":\"2021-04-21T21:26:34+00:00\",\"dateModified\":\"2023-01-03T19:39:51+00:00\",\"mainEntityOfPage\":{\"@id\":\"https:\/\/ds-barranquilla.org\/nuestro-colegio-inicio-la-reorganizacion-de-los-salones-de-clases-para-aumentar-su-aforo\/\"},\"wordCount\":544,\"commentCount\":0,\"publisher\":{\"@id\":\"https:\/\/ds-barranquilla.org\/#organization\"},\"image\":{\"@id\":\"https:\/\/ds-barranquilla.org\/nuestro-colegio-inicio-la-reorganizacion-de-los-salones-de-clases-para-aumentar-su-aforo\/#primaryimage\"},\"thumbnailUrl\":\"https:\/\/ds-barranquilla.org\/wp-content\/uploads\/2021\/04\/MicrosoftTeams-image-3.jpg\",\"articleSection\":[\"2021\",\"Acreditaciones y Calidad\",\"Administraci\u00f3n\",\"Rector\u00eda\"],\"inLanguage\":\"de\",\"potentialAction\":[{\"@type\":\"CommentAction\",\"name\":\"Comment\",\"target\":[\"https:\/\/ds-barranquilla.org\/nuestro-colegio-inicio-la-reorganizacion-de-los-salones-de-clases-para-aumentar-su-aforo\/#respond\"]}]},{\"@type\":\"WebPage\",\"@id\":\"https:\/\/ds-barranquilla.org\/nuestro-colegio-inicio-la-reorganizacion-de-los-salones-de-clases-para-aumentar-su-aforo\/\",\"url\":\"https:\/\/ds-barranquilla.org\/nuestro-colegio-inicio-la-reorganizacion-de-los-salones-de-clases-para-aumentar-su-aforo\/\",\"name\":\"Avanza la reorganizaci\u00f3n de los salones de clases de nuestro colegio para aumentar su aforo - 2026\",\"isPartOf\":{\"@id\":\"https:\/\/ds-barranquilla.org\/#website\"},\"primaryImageOfPage\":{\"@id\":\"https:\/\/ds-barranquilla.org\/nuestro-colegio-inicio-la-reorganizacion-de-los-salones-de-clases-para-aumentar-su-aforo\/#primaryimage\"},\"image\":{\"@id\":\"https:\/\/ds-barranquilla.org\/nuestro-colegio-inicio-la-reorganizacion-de-los-salones-de-clases-para-aumentar-su-aforo\/#primaryimage\"},\"thumbnailUrl\":\"https:\/\/ds-barranquilla.org\/wp-content\/uploads\/2021\/04\/MicrosoftTeams-image-3.jpg\",\"datePublished\":\"2021-04-21T21:26:34+00:00\",\"dateModified\":\"2023-01-03T19:39:51+00:00\",\"breadcrumb\":{\"@id\":\"https:\/\/ds-barranquilla.org\/nuestro-colegio-inicio-la-reorganizacion-de-los-salones-de-clases-para-aumentar-su-aforo\/#breadcrumb\"},\"inLanguage\":\"de\",\"potentialAction\":[{\"@type\":\"ReadAction\",\"target\":[\"https:\/\/ds-barranquilla.org\/nuestro-colegio-inicio-la-reorganizacion-de-los-salones-de-clases-para-aumentar-su-aforo\/\"]}]},{\"@type\":\"ImageObject\",\"inLanguage\":\"de\",\"@id\":\"https:\/\/ds-barranquilla.org\/nuestro-colegio-inicio-la-reorganizacion-de-los-salones-de-clases-para-aumentar-su-aforo\/#primaryimage\",\"url\":\"https:\/\/ds-barranquilla.org\/wp-content\/uploads\/2021\/04\/MicrosoftTeams-image-3.jpg\",\"contentUrl\":\"https:\/\/ds-barranquilla.org\/wp-content\/uploads\/2021\/04\/MicrosoftTeams-image-3.jpg\",\"width\":1024,\"height\":566},{\"@type\":\"BreadcrumbList\",\"@id\":\"https:\/\/ds-barranquilla.org\/nuestro-colegio-inicio-la-reorganizacion-de-los-salones-de-clases-para-aumentar-su-aforo\/#breadcrumb\",\"itemListElement\":[{\"@type\":\"ListItem\",\"position\":1,\"name\":\"Portada\",\"item\":\"https:\/\/ds-barranquilla.org\/\"},{\"@type\":\"ListItem\",\"position\":2,\"name\":\"Avanza la reorganizaci\u00f3n de los salones de clases de nuestro colegio para aumentar su aforo\"}]},{\"@type\":\"WebSite\",\"@id\":\"https:\/\/ds-barranquilla.org\/#website\",\"url\":\"https:\/\/ds-barranquilla.org\/\",\"name\":\"Colegio Alem\u00e1n - Los Mejores Colegios de Colombia - Colegio Triling\u00fce\",\"description\":\"Colegio Alem\u00e1n  Barranquilla Colombia - Colegio Biling\u00fce - Triling\u00fce - El Mejor Colegio de Colombia\",\"publisher\":{\"@id\":\"https:\/\/ds-barranquilla.org\/#organization\"},\"potentialAction\":[{\"@type\":\"SearchAction\",\"target\":{\"@type\":\"EntryPoint\",\"urlTemplate\":\"https:\/\/ds-barranquilla.org\/?s={search_term_string}\"},\"query-input\":\"required name=search_term_string\"}],\"inLanguage\":\"de\"},{\"@type\":\"Organization\",\"@id\":\"https:\/\/ds-barranquilla.org\/#organization\",\"name\":\"Colegio Alem\u00e1n Barranquilla\",\"url\":\"https:\/\/ds-barranquilla.org\/\",\"logo\":{\"@type\":\"ImageObject\",\"inLanguage\":\"de\",\"@id\":\"https:\/\/ds-barranquilla.org\/#\/schema\/logo\/image\/\",\"url\":\"https:\/\/ds-barranquilla.org\/wp-content\/uploads\/2021\/05\/coleman_logo_2.png\",\"contentUrl\":\"https:\/\/ds-barranquilla.org\/wp-content\/uploads\/2021\/05\/coleman_logo_2.png\",\"width\":418,\"height\":307,\"caption\":\"Colegio Alem\u00e1n Barranquilla\"},\"image\":{\"@id\":\"https:\/\/ds-barranquilla.org\/#\/schema\/logo\/image\/\"},\"sameAs\":[\"https:\/\/www.facebook.com\/ColegioAlemanBaq\/\",\"https:\/\/x.com\/ColegioAlemanBq\",\"https:\/\/www.instagram.com\/colegioalemanbaq\/\",\"https:\/\/www.linkedin.com\/school\/deutsche-schule-barranquilla\/\",\"https:\/\/www.youtube.com\/channel\/UCOOGZQCVs6aYRqIWvSN5agQ\"]},{\"@type\":\"Person\",\"@id\":\"https:\/\/ds-barranquilla.org\/#\/schema\/person\/7bf8790ba89d3480e0551241ccdc8d36\",\"name\":\"Comunicaciones Comunicaciones\",\"image\":{\"@type\":\"ImageObject\",\"inLanguage\":\"de\",\"@id\":\"https:\/\/ds-barranquilla.org\/#\/schema\/person\/image\/\",\"url\":\"https:\/\/secure.gravatar.com\/avatar\/a66ba9484a4338d81d6bea750e595038?s=96&d=mm&r=g\",\"contentUrl\":\"https:\/\/secure.gravatar.com\/avatar\/a66ba9484a4338d81d6bea750e595038?s=96&d=mm&r=g\",\"caption\":\"Comunicaciones Comunicaciones\"}}]}<\/script>\n<!-- \/ Yoast SEO plugin. -->","yoast_head_json":{"title":"Avanza la reorganizaci\u00f3n de los salones de clases de nuestro colegio para aumentar su aforo - 2026","robots":{"index":"noindex","follow":"follow","max-snippet":"max-snippet:-1","max-image-preview":"max-image-preview:large","max-video-preview":"max-video-preview:-1"},"og_locale":"de_DE","og_type":"article","og_title":"Avanza la reorganizaci\u00f3n de los salones de clases de nuestro colegio para aumentar su aforo - 2026","og_description":"Avanza la reorganizaci\u00f3n de los salones de clases de nuestro colegio para aumentar su aforo Creado por: Jos\u00e9 R\u00edos Mercado. El crecimiento del n\u00famero de familias [\u2026]","og_url":"https:\/\/ds-barranquilla.org\/de\/nuestro-colegio-inicio-la-reorganizacion-de-los-salones-de-clases-para-aumentar-su-aforo\/","og_site_name":"Colegio Alem\u00e1n - Los Mejores Colegios de Colombia - Colegio Triling\u00fce","article_publisher":"https:\/\/www.facebook.com\/ColegioAlemanBaq\/","article_published_time":"2021-04-21T21:26:34+00:00","article_modified_time":"2023-01-03T19:39:51+00:00","og_image":[{"width":1024,"height":566,"url":"https:\/\/ds-barranquilla.org\/wp-content\/uploads\/2021\/04\/MicrosoftTeams-image-3.jpg","type":"image\/jpeg"}],"author":"Comunicaciones Comunicaciones","twitter_card":"summary_large_image","twitter_creator":"@ColegioAlemanBq","twitter_site":"@ColegioAlemanBq","twitter_misc":{"Verfasst von":"Comunicaciones Comunicaciones","Gesch\u00e4tzte Lesezeit":"3\u00a0Minuten"},"schema":{"@context":"https:\/\/schema.org","@graph":[{"@type":"Article","@id":"https:\/\/ds-barranquilla.org\/nuestro-colegio-inicio-la-reorganizacion-de-los-salones-de-clases-para-aumentar-su-aforo\/#article","isPartOf":{"@id":"https:\/\/ds-barranquilla.org\/nuestro-colegio-inicio-la-reorganizacion-de-los-salones-de-clases-para-aumentar-su-aforo\/"},"author":{"name":"Comunicaciones Comunicaciones","@id":"https:\/\/ds-barranquilla.org\/#\/schema\/person\/7bf8790ba89d3480e0551241ccdc8d36"},"headline":"Avanza la reorganizaci\u00f3n de los salones de clases de nuestro colegio para aumentar su aforo","datePublished":"2021-04-21T21:26:34+00:00","dateModified":"2023-01-03T19:39:51+00:00","mainEntityOfPage":{"@id":"https:\/\/ds-barranquilla.org\/nuestro-colegio-inicio-la-reorganizacion-de-los-salones-de-clases-para-aumentar-su-aforo\/"},"wordCount":544,"commentCount":0,"publisher":{"@id":"https:\/\/ds-barranquilla.org\/#organization"},"image":{"@id":"https:\/\/ds-barranquilla.org\/nuestro-colegio-inicio-la-reorganizacion-de-los-salones-de-clases-para-aumentar-su-aforo\/#primaryimage"},"thumbnailUrl":"https:\/\/ds-barranquilla.org\/wp-content\/uploads\/2021\/04\/MicrosoftTeams-image-3.jpg","articleSection":["2021","Acreditaciones y Calidad","Administraci\u00f3n","Rector\u00eda"],"inLanguage":"de","potentialAction":[{"@type":"CommentAction","name":"Comment","target":["https:\/\/ds-barranquilla.org\/nuestro-colegio-inicio-la-reorganizacion-de-los-salones-de-clases-para-aumentar-su-aforo\/#respond"]}]},{"@type":"WebPage","@id":"https:\/\/ds-barranquilla.org\/nuestro-colegio-inicio-la-reorganizacion-de-los-salones-de-clases-para-aumentar-su-aforo\/","url":"https:\/\/ds-barranquilla.org\/nuestro-colegio-inicio-la-reorganizacion-de-los-salones-de-clases-para-aumentar-su-aforo\/","name":"Avanza la reorganizaci\u00f3n de los salones de clases de nuestro colegio para aumentar su aforo - 2026","isPartOf":{"@id":"https:\/\/ds-barranquilla.org\/#website"},"primaryImageOfPage":{"@id":"https:\/\/ds-barranquilla.org\/nuestro-colegio-inicio-la-reorganizacion-de-los-salones-de-clases-para-aumentar-su-aforo\/#primaryimage"},"image":{"@id":"https:\/\/ds-barranquilla.org\/nuestro-colegio-inicio-la-reorganizacion-de-los-salones-de-clases-para-aumentar-su-aforo\/#primaryimage"},"thumbnailUrl":"https:\/\/ds-barranquilla.org\/wp-content\/uploads\/2021\/04\/MicrosoftTeams-image-3.jpg","datePublished":"2021-04-21T21:26:34+00:00","dateModified":"2023-01-03T19:39:51+00:00","breadcrumb":{"@id":"https:\/\/ds-barranquilla.org\/nuestro-colegio-inicio-la-reorganizacion-de-los-salones-de-clases-para-aumentar-su-aforo\/#breadcrumb"},"inLanguage":"de","potentialAction":[{"@type":"ReadAction","target":["https:\/\/ds-barranquilla.org\/nuestro-colegio-inicio-la-reorganizacion-de-los-salones-de-clases-para-aumentar-su-aforo\/"]}]},{"@type":"ImageObject","inLanguage":"de","@id":"https:\/\/ds-barranquilla.org\/nuestro-colegio-inicio-la-reorganizacion-de-los-salones-de-clases-para-aumentar-su-aforo\/#primaryimage","url":"https:\/\/ds-barranquilla.org\/wp-content\/uploads\/2021\/04\/MicrosoftTeams-image-3.jpg","contentUrl":"https:\/\/ds-barranquilla.org\/wp-content\/uploads\/2021\/04\/MicrosoftTeams-image-3.jpg","width":1024,"height":566},{"@type":"BreadcrumbList","@id":"https:\/\/ds-barranquilla.org\/nuestro-colegio-inicio-la-reorganizacion-de-los-salones-de-clases-para-aumentar-su-aforo\/#breadcrumb","itemListElement":[{"@type":"ListItem","position":1,"name":"Portada","item":"https:\/\/ds-barranquilla.org\/"},{"@type":"ListItem","position":2,"name":"Avanza la reorganizaci\u00f3n de los salones de clases de nuestro colegio para aumentar su aforo"}]},{"@type":"WebSite","@id":"https:\/\/ds-barranquilla.org\/#website","url":"https:\/\/ds-barranquilla.org\/","name":"Colegio Alem\u00e1n - Los Mejores Colegios de Colombia - Colegio Triling\u00fce","description":"Colegio Alem\u00e1n  Barranquilla Colombia - Colegio Biling\u00fce - Triling\u00fce - El Mejor Colegio de Colombia","publisher":{"@id":"https:\/\/ds-barranquilla.org\/#organization"},"potentialAction":[{"@type":"SearchAction","target":{"@type":"EntryPoint","urlTemplate":"https:\/\/ds-barranquilla.org\/?s={search_term_string}"},"query-input":"required name=search_term_string"}],"inLanguage":"de"},{"@type":"Organization","@id":"https:\/\/ds-barranquilla.org\/#organization","name":"Colegio Alem\u00e1n Barranquilla","url":"https:\/\/ds-barranquilla.org\/","logo":{"@type":"ImageObject","inLanguage":"de","@id":"https:\/\/ds-barranquilla.org\/#\/schema\/logo\/image\/","url":"https:\/\/ds-barranquilla.org\/wp-content\/uploads\/2021\/05\/coleman_logo_2.png","contentUrl":"https:\/\/ds-barranquilla.org\/wp-content\/uploads\/2021\/05\/coleman_logo_2.png","width":418,"height":307,"caption":"Colegio Alem\u00e1n Barranquilla"},"image":{"@id":"https:\/\/ds-barranquilla.org\/#\/schema\/logo\/image\/"},"sameAs":["https:\/\/www.facebook.com\/ColegioAlemanBaq\/","https:\/\/x.com\/ColegioAlemanBq","https:\/\/www.instagram.com\/colegioalemanbaq\/","https:\/\/www.linkedin.com\/school\/deutsche-schule-barranquilla\/","https:\/\/www.youtube.com\/channel\/UCOOGZQCVs6aYRqIWvSN5agQ"]},{"@type":"Person","@id":"https:\/\/ds-barranquilla.org\/#\/schema\/person\/7bf8790ba89d3480e0551241ccdc8d36","name":"Comunicaciones Comunicaciones","image":{"@type":"ImageObject","inLanguage":"de","@id":"https:\/\/ds-barranquilla.org\/#\/schema\/person\/image\/","url":"https:\/\/secure.gravatar.com\/avatar\/a66ba9484a4338d81d6bea750e595038?s=96&d=mm&r=g","contentUrl":"https:\/\/secure.gravatar.com\/avatar\/a66ba9484a4338d81d6bea750e595038?s=96&d=mm&r=g","caption":"Comunicaciones Comunicaciones"}}]}},"_links":{"self":[{"href":"https:\/\/ds-barranquilla.org\/de\/wp-json\/wp\/v2\/posts\/6910"}],"collection":[{"href":"https:\/\/ds-barranquilla.org\/de\/wp-json\/wp\/v2\/posts"}],"about":[{"href":"https:\/\/ds-barranquilla.org\/de\/wp-json\/wp\/v2\/types\/post"}],"author":[{"embeddable":true,"href":"https:\/\/ds-barranquilla.org\/de\/wp-json\/wp\/v2\/users\/16"}],"replies":[{"embeddable":true,"href":"https:\/\/ds-barranquilla.org\/de\/wp-json\/wp\/v2\/comments?post=6910"}],"version-history":[{"count":3,"href":"https:\/\/ds-barranquilla.org\/de\/wp-json\/wp\/v2\/posts\/6910\/revisions"}],"predecessor-version":[{"id":6914,"href":"https:\/\/ds-barranquilla.org\/de\/wp-json\/wp\/v2\/posts\/6910\/revisions\/6914"}],"wp:featuredmedia":[{"embeddable":true,"href":"https:\/\/ds-barranquilla.org\/de\/wp-json\/wp\/v2\/media\/6911"}],"wp:attachment":[{"href":"https:\/\/ds-barranquilla.org\/de\/wp-json\/wp\/v2\/media?parent=6910"}],"wp:term":[{"taxonomy":"category","embeddable":true,"href":"https:\/\/ds-barranquilla.org\/de\/wp-json\/wp\/v2\/categories?post=6910"},{"taxonomy":"post_tag","embeddable":true,"href":"https:\/\/ds-barranquilla.org\/de\/wp-json\/wp\/v2\/tags?post=6910"}],"curies":[{"name":"wp","href":"https:\/\/api.w.org\/{rel}","templated":true}]}}