{"id":7218,"date":"2021-04-27T08:04:48","date_gmt":"2021-04-27T13:04:48","guid":{"rendered":"https:\/\/ds-barranquilla.org\/?p=7218"},"modified":"2023-01-03T14:39:20","modified_gmt":"2023-01-03T19:39:20","slug":"dia-de-la-tierra-un-espacio-de-reflexion-para-crear-conciencia-ambiental","status":"publish","type":"post","link":"https:\/\/ds-barranquilla.org\/de\/dia-de-la-tierra-un-espacio-de-reflexion-para-crear-conciencia-ambiental\/","title":{"rendered":"D\u00eda de la Tierra: un espacio de reflexi\u00f3n para crear conciencia ambiental"},"content":{"rendered":"<p><strong>D\u00eda de la Tierra: un espacio de reflexi\u00f3n para crear conciencia ambiental<\/strong><\/p>\n<p><strong>Geschrieben von: Yohanna Garc\u00eda.<\/strong><\/p>\n<p>El pasado 22 de abril el\u00a0\u00c1rea de\u00a0Ciencias\u00a0conmemor\u00f3 en nuestro colegio\u00a0el\u00a0D\u00eda de la Tierra bajo el lema propuesto por la ONU \u201cRestauremos nuestra madre Tierra\u201d.\u00a0El prop\u00f3sito de esta actividad es llamar la atenci\u00f3n de nuestros estudiantes sobre la urgencia de la crisis clim\u00e1tica y la degradaci\u00f3n del\u00a0Medio\u00a0Ambiente, as\u00ed como la necesidad de actuar de inmediato; para tal fin,\u00a0se abri\u00f3 un espacio de reflexi\u00f3n en las horas de clases de Integradas, Ciencias Naturales, Biolog\u00eda y\u00a0Biologie,\u00a0para hablar sobre este tema.<\/p>\n<p>En este a\u00f1o se cont\u00f3 con la participaci\u00f3n de todos los estudiantes de\u00a0Primaria y\u00a0Secundaria, quienes contaron con el acompa\u00f1amiento\u00a0de los docentes: Ivonne D\u00edaz, Gavina Cuesta,\u00a0Hermyluz\u00a0Quiroz. Mauricio Acosta, Iv\u00e1n D\u2019Onofrio, Indira Franco, Lizeth Salas, Yohanna Garc\u00eda, \u00c1lvaro Montero, Amir Meza,\u00a0Vannery\u00a0Yunes, Carolina G\u00f3mez, Inge Buchholz y Enzo\u00a0Braskamp.<\/p>\n<p>Este espacio permiti\u00f3 sensibilizar, debatir y proponer acciones puntuales que promovieran\u00a0la protecci\u00f3n del\u00a0Medio\u00a0Ambiente\u00a0y\u00a0educar a nuestros estudiantes como consumidores responsables. Para ello,\u00a0nuestros estudiantes utilizaron su creatividad y materiales disponibles en casa para elaborar carteleras, modelizaciones y\/o manualidades de especies en v\u00eda de extinci\u00f3n,\u00a0y realizaron diferentes\u00a0videos\u00a0en el que\u00a0entregaron\u00a0tips\u00a0a toda la comunidad escolar\u00a0para evitar que esta situaci\u00f3n acabe con las\u00a0especies existentes en nuestro planeta.<\/p>\n<p>Otros\u00a0estudiantes\u00a0pusieron en juego sus habilidades cient\u00edficas y realizaron experimentos con material reciclable\u00a0y\u00a0dieron a conocer a trav\u00e9s de la edici\u00f3n de un video, el paso a paso para construir collares u otros objetos de uso cotidiano,\u00a0dejando como mensaje que debemos evitar el consumo masivo de art\u00edculos que no son biodegradables y que\u00a0contribuyen altamente a la contaminaci\u00f3n ambiental, e invitando a la reutilizaci\u00f3n.<\/p>\n<p>Otro grupo de estudiantes desde sus competencias digitales y habilidades en las TIC, elaboraron videos o posters con mensajes de reflexi\u00f3n\u00a0para\u00a0invitar a toda la comunidad educativa a crear conciencia sobre la situaci\u00f3n actual y los problemas ambientales que atraviesa nuestro planeta como consecuencia de\u00a0las\u00a0acciones irresponsables de la especie humana y las cuales han generado\u00a0un\u00a0impacto negativo.<\/p>\n<p>Desde el\u00a0\u00c1rea de\u00a0Ciencia\u00a0buscamos a trav\u00e9s de iniciativas como \u00e9sta la sensibilizaci\u00f3n de la comunidad escolar en torno a los\u00a0problemas generados por la sobrepoblaci\u00f3n, la contaminaci\u00f3n, el calentamiento global, el cambio clim\u00e1tico, la p\u00e9rdida de ecosistemas, la extinci\u00f3n de especies animales y vegetales, el agotamiento de recursos naturales y\u00a0la producci\u00f3n masiva de basuras, para\u00a0de esta manera generar desde nuestra cotidianidad acciones puntuales que promuevan el cuidado y protecci\u00f3n de nuestra\u00a0Madre Tierra.<\/p>","protected":false},"excerpt":{"rendered":"<p>D\u00eda de la Tierra: un espacio de reflexi\u00f3n para crear conciencia ambiental Creado por: Yohanna Garc\u00eda. El pasado 22 de abril el\u00a0\u00c1rea de\u00a0Ciencias\u00a0conmemor\u00f3 en nuestro colegio\u00a0el\u00a0D\u00eda<span class=\"excerpt-hellip\"> [\u2026]<\/span><\/p>","protected":false},"author":16,"featured_media":14787,"comment_status":"open","ping_status":"open","sticky":false,"template":"","format":"standard","meta":{"_exactmetrics_skip_tracking":false,"_exactmetrics_sitenote_active":false,"_exactmetrics_sitenote_note":"","_exactmetrics_sitenote_category":0,"_joinchat":[],"footnotes":""},"categories":[681,686,676,710],"tags":[],"class_list":["post-7218","post","type-post","status-publish","format-standard","has-post-thumbnail","hentry","category-681","category-area-de-ciencias","category-primaria","category-secundaria"],"yoast_head":"<!-- This site is optimized with the Yoast SEO plugin v23.3 - https:\/\/yoast.com\/wordpress\/plugins\/seo\/ -->\n<title>D\u00eda de la Tierra: un espacio de reflexi\u00f3n para crear conciencia ambiental - 2026<\/title>\n<meta name=\"robots\" content=\"noindex, follow, max-snippet:-1, max-image-preview:large, max-video-preview:-1\" \/>\n<meta property=\"og:locale\" content=\"de_DE\" \/>\n<meta property=\"og:type\" content=\"article\" \/>\n<meta property=\"og:title\" content=\"D\u00eda de la Tierra: un espacio de reflexi\u00f3n para crear conciencia ambiental - 2026\" \/>\n<meta property=\"og:description\" content=\"D\u00eda de la Tierra: un espacio de reflexi\u00f3n para crear conciencia ambiental Creado por: Yohanna Garc\u00eda. El pasado 22 de abril el\u00a0\u00c1rea de\u00a0Ciencias\u00a0conmemor\u00f3 en nuestro colegio\u00a0el\u00a0D\u00eda [\u2026]\" \/>\n<meta property=\"og:url\" content=\"https:\/\/ds-barranquilla.org\/de\/dia-de-la-tierra-un-espacio-de-reflexion-para-crear-conciencia-ambiental\/\" \/>\n<meta property=\"og:site_name\" content=\"Colegio Alem\u00e1n - Los Mejores Colegios de Colombia - Colegio Triling\u00fce\" \/>\n<meta property=\"article:publisher\" content=\"https:\/\/www.facebook.com\/ColegioAlemanBaq\/\" \/>\n<meta property=\"article:published_time\" content=\"2021-04-27T13:04:48+00:00\" \/>\n<meta property=\"article:modified_time\" content=\"2023-01-03T19:39:20+00:00\" \/>\n<meta property=\"og:image\" content=\"https:\/\/ds-barranquilla.org\/wp-content\/uploads\/2021\/04\/dia-de-la-tierra.jpg\" \/>\n\t<meta property=\"og:image:width\" content=\"1211\" \/>\n\t<meta property=\"og:image:height\" content=\"680\" \/>\n\t<meta property=\"og:image:type\" content=\"image\/jpeg\" \/>\n<meta name=\"author\" content=\"Comunicaciones Comunicaciones\" \/>\n<meta name=\"twitter:card\" content=\"summary_large_image\" \/>\n<meta name=\"twitter:creator\" content=\"@ColegioAlemanBq\" \/>\n<meta name=\"twitter:site\" content=\"@ColegioAlemanBq\" \/>\n<meta name=\"twitter:label1\" content=\"Verfasst von\" \/>\n\t<meta name=\"twitter:data1\" content=\"Comunicaciones Comunicaciones\" \/>\n\t<meta name=\"twitter:label2\" content=\"Gesch\u00e4tzte Lesezeit\" \/>\n\t<meta name=\"twitter:data2\" content=\"3\u00a0Minuten\" \/>\n<script type=\"application\/ld+json\" class=\"yoast-schema-graph\">{\"@context\":\"https:\/\/schema.org\",\"@graph\":[{\"@type\":\"Article\",\"@id\":\"https:\/\/ds-barranquilla.org\/dia-de-la-tierra-un-espacio-de-reflexion-para-crear-conciencia-ambiental\/#article\",\"isPartOf\":{\"@id\":\"https:\/\/ds-barranquilla.org\/dia-de-la-tierra-un-espacio-de-reflexion-para-crear-conciencia-ambiental\/\"},\"author\":{\"name\":\"Comunicaciones Comunicaciones\",\"@id\":\"https:\/\/ds-barranquilla.org\/#\/schema\/person\/7bf8790ba89d3480e0551241ccdc8d36\"},\"headline\":\"D\u00eda de la Tierra: un espacio de reflexi\u00f3n para crear conciencia ambiental\",\"datePublished\":\"2021-04-27T13:04:48+00:00\",\"dateModified\":\"2023-01-03T19:39:20+00:00\",\"mainEntityOfPage\":{\"@id\":\"https:\/\/ds-barranquilla.org\/dia-de-la-tierra-un-espacio-de-reflexion-para-crear-conciencia-ambiental\/\"},\"wordCount\":490,\"commentCount\":0,\"publisher\":{\"@id\":\"https:\/\/ds-barranquilla.org\/#organization\"},\"image\":{\"@id\":\"https:\/\/ds-barranquilla.org\/dia-de-la-tierra-un-espacio-de-reflexion-para-crear-conciencia-ambiental\/#primaryimage\"},\"thumbnailUrl\":\"https:\/\/ds-barranquilla.org\/wp-content\/uploads\/2021\/04\/dia-de-la-tierra.jpg\",\"articleSection\":[\"2021\",\"\u00c1rea de Ciencias\",\"Primaria\",\"Secundaria\"],\"inLanguage\":\"de\",\"potentialAction\":[{\"@type\":\"CommentAction\",\"name\":\"Comment\",\"target\":[\"https:\/\/ds-barranquilla.org\/dia-de-la-tierra-un-espacio-de-reflexion-para-crear-conciencia-ambiental\/#respond\"]}]},{\"@type\":\"WebPage\",\"@id\":\"https:\/\/ds-barranquilla.org\/dia-de-la-tierra-un-espacio-de-reflexion-para-crear-conciencia-ambiental\/\",\"url\":\"https:\/\/ds-barranquilla.org\/dia-de-la-tierra-un-espacio-de-reflexion-para-crear-conciencia-ambiental\/\",\"name\":\"D\u00eda de la Tierra: un espacio de reflexi\u00f3n para crear conciencia ambiental - 2026\",\"isPartOf\":{\"@id\":\"https:\/\/ds-barranquilla.org\/#website\"},\"primaryImageOfPage\":{\"@id\":\"https:\/\/ds-barranquilla.org\/dia-de-la-tierra-un-espacio-de-reflexion-para-crear-conciencia-ambiental\/#primaryimage\"},\"image\":{\"@id\":\"https:\/\/ds-barranquilla.org\/dia-de-la-tierra-un-espacio-de-reflexion-para-crear-conciencia-ambiental\/#primaryimage\"},\"thumbnailUrl\":\"https:\/\/ds-barranquilla.org\/wp-content\/uploads\/2021\/04\/dia-de-la-tierra.jpg\",\"datePublished\":\"2021-04-27T13:04:48+00:00\",\"dateModified\":\"2023-01-03T19:39:20+00:00\",\"breadcrumb\":{\"@id\":\"https:\/\/ds-barranquilla.org\/dia-de-la-tierra-un-espacio-de-reflexion-para-crear-conciencia-ambiental\/#breadcrumb\"},\"inLanguage\":\"de\",\"potentialAction\":[{\"@type\":\"ReadAction\",\"target\":[\"https:\/\/ds-barranquilla.org\/dia-de-la-tierra-un-espacio-de-reflexion-para-crear-conciencia-ambiental\/\"]}]},{\"@type\":\"ImageObject\",\"inLanguage\":\"de\",\"@id\":\"https:\/\/ds-barranquilla.org\/dia-de-la-tierra-un-espacio-de-reflexion-para-crear-conciencia-ambiental\/#primaryimage\",\"url\":\"https:\/\/ds-barranquilla.org\/wp-content\/uploads\/2021\/04\/dia-de-la-tierra.jpg\",\"contentUrl\":\"https:\/\/ds-barranquilla.org\/wp-content\/uploads\/2021\/04\/dia-de-la-tierra.jpg\",\"width\":1211,\"height\":680},{\"@type\":\"BreadcrumbList\",\"@id\":\"https:\/\/ds-barranquilla.org\/dia-de-la-tierra-un-espacio-de-reflexion-para-crear-conciencia-ambiental\/#breadcrumb\",\"itemListElement\":[{\"@type\":\"ListItem\",\"position\":1,\"name\":\"Portada\",\"item\":\"https:\/\/ds-barranquilla.org\/\"},{\"@type\":\"ListItem\",\"position\":2,\"name\":\"D\u00eda de la Tierra: un espacio de reflexi\u00f3n para crear conciencia ambiental\"}]},{\"@type\":\"WebSite\",\"@id\":\"https:\/\/ds-barranquilla.org\/#website\",\"url\":\"https:\/\/ds-barranquilla.org\/\",\"name\":\"Colegio Alem\u00e1n - Los Mejores Colegios de Colombia - Colegio Triling\u00fce\",\"description\":\"Colegio Alem\u00e1n  Barranquilla Colombia - Colegio Biling\u00fce - Triling\u00fce - El Mejor Colegio de Colombia\",\"publisher\":{\"@id\":\"https:\/\/ds-barranquilla.org\/#organization\"},\"potentialAction\":[{\"@type\":\"SearchAction\",\"target\":{\"@type\":\"EntryPoint\",\"urlTemplate\":\"https:\/\/ds-barranquilla.org\/?s={search_term_string}\"},\"query-input\":\"required name=search_term_string\"}],\"inLanguage\":\"de\"},{\"@type\":\"Organization\",\"@id\":\"https:\/\/ds-barranquilla.org\/#organization\",\"name\":\"Colegio Alem\u00e1n Barranquilla\",\"url\":\"https:\/\/ds-barranquilla.org\/\",\"logo\":{\"@type\":\"ImageObject\",\"inLanguage\":\"de\",\"@id\":\"https:\/\/ds-barranquilla.org\/#\/schema\/logo\/image\/\",\"url\":\"https:\/\/ds-barranquilla.org\/wp-content\/uploads\/2021\/05\/coleman_logo_2.png\",\"contentUrl\":\"https:\/\/ds-barranquilla.org\/wp-content\/uploads\/2021\/05\/coleman_logo_2.png\",\"width\":418,\"height\":307,\"caption\":\"Colegio Alem\u00e1n Barranquilla\"},\"image\":{\"@id\":\"https:\/\/ds-barranquilla.org\/#\/schema\/logo\/image\/\"},\"sameAs\":[\"https:\/\/www.facebook.com\/ColegioAlemanBaq\/\",\"https:\/\/x.com\/ColegioAlemanBq\",\"https:\/\/www.instagram.com\/colegioalemanbaq\/\",\"https:\/\/www.linkedin.com\/school\/deutsche-schule-barranquilla\/\",\"https:\/\/www.youtube.com\/channel\/UCOOGZQCVs6aYRqIWvSN5agQ\"]},{\"@type\":\"Person\",\"@id\":\"https:\/\/ds-barranquilla.org\/#\/schema\/person\/7bf8790ba89d3480e0551241ccdc8d36\",\"name\":\"Comunicaciones Comunicaciones\",\"image\":{\"@type\":\"ImageObject\",\"inLanguage\":\"de\",\"@id\":\"https:\/\/ds-barranquilla.org\/#\/schema\/person\/image\/\",\"url\":\"https:\/\/secure.gravatar.com\/avatar\/a66ba9484a4338d81d6bea750e595038?s=96&d=mm&r=g\",\"contentUrl\":\"https:\/\/secure.gravatar.com\/avatar\/a66ba9484a4338d81d6bea750e595038?s=96&d=mm&r=g\",\"caption\":\"Comunicaciones Comunicaciones\"}}]}<\/script>\n<!-- \/ Yoast SEO plugin. -->","yoast_head_json":{"title":"D\u00eda de la Tierra: un espacio de reflexi\u00f3n para crear conciencia ambiental - 2026","robots":{"index":"noindex","follow":"follow","max-snippet":"max-snippet:-1","max-image-preview":"max-image-preview:large","max-video-preview":"max-video-preview:-1"},"og_locale":"de_DE","og_type":"article","og_title":"D\u00eda de la Tierra: un espacio de reflexi\u00f3n para crear conciencia ambiental - 2026","og_description":"D\u00eda de la Tierra: un espacio de reflexi\u00f3n para crear conciencia ambiental Creado por: Yohanna Garc\u00eda. El pasado 22 de abril el\u00a0\u00c1rea de\u00a0Ciencias\u00a0conmemor\u00f3 en nuestro colegio\u00a0el\u00a0D\u00eda [\u2026]","og_url":"https:\/\/ds-barranquilla.org\/de\/dia-de-la-tierra-un-espacio-de-reflexion-para-crear-conciencia-ambiental\/","og_site_name":"Colegio Alem\u00e1n - Los Mejores Colegios de Colombia - Colegio Triling\u00fce","article_publisher":"https:\/\/www.facebook.com\/ColegioAlemanBaq\/","article_published_time":"2021-04-27T13:04:48+00:00","article_modified_time":"2023-01-03T19:39:20+00:00","og_image":[{"width":1211,"height":680,"url":"https:\/\/ds-barranquilla.org\/wp-content\/uploads\/2021\/04\/dia-de-la-tierra.jpg","type":"image\/jpeg"}],"author":"Comunicaciones Comunicaciones","twitter_card":"summary_large_image","twitter_creator":"@ColegioAlemanBq","twitter_site":"@ColegioAlemanBq","twitter_misc":{"Verfasst von":"Comunicaciones Comunicaciones","Gesch\u00e4tzte Lesezeit":"3\u00a0Minuten"},"schema":{"@context":"https:\/\/schema.org","@graph":[{"@type":"Article","@id":"https:\/\/ds-barranquilla.org\/dia-de-la-tierra-un-espacio-de-reflexion-para-crear-conciencia-ambiental\/#article","isPartOf":{"@id":"https:\/\/ds-barranquilla.org\/dia-de-la-tierra-un-espacio-de-reflexion-para-crear-conciencia-ambiental\/"},"author":{"name":"Comunicaciones Comunicaciones","@id":"https:\/\/ds-barranquilla.org\/#\/schema\/person\/7bf8790ba89d3480e0551241ccdc8d36"},"headline":"D\u00eda de la Tierra: un espacio de reflexi\u00f3n para crear conciencia ambiental","datePublished":"2021-04-27T13:04:48+00:00","dateModified":"2023-01-03T19:39:20+00:00","mainEntityOfPage":{"@id":"https:\/\/ds-barranquilla.org\/dia-de-la-tierra-un-espacio-de-reflexion-para-crear-conciencia-ambiental\/"},"wordCount":490,"commentCount":0,"publisher":{"@id":"https:\/\/ds-barranquilla.org\/#organization"},"image":{"@id":"https:\/\/ds-barranquilla.org\/dia-de-la-tierra-un-espacio-de-reflexion-para-crear-conciencia-ambiental\/#primaryimage"},"thumbnailUrl":"https:\/\/ds-barranquilla.org\/wp-content\/uploads\/2021\/04\/dia-de-la-tierra.jpg","articleSection":["2021","\u00c1rea de Ciencias","Primaria","Secundaria"],"inLanguage":"de","potentialAction":[{"@type":"CommentAction","name":"Comment","target":["https:\/\/ds-barranquilla.org\/dia-de-la-tierra-un-espacio-de-reflexion-para-crear-conciencia-ambiental\/#respond"]}]},{"@type":"WebPage","@id":"https:\/\/ds-barranquilla.org\/dia-de-la-tierra-un-espacio-de-reflexion-para-crear-conciencia-ambiental\/","url":"https:\/\/ds-barranquilla.org\/dia-de-la-tierra-un-espacio-de-reflexion-para-crear-conciencia-ambiental\/","name":"D\u00eda de la Tierra: un espacio de reflexi\u00f3n para crear conciencia ambiental - 2026","isPartOf":{"@id":"https:\/\/ds-barranquilla.org\/#website"},"primaryImageOfPage":{"@id":"https:\/\/ds-barranquilla.org\/dia-de-la-tierra-un-espacio-de-reflexion-para-crear-conciencia-ambiental\/#primaryimage"},"image":{"@id":"https:\/\/ds-barranquilla.org\/dia-de-la-tierra-un-espacio-de-reflexion-para-crear-conciencia-ambiental\/#primaryimage"},"thumbnailUrl":"https:\/\/ds-barranquilla.org\/wp-content\/uploads\/2021\/04\/dia-de-la-tierra.jpg","datePublished":"2021-04-27T13:04:48+00:00","dateModified":"2023-01-03T19:39:20+00:00","breadcrumb":{"@id":"https:\/\/ds-barranquilla.org\/dia-de-la-tierra-un-espacio-de-reflexion-para-crear-conciencia-ambiental\/#breadcrumb"},"inLanguage":"de","potentialAction":[{"@type":"ReadAction","target":["https:\/\/ds-barranquilla.org\/dia-de-la-tierra-un-espacio-de-reflexion-para-crear-conciencia-ambiental\/"]}]},{"@type":"ImageObject","inLanguage":"de","@id":"https:\/\/ds-barranquilla.org\/dia-de-la-tierra-un-espacio-de-reflexion-para-crear-conciencia-ambiental\/#primaryimage","url":"https:\/\/ds-barranquilla.org\/wp-content\/uploads\/2021\/04\/dia-de-la-tierra.jpg","contentUrl":"https:\/\/ds-barranquilla.org\/wp-content\/uploads\/2021\/04\/dia-de-la-tierra.jpg","width":1211,"height":680},{"@type":"BreadcrumbList","@id":"https:\/\/ds-barranquilla.org\/dia-de-la-tierra-un-espacio-de-reflexion-para-crear-conciencia-ambiental\/#breadcrumb","itemListElement":[{"@type":"ListItem","position":1,"name":"Portada","item":"https:\/\/ds-barranquilla.org\/"},{"@type":"ListItem","position":2,"name":"D\u00eda de la Tierra: un espacio de reflexi\u00f3n para crear conciencia ambiental"}]},{"@type":"WebSite","@id":"https:\/\/ds-barranquilla.org\/#website","url":"https:\/\/ds-barranquilla.org\/","name":"Colegio Alem\u00e1n - Los Mejores Colegios de Colombia - Colegio Triling\u00fce","description":"Colegio Alem\u00e1n  Barranquilla Colombia - Colegio Biling\u00fce - Triling\u00fce - El Mejor Colegio de Colombia","publisher":{"@id":"https:\/\/ds-barranquilla.org\/#organization"},"potentialAction":[{"@type":"SearchAction","target":{"@type":"EntryPoint","urlTemplate":"https:\/\/ds-barranquilla.org\/?s={search_term_string}"},"query-input":"required name=search_term_string"}],"inLanguage":"de"},{"@type":"Organization","@id":"https:\/\/ds-barranquilla.org\/#organization","name":"Colegio Alem\u00e1n Barranquilla","url":"https:\/\/ds-barranquilla.org\/","logo":{"@type":"ImageObject","inLanguage":"de","@id":"https:\/\/ds-barranquilla.org\/#\/schema\/logo\/image\/","url":"https:\/\/ds-barranquilla.org\/wp-content\/uploads\/2021\/05\/coleman_logo_2.png","contentUrl":"https:\/\/ds-barranquilla.org\/wp-content\/uploads\/2021\/05\/coleman_logo_2.png","width":418,"height":307,"caption":"Colegio Alem\u00e1n Barranquilla"},"image":{"@id":"https:\/\/ds-barranquilla.org\/#\/schema\/logo\/image\/"},"sameAs":["https:\/\/www.facebook.com\/ColegioAlemanBaq\/","https:\/\/x.com\/ColegioAlemanBq","https:\/\/www.instagram.com\/colegioalemanbaq\/","https:\/\/www.linkedin.com\/school\/deutsche-schule-barranquilla\/","https:\/\/www.youtube.com\/channel\/UCOOGZQCVs6aYRqIWvSN5agQ"]},{"@type":"Person","@id":"https:\/\/ds-barranquilla.org\/#\/schema\/person\/7bf8790ba89d3480e0551241ccdc8d36","name":"Comunicaciones Comunicaciones","image":{"@type":"ImageObject","inLanguage":"de","@id":"https:\/\/ds-barranquilla.org\/#\/schema\/person\/image\/","url":"https:\/\/secure.gravatar.com\/avatar\/a66ba9484a4338d81d6bea750e595038?s=96&d=mm&r=g","contentUrl":"https:\/\/secure.gravatar.com\/avatar\/a66ba9484a4338d81d6bea750e595038?s=96&d=mm&r=g","caption":"Comunicaciones Comunicaciones"}}]}},"_links":{"self":[{"href":"https:\/\/ds-barranquilla.org\/de\/wp-json\/wp\/v2\/posts\/7218"}],"collection":[{"href":"https:\/\/ds-barranquilla.org\/de\/wp-json\/wp\/v2\/posts"}],"about":[{"href":"https:\/\/ds-barranquilla.org\/de\/wp-json\/wp\/v2\/types\/post"}],"author":[{"embeddable":true,"href":"https:\/\/ds-barranquilla.org\/de\/wp-json\/wp\/v2\/users\/16"}],"replies":[{"embeddable":true,"href":"https:\/\/ds-barranquilla.org\/de\/wp-json\/wp\/v2\/comments?post=7218"}],"version-history":[{"count":3,"href":"https:\/\/ds-barranquilla.org\/de\/wp-json\/wp\/v2\/posts\/7218\/revisions"}],"predecessor-version":[{"id":14786,"href":"https:\/\/ds-barranquilla.org\/de\/wp-json\/wp\/v2\/posts\/7218\/revisions\/14786"}],"wp:featuredmedia":[{"embeddable":true,"href":"https:\/\/ds-barranquilla.org\/de\/wp-json\/wp\/v2\/media\/14787"}],"wp:attachment":[{"href":"https:\/\/ds-barranquilla.org\/de\/wp-json\/wp\/v2\/media?parent=7218"}],"wp:term":[{"taxonomy":"category","embeddable":true,"href":"https:\/\/ds-barranquilla.org\/de\/wp-json\/wp\/v2\/categories?post=7218"},{"taxonomy":"post_tag","embeddable":true,"href":"https:\/\/ds-barranquilla.org\/de\/wp-json\/wp\/v2\/tags?post=7218"}],"curies":[{"name":"wp","href":"https:\/\/api.w.org\/{rel}","templated":true}]}}