{"id":8233,"date":"2021-08-30T09:29:31","date_gmt":"2021-08-30T14:29:31","guid":{"rendered":"https:\/\/ds-barranquilla.org\/?p=8233"},"modified":"2022-12-19T08:34:03","modified_gmt":"2022-12-19T13:34:03","slug":"nuestra-orquesta-sinfonica-juvenil-cuenta-con-un-nuevo-director-el-reconocido-musico-juan-camilo-toro","status":"publish","type":"post","link":"https:\/\/ds-barranquilla.org\/de\/nuestra-orquesta-sinfonica-juvenil-cuenta-con-un-nuevo-director-el-reconocido-musico-juan-camilo-toro\/","title":{"rendered":"Nuestra Orquesta Sinf\u00f3nica Juvenil cuenta con un nuevo director: el reconocido m\u00fasico Juan Camilo Toro"},"content":{"rendered":"<h1><strong>Nuestra Orquesta Sinf\u00f3nica Juvenil cuenta con un nuevo director: el reconocido m\u00fasico Juan Camilo Toro<\/strong><\/h1>\n<p><strong>Geschrieben von: Jos\u00e9 R\u00edos Mercado.<\/strong> Uno de los proyectos institucionales m\u00e1s importantes de nuestro colegio como lo es la Orquesta Sinf\u00f3nica Juvenil cuenta con un nuevo director: el Doctor en Artes de la Universidad de Antioquia, Juan Camilo Toro. Conversamos con \u00e9l para conocer m\u00e1s detalles acerca de su formaci\u00f3n acad\u00e9mica, trayectoria profesional y expectativas en torno a este desaf\u00edo que asume.<\/p>\n<p><strong>\u00bfQui\u00e9n es Juan Camilo Toro Echeverri?<\/strong><\/p>\n<p>Nac\u00ed en Medell\u00edn, tengo 41 a\u00f1os de edad y soy un amante de la m\u00fasica desde que tengo memoria. Cuando mi madre se enter\u00f3 que yo quer\u00eda ser m\u00fasico, me propuso que hiciera otra carrera y si a m\u00ed no me gustaba, ella me pagar\u00eda la formaci\u00f3n musical; me present\u00e9 en una universidad de Medell\u00edn para estudiar Medicina y lo mejor del cuento fue que pas\u00e9, aunque solo estuve medio semestre porque no era lo que yo quer\u00eda hacer.<\/p>\n<p>Actualmente, tengo una fundaci\u00f3n llamada M\u00fasica Ret\u00f3rica cuyo objetivo es la promoci\u00f3n de j\u00f3venes talentos en el campo musical. Esta entidad trabaja de la mano con la Corporaci\u00f3n Pasi\u00f3n y Coraz\u00f3n, quienes fundaron la primera orquesta filarm\u00f3nica ind\u00edgena del pa\u00eds. Uno tiene que ser ante todo un buen ser humano y debe mostrar en todo momento \u2018respeto\u2019, y que aquellos valores dados por la m\u00fasica como \u2018la disciplina\u2019, se vuelvan parte de tu vida.<\/p>\n<p><strong>\u00bfQu\u00e9 formaci\u00f3n acad\u00e9mica tiene y cu\u00e1les han sido tus experiencias laborales m\u00e1s relevantes?<\/strong><\/p>\n<p>Estudi\u00e9 Direcci\u00f3n de Orquesta en la Universidad EAFIT de Medell\u00edn y tengo una especializaci\u00f3n en Direcci\u00f3n de Orquesta Sinf\u00f3nica en la Universidad Juan N. Corpas de Bogot\u00e1; tambi\u00e9n curs\u00e9 la maestr\u00eda en Teor\u00eda de la M\u00fasica nuevamente en la EAFIT y he realizado varios cursos internacionales de bajo continuo. El instrumento que interpreto es el clavec\u00edn, es como \u2018el abuelo del piano\u2019 y la m\u00fasica que realmente m\u00e1s me gusta y la que m\u00e1s he estudiado es la barroca; mi \u00faltima formaci\u00f3n fue el Doctorado en Artes que realic\u00e9 en la Universidad de Antioquia y mi investigaci\u00f3n fue sobre la interpretaci\u00f3n musical a partir de la ret\u00f3rica.<\/p>\n<p>Cuando ten\u00eda 18 a\u00f1os tuve mi primer trabajo como director y siempre he sido muy afortunado en ese sentido porque siempre he tenido una orquesta o un coro al frente. Durante 14 a\u00f1os estuve vinculado laboralmente a la Fundaci\u00f3n Amadeus como Director titular de la Orquesta principal, la cual estaba conformada por cerca de 270 integrantes, todos j\u00f3venes en edad escolar; con esta orquesta se hizo un trabajo muy interesante, en alianza con varios maestros venezolanos, y se logr\u00f3 que pudiera tocar la Primera Sinfon\u00eda de Mahler, la Cuarta y Quinta de Tchaikowsky, y la Tercera de Beethoven, lo cual no fue un reto peque\u00f1o teniendo en cuenta las edades de los m\u00fasicos.<\/p>\n<p>Esta experiencia me impuls\u00f3 a seguir form\u00e1ndome en Venezuela con los mismos maestros; vale la pena mencionar que la formaci\u00f3n orquestal en el vecino pa\u00eds le lleva a\u00f1os de ventaja a la de Colombia, por eso no ir a Venezuela, no conocer el sistema, no trabajar con ellos, lo considero un error de una persona que se est\u00e1 formando para ser formador de orquestas y aparte, director sinf\u00f3nico. En este momento en Medell\u00edn sigo al frente de varios proyectos: soy el Director titular de la Orquesta Filarm\u00f3nica Metropolitana, conformada por j\u00f3venes, y de la Orquesta Camerata Jaiban\u00e1, integrada por m\u00fasicos profesionales.<\/p>\n<p>Como investigador he desarrollado varias ponencias nacionales e internacionales relacionadas con la m\u00fasica ret\u00f3rica, m\u00fasica y g\u00e9nero, y el estudio de partituras antiguas de tratados originales, las cuales han sido transcritas para que la anotaci\u00f3n moderna las pueda leer.<\/p>\n<p><strong>\u00bfQu\u00e9 representa para ti tanto profesional- como personalmente haber sido escogido como Director de la Orquesta Sinf\u00f3nica Juvenil del Colegio Alem\u00e1n?<\/strong><\/p>\n<p>Para m\u00ed es un honor y estoy supremamente agradecido con el colegio porque m\u00e1s que trabajar con orquestas profesionales, lo que me apasiona es trabajar con orquestas juveniles; el que una instituci\u00f3n tan reconocida como el Colegio Alem\u00e1n de Barranquilla me haya tenido en cuenta para este cargo, es una gran satisfacci\u00f3n. Esta oportunidad m\u00e1s que un trabajo es un placer, eso es lo bonito de ser artista: nosotros no trabajamos, nosotros nos levantamos a hacer m\u00fasica todos los d\u00edas con gente que quiere aprender y quiere hacer m\u00fasica.<\/p>\n<p><strong>\u00bfCu\u00e1l ser\u00e1 tu aporte para el fortalecimiento de este proyecto como lo es la Orquesta Sinf\u00f3nica Juvenil?<\/strong><\/p>\n<p>Lo principal es entender que la m\u00fasica realmente no es un objetivo de la orquesta en este momento y eso cuesta entenderlo; la m\u00fasica es el resultante de un grupo de personas que se sientan a ponerse una meta grupal. Si entendemos la importancia y el valor de la orquesta, y de lo que nos aporta para la vida, que se haya untado un poco de arte, que haya entendido ese lenguaje de las emociones, que haya entendido que eso te cambia como persona, ese es el objetivo de la orquesta.<\/p>\n<p><strong>\u00bfQu\u00e9 aspectos consideras que son claves en el trabajo musical con ni\u00f1os y adolescentes?<\/strong><\/p>\n<p>Hay que enamorarlos de la m\u00fasica, la m\u00fasica es un arte-ciencia y eso suena muy extra\u00f1o; en la Edad Media la m\u00fasica como tal era la medida de una proporci\u00f3n en movimiento. La proporci\u00f3n es cuando t\u00fa tocas un intervalo musical, eso vibra; la vibraci\u00f3n se puede medir, entonces es la vibraci\u00f3n lo que est\u00e1s midiendo. Con el tiempo la m\u00fasica pasa a ser un arte del lenguaje.<\/p>\n<p>El espacio de orquesta no es un lugar adonde uno vaya a estresarse o ir a sufrir, sino para hacer las cosas bien con disciplina; cada integrante debe responder por sus cosas y tiene que tocar y estudiar. Si podemos disfrutar lo que tocamos, si entendemos la m\u00fasica de esa manera, la uni\u00f3n de \u2018disciplina\u2019, \u2018disfrute\u2019, \u2018valores\u2019, \u2018proyecci\u00f3n\u2019 e \u2018identidad\u2019, nos va a enamorar a todos.<\/p>\n<p><iframe title=\"Juan Camilo Toro, nuevo Director de la Orquesta Sinf\u00f3nica Juvenil\" width=\"1220\" height=\"686\" src=\"https:\/\/www.youtube.com\/embed\/i8fzHKCwSUM?feature=oembed\" frameborder=\"0\" allow=\"accelerometer; autoplay; clipboard-write; encrypted-media; gyroscope; picture-in-picture\" allowfullscreen><\/iframe><\/p>\n<p><a href=\"https:\/\/ds-barranquilla.org\/wp-content\/uploads\/2021\/08\/Captura-de-Pantalla-2021-08-24-a-las-2.38.24-p.-m..png\"><img decoding=\"async\" class=\"alignnone size-medium wp-image-8235\" src=\"https:\/\/ds-barranquilla.org\/wp-content\/uploads\/2021\/08\/Captura-de-Pantalla-2021-08-24-a-las-2.38.24-p.-m.-300x161.png\" alt=\"\" width=\"300\" height=\"161\" srcset=\"https:\/\/ds-barranquilla.org\/wp-content\/uploads\/2021\/08\/Captura-de-Pantalla-2021-08-24-a-las-2.38.24-p.-m.-300x161.png 300w, https:\/\/ds-barranquilla.org\/wp-content\/uploads\/2021\/08\/Captura-de-Pantalla-2021-08-24-a-las-2.38.24-p.-m.-800x430.png 800w, https:\/\/ds-barranquilla.org\/wp-content\/uploads\/2021\/08\/Captura-de-Pantalla-2021-08-24-a-las-2.38.24-p.-m.-1024x551.png 1024w, https:\/\/ds-barranquilla.org\/wp-content\/uploads\/2021\/08\/Captura-de-Pantalla-2021-08-24-a-las-2.38.24-p.-m.-768x413.png 768w, https:\/\/ds-barranquilla.org\/wp-content\/uploads\/2021\/08\/Captura-de-Pantalla-2021-08-24-a-las-2.38.24-p.-m.-50x27.png 50w, https:\/\/ds-barranquilla.org\/wp-content\/uploads\/2021\/08\/Captura-de-Pantalla-2021-08-24-a-las-2.38.24-p.-m.-150x81.png 150w, https:\/\/ds-barranquilla.org\/wp-content\/uploads\/2021\/08\/Captura-de-Pantalla-2021-08-24-a-las-2.38.24-p.-m.-93x50.png 93w, https:\/\/ds-barranquilla.org\/wp-content\/uploads\/2021\/08\/Captura-de-Pantalla-2021-08-24-a-las-2.38.24-p.-m.-64x34.png 64w, https:\/\/ds-barranquilla.org\/wp-content\/uploads\/2021\/08\/Captura-de-Pantalla-2021-08-24-a-las-2.38.24-p.-m..png 1205w\" sizes=\"(max-width:767px) 300px, 300px\" \/><\/a><a href=\"https:\/\/ds-barranquilla.org\/wp-content\/uploads\/2021\/08\/CAB9956-scaled.jpg\"><img fetchpriority=\"high\" decoding=\"async\" class=\"alignnone size-medium wp-image-8236\" src=\"https:\/\/ds-barranquilla.org\/wp-content\/uploads\/2021\/08\/CAB9956-300x200.jpg\" alt=\"\" width=\"300\" height=\"200\" srcset=\"https:\/\/ds-barranquilla.org\/wp-content\/uploads\/2021\/08\/CAB9956-300x200.jpg 300w, https:\/\/ds-barranquilla.org\/wp-content\/uploads\/2021\/08\/CAB9956-scaled-800x533.jpg 800w, https:\/\/ds-barranquilla.org\/wp-content\/uploads\/2021\/08\/CAB9956-1024x683.jpg 1024w, https:\/\/ds-barranquilla.org\/wp-content\/uploads\/2021\/08\/CAB9956-768x512.jpg 768w, https:\/\/ds-barranquilla.org\/wp-content\/uploads\/2021\/08\/CAB9956-391x260.jpg 391w, https:\/\/ds-barranquilla.org\/wp-content\/uploads\/2021\/08\/CAB9956-1536x1024.jpg 1536w, https:\/\/ds-barranquilla.org\/wp-content\/uploads\/2021\/08\/CAB9956-2048x1365.jpg 2048w, https:\/\/ds-barranquilla.org\/wp-content\/uploads\/2021\/08\/CAB9956-50x33.jpg 50w, https:\/\/ds-barranquilla.org\/wp-content\/uploads\/2021\/08\/CAB9956-150x100.jpg 150w, https:\/\/ds-barranquilla.org\/wp-content\/uploads\/2021\/08\/CAB9956-75x50.jpg 75w, https:\/\/ds-barranquilla.org\/wp-content\/uploads\/2021\/08\/CAB9956-64x43.jpg 64w\" sizes=\"(max-width:767px) 300px, 300px\" \/><\/a><\/p>","protected":false},"excerpt":{"rendered":"<p>Nuestra Orquesta Sinf\u00f3nica Juvenil cuenta con un nuevo director: el reconocido m\u00fasico Juan Camilo Toro Creado por: Jos\u00e9 R\u00edos Mercado. Uno de los proyectos institucionales m\u00e1s<span class=\"excerpt-hellip\"> [\u2026]<\/span><\/p>","protected":false},"author":16,"featured_media":8234,"comment_status":"open","ping_status":"open","sticky":false,"template":"","format":"standard","meta":{"_exactmetrics_skip_tracking":false,"_exactmetrics_sitenote_active":false,"_exactmetrics_sitenote_note":"","_exactmetrics_sitenote_category":0,"_joinchat":[],"footnotes":""},"categories":[681,685,706],"tags":[],"class_list":["post-8233","post","type-post","status-publish","format-standard","has-post-thumbnail","hentry","category-681","category-area-de-artes-visuales-e-interpretativas","category-orquesta-sinfonica-juvenil"],"yoast_head":"<!-- This site is optimized with the Yoast SEO plugin v23.3 - https:\/\/yoast.com\/wordpress\/plugins\/seo\/ -->\n<title>Nuestra Orquesta Sinf\u00f3nica Juvenil cuenta con un nuevo director: el reconocido m\u00fasico Juan Camilo Toro - 2026<\/title>\n<meta name=\"robots\" content=\"noindex, follow, max-snippet:-1, max-image-preview:large, max-video-preview:-1\" \/>\n<meta property=\"og:locale\" content=\"de_DE\" \/>\n<meta property=\"og:type\" content=\"article\" \/>\n<meta property=\"og:title\" content=\"Nuestra Orquesta Sinf\u00f3nica Juvenil cuenta con un nuevo director: el reconocido m\u00fasico Juan Camilo Toro - 2026\" \/>\n<meta property=\"og:description\" content=\"Nuestra Orquesta Sinf\u00f3nica Juvenil cuenta con un nuevo director: el reconocido m\u00fasico Juan Camilo Toro Creado por: Jos\u00e9 R\u00edos Mercado. Uno de los proyectos institucionales m\u00e1s [\u2026]\" \/>\n<meta property=\"og:url\" content=\"https:\/\/ds-barranquilla.org\/de\/nuestra-orquesta-sinfonica-juvenil-cuenta-con-un-nuevo-director-el-reconocido-musico-juan-camilo-toro\/\" \/>\n<meta property=\"og:site_name\" content=\"Colegio Alem\u00e1n - Los Mejores Colegios de Colombia - Colegio Triling\u00fce\" \/>\n<meta property=\"article:publisher\" content=\"https:\/\/www.facebook.com\/ColegioAlemanBaq\/\" \/>\n<meta property=\"article:published_time\" content=\"2021-08-30T14:29:31+00:00\" \/>\n<meta property=\"article:modified_time\" content=\"2022-12-19T13:34:03+00:00\" \/>\n<meta property=\"og:image\" content=\"https:\/\/ds-barranquilla.org\/wp-content\/uploads\/2021\/08\/Juan-Camilo-Toro-Web.jpeg\" \/>\n\t<meta property=\"og:image:width\" content=\"1169\" \/>\n\t<meta property=\"og:image:height\" content=\"498\" \/>\n\t<meta property=\"og:image:type\" content=\"image\/jpeg\" \/>\n<meta name=\"author\" content=\"Comunicaciones Comunicaciones\" \/>\n<meta name=\"twitter:card\" content=\"summary_large_image\" \/>\n<meta name=\"twitter:creator\" content=\"@ColegioAlemanBq\" \/>\n<meta name=\"twitter:site\" content=\"@ColegioAlemanBq\" \/>\n<meta name=\"twitter:label1\" content=\"Verfasst von\" \/>\n\t<meta name=\"twitter:data1\" content=\"Comunicaciones Comunicaciones\" \/>\n\t<meta name=\"twitter:label2\" content=\"Gesch\u00e4tzte Lesezeit\" \/>\n\t<meta name=\"twitter:data2\" content=\"5\u00a0Minuten\" \/>\n<script type=\"application\/ld+json\" class=\"yoast-schema-graph\">{\"@context\":\"https:\/\/schema.org\",\"@graph\":[{\"@type\":\"Article\",\"@id\":\"https:\/\/ds-barranquilla.org\/nuestra-orquesta-sinfonica-juvenil-cuenta-con-un-nuevo-director-el-reconocido-musico-juan-camilo-toro\/#article\",\"isPartOf\":{\"@id\":\"https:\/\/ds-barranquilla.org\/nuestra-orquesta-sinfonica-juvenil-cuenta-con-un-nuevo-director-el-reconocido-musico-juan-camilo-toro\/\"},\"author\":{\"name\":\"Comunicaciones Comunicaciones\",\"@id\":\"https:\/\/ds-barranquilla.org\/#\/schema\/person\/7bf8790ba89d3480e0551241ccdc8d36\"},\"headline\":\"Nuestra Orquesta Sinf\u00f3nica Juvenil cuenta con un nuevo director: el reconocido m\u00fasico Juan Camilo Toro\",\"datePublished\":\"2021-08-30T14:29:31+00:00\",\"dateModified\":\"2022-12-19T13:34:03+00:00\",\"mainEntityOfPage\":{\"@id\":\"https:\/\/ds-barranquilla.org\/nuestra-orquesta-sinfonica-juvenil-cuenta-con-un-nuevo-director-el-reconocido-musico-juan-camilo-toro\/\"},\"wordCount\":1100,\"commentCount\":0,\"publisher\":{\"@id\":\"https:\/\/ds-barranquilla.org\/#organization\"},\"image\":{\"@id\":\"https:\/\/ds-barranquilla.org\/nuestra-orquesta-sinfonica-juvenil-cuenta-con-un-nuevo-director-el-reconocido-musico-juan-camilo-toro\/#primaryimage\"},\"thumbnailUrl\":\"https:\/\/ds-barranquilla.org\/wp-content\/uploads\/2021\/08\/Juan-Camilo-Toro-Web.jpeg\",\"articleSection\":[\"2021\",\"\u00c1rea de Artes Visuales e Interpretativas\",\"Orquesta Sinf\u00f3nica Juvenil\"],\"inLanguage\":\"de\",\"potentialAction\":[{\"@type\":\"CommentAction\",\"name\":\"Comment\",\"target\":[\"https:\/\/ds-barranquilla.org\/nuestra-orquesta-sinfonica-juvenil-cuenta-con-un-nuevo-director-el-reconocido-musico-juan-camilo-toro\/#respond\"]}]},{\"@type\":\"WebPage\",\"@id\":\"https:\/\/ds-barranquilla.org\/nuestra-orquesta-sinfonica-juvenil-cuenta-con-un-nuevo-director-el-reconocido-musico-juan-camilo-toro\/\",\"url\":\"https:\/\/ds-barranquilla.org\/nuestra-orquesta-sinfonica-juvenil-cuenta-con-un-nuevo-director-el-reconocido-musico-juan-camilo-toro\/\",\"name\":\"Nuestra Orquesta Sinf\u00f3nica Juvenil cuenta con un nuevo director: el reconocido m\u00fasico Juan Camilo Toro - 2026\",\"isPartOf\":{\"@id\":\"https:\/\/ds-barranquilla.org\/#website\"},\"primaryImageOfPage\":{\"@id\":\"https:\/\/ds-barranquilla.org\/nuestra-orquesta-sinfonica-juvenil-cuenta-con-un-nuevo-director-el-reconocido-musico-juan-camilo-toro\/#primaryimage\"},\"image\":{\"@id\":\"https:\/\/ds-barranquilla.org\/nuestra-orquesta-sinfonica-juvenil-cuenta-con-un-nuevo-director-el-reconocido-musico-juan-camilo-toro\/#primaryimage\"},\"thumbnailUrl\":\"https:\/\/ds-barranquilla.org\/wp-content\/uploads\/2021\/08\/Juan-Camilo-Toro-Web.jpeg\",\"datePublished\":\"2021-08-30T14:29:31+00:00\",\"dateModified\":\"2022-12-19T13:34:03+00:00\",\"breadcrumb\":{\"@id\":\"https:\/\/ds-barranquilla.org\/nuestra-orquesta-sinfonica-juvenil-cuenta-con-un-nuevo-director-el-reconocido-musico-juan-camilo-toro\/#breadcrumb\"},\"inLanguage\":\"de\",\"potentialAction\":[{\"@type\":\"ReadAction\",\"target\":[\"https:\/\/ds-barranquilla.org\/nuestra-orquesta-sinfonica-juvenil-cuenta-con-un-nuevo-director-el-reconocido-musico-juan-camilo-toro\/\"]}]},{\"@type\":\"ImageObject\",\"inLanguage\":\"de\",\"@id\":\"https:\/\/ds-barranquilla.org\/nuestra-orquesta-sinfonica-juvenil-cuenta-con-un-nuevo-director-el-reconocido-musico-juan-camilo-toro\/#primaryimage\",\"url\":\"https:\/\/ds-barranquilla.org\/wp-content\/uploads\/2021\/08\/Juan-Camilo-Toro-Web.jpeg\",\"contentUrl\":\"https:\/\/ds-barranquilla.org\/wp-content\/uploads\/2021\/08\/Juan-Camilo-Toro-Web.jpeg\",\"width\":1169,\"height\":498},{\"@type\":\"BreadcrumbList\",\"@id\":\"https:\/\/ds-barranquilla.org\/nuestra-orquesta-sinfonica-juvenil-cuenta-con-un-nuevo-director-el-reconocido-musico-juan-camilo-toro\/#breadcrumb\",\"itemListElement\":[{\"@type\":\"ListItem\",\"position\":1,\"name\":\"Portada\",\"item\":\"https:\/\/ds-barranquilla.org\/\"},{\"@type\":\"ListItem\",\"position\":2,\"name\":\"Nuestra Orquesta Sinf\u00f3nica Juvenil cuenta con un nuevo director: el reconocido m\u00fasico Juan Camilo Toro\"}]},{\"@type\":\"WebSite\",\"@id\":\"https:\/\/ds-barranquilla.org\/#website\",\"url\":\"https:\/\/ds-barranquilla.org\/\",\"name\":\"Colegio Alem\u00e1n - Los Mejores Colegios de Colombia - Colegio Triling\u00fce\",\"description\":\"Colegio Alem\u00e1n  Barranquilla Colombia - Colegio Biling\u00fce - Triling\u00fce - El Mejor Colegio de Colombia\",\"publisher\":{\"@id\":\"https:\/\/ds-barranquilla.org\/#organization\"},\"potentialAction\":[{\"@type\":\"SearchAction\",\"target\":{\"@type\":\"EntryPoint\",\"urlTemplate\":\"https:\/\/ds-barranquilla.org\/?s={search_term_string}\"},\"query-input\":\"required name=search_term_string\"}],\"inLanguage\":\"de\"},{\"@type\":\"Organization\",\"@id\":\"https:\/\/ds-barranquilla.org\/#organization\",\"name\":\"Colegio Alem\u00e1n Barranquilla\",\"url\":\"https:\/\/ds-barranquilla.org\/\",\"logo\":{\"@type\":\"ImageObject\",\"inLanguage\":\"de\",\"@id\":\"https:\/\/ds-barranquilla.org\/#\/schema\/logo\/image\/\",\"url\":\"https:\/\/ds-barranquilla.org\/wp-content\/uploads\/2021\/05\/coleman_logo_2.png\",\"contentUrl\":\"https:\/\/ds-barranquilla.org\/wp-content\/uploads\/2021\/05\/coleman_logo_2.png\",\"width\":418,\"height\":307,\"caption\":\"Colegio Alem\u00e1n Barranquilla\"},\"image\":{\"@id\":\"https:\/\/ds-barranquilla.org\/#\/schema\/logo\/image\/\"},\"sameAs\":[\"https:\/\/www.facebook.com\/ColegioAlemanBaq\/\",\"https:\/\/x.com\/ColegioAlemanBq\",\"https:\/\/www.instagram.com\/colegioalemanbaq\/\",\"https:\/\/www.linkedin.com\/school\/deutsche-schule-barranquilla\/\",\"https:\/\/www.youtube.com\/channel\/UCOOGZQCVs6aYRqIWvSN5agQ\"]},{\"@type\":\"Person\",\"@id\":\"https:\/\/ds-barranquilla.org\/#\/schema\/person\/7bf8790ba89d3480e0551241ccdc8d36\",\"name\":\"Comunicaciones Comunicaciones\",\"image\":{\"@type\":\"ImageObject\",\"inLanguage\":\"de\",\"@id\":\"https:\/\/ds-barranquilla.org\/#\/schema\/person\/image\/\",\"url\":\"https:\/\/secure.gravatar.com\/avatar\/a66ba9484a4338d81d6bea750e595038?s=96&d=mm&r=g\",\"contentUrl\":\"https:\/\/secure.gravatar.com\/avatar\/a66ba9484a4338d81d6bea750e595038?s=96&d=mm&r=g\",\"caption\":\"Comunicaciones Comunicaciones\"}}]}<\/script>\n<!-- \/ Yoast SEO plugin. -->","yoast_head_json":{"title":"Nuestra Orquesta Sinf\u00f3nica Juvenil cuenta con un nuevo director: el reconocido m\u00fasico Juan Camilo Toro - 2026","robots":{"index":"noindex","follow":"follow","max-snippet":"max-snippet:-1","max-image-preview":"max-image-preview:large","max-video-preview":"max-video-preview:-1"},"og_locale":"de_DE","og_type":"article","og_title":"Nuestra Orquesta Sinf\u00f3nica Juvenil cuenta con un nuevo director: el reconocido m\u00fasico Juan Camilo Toro - 2026","og_description":"Nuestra Orquesta Sinf\u00f3nica Juvenil cuenta con un nuevo director: el reconocido m\u00fasico Juan Camilo Toro Creado por: Jos\u00e9 R\u00edos Mercado. Uno de los proyectos institucionales m\u00e1s [\u2026]","og_url":"https:\/\/ds-barranquilla.org\/de\/nuestra-orquesta-sinfonica-juvenil-cuenta-con-un-nuevo-director-el-reconocido-musico-juan-camilo-toro\/","og_site_name":"Colegio Alem\u00e1n - Los Mejores Colegios de Colombia - Colegio Triling\u00fce","article_publisher":"https:\/\/www.facebook.com\/ColegioAlemanBaq\/","article_published_time":"2021-08-30T14:29:31+00:00","article_modified_time":"2022-12-19T13:34:03+00:00","og_image":[{"width":1169,"height":498,"url":"https:\/\/ds-barranquilla.org\/wp-content\/uploads\/2021\/08\/Juan-Camilo-Toro-Web.jpeg","type":"image\/jpeg"}],"author":"Comunicaciones Comunicaciones","twitter_card":"summary_large_image","twitter_creator":"@ColegioAlemanBq","twitter_site":"@ColegioAlemanBq","twitter_misc":{"Verfasst von":"Comunicaciones Comunicaciones","Gesch\u00e4tzte Lesezeit":"5\u00a0Minuten"},"schema":{"@context":"https:\/\/schema.org","@graph":[{"@type":"Article","@id":"https:\/\/ds-barranquilla.org\/nuestra-orquesta-sinfonica-juvenil-cuenta-con-un-nuevo-director-el-reconocido-musico-juan-camilo-toro\/#article","isPartOf":{"@id":"https:\/\/ds-barranquilla.org\/nuestra-orquesta-sinfonica-juvenil-cuenta-con-un-nuevo-director-el-reconocido-musico-juan-camilo-toro\/"},"author":{"name":"Comunicaciones Comunicaciones","@id":"https:\/\/ds-barranquilla.org\/#\/schema\/person\/7bf8790ba89d3480e0551241ccdc8d36"},"headline":"Nuestra Orquesta Sinf\u00f3nica Juvenil cuenta con un nuevo director: el reconocido m\u00fasico Juan Camilo Toro","datePublished":"2021-08-30T14:29:31+00:00","dateModified":"2022-12-19T13:34:03+00:00","mainEntityOfPage":{"@id":"https:\/\/ds-barranquilla.org\/nuestra-orquesta-sinfonica-juvenil-cuenta-con-un-nuevo-director-el-reconocido-musico-juan-camilo-toro\/"},"wordCount":1100,"commentCount":0,"publisher":{"@id":"https:\/\/ds-barranquilla.org\/#organization"},"image":{"@id":"https:\/\/ds-barranquilla.org\/nuestra-orquesta-sinfonica-juvenil-cuenta-con-un-nuevo-director-el-reconocido-musico-juan-camilo-toro\/#primaryimage"},"thumbnailUrl":"https:\/\/ds-barranquilla.org\/wp-content\/uploads\/2021\/08\/Juan-Camilo-Toro-Web.jpeg","articleSection":["2021","\u00c1rea de Artes Visuales e Interpretativas","Orquesta Sinf\u00f3nica Juvenil"],"inLanguage":"de","potentialAction":[{"@type":"CommentAction","name":"Comment","target":["https:\/\/ds-barranquilla.org\/nuestra-orquesta-sinfonica-juvenil-cuenta-con-un-nuevo-director-el-reconocido-musico-juan-camilo-toro\/#respond"]}]},{"@type":"WebPage","@id":"https:\/\/ds-barranquilla.org\/nuestra-orquesta-sinfonica-juvenil-cuenta-con-un-nuevo-director-el-reconocido-musico-juan-camilo-toro\/","url":"https:\/\/ds-barranquilla.org\/nuestra-orquesta-sinfonica-juvenil-cuenta-con-un-nuevo-director-el-reconocido-musico-juan-camilo-toro\/","name":"Nuestra Orquesta Sinf\u00f3nica Juvenil cuenta con un nuevo director: el reconocido m\u00fasico Juan Camilo Toro - 2026","isPartOf":{"@id":"https:\/\/ds-barranquilla.org\/#website"},"primaryImageOfPage":{"@id":"https:\/\/ds-barranquilla.org\/nuestra-orquesta-sinfonica-juvenil-cuenta-con-un-nuevo-director-el-reconocido-musico-juan-camilo-toro\/#primaryimage"},"image":{"@id":"https:\/\/ds-barranquilla.org\/nuestra-orquesta-sinfonica-juvenil-cuenta-con-un-nuevo-director-el-reconocido-musico-juan-camilo-toro\/#primaryimage"},"thumbnailUrl":"https:\/\/ds-barranquilla.org\/wp-content\/uploads\/2021\/08\/Juan-Camilo-Toro-Web.jpeg","datePublished":"2021-08-30T14:29:31+00:00","dateModified":"2022-12-19T13:34:03+00:00","breadcrumb":{"@id":"https:\/\/ds-barranquilla.org\/nuestra-orquesta-sinfonica-juvenil-cuenta-con-un-nuevo-director-el-reconocido-musico-juan-camilo-toro\/#breadcrumb"},"inLanguage":"de","potentialAction":[{"@type":"ReadAction","target":["https:\/\/ds-barranquilla.org\/nuestra-orquesta-sinfonica-juvenil-cuenta-con-un-nuevo-director-el-reconocido-musico-juan-camilo-toro\/"]}]},{"@type":"ImageObject","inLanguage":"de","@id":"https:\/\/ds-barranquilla.org\/nuestra-orquesta-sinfonica-juvenil-cuenta-con-un-nuevo-director-el-reconocido-musico-juan-camilo-toro\/#primaryimage","url":"https:\/\/ds-barranquilla.org\/wp-content\/uploads\/2021\/08\/Juan-Camilo-Toro-Web.jpeg","contentUrl":"https:\/\/ds-barranquilla.org\/wp-content\/uploads\/2021\/08\/Juan-Camilo-Toro-Web.jpeg","width":1169,"height":498},{"@type":"BreadcrumbList","@id":"https:\/\/ds-barranquilla.org\/nuestra-orquesta-sinfonica-juvenil-cuenta-con-un-nuevo-director-el-reconocido-musico-juan-camilo-toro\/#breadcrumb","itemListElement":[{"@type":"ListItem","position":1,"name":"Portada","item":"https:\/\/ds-barranquilla.org\/"},{"@type":"ListItem","position":2,"name":"Nuestra Orquesta Sinf\u00f3nica Juvenil cuenta con un nuevo director: el reconocido m\u00fasico Juan Camilo Toro"}]},{"@type":"WebSite","@id":"https:\/\/ds-barranquilla.org\/#website","url":"https:\/\/ds-barranquilla.org\/","name":"Colegio Alem\u00e1n - Los Mejores Colegios de Colombia - Colegio Triling\u00fce","description":"Colegio Alem\u00e1n  Barranquilla Colombia - Colegio Biling\u00fce - Triling\u00fce - El Mejor Colegio de Colombia","publisher":{"@id":"https:\/\/ds-barranquilla.org\/#organization"},"potentialAction":[{"@type":"SearchAction","target":{"@type":"EntryPoint","urlTemplate":"https:\/\/ds-barranquilla.org\/?s={search_term_string}"},"query-input":"required name=search_term_string"}],"inLanguage":"de"},{"@type":"Organization","@id":"https:\/\/ds-barranquilla.org\/#organization","name":"Colegio Alem\u00e1n Barranquilla","url":"https:\/\/ds-barranquilla.org\/","logo":{"@type":"ImageObject","inLanguage":"de","@id":"https:\/\/ds-barranquilla.org\/#\/schema\/logo\/image\/","url":"https:\/\/ds-barranquilla.org\/wp-content\/uploads\/2021\/05\/coleman_logo_2.png","contentUrl":"https:\/\/ds-barranquilla.org\/wp-content\/uploads\/2021\/05\/coleman_logo_2.png","width":418,"height":307,"caption":"Colegio Alem\u00e1n Barranquilla"},"image":{"@id":"https:\/\/ds-barranquilla.org\/#\/schema\/logo\/image\/"},"sameAs":["https:\/\/www.facebook.com\/ColegioAlemanBaq\/","https:\/\/x.com\/ColegioAlemanBq","https:\/\/www.instagram.com\/colegioalemanbaq\/","https:\/\/www.linkedin.com\/school\/deutsche-schule-barranquilla\/","https:\/\/www.youtube.com\/channel\/UCOOGZQCVs6aYRqIWvSN5agQ"]},{"@type":"Person","@id":"https:\/\/ds-barranquilla.org\/#\/schema\/person\/7bf8790ba89d3480e0551241ccdc8d36","name":"Comunicaciones Comunicaciones","image":{"@type":"ImageObject","inLanguage":"de","@id":"https:\/\/ds-barranquilla.org\/#\/schema\/person\/image\/","url":"https:\/\/secure.gravatar.com\/avatar\/a66ba9484a4338d81d6bea750e595038?s=96&d=mm&r=g","contentUrl":"https:\/\/secure.gravatar.com\/avatar\/a66ba9484a4338d81d6bea750e595038?s=96&d=mm&r=g","caption":"Comunicaciones Comunicaciones"}}]}},"_links":{"self":[{"href":"https:\/\/ds-barranquilla.org\/de\/wp-json\/wp\/v2\/posts\/8233"}],"collection":[{"href":"https:\/\/ds-barranquilla.org\/de\/wp-json\/wp\/v2\/posts"}],"about":[{"href":"https:\/\/ds-barranquilla.org\/de\/wp-json\/wp\/v2\/types\/post"}],"author":[{"embeddable":true,"href":"https:\/\/ds-barranquilla.org\/de\/wp-json\/wp\/v2\/users\/16"}],"replies":[{"embeddable":true,"href":"https:\/\/ds-barranquilla.org\/de\/wp-json\/wp\/v2\/comments?post=8233"}],"version-history":[{"count":3,"href":"https:\/\/ds-barranquilla.org\/de\/wp-json\/wp\/v2\/posts\/8233\/revisions"}],"predecessor-version":[{"id":8241,"href":"https:\/\/ds-barranquilla.org\/de\/wp-json\/wp\/v2\/posts\/8233\/revisions\/8241"}],"wp:featuredmedia":[{"embeddable":true,"href":"https:\/\/ds-barranquilla.org\/de\/wp-json\/wp\/v2\/media\/8234"}],"wp:attachment":[{"href":"https:\/\/ds-barranquilla.org\/de\/wp-json\/wp\/v2\/media?parent=8233"}],"wp:term":[{"taxonomy":"category","embeddable":true,"href":"https:\/\/ds-barranquilla.org\/de\/wp-json\/wp\/v2\/categories?post=8233"},{"taxonomy":"post_tag","embeddable":true,"href":"https:\/\/ds-barranquilla.org\/de\/wp-json\/wp\/v2\/tags?post=8233"}],"curies":[{"name":"wp","href":"https:\/\/api.w.org\/{rel}","templated":true}]}}