{"id":8289,"date":"2021-09-09T08:28:09","date_gmt":"2021-09-09T13:28:09","guid":{"rendered":"https:\/\/ds-barranquilla.org\/?p=8289"},"modified":"2023-01-03T11:31:56","modified_gmt":"2023-01-03T16:31:56","slug":"bibiana-carbonell-y-su-exitosa-trayectoria-en-el-ambito-de-la-gerencia-de-bienes-raices-a-nivel-empresarial","status":"publish","type":"post","link":"https:\/\/ds-barranquilla.org\/de\/bibiana-carbonell-y-su-exitosa-trayectoria-en-el-ambito-de-la-gerencia-de-bienes-raices-a-nivel-empresarial\/","title":{"rendered":"Bibiana Carbonell y su exitosa trayectoria en el \u00e1mbito de la gerencia de Bienes Ra\u00edces a nivel empresarial"},"content":{"rendered":"<h1><strong>Bibiana Carbonell y su exitosa trayectoria en el \u00e1mbito de la gerencia de Bienes Ra\u00edces a nivel empresarial<\/strong><\/h1>\n<p><strong>Geschrieben von: Jos\u00e9 R\u00edos Mercado.<\/strong> La gerencia de Bienes Ra\u00edces a nivel corporativo es el campo donde se ha desarrollado laboralmente nuestra exalumna de la Promoci\u00f3n 1997, Bibiana Carbonell. Para esta administradora de empresas de la Universidad del Norte, con una Especializaci\u00f3n en Gesti\u00f3n Humana y Desarrollo Organizacional de la Universidad del Rosario de Bogot\u00e1, desempe\u00f1arse actualmente como Gerente de Bienes Ra\u00edces en la compa\u00f1\u00eda Arcos Dorados, el mayor franquiciado de McDonald\u2019s en el mundo, es uno de sus principales logros profesionales.<\/p>\n<p>\u201cDespu\u00e9s de graduarme de la universidad me radiqu\u00e9 en Bogot\u00e1 y fui seleccionada para hacer parte de un programa del Banco BBVA que empleaba a j\u00f3venes profesionales que quer\u00edan vincularse al sector financiero; all\u00ed trabaj\u00e9 en las \u00e1reas de Compras, Inmuebles y Servicios, y aprend\u00ed mucho sobre negociaciones y finanzas desde varios frentes del negocio. Posteriormente, fui contratada por el Citibank adonde ingres\u00e9 al \u00e1rea de Inmuebles, experiencia que me permiti\u00f3 crecer laboralmente\u201d, expres\u00f3 la administradora de empresas.<\/p>\n<p>Bibiana Carbonell indic\u00f3 que en esta entidad bancaria era la responsable de la b\u00fasqueda de espacios para sucursales y cajeros autom\u00e1ticos. As\u00ed mismo, precis\u00f3 que en el 2016 se vincul\u00f3 a la multinacional Payless Shoesource para desempe\u00f1arse como Gerente de Bienes Ra\u00edces para Colombia, Ecuador, Per\u00fa, Uruguay y Paraguay, una oportunidad profesional que le brind\u00f3 la posibilidad de viajar a estos pa\u00edses y conocer m\u00e1s sobre otras culturas desde el punto de vista laboral.<\/p>\n<p>\u201cEn el 2018 fui contratada por la empresa Arcos Dorados, operador exclusivo de McDonald\u2019s en 20 pa\u00edses de Am\u00e9rica Latina y el Caribe, y donde hoy tengo a mi cargo la expansi\u00f3n de la marca en la Divisi\u00f3n del Caribe que abarca: Colombia, Aruba, Curazao y, Trinidad y Tobago. A trav\u00e9s de mi gesti\u00f3n contribuyo con el crecimiento responsable de la compa\u00f1\u00eda, mediante la evaluaci\u00f3n financiera, la planeaci\u00f3n, la adquisici\u00f3n y la administraci\u00f3n de los espacios f\u00edsicos\u201d, manifest\u00f3 la administradora de empresas.<\/p>\n<p>Para Bibiana Carbonell, cada nuevo espacio comercial que se abre lleva mucho trabajo previo y por eso los considera como \u201chijos\u201d, sin embargo, se\u00f1ala que lo anterior no ser\u00eda posible si no se tiene la mente abierta y la disposici\u00f3n de hacer las cosas cada vez mejor, dando siempre \u201cla milla extra\u201d y trabajando en equipo con dedicaci\u00f3n, honestidad y compromiso. De igual forma, se\u00f1al\u00f3 que desde su posici\u00f3n ha podido conocer a muchos empresarios y colegas a los que admira y a los que considera como parte de su \u201cfamilia\u201d.<\/p>\n<p>La capacidad de an\u00e1lisis, la apertura hacia la diversidad y otras culturas, la independencia y los valores, constituyen el valioso legado que le dej\u00f3 su permanencia como estudiante del Colegio Alem\u00e1n; ella asegura que la instituci\u00f3n siempre la motiv\u00f3 a so\u00f1ar en grande y a sentirse confiada en que pod\u00eda lograr sus objetivos. Las clases extracurriculares, los bazares, el Festival del Rasgu\u00f1ao, los actos c\u00edvicos y las competencias deportivas, son lindos recuerdos que ella conserva de esta linda \u00e9poca en la que pudo hacer muchos amigos.<\/p>\n<p><a href=\"https:\/\/ds-barranquilla.org\/wp-content\/uploads\/2021\/09\/WhatsApp-Image-2021-07-29-at-2.24.43-PM.jpeg\"><img fetchpriority=\"high\" decoding=\"async\" class=\"alignnone size-medium wp-image-8294\" src=\"https:\/\/ds-barranquilla.org\/wp-content\/uploads\/2021\/09\/WhatsApp-Image-2021-07-29-at-2.24.43-PM-300x298.jpeg\" alt=\"\" width=\"300\" height=\"298\" srcset=\"https:\/\/ds-barranquilla.org\/wp-content\/uploads\/2021\/09\/WhatsApp-Image-2021-07-29-at-2.24.43-PM-300x298.jpeg 300w, https:\/\/ds-barranquilla.org\/wp-content\/uploads\/2021\/09\/WhatsApp-Image-2021-07-29-at-2.24.43-PM-800x794.jpeg 800w, https:\/\/ds-barranquilla.org\/wp-content\/uploads\/2021\/09\/WhatsApp-Image-2021-07-29-at-2.24.43-PM-150x150.jpeg 150w, https:\/\/ds-barranquilla.org\/wp-content\/uploads\/2021\/09\/WhatsApp-Image-2021-07-29-at-2.24.43-PM-768x762.jpeg 768w, https:\/\/ds-barranquilla.org\/wp-content\/uploads\/2021\/09\/WhatsApp-Image-2021-07-29-at-2.24.43-PM-50x50.jpeg 50w, https:\/\/ds-barranquilla.org\/wp-content\/uploads\/2021\/09\/WhatsApp-Image-2021-07-29-at-2.24.43-PM-80x80.jpeg 80w, https:\/\/ds-barranquilla.org\/wp-content\/uploads\/2021\/09\/WhatsApp-Image-2021-07-29-at-2.24.43-PM-64x64.jpeg 64w, https:\/\/ds-barranquilla.org\/wp-content\/uploads\/2021\/09\/WhatsApp-Image-2021-07-29-at-2.24.43-PM.jpeg 1024w\" sizes=\"(max-width:767px) 300px, 300px\" \/><\/a><a href=\"https:\/\/ds-barranquilla.org\/wp-content\/uploads\/2021\/09\/WhatsApp-Image-2021-07-29-at-2.25.23-PM.jpeg\"><img decoding=\"async\" class=\"alignnone size-medium wp-image-8295\" src=\"https:\/\/ds-barranquilla.org\/wp-content\/uploads\/2021\/09\/WhatsApp-Image-2021-07-29-at-2.25.23-PM-300x233.jpeg\" alt=\"\" width=\"300\" height=\"233\" srcset=\"https:\/\/ds-barranquilla.org\/wp-content\/uploads\/2021\/09\/WhatsApp-Image-2021-07-29-at-2.25.23-PM-300x233.jpeg 300w, https:\/\/ds-barranquilla.org\/wp-content\/uploads\/2021\/09\/WhatsApp-Image-2021-07-29-at-2.25.23-PM-800x620.jpeg 800w, https:\/\/ds-barranquilla.org\/wp-content\/uploads\/2021\/09\/WhatsApp-Image-2021-07-29-at-2.25.23-PM-768x596.jpeg 768w, https:\/\/ds-barranquilla.org\/wp-content\/uploads\/2021\/09\/WhatsApp-Image-2021-07-29-at-2.25.23-PM-50x39.jpeg 50w, https:\/\/ds-barranquilla.org\/wp-content\/uploads\/2021\/09\/WhatsApp-Image-2021-07-29-at-2.25.23-PM-150x116.jpeg 150w, https:\/\/ds-barranquilla.org\/wp-content\/uploads\/2021\/09\/WhatsApp-Image-2021-07-29-at-2.25.23-PM-64x50.jpeg 64w, https:\/\/ds-barranquilla.org\/wp-content\/uploads\/2021\/09\/WhatsApp-Image-2021-07-29-at-2.25.23-PM.jpeg 1024w\" sizes=\"(max-width:767px) 300px, 300px\" \/><\/a><\/p>","protected":false},"excerpt":{"rendered":"<p>Bibiana Carbonell y su exitosa trayectoria en el \u00e1mbito de la gerencia de Bienes Ra\u00edces a nivel empresarial Creado por: Jos\u00e9 R\u00edos Mercado. La gerencia de<span class=\"excerpt-hellip\"> [\u2026]<\/span><\/p>","protected":false},"author":16,"featured_media":8291,"comment_status":"open","ping_status":"open","sticky":false,"template":"","format":"standard","meta":{"_exactmetrics_skip_tracking":false,"_exactmetrics_sitenote_active":false,"_exactmetrics_sitenote_note":"","_exactmetrics_sitenote_category":0,"_joinchat":[],"footnotes":""},"categories":[681,684],"tags":[712],"class_list":["post-8289","post","type-post","status-publish","format-standard","has-post-thumbnail","hentry","category-681","category-alumni","tag-entrevista"],"yoast_head":"<!-- This site is optimized with the Yoast SEO plugin v23.3 - https:\/\/yoast.com\/wordpress\/plugins\/seo\/ -->\n<title>Bibiana Carbonell y su exitosa trayectoria en el \u00e1mbito de la gerencia de Bienes Ra\u00edces a nivel empresarial - 2026<\/title>\n<meta name=\"robots\" content=\"noindex, follow, max-snippet:-1, max-image-preview:large, max-video-preview:-1\" \/>\n<meta property=\"og:locale\" content=\"de_DE\" \/>\n<meta property=\"og:type\" content=\"article\" \/>\n<meta property=\"og:title\" content=\"Bibiana Carbonell y su exitosa trayectoria en el \u00e1mbito de la gerencia de Bienes Ra\u00edces a nivel empresarial - 2026\" \/>\n<meta property=\"og:description\" content=\"Bibiana Carbonell y su exitosa trayectoria en el \u00e1mbito de la gerencia de Bienes Ra\u00edces a nivel empresarial Creado por: Jos\u00e9 R\u00edos Mercado. La gerencia de [\u2026]\" \/>\n<meta property=\"og:url\" content=\"https:\/\/ds-barranquilla.org\/de\/bibiana-carbonell-y-su-exitosa-trayectoria-en-el-ambito-de-la-gerencia-de-bienes-raices-a-nivel-empresarial\/\" \/>\n<meta property=\"og:site_name\" content=\"Colegio Alem\u00e1n - Los Mejores Colegios de Colombia - Colegio Triling\u00fce\" \/>\n<meta property=\"article:publisher\" content=\"https:\/\/www.facebook.com\/ColegioAlemanBaq\/\" \/>\n<meta property=\"article:published_time\" content=\"2021-09-09T13:28:09+00:00\" \/>\n<meta property=\"article:modified_time\" content=\"2023-01-03T16:31:56+00:00\" \/>\n<meta property=\"og:image\" content=\"https:\/\/ds-barranquilla.org\/wp-content\/uploads\/2021\/09\/Bibiana-Carbonell-Web.jpg\" \/>\n\t<meta property=\"og:image:width\" content=\"1170\" \/>\n\t<meta property=\"og:image:height\" content=\"500\" \/>\n\t<meta property=\"og:image:type\" content=\"image\/jpeg\" \/>\n<meta name=\"author\" content=\"Comunicaciones Comunicaciones\" \/>\n<meta name=\"twitter:card\" content=\"summary_large_image\" \/>\n<meta name=\"twitter:creator\" content=\"@ColegioAlemanBq\" \/>\n<meta name=\"twitter:site\" content=\"@ColegioAlemanBq\" \/>\n<meta name=\"twitter:label1\" content=\"Verfasst von\" \/>\n\t<meta name=\"twitter:data1\" content=\"Comunicaciones Comunicaciones\" \/>\n\t<meta name=\"twitter:label2\" content=\"Gesch\u00e4tzte Lesezeit\" \/>\n\t<meta name=\"twitter:data2\" content=\"3\u00a0Minuten\" \/>\n<script type=\"application\/ld+json\" class=\"yoast-schema-graph\">{\"@context\":\"https:\/\/schema.org\",\"@graph\":[{\"@type\":\"Article\",\"@id\":\"https:\/\/ds-barranquilla.org\/bibiana-carbonell-y-su-exitosa-trayectoria-en-el-ambito-de-la-gerencia-de-bienes-raices-a-nivel-empresarial\/#article\",\"isPartOf\":{\"@id\":\"https:\/\/ds-barranquilla.org\/bibiana-carbonell-y-su-exitosa-trayectoria-en-el-ambito-de-la-gerencia-de-bienes-raices-a-nivel-empresarial\/\"},\"author\":{\"name\":\"Comunicaciones Comunicaciones\",\"@id\":\"https:\/\/ds-barranquilla.org\/#\/schema\/person\/7bf8790ba89d3480e0551241ccdc8d36\"},\"headline\":\"Bibiana Carbonell y su exitosa trayectoria en el \u00e1mbito de la gerencia de Bienes Ra\u00edces a nivel empresarial\",\"datePublished\":\"2021-09-09T13:28:09+00:00\",\"dateModified\":\"2023-01-03T16:31:56+00:00\",\"mainEntityOfPage\":{\"@id\":\"https:\/\/ds-barranquilla.org\/bibiana-carbonell-y-su-exitosa-trayectoria-en-el-ambito-de-la-gerencia-de-bienes-raices-a-nivel-empresarial\/\"},\"wordCount\":571,\"commentCount\":1,\"publisher\":{\"@id\":\"https:\/\/ds-barranquilla.org\/#organization\"},\"image\":{\"@id\":\"https:\/\/ds-barranquilla.org\/bibiana-carbonell-y-su-exitosa-trayectoria-en-el-ambito-de-la-gerencia-de-bienes-raices-a-nivel-empresarial\/#primaryimage\"},\"thumbnailUrl\":\"https:\/\/ds-barranquilla.org\/wp-content\/uploads\/2021\/09\/Bibiana-Carbonell-Web.jpg\",\"keywords\":[\"Entrevista\"],\"articleSection\":[\"2021\",\"Alumni\"],\"inLanguage\":\"de\",\"potentialAction\":[{\"@type\":\"CommentAction\",\"name\":\"Comment\",\"target\":[\"https:\/\/ds-barranquilla.org\/bibiana-carbonell-y-su-exitosa-trayectoria-en-el-ambito-de-la-gerencia-de-bienes-raices-a-nivel-empresarial\/#respond\"]}]},{\"@type\":\"WebPage\",\"@id\":\"https:\/\/ds-barranquilla.org\/bibiana-carbonell-y-su-exitosa-trayectoria-en-el-ambito-de-la-gerencia-de-bienes-raices-a-nivel-empresarial\/\",\"url\":\"https:\/\/ds-barranquilla.org\/bibiana-carbonell-y-su-exitosa-trayectoria-en-el-ambito-de-la-gerencia-de-bienes-raices-a-nivel-empresarial\/\",\"name\":\"Bibiana Carbonell y su exitosa trayectoria en el \u00e1mbito de la gerencia de Bienes Ra\u00edces a nivel empresarial - 2026\",\"isPartOf\":{\"@id\":\"https:\/\/ds-barranquilla.org\/#website\"},\"primaryImageOfPage\":{\"@id\":\"https:\/\/ds-barranquilla.org\/bibiana-carbonell-y-su-exitosa-trayectoria-en-el-ambito-de-la-gerencia-de-bienes-raices-a-nivel-empresarial\/#primaryimage\"},\"image\":{\"@id\":\"https:\/\/ds-barranquilla.org\/bibiana-carbonell-y-su-exitosa-trayectoria-en-el-ambito-de-la-gerencia-de-bienes-raices-a-nivel-empresarial\/#primaryimage\"},\"thumbnailUrl\":\"https:\/\/ds-barranquilla.org\/wp-content\/uploads\/2021\/09\/Bibiana-Carbonell-Web.jpg\",\"datePublished\":\"2021-09-09T13:28:09+00:00\",\"dateModified\":\"2023-01-03T16:31:56+00:00\",\"breadcrumb\":{\"@id\":\"https:\/\/ds-barranquilla.org\/bibiana-carbonell-y-su-exitosa-trayectoria-en-el-ambito-de-la-gerencia-de-bienes-raices-a-nivel-empresarial\/#breadcrumb\"},\"inLanguage\":\"de\",\"potentialAction\":[{\"@type\":\"ReadAction\",\"target\":[\"https:\/\/ds-barranquilla.org\/bibiana-carbonell-y-su-exitosa-trayectoria-en-el-ambito-de-la-gerencia-de-bienes-raices-a-nivel-empresarial\/\"]}]},{\"@type\":\"ImageObject\",\"inLanguage\":\"de\",\"@id\":\"https:\/\/ds-barranquilla.org\/bibiana-carbonell-y-su-exitosa-trayectoria-en-el-ambito-de-la-gerencia-de-bienes-raices-a-nivel-empresarial\/#primaryimage\",\"url\":\"https:\/\/ds-barranquilla.org\/wp-content\/uploads\/2021\/09\/Bibiana-Carbonell-Web.jpg\",\"contentUrl\":\"https:\/\/ds-barranquilla.org\/wp-content\/uploads\/2021\/09\/Bibiana-Carbonell-Web.jpg\",\"width\":1170,\"height\":500},{\"@type\":\"BreadcrumbList\",\"@id\":\"https:\/\/ds-barranquilla.org\/bibiana-carbonell-y-su-exitosa-trayectoria-en-el-ambito-de-la-gerencia-de-bienes-raices-a-nivel-empresarial\/#breadcrumb\",\"itemListElement\":[{\"@type\":\"ListItem\",\"position\":1,\"name\":\"Portada\",\"item\":\"https:\/\/ds-barranquilla.org\/\"},{\"@type\":\"ListItem\",\"position\":2,\"name\":\"Bibiana Carbonell y su exitosa trayectoria en el \u00e1mbito de la gerencia de Bienes Ra\u00edces a nivel empresarial\"}]},{\"@type\":\"WebSite\",\"@id\":\"https:\/\/ds-barranquilla.org\/#website\",\"url\":\"https:\/\/ds-barranquilla.org\/\",\"name\":\"Colegio Alem\u00e1n - Los Mejores Colegios de Colombia - Colegio Triling\u00fce\",\"description\":\"Colegio Alem\u00e1n  Barranquilla Colombia - Colegio Biling\u00fce - Triling\u00fce - El Mejor Colegio de Colombia\",\"publisher\":{\"@id\":\"https:\/\/ds-barranquilla.org\/#organization\"},\"potentialAction\":[{\"@type\":\"SearchAction\",\"target\":{\"@type\":\"EntryPoint\",\"urlTemplate\":\"https:\/\/ds-barranquilla.org\/?s={search_term_string}\"},\"query-input\":\"required name=search_term_string\"}],\"inLanguage\":\"de\"},{\"@type\":\"Organization\",\"@id\":\"https:\/\/ds-barranquilla.org\/#organization\",\"name\":\"Colegio Alem\u00e1n Barranquilla\",\"url\":\"https:\/\/ds-barranquilla.org\/\",\"logo\":{\"@type\":\"ImageObject\",\"inLanguage\":\"de\",\"@id\":\"https:\/\/ds-barranquilla.org\/#\/schema\/logo\/image\/\",\"url\":\"https:\/\/ds-barranquilla.org\/wp-content\/uploads\/2021\/05\/coleman_logo_2.png\",\"contentUrl\":\"https:\/\/ds-barranquilla.org\/wp-content\/uploads\/2021\/05\/coleman_logo_2.png\",\"width\":418,\"height\":307,\"caption\":\"Colegio Alem\u00e1n Barranquilla\"},\"image\":{\"@id\":\"https:\/\/ds-barranquilla.org\/#\/schema\/logo\/image\/\"},\"sameAs\":[\"https:\/\/www.facebook.com\/ColegioAlemanBaq\/\",\"https:\/\/x.com\/ColegioAlemanBq\",\"https:\/\/www.instagram.com\/colegioalemanbaq\/\",\"https:\/\/www.linkedin.com\/school\/deutsche-schule-barranquilla\/\",\"https:\/\/www.youtube.com\/channel\/UCOOGZQCVs6aYRqIWvSN5agQ\"]},{\"@type\":\"Person\",\"@id\":\"https:\/\/ds-barranquilla.org\/#\/schema\/person\/7bf8790ba89d3480e0551241ccdc8d36\",\"name\":\"Comunicaciones Comunicaciones\",\"image\":{\"@type\":\"ImageObject\",\"inLanguage\":\"de\",\"@id\":\"https:\/\/ds-barranquilla.org\/#\/schema\/person\/image\/\",\"url\":\"https:\/\/secure.gravatar.com\/avatar\/a66ba9484a4338d81d6bea750e595038?s=96&d=mm&r=g\",\"contentUrl\":\"https:\/\/secure.gravatar.com\/avatar\/a66ba9484a4338d81d6bea750e595038?s=96&d=mm&r=g\",\"caption\":\"Comunicaciones Comunicaciones\"}}]}<\/script>\n<!-- \/ Yoast SEO plugin. -->","yoast_head_json":{"title":"Bibiana Carbonell y su exitosa trayectoria en el \u00e1mbito de la gerencia de Bienes Ra\u00edces a nivel empresarial - 2026","robots":{"index":"noindex","follow":"follow","max-snippet":"max-snippet:-1","max-image-preview":"max-image-preview:large","max-video-preview":"max-video-preview:-1"},"og_locale":"de_DE","og_type":"article","og_title":"Bibiana Carbonell y su exitosa trayectoria en el \u00e1mbito de la gerencia de Bienes Ra\u00edces a nivel empresarial - 2026","og_description":"Bibiana Carbonell y su exitosa trayectoria en el \u00e1mbito de la gerencia de Bienes Ra\u00edces a nivel empresarial Creado por: Jos\u00e9 R\u00edos Mercado. La gerencia de [\u2026]","og_url":"https:\/\/ds-barranquilla.org\/de\/bibiana-carbonell-y-su-exitosa-trayectoria-en-el-ambito-de-la-gerencia-de-bienes-raices-a-nivel-empresarial\/","og_site_name":"Colegio Alem\u00e1n - Los Mejores Colegios de Colombia - Colegio Triling\u00fce","article_publisher":"https:\/\/www.facebook.com\/ColegioAlemanBaq\/","article_published_time":"2021-09-09T13:28:09+00:00","article_modified_time":"2023-01-03T16:31:56+00:00","og_image":[{"width":1170,"height":500,"url":"https:\/\/ds-barranquilla.org\/wp-content\/uploads\/2021\/09\/Bibiana-Carbonell-Web.jpg","type":"image\/jpeg"}],"author":"Comunicaciones Comunicaciones","twitter_card":"summary_large_image","twitter_creator":"@ColegioAlemanBq","twitter_site":"@ColegioAlemanBq","twitter_misc":{"Verfasst von":"Comunicaciones Comunicaciones","Gesch\u00e4tzte Lesezeit":"3\u00a0Minuten"},"schema":{"@context":"https:\/\/schema.org","@graph":[{"@type":"Article","@id":"https:\/\/ds-barranquilla.org\/bibiana-carbonell-y-su-exitosa-trayectoria-en-el-ambito-de-la-gerencia-de-bienes-raices-a-nivel-empresarial\/#article","isPartOf":{"@id":"https:\/\/ds-barranquilla.org\/bibiana-carbonell-y-su-exitosa-trayectoria-en-el-ambito-de-la-gerencia-de-bienes-raices-a-nivel-empresarial\/"},"author":{"name":"Comunicaciones Comunicaciones","@id":"https:\/\/ds-barranquilla.org\/#\/schema\/person\/7bf8790ba89d3480e0551241ccdc8d36"},"headline":"Bibiana Carbonell y su exitosa trayectoria en el \u00e1mbito de la gerencia de Bienes Ra\u00edces a nivel empresarial","datePublished":"2021-09-09T13:28:09+00:00","dateModified":"2023-01-03T16:31:56+00:00","mainEntityOfPage":{"@id":"https:\/\/ds-barranquilla.org\/bibiana-carbonell-y-su-exitosa-trayectoria-en-el-ambito-de-la-gerencia-de-bienes-raices-a-nivel-empresarial\/"},"wordCount":571,"commentCount":1,"publisher":{"@id":"https:\/\/ds-barranquilla.org\/#organization"},"image":{"@id":"https:\/\/ds-barranquilla.org\/bibiana-carbonell-y-su-exitosa-trayectoria-en-el-ambito-de-la-gerencia-de-bienes-raices-a-nivel-empresarial\/#primaryimage"},"thumbnailUrl":"https:\/\/ds-barranquilla.org\/wp-content\/uploads\/2021\/09\/Bibiana-Carbonell-Web.jpg","keywords":["Entrevista"],"articleSection":["2021","Alumni"],"inLanguage":"de","potentialAction":[{"@type":"CommentAction","name":"Comment","target":["https:\/\/ds-barranquilla.org\/bibiana-carbonell-y-su-exitosa-trayectoria-en-el-ambito-de-la-gerencia-de-bienes-raices-a-nivel-empresarial\/#respond"]}]},{"@type":"WebPage","@id":"https:\/\/ds-barranquilla.org\/bibiana-carbonell-y-su-exitosa-trayectoria-en-el-ambito-de-la-gerencia-de-bienes-raices-a-nivel-empresarial\/","url":"https:\/\/ds-barranquilla.org\/bibiana-carbonell-y-su-exitosa-trayectoria-en-el-ambito-de-la-gerencia-de-bienes-raices-a-nivel-empresarial\/","name":"Bibiana Carbonell y su exitosa trayectoria en el \u00e1mbito de la gerencia de Bienes Ra\u00edces a nivel empresarial - 2026","isPartOf":{"@id":"https:\/\/ds-barranquilla.org\/#website"},"primaryImageOfPage":{"@id":"https:\/\/ds-barranquilla.org\/bibiana-carbonell-y-su-exitosa-trayectoria-en-el-ambito-de-la-gerencia-de-bienes-raices-a-nivel-empresarial\/#primaryimage"},"image":{"@id":"https:\/\/ds-barranquilla.org\/bibiana-carbonell-y-su-exitosa-trayectoria-en-el-ambito-de-la-gerencia-de-bienes-raices-a-nivel-empresarial\/#primaryimage"},"thumbnailUrl":"https:\/\/ds-barranquilla.org\/wp-content\/uploads\/2021\/09\/Bibiana-Carbonell-Web.jpg","datePublished":"2021-09-09T13:28:09+00:00","dateModified":"2023-01-03T16:31:56+00:00","breadcrumb":{"@id":"https:\/\/ds-barranquilla.org\/bibiana-carbonell-y-su-exitosa-trayectoria-en-el-ambito-de-la-gerencia-de-bienes-raices-a-nivel-empresarial\/#breadcrumb"},"inLanguage":"de","potentialAction":[{"@type":"ReadAction","target":["https:\/\/ds-barranquilla.org\/bibiana-carbonell-y-su-exitosa-trayectoria-en-el-ambito-de-la-gerencia-de-bienes-raices-a-nivel-empresarial\/"]}]},{"@type":"ImageObject","inLanguage":"de","@id":"https:\/\/ds-barranquilla.org\/bibiana-carbonell-y-su-exitosa-trayectoria-en-el-ambito-de-la-gerencia-de-bienes-raices-a-nivel-empresarial\/#primaryimage","url":"https:\/\/ds-barranquilla.org\/wp-content\/uploads\/2021\/09\/Bibiana-Carbonell-Web.jpg","contentUrl":"https:\/\/ds-barranquilla.org\/wp-content\/uploads\/2021\/09\/Bibiana-Carbonell-Web.jpg","width":1170,"height":500},{"@type":"BreadcrumbList","@id":"https:\/\/ds-barranquilla.org\/bibiana-carbonell-y-su-exitosa-trayectoria-en-el-ambito-de-la-gerencia-de-bienes-raices-a-nivel-empresarial\/#breadcrumb","itemListElement":[{"@type":"ListItem","position":1,"name":"Portada","item":"https:\/\/ds-barranquilla.org\/"},{"@type":"ListItem","position":2,"name":"Bibiana Carbonell y su exitosa trayectoria en el \u00e1mbito de la gerencia de Bienes Ra\u00edces a nivel empresarial"}]},{"@type":"WebSite","@id":"https:\/\/ds-barranquilla.org\/#website","url":"https:\/\/ds-barranquilla.org\/","name":"Colegio Alem\u00e1n - Los Mejores Colegios de Colombia - Colegio Triling\u00fce","description":"Colegio Alem\u00e1n  Barranquilla Colombia - Colegio Biling\u00fce - Triling\u00fce - El Mejor Colegio de Colombia","publisher":{"@id":"https:\/\/ds-barranquilla.org\/#organization"},"potentialAction":[{"@type":"SearchAction","target":{"@type":"EntryPoint","urlTemplate":"https:\/\/ds-barranquilla.org\/?s={search_term_string}"},"query-input":"required name=search_term_string"}],"inLanguage":"de"},{"@type":"Organization","@id":"https:\/\/ds-barranquilla.org\/#organization","name":"Colegio Alem\u00e1n Barranquilla","url":"https:\/\/ds-barranquilla.org\/","logo":{"@type":"ImageObject","inLanguage":"de","@id":"https:\/\/ds-barranquilla.org\/#\/schema\/logo\/image\/","url":"https:\/\/ds-barranquilla.org\/wp-content\/uploads\/2021\/05\/coleman_logo_2.png","contentUrl":"https:\/\/ds-barranquilla.org\/wp-content\/uploads\/2021\/05\/coleman_logo_2.png","width":418,"height":307,"caption":"Colegio Alem\u00e1n Barranquilla"},"image":{"@id":"https:\/\/ds-barranquilla.org\/#\/schema\/logo\/image\/"},"sameAs":["https:\/\/www.facebook.com\/ColegioAlemanBaq\/","https:\/\/x.com\/ColegioAlemanBq","https:\/\/www.instagram.com\/colegioalemanbaq\/","https:\/\/www.linkedin.com\/school\/deutsche-schule-barranquilla\/","https:\/\/www.youtube.com\/channel\/UCOOGZQCVs6aYRqIWvSN5agQ"]},{"@type":"Person","@id":"https:\/\/ds-barranquilla.org\/#\/schema\/person\/7bf8790ba89d3480e0551241ccdc8d36","name":"Comunicaciones Comunicaciones","image":{"@type":"ImageObject","inLanguage":"de","@id":"https:\/\/ds-barranquilla.org\/#\/schema\/person\/image\/","url":"https:\/\/secure.gravatar.com\/avatar\/a66ba9484a4338d81d6bea750e595038?s=96&d=mm&r=g","contentUrl":"https:\/\/secure.gravatar.com\/avatar\/a66ba9484a4338d81d6bea750e595038?s=96&d=mm&r=g","caption":"Comunicaciones Comunicaciones"}}]}},"_links":{"self":[{"href":"https:\/\/ds-barranquilla.org\/de\/wp-json\/wp\/v2\/posts\/8289"}],"collection":[{"href":"https:\/\/ds-barranquilla.org\/de\/wp-json\/wp\/v2\/posts"}],"about":[{"href":"https:\/\/ds-barranquilla.org\/de\/wp-json\/wp\/v2\/types\/post"}],"author":[{"embeddable":true,"href":"https:\/\/ds-barranquilla.org\/de\/wp-json\/wp\/v2\/users\/16"}],"replies":[{"embeddable":true,"href":"https:\/\/ds-barranquilla.org\/de\/wp-json\/wp\/v2\/comments?post=8289"}],"version-history":[{"count":3,"href":"https:\/\/ds-barranquilla.org\/de\/wp-json\/wp\/v2\/posts\/8289\/revisions"}],"predecessor-version":[{"id":8296,"href":"https:\/\/ds-barranquilla.org\/de\/wp-json\/wp\/v2\/posts\/8289\/revisions\/8296"}],"wp:featuredmedia":[{"embeddable":true,"href":"https:\/\/ds-barranquilla.org\/de\/wp-json\/wp\/v2\/media\/8291"}],"wp:attachment":[{"href":"https:\/\/ds-barranquilla.org\/de\/wp-json\/wp\/v2\/media?parent=8289"}],"wp:term":[{"taxonomy":"category","embeddable":true,"href":"https:\/\/ds-barranquilla.org\/de\/wp-json\/wp\/v2\/categories?post=8289"},{"taxonomy":"post_tag","embeddable":true,"href":"https:\/\/ds-barranquilla.org\/de\/wp-json\/wp\/v2\/tags?post=8289"}],"curies":[{"name":"wp","href":"https:\/\/api.w.org\/{rel}","templated":true}]}}