{"id":8297,"date":"2021-09-09T08:39:21","date_gmt":"2021-09-09T13:39:21","guid":{"rendered":"https:\/\/ds-barranquilla.org\/?p=8297"},"modified":"2023-01-03T11:31:40","modified_gmt":"2023-01-03T16:31:40","slug":"los-logros-de-maria-jose-villalba-en-el-campo-del-derecho-laboral","status":"publish","type":"post","link":"https:\/\/ds-barranquilla.org\/de\/los-logros-de-maria-jose-villalba-en-el-campo-del-derecho-laboral\/","title":{"rendered":"Los logros de Mar\u00eda Jos\u00e9 Villalba en el campo del Derecho Laboral"},"content":{"rendered":"<h1><strong>Los logros de Mar\u00eda Jos\u00e9 Villalba en el campo del Derecho Laboral<\/strong><\/h1>\n<p><strong>Geschrieben von: Jos\u00e9 R\u00edos Mercado.<\/strong> A trav\u00e9s de Villalba Goenaga Abogados, nuestra exalumna de la Promoci\u00f3n 2006, Mar\u00eda Jos\u00e9 Villalba, brinda servicios de consultor\u00eda legal, en materia laboral, comercial y ocasionalmente en asuntos civiles, a empresas a nivel regional. Luego de estudiar Derecho y especializarse en Derecho Laboral en la Universidad Javeriana de Bogot\u00e1, y cursar una Maestr\u00eda en Leyes en la Universidad de Pennsylvania, cre\u00f3 junto a su padre y su hermano (tambi\u00e9n exalumno de nuestro colegio) la firma cuyo target son empresas nuevas y Mipymes.<\/p>\n<p>\u201cEmpec\u00e9 mi vida profesional con una judicatura en la Corte Constitucional por un a\u00f1o; despu\u00e9s de esa experiencia, estuve vinculada durante cuatro a\u00f1os a L\u00f3pez &amp; Asociados, una firma boutique localizada en Bogot\u00e1, especializada en consultor\u00eda a empleadores en temas laborales y de Seguridad Social, donde alcanc\u00e9 el grado de Asociada Senior. Posteriormente, fui becada por Colfuturo y viaj\u00e9 a Estados Unidos para hacer el posgrado en una de las universidades m\u00e1s prestigiosas del mundo\u201d, expres\u00f3 la abogada.<\/p>\n<p>Mar\u00eda Jos\u00e9 Villalba indic\u00f3 que a su regreso, decidi\u00f3 hacer parte de la fundaci\u00f3n de la empresa familiar (a\u00f1o 2017), un proyecto que le ha generado muchas satisfacciones porque siente que su firma contribuye con la regularizaci\u00f3n de las empresas, y por ende, que se generen beneficios para ambas partes (empleadores y empleados). As\u00ed mismo, indic\u00f3 que junto a sus socios siempre est\u00e1n en la b\u00fasqueda de crecer y expandirse, pero teniendo siempre presente que las personas puedan acceder a un servicio legal bueno y de calidad.<\/p>\n<p>\u201cLas normas y el derecho en la pr\u00e1ctica son tan cambiantes y din\u00e1micos, que ning\u00fan t\u00edtulo acad\u00e9mico puede igualar la experiencia laboral que he adquirido en todo este tiempo; a trav\u00e9s del Derecho Laboral uno puede ayudar a generar valor para las compa\u00f1\u00edas y su recurso humano: una especie de \u2018win-win\u2019. Por supuesto, que alcanzar un t\u00edtulo de maestr\u00eda en una universidad de la categor\u00eda \u2018Ivy League\u2019 y haber estudiado en la Escuela de Negocios Wharton, la cual es una facultad de la misma instituci\u00f3n, es un orgullo\u201d, manifest\u00f3 la abogada.<\/p>\n<p>Con relaci\u00f3n al aporte del Colegio Alem\u00e1n para su formaci\u00f3n educativa y crecimiento profesional, Mar\u00eda Jos\u00e9 Villalba considera que la realizaci\u00f3n del Bachillerato Internacional (IB) fue una oportunidad valiosa que le brind\u00f3 la instituci\u00f3n y que le permiti\u00f3 afianzar los idiomas y adquirir disciplina y responsabilidad. Prueba de ello fue que cuando estaba en la universidad, vio en muchas ocasiones a sus compa\u00f1eros de estudios teniendo dificultades al hacer sus trabajos, mientras que ella pod\u00eda hacerlos sin necesitar supervisi\u00f3n constante.<\/p>\n<p><a href=\"https:\/\/ds-barranquilla.org\/wp-content\/uploads\/2021\/09\/IMG_0904.jpg\"><img fetchpriority=\"high\" decoding=\"async\" class=\"alignnone size-medium wp-image-8299\" src=\"https:\/\/ds-barranquilla.org\/wp-content\/uploads\/2021\/09\/IMG_0904-200x300.jpg\" alt=\"\" width=\"200\" height=\"300\" srcset=\"https:\/\/ds-barranquilla.org\/wp-content\/uploads\/2021\/09\/IMG_0904-200x300.jpg 200w, https:\/\/ds-barranquilla.org\/wp-content\/uploads\/2021\/09\/IMG_0904-800x1200.jpg 800w, https:\/\/ds-barranquilla.org\/wp-content\/uploads\/2021\/09\/IMG_0904-683x1024.jpg 683w, https:\/\/ds-barranquilla.org\/wp-content\/uploads\/2021\/09\/IMG_0904-768x1152.jpg 768w, https:\/\/ds-barranquilla.org\/wp-content\/uploads\/2021\/09\/IMG_0904-1024x1536.jpg 1024w, https:\/\/ds-barranquilla.org\/wp-content\/uploads\/2021\/09\/IMG_0904-1365x2048.jpg 1365w, https:\/\/ds-barranquilla.org\/wp-content\/uploads\/2021\/09\/IMG_0904-33x50.jpg 33w, https:\/\/ds-barranquilla.org\/wp-content\/uploads\/2021\/09\/IMG_0904-100x150.jpg 100w, https:\/\/ds-barranquilla.org\/wp-content\/uploads\/2021\/09\/IMG_0904-64x96.jpg 64w, https:\/\/ds-barranquilla.org\/wp-content\/uploads\/2021\/09\/IMG_0904.jpg 1632w\" sizes=\"(max-width:767px) 200px, 200px\" \/><\/a><a href=\"https:\/\/ds-barranquilla.org\/wp-content\/uploads\/2021\/09\/IMG_5697-scaled.jpg\"><img decoding=\"async\" class=\"alignnone size-medium wp-image-8300\" src=\"https:\/\/ds-barranquilla.org\/wp-content\/uploads\/2021\/09\/IMG_5697-300x200.jpg\" alt=\"\" width=\"300\" height=\"200\" srcset=\"https:\/\/ds-barranquilla.org\/wp-content\/uploads\/2021\/09\/IMG_5697-300x200.jpg 300w, https:\/\/ds-barranquilla.org\/wp-content\/uploads\/2021\/09\/IMG_5697-scaled-800x533.jpg 800w, https:\/\/ds-barranquilla.org\/wp-content\/uploads\/2021\/09\/IMG_5697-1024x683.jpg 1024w, https:\/\/ds-barranquilla.org\/wp-content\/uploads\/2021\/09\/IMG_5697-768x512.jpg 768w, https:\/\/ds-barranquilla.org\/wp-content\/uploads\/2021\/09\/IMG_5697-391x260.jpg 391w, https:\/\/ds-barranquilla.org\/wp-content\/uploads\/2021\/09\/IMG_5697-1536x1024.jpg 1536w, https:\/\/ds-barranquilla.org\/wp-content\/uploads\/2021\/09\/IMG_5697-2048x1366.jpg 2048w, https:\/\/ds-barranquilla.org\/wp-content\/uploads\/2021\/09\/IMG_5697-50x33.jpg 50w, https:\/\/ds-barranquilla.org\/wp-content\/uploads\/2021\/09\/IMG_5697-150x100.jpg 150w, https:\/\/ds-barranquilla.org\/wp-content\/uploads\/2021\/09\/IMG_5697-75x50.jpg 75w, https:\/\/ds-barranquilla.org\/wp-content\/uploads\/2021\/09\/IMG_5697-64x43.jpg 64w\" sizes=\"(max-width:767px) 300px, 300px\" \/><\/a><\/p>","protected":false},"excerpt":{"rendered":"<p>Los logros de Mar\u00eda Jos\u00e9 Villalba en el campo del Derecho Laboral Creado por: Jos\u00e9 R\u00edos Mercado. A trav\u00e9s de Villalba Goenaga Abogados, nuestra exalumna de<span class=\"excerpt-hellip\"> [\u2026]<\/span><\/p>","protected":false},"author":16,"featured_media":8298,"comment_status":"open","ping_status":"open","sticky":false,"template":"","format":"standard","meta":{"_exactmetrics_skip_tracking":false,"_exactmetrics_sitenote_active":false,"_exactmetrics_sitenote_note":"","_exactmetrics_sitenote_category":0,"_joinchat":[],"footnotes":""},"categories":[681,684],"tags":[712],"class_list":["post-8297","post","type-post","status-publish","format-standard","has-post-thumbnail","hentry","category-681","category-alumni","tag-entrevista"],"yoast_head":"<!-- This site is optimized with the Yoast SEO plugin v23.3 - https:\/\/yoast.com\/wordpress\/plugins\/seo\/ -->\n<title>Los logros de Mar\u00eda Jos\u00e9 Villalba en el campo del Derecho Laboral - 2026<\/title>\n<meta name=\"robots\" content=\"noindex, follow, max-snippet:-1, max-image-preview:large, max-video-preview:-1\" \/>\n<meta property=\"og:locale\" content=\"de_DE\" \/>\n<meta property=\"og:type\" content=\"article\" \/>\n<meta property=\"og:title\" content=\"Los logros de Mar\u00eda Jos\u00e9 Villalba en el campo del Derecho Laboral - 2026\" \/>\n<meta property=\"og:description\" content=\"Los logros de Mar\u00eda Jos\u00e9 Villalba en el campo del Derecho Laboral Creado por: Jos\u00e9 R\u00edos Mercado. A trav\u00e9s de Villalba Goenaga Abogados, nuestra exalumna de [\u2026]\" \/>\n<meta property=\"og:url\" content=\"https:\/\/ds-barranquilla.org\/de\/los-logros-de-maria-jose-villalba-en-el-campo-del-derecho-laboral\/\" \/>\n<meta property=\"og:site_name\" content=\"Colegio Alem\u00e1n - Los Mejores Colegios de Colombia - Colegio Triling\u00fce\" \/>\n<meta property=\"article:publisher\" content=\"https:\/\/www.facebook.com\/ColegioAlemanBaq\/\" \/>\n<meta property=\"article:published_time\" content=\"2021-09-09T13:39:21+00:00\" \/>\n<meta property=\"article:modified_time\" content=\"2023-01-03T16:31:40+00:00\" \/>\n<meta property=\"og:image\" content=\"https:\/\/ds-barranquilla.org\/wp-content\/uploads\/2021\/09\/Maria-Jose-Villalba-Web.jpg\" \/>\n\t<meta property=\"og:image:width\" content=\"1170\" \/>\n\t<meta property=\"og:image:height\" content=\"500\" \/>\n\t<meta property=\"og:image:type\" content=\"image\/jpeg\" \/>\n<meta name=\"author\" content=\"Comunicaciones Comunicaciones\" \/>\n<meta name=\"twitter:card\" content=\"summary_large_image\" \/>\n<meta name=\"twitter:creator\" content=\"@ColegioAlemanBq\" \/>\n<meta name=\"twitter:site\" content=\"@ColegioAlemanBq\" \/>\n<meta name=\"twitter:label1\" content=\"Verfasst von\" \/>\n\t<meta name=\"twitter:data1\" content=\"Comunicaciones Comunicaciones\" \/>\n\t<meta name=\"twitter:label2\" content=\"Gesch\u00e4tzte Lesezeit\" \/>\n\t<meta name=\"twitter:data2\" content=\"3\u00a0Minuten\" \/>\n<script type=\"application\/ld+json\" class=\"yoast-schema-graph\">{\"@context\":\"https:\/\/schema.org\",\"@graph\":[{\"@type\":\"Article\",\"@id\":\"https:\/\/ds-barranquilla.org\/los-logros-de-maria-jose-villalba-en-el-campo-del-derecho-laboral\/#article\",\"isPartOf\":{\"@id\":\"https:\/\/ds-barranquilla.org\/los-logros-de-maria-jose-villalba-en-el-campo-del-derecho-laboral\/\"},\"author\":{\"name\":\"Comunicaciones Comunicaciones\",\"@id\":\"https:\/\/ds-barranquilla.org\/#\/schema\/person\/7bf8790ba89d3480e0551241ccdc8d36\"},\"headline\":\"Los logros de Mar\u00eda Jos\u00e9 Villalba en el campo del Derecho Laboral\",\"datePublished\":\"2021-09-09T13:39:21+00:00\",\"dateModified\":\"2023-01-03T16:31:40+00:00\",\"mainEntityOfPage\":{\"@id\":\"https:\/\/ds-barranquilla.org\/los-logros-de-maria-jose-villalba-en-el-campo-del-derecho-laboral\/\"},\"wordCount\":486,\"commentCount\":0,\"publisher\":{\"@id\":\"https:\/\/ds-barranquilla.org\/#organization\"},\"image\":{\"@id\":\"https:\/\/ds-barranquilla.org\/los-logros-de-maria-jose-villalba-en-el-campo-del-derecho-laboral\/#primaryimage\"},\"thumbnailUrl\":\"https:\/\/ds-barranquilla.org\/wp-content\/uploads\/2021\/09\/Maria-Jose-Villalba-Web.jpg\",\"keywords\":[\"Entrevista\"],\"articleSection\":[\"2021\",\"Alumni\"],\"inLanguage\":\"de\",\"potentialAction\":[{\"@type\":\"CommentAction\",\"name\":\"Comment\",\"target\":[\"https:\/\/ds-barranquilla.org\/los-logros-de-maria-jose-villalba-en-el-campo-del-derecho-laboral\/#respond\"]}]},{\"@type\":\"WebPage\",\"@id\":\"https:\/\/ds-barranquilla.org\/los-logros-de-maria-jose-villalba-en-el-campo-del-derecho-laboral\/\",\"url\":\"https:\/\/ds-barranquilla.org\/los-logros-de-maria-jose-villalba-en-el-campo-del-derecho-laboral\/\",\"name\":\"Los logros de Mar\u00eda Jos\u00e9 Villalba en el campo del Derecho Laboral - 2026\",\"isPartOf\":{\"@id\":\"https:\/\/ds-barranquilla.org\/#website\"},\"primaryImageOfPage\":{\"@id\":\"https:\/\/ds-barranquilla.org\/los-logros-de-maria-jose-villalba-en-el-campo-del-derecho-laboral\/#primaryimage\"},\"image\":{\"@id\":\"https:\/\/ds-barranquilla.org\/los-logros-de-maria-jose-villalba-en-el-campo-del-derecho-laboral\/#primaryimage\"},\"thumbnailUrl\":\"https:\/\/ds-barranquilla.org\/wp-content\/uploads\/2021\/09\/Maria-Jose-Villalba-Web.jpg\",\"datePublished\":\"2021-09-09T13:39:21+00:00\",\"dateModified\":\"2023-01-03T16:31:40+00:00\",\"breadcrumb\":{\"@id\":\"https:\/\/ds-barranquilla.org\/los-logros-de-maria-jose-villalba-en-el-campo-del-derecho-laboral\/#breadcrumb\"},\"inLanguage\":\"de\",\"potentialAction\":[{\"@type\":\"ReadAction\",\"target\":[\"https:\/\/ds-barranquilla.org\/los-logros-de-maria-jose-villalba-en-el-campo-del-derecho-laboral\/\"]}]},{\"@type\":\"ImageObject\",\"inLanguage\":\"de\",\"@id\":\"https:\/\/ds-barranquilla.org\/los-logros-de-maria-jose-villalba-en-el-campo-del-derecho-laboral\/#primaryimage\",\"url\":\"https:\/\/ds-barranquilla.org\/wp-content\/uploads\/2021\/09\/Maria-Jose-Villalba-Web.jpg\",\"contentUrl\":\"https:\/\/ds-barranquilla.org\/wp-content\/uploads\/2021\/09\/Maria-Jose-Villalba-Web.jpg\",\"width\":1170,\"height\":500},{\"@type\":\"BreadcrumbList\",\"@id\":\"https:\/\/ds-barranquilla.org\/los-logros-de-maria-jose-villalba-en-el-campo-del-derecho-laboral\/#breadcrumb\",\"itemListElement\":[{\"@type\":\"ListItem\",\"position\":1,\"name\":\"Portada\",\"item\":\"https:\/\/ds-barranquilla.org\/\"},{\"@type\":\"ListItem\",\"position\":2,\"name\":\"Los logros de Mar\u00eda Jos\u00e9 Villalba en el campo del Derecho Laboral\"}]},{\"@type\":\"WebSite\",\"@id\":\"https:\/\/ds-barranquilla.org\/#website\",\"url\":\"https:\/\/ds-barranquilla.org\/\",\"name\":\"Colegio Alem\u00e1n - Los Mejores Colegios de Colombia - Colegio Triling\u00fce\",\"description\":\"Colegio Alem\u00e1n  Barranquilla Colombia - Colegio Biling\u00fce - Triling\u00fce - El Mejor Colegio de Colombia\",\"publisher\":{\"@id\":\"https:\/\/ds-barranquilla.org\/#organization\"},\"potentialAction\":[{\"@type\":\"SearchAction\",\"target\":{\"@type\":\"EntryPoint\",\"urlTemplate\":\"https:\/\/ds-barranquilla.org\/?s={search_term_string}\"},\"query-input\":\"required name=search_term_string\"}],\"inLanguage\":\"de\"},{\"@type\":\"Organization\",\"@id\":\"https:\/\/ds-barranquilla.org\/#organization\",\"name\":\"Colegio Alem\u00e1n Barranquilla\",\"url\":\"https:\/\/ds-barranquilla.org\/\",\"logo\":{\"@type\":\"ImageObject\",\"inLanguage\":\"de\",\"@id\":\"https:\/\/ds-barranquilla.org\/#\/schema\/logo\/image\/\",\"url\":\"https:\/\/ds-barranquilla.org\/wp-content\/uploads\/2021\/05\/coleman_logo_2.png\",\"contentUrl\":\"https:\/\/ds-barranquilla.org\/wp-content\/uploads\/2021\/05\/coleman_logo_2.png\",\"width\":418,\"height\":307,\"caption\":\"Colegio Alem\u00e1n Barranquilla\"},\"image\":{\"@id\":\"https:\/\/ds-barranquilla.org\/#\/schema\/logo\/image\/\"},\"sameAs\":[\"https:\/\/www.facebook.com\/ColegioAlemanBaq\/\",\"https:\/\/x.com\/ColegioAlemanBq\",\"https:\/\/www.instagram.com\/colegioalemanbaq\/\",\"https:\/\/www.linkedin.com\/school\/deutsche-schule-barranquilla\/\",\"https:\/\/www.youtube.com\/channel\/UCOOGZQCVs6aYRqIWvSN5agQ\"]},{\"@type\":\"Person\",\"@id\":\"https:\/\/ds-barranquilla.org\/#\/schema\/person\/7bf8790ba89d3480e0551241ccdc8d36\",\"name\":\"Comunicaciones Comunicaciones\",\"image\":{\"@type\":\"ImageObject\",\"inLanguage\":\"de\",\"@id\":\"https:\/\/ds-barranquilla.org\/#\/schema\/person\/image\/\",\"url\":\"https:\/\/secure.gravatar.com\/avatar\/a66ba9484a4338d81d6bea750e595038?s=96&d=mm&r=g\",\"contentUrl\":\"https:\/\/secure.gravatar.com\/avatar\/a66ba9484a4338d81d6bea750e595038?s=96&d=mm&r=g\",\"caption\":\"Comunicaciones Comunicaciones\"}}]}<\/script>\n<!-- \/ Yoast SEO plugin. -->","yoast_head_json":{"title":"Los logros de Mar\u00eda Jos\u00e9 Villalba en el campo del Derecho Laboral - 2026","robots":{"index":"noindex","follow":"follow","max-snippet":"max-snippet:-1","max-image-preview":"max-image-preview:large","max-video-preview":"max-video-preview:-1"},"og_locale":"de_DE","og_type":"article","og_title":"Los logros de Mar\u00eda Jos\u00e9 Villalba en el campo del Derecho Laboral - 2026","og_description":"Los logros de Mar\u00eda Jos\u00e9 Villalba en el campo del Derecho Laboral Creado por: Jos\u00e9 R\u00edos Mercado. A trav\u00e9s de Villalba Goenaga Abogados, nuestra exalumna de [\u2026]","og_url":"https:\/\/ds-barranquilla.org\/de\/los-logros-de-maria-jose-villalba-en-el-campo-del-derecho-laboral\/","og_site_name":"Colegio Alem\u00e1n - Los Mejores Colegios de Colombia - Colegio Triling\u00fce","article_publisher":"https:\/\/www.facebook.com\/ColegioAlemanBaq\/","article_published_time":"2021-09-09T13:39:21+00:00","article_modified_time":"2023-01-03T16:31:40+00:00","og_image":[{"width":1170,"height":500,"url":"https:\/\/ds-barranquilla.org\/wp-content\/uploads\/2021\/09\/Maria-Jose-Villalba-Web.jpg","type":"image\/jpeg"}],"author":"Comunicaciones Comunicaciones","twitter_card":"summary_large_image","twitter_creator":"@ColegioAlemanBq","twitter_site":"@ColegioAlemanBq","twitter_misc":{"Verfasst von":"Comunicaciones Comunicaciones","Gesch\u00e4tzte Lesezeit":"3\u00a0Minuten"},"schema":{"@context":"https:\/\/schema.org","@graph":[{"@type":"Article","@id":"https:\/\/ds-barranquilla.org\/los-logros-de-maria-jose-villalba-en-el-campo-del-derecho-laboral\/#article","isPartOf":{"@id":"https:\/\/ds-barranquilla.org\/los-logros-de-maria-jose-villalba-en-el-campo-del-derecho-laboral\/"},"author":{"name":"Comunicaciones Comunicaciones","@id":"https:\/\/ds-barranquilla.org\/#\/schema\/person\/7bf8790ba89d3480e0551241ccdc8d36"},"headline":"Los logros de Mar\u00eda Jos\u00e9 Villalba en el campo del Derecho Laboral","datePublished":"2021-09-09T13:39:21+00:00","dateModified":"2023-01-03T16:31:40+00:00","mainEntityOfPage":{"@id":"https:\/\/ds-barranquilla.org\/los-logros-de-maria-jose-villalba-en-el-campo-del-derecho-laboral\/"},"wordCount":486,"commentCount":0,"publisher":{"@id":"https:\/\/ds-barranquilla.org\/#organization"},"image":{"@id":"https:\/\/ds-barranquilla.org\/los-logros-de-maria-jose-villalba-en-el-campo-del-derecho-laboral\/#primaryimage"},"thumbnailUrl":"https:\/\/ds-barranquilla.org\/wp-content\/uploads\/2021\/09\/Maria-Jose-Villalba-Web.jpg","keywords":["Entrevista"],"articleSection":["2021","Alumni"],"inLanguage":"de","potentialAction":[{"@type":"CommentAction","name":"Comment","target":["https:\/\/ds-barranquilla.org\/los-logros-de-maria-jose-villalba-en-el-campo-del-derecho-laboral\/#respond"]}]},{"@type":"WebPage","@id":"https:\/\/ds-barranquilla.org\/los-logros-de-maria-jose-villalba-en-el-campo-del-derecho-laboral\/","url":"https:\/\/ds-barranquilla.org\/los-logros-de-maria-jose-villalba-en-el-campo-del-derecho-laboral\/","name":"Los logros de Mar\u00eda Jos\u00e9 Villalba en el campo del Derecho Laboral - 2026","isPartOf":{"@id":"https:\/\/ds-barranquilla.org\/#website"},"primaryImageOfPage":{"@id":"https:\/\/ds-barranquilla.org\/los-logros-de-maria-jose-villalba-en-el-campo-del-derecho-laboral\/#primaryimage"},"image":{"@id":"https:\/\/ds-barranquilla.org\/los-logros-de-maria-jose-villalba-en-el-campo-del-derecho-laboral\/#primaryimage"},"thumbnailUrl":"https:\/\/ds-barranquilla.org\/wp-content\/uploads\/2021\/09\/Maria-Jose-Villalba-Web.jpg","datePublished":"2021-09-09T13:39:21+00:00","dateModified":"2023-01-03T16:31:40+00:00","breadcrumb":{"@id":"https:\/\/ds-barranquilla.org\/los-logros-de-maria-jose-villalba-en-el-campo-del-derecho-laboral\/#breadcrumb"},"inLanguage":"de","potentialAction":[{"@type":"ReadAction","target":["https:\/\/ds-barranquilla.org\/los-logros-de-maria-jose-villalba-en-el-campo-del-derecho-laboral\/"]}]},{"@type":"ImageObject","inLanguage":"de","@id":"https:\/\/ds-barranquilla.org\/los-logros-de-maria-jose-villalba-en-el-campo-del-derecho-laboral\/#primaryimage","url":"https:\/\/ds-barranquilla.org\/wp-content\/uploads\/2021\/09\/Maria-Jose-Villalba-Web.jpg","contentUrl":"https:\/\/ds-barranquilla.org\/wp-content\/uploads\/2021\/09\/Maria-Jose-Villalba-Web.jpg","width":1170,"height":500},{"@type":"BreadcrumbList","@id":"https:\/\/ds-barranquilla.org\/los-logros-de-maria-jose-villalba-en-el-campo-del-derecho-laboral\/#breadcrumb","itemListElement":[{"@type":"ListItem","position":1,"name":"Portada","item":"https:\/\/ds-barranquilla.org\/"},{"@type":"ListItem","position":2,"name":"Los logros de Mar\u00eda Jos\u00e9 Villalba en el campo del Derecho Laboral"}]},{"@type":"WebSite","@id":"https:\/\/ds-barranquilla.org\/#website","url":"https:\/\/ds-barranquilla.org\/","name":"Colegio Alem\u00e1n - Los Mejores Colegios de Colombia - Colegio Triling\u00fce","description":"Colegio Alem\u00e1n  Barranquilla Colombia - Colegio Biling\u00fce - Triling\u00fce - El Mejor Colegio de Colombia","publisher":{"@id":"https:\/\/ds-barranquilla.org\/#organization"},"potentialAction":[{"@type":"SearchAction","target":{"@type":"EntryPoint","urlTemplate":"https:\/\/ds-barranquilla.org\/?s={search_term_string}"},"query-input":"required name=search_term_string"}],"inLanguage":"de"},{"@type":"Organization","@id":"https:\/\/ds-barranquilla.org\/#organization","name":"Colegio Alem\u00e1n Barranquilla","url":"https:\/\/ds-barranquilla.org\/","logo":{"@type":"ImageObject","inLanguage":"de","@id":"https:\/\/ds-barranquilla.org\/#\/schema\/logo\/image\/","url":"https:\/\/ds-barranquilla.org\/wp-content\/uploads\/2021\/05\/coleman_logo_2.png","contentUrl":"https:\/\/ds-barranquilla.org\/wp-content\/uploads\/2021\/05\/coleman_logo_2.png","width":418,"height":307,"caption":"Colegio Alem\u00e1n Barranquilla"},"image":{"@id":"https:\/\/ds-barranquilla.org\/#\/schema\/logo\/image\/"},"sameAs":["https:\/\/www.facebook.com\/ColegioAlemanBaq\/","https:\/\/x.com\/ColegioAlemanBq","https:\/\/www.instagram.com\/colegioalemanbaq\/","https:\/\/www.linkedin.com\/school\/deutsche-schule-barranquilla\/","https:\/\/www.youtube.com\/channel\/UCOOGZQCVs6aYRqIWvSN5agQ"]},{"@type":"Person","@id":"https:\/\/ds-barranquilla.org\/#\/schema\/person\/7bf8790ba89d3480e0551241ccdc8d36","name":"Comunicaciones Comunicaciones","image":{"@type":"ImageObject","inLanguage":"de","@id":"https:\/\/ds-barranquilla.org\/#\/schema\/person\/image\/","url":"https:\/\/secure.gravatar.com\/avatar\/a66ba9484a4338d81d6bea750e595038?s=96&d=mm&r=g","contentUrl":"https:\/\/secure.gravatar.com\/avatar\/a66ba9484a4338d81d6bea750e595038?s=96&d=mm&r=g","caption":"Comunicaciones Comunicaciones"}}]}},"_links":{"self":[{"href":"https:\/\/ds-barranquilla.org\/de\/wp-json\/wp\/v2\/posts\/8297"}],"collection":[{"href":"https:\/\/ds-barranquilla.org\/de\/wp-json\/wp\/v2\/posts"}],"about":[{"href":"https:\/\/ds-barranquilla.org\/de\/wp-json\/wp\/v2\/types\/post"}],"author":[{"embeddable":true,"href":"https:\/\/ds-barranquilla.org\/de\/wp-json\/wp\/v2\/users\/16"}],"replies":[{"embeddable":true,"href":"https:\/\/ds-barranquilla.org\/de\/wp-json\/wp\/v2\/comments?post=8297"}],"version-history":[{"count":1,"href":"https:\/\/ds-barranquilla.org\/de\/wp-json\/wp\/v2\/posts\/8297\/revisions"}],"predecessor-version":[{"id":8301,"href":"https:\/\/ds-barranquilla.org\/de\/wp-json\/wp\/v2\/posts\/8297\/revisions\/8301"}],"wp:featuredmedia":[{"embeddable":true,"href":"https:\/\/ds-barranquilla.org\/de\/wp-json\/wp\/v2\/media\/8298"}],"wp:attachment":[{"href":"https:\/\/ds-barranquilla.org\/de\/wp-json\/wp\/v2\/media?parent=8297"}],"wp:term":[{"taxonomy":"category","embeddable":true,"href":"https:\/\/ds-barranquilla.org\/de\/wp-json\/wp\/v2\/categories?post=8297"},{"taxonomy":"post_tag","embeddable":true,"href":"https:\/\/ds-barranquilla.org\/de\/wp-json\/wp\/v2\/tags?post=8297"}],"curies":[{"name":"wp","href":"https:\/\/api.w.org\/{rel}","templated":true}]}}