{"id":8313,"date":"2021-09-06T11:29:51","date_gmt":"2021-09-06T16:29:51","guid":{"rendered":"https:\/\/ds-barranquilla.org\/?p=8313"},"modified":"2023-01-03T11:32:15","modified_gmt":"2023-01-03T16:32:15","slug":"nuestro-rector-le-dio-la-bienvenida-a-la-promocion-2021-2022","status":"publish","type":"post","link":"https:\/\/ds-barranquilla.org\/de\/nuestro-rector-le-dio-la-bienvenida-a-la-promocion-2021-2022\/","title":{"rendered":"Unser Schulleiter begr\u00fc\u00dft den Abschlussjahrgang 2021-2022"},"content":{"rendered":"<h1><strong>Unser Schulleiter begr\u00fc\u00dft den Abschlussjahrgang 2021-2022<\/strong><\/h1>\n<p><strong>Geschrieben von: Jos\u00e9 R\u00edos Mercado.<\/strong> Unser Schulleiter Ralph Wiese hie\u00df die Sch\u00fcler*innen der Klasse 12 zu Beginn ihres letzten Schuljahres herzlich willkommen und nutzte die Gelegenheit, um sie dazu aufzurufen, noch einmal alles zu geben um ihre Tr\u00e4ume zu verwirklichen. W\u00e4hrend der Veranstaltung im Auditorium hielt die Sch\u00fclerin Valeria Lara der Klasse 12B eine Rede auf Deutsch und Manuela Cotes der Klasse 12C \u00fcberreichte dem Schulleiter im Namen des Abschlussjahrganges 2021-2022 ein T-Shirt mit dem Logo \u201aABIAUFLEBEN\u2018.<\/p>\n<blockquote><p>\u201eDer Name ABIAUFLEBEN, den ihr selbst ausgew\u00e4hlt habt, sagt schon alles. Denn ihr seid es, die dieses Jahr wieder Leben an unsere Schule bringen. Ich hoffe, dass ihr eurem Motto treu bleibt und euch tolle Aktivit\u00e4ten \u00fcberlegt, damit die R\u00fcckkehr an die Schule eine besondere Erfahrung f\u00fcr alle wird. Wir freuen uns auf die Projekte und Aktivit\u00e4ten, die ihr ins Leben ruft, um dieses neue Jahr in eine Zeit voller positiver Momente zu verwandeln\u201c, sagte unser Schulleiter Ralph Wiese.<\/p><\/blockquote>\n<p>Die Sch\u00fclerin Gabriela Boudez der Klasse 12A betonte anschlie\u00dfend, wie wichtig dieses Treffen mit dem Schulleiter f\u00fcr sie alle war, da er nicht nur die h\u00f6chste Autorit\u00e4t unserer Schule, sondern auch ein wichtiger Begleiter ist, der die Sch\u00fcler*innen immer bei ihren verschiedenen Projekten unterst\u00fctzt. Sie erkl\u00e4rt au\u00dferdem, dass es das Bestreben dieses Abschlussjahrganges ist, dass alle Klassen sich nach mehr als einem Jahr in der Virtualit\u00e4t wieder vereinen und sich gemeinsam als Teil dieses Neuanfanges f\u00fchlen k\u00f6nnen.<\/p>\n<p><a href=\"https:\/\/ds-barranquilla.org\/wp-content\/uploads\/2021\/09\/CAB2526-scaled.jpg\"><img fetchpriority=\"high\" decoding=\"async\" class=\"alignnone size-medium wp-image-8321\" src=\"https:\/\/ds-barranquilla.org\/wp-content\/uploads\/2021\/09\/CAB2526-300x200.jpg\" alt=\"\" width=\"300\" height=\"200\" srcset=\"https:\/\/ds-barranquilla.org\/wp-content\/uploads\/2021\/09\/CAB2526-300x200.jpg 300w, https:\/\/ds-barranquilla.org\/wp-content\/uploads\/2021\/09\/CAB2526-scaled-800x533.jpg 800w, https:\/\/ds-barranquilla.org\/wp-content\/uploads\/2021\/09\/CAB2526-1024x683.jpg 1024w, https:\/\/ds-barranquilla.org\/wp-content\/uploads\/2021\/09\/CAB2526-768x512.jpg 768w, https:\/\/ds-barranquilla.org\/wp-content\/uploads\/2021\/09\/CAB2526-391x260.jpg 391w, https:\/\/ds-barranquilla.org\/wp-content\/uploads\/2021\/09\/CAB2526-1536x1024.jpg 1536w, https:\/\/ds-barranquilla.org\/wp-content\/uploads\/2021\/09\/CAB2526-2048x1365.jpg 2048w, https:\/\/ds-barranquilla.org\/wp-content\/uploads\/2021\/09\/CAB2526-50x33.jpg 50w, https:\/\/ds-barranquilla.org\/wp-content\/uploads\/2021\/09\/CAB2526-150x100.jpg 150w, https:\/\/ds-barranquilla.org\/wp-content\/uploads\/2021\/09\/CAB2526-75x50.jpg 75w, https:\/\/ds-barranquilla.org\/wp-content\/uploads\/2021\/09\/CAB2526-64x43.jpg 64w\" sizes=\"(max-width:767px) 300px, 300px\" \/><\/a><a href=\"https:\/\/ds-barranquilla.org\/wp-content\/uploads\/2021\/09\/CAB2529-scaled.jpg\"><img decoding=\"async\" class=\"alignnone size-medium wp-image-8322\" src=\"https:\/\/ds-barranquilla.org\/wp-content\/uploads\/2021\/09\/CAB2529-300x200.jpg\" alt=\"\" width=\"300\" height=\"200\" srcset=\"https:\/\/ds-barranquilla.org\/wp-content\/uploads\/2021\/09\/CAB2529-300x200.jpg 300w, https:\/\/ds-barranquilla.org\/wp-content\/uploads\/2021\/09\/CAB2529-scaled-800x533.jpg 800w, https:\/\/ds-barranquilla.org\/wp-content\/uploads\/2021\/09\/CAB2529-1024x683.jpg 1024w, https:\/\/ds-barranquilla.org\/wp-content\/uploads\/2021\/09\/CAB2529-768x512.jpg 768w, https:\/\/ds-barranquilla.org\/wp-content\/uploads\/2021\/09\/CAB2529-391x260.jpg 391w, https:\/\/ds-barranquilla.org\/wp-content\/uploads\/2021\/09\/CAB2529-1536x1024.jpg 1536w, https:\/\/ds-barranquilla.org\/wp-content\/uploads\/2021\/09\/CAB2529-2048x1365.jpg 2048w, https:\/\/ds-barranquilla.org\/wp-content\/uploads\/2021\/09\/CAB2529-50x33.jpg 50w, https:\/\/ds-barranquilla.org\/wp-content\/uploads\/2021\/09\/CAB2529-150x100.jpg 150w, https:\/\/ds-barranquilla.org\/wp-content\/uploads\/2021\/09\/CAB2529-75x50.jpg 75w, https:\/\/ds-barranquilla.org\/wp-content\/uploads\/2021\/09\/CAB2529-64x43.jpg 64w\" sizes=\"(max-width:767px) 300px, 300px\" \/><\/a><a href=\"https:\/\/ds-barranquilla.org\/wp-content\/uploads\/2021\/09\/CAB2532-scaled.jpg\"><img decoding=\"async\" class=\"alignnone size-medium wp-image-8323\" src=\"https:\/\/ds-barranquilla.org\/wp-content\/uploads\/2021\/09\/CAB2532-300x200.jpg\" alt=\"\" width=\"300\" height=\"200\" srcset=\"https:\/\/ds-barranquilla.org\/wp-content\/uploads\/2021\/09\/CAB2532-300x200.jpg 300w, https:\/\/ds-barranquilla.org\/wp-content\/uploads\/2021\/09\/CAB2532-scaled-800x533.jpg 800w, https:\/\/ds-barranquilla.org\/wp-content\/uploads\/2021\/09\/CAB2532-1024x683.jpg 1024w, https:\/\/ds-barranquilla.org\/wp-content\/uploads\/2021\/09\/CAB2532-768x512.jpg 768w, https:\/\/ds-barranquilla.org\/wp-content\/uploads\/2021\/09\/CAB2532-391x260.jpg 391w, https:\/\/ds-barranquilla.org\/wp-content\/uploads\/2021\/09\/CAB2532-1536x1024.jpg 1536w, https:\/\/ds-barranquilla.org\/wp-content\/uploads\/2021\/09\/CAB2532-2048x1365.jpg 2048w, https:\/\/ds-barranquilla.org\/wp-content\/uploads\/2021\/09\/CAB2532-50x33.jpg 50w, https:\/\/ds-barranquilla.org\/wp-content\/uploads\/2021\/09\/CAB2532-150x100.jpg 150w, https:\/\/ds-barranquilla.org\/wp-content\/uploads\/2021\/09\/CAB2532-75x50.jpg 75w, https:\/\/ds-barranquilla.org\/wp-content\/uploads\/2021\/09\/CAB2532-64x43.jpg 64w\" sizes=\"(max-width:767px) 300px, 300px\" \/><\/a><\/p>","protected":false},"excerpt":{"rendered":"<p>Nuestro Rector le dio la bienvenida a la Promoci\u00f3n 2021-2022 Creado por: Jos\u00e9 R\u00edos Mercado. Nuestro Rector Ralph Wiese le dio una cordial y c\u00e1lida bienvenida<span class=\"excerpt-hellip\"> [\u2026]<\/span><\/p>","protected":false},"author":16,"featured_media":8314,"comment_status":"open","ping_status":"open","sticky":false,"template":"","format":"standard","meta":{"_exactmetrics_skip_tracking":false,"_exactmetrics_sitenote_active":false,"_exactmetrics_sitenote_note":"","_exactmetrics_sitenote_category":0,"_joinchat":[],"footnotes":""},"categories":[681,709,710],"tags":[],"class_list":["post-8313","post","type-post","status-publish","format-standard","has-post-thumbnail","hentry","category-681","category-rectoria","category-secundaria"],"yoast_head":"<!-- This site is optimized with the Yoast SEO plugin v23.3 - https:\/\/yoast.com\/wordpress\/plugins\/seo\/ -->\n<title>Nuestro Rector le dio la bienvenida a la Promoci\u00f3n 2021-2022 - 2026<\/title>\n<meta name=\"robots\" content=\"noindex, follow, max-snippet:-1, max-image-preview:large, max-video-preview:-1\" \/>\n<meta property=\"og:locale\" content=\"de_DE\" \/>\n<meta property=\"og:type\" content=\"article\" \/>\n<meta property=\"og:title\" content=\"Nuestro Rector le dio la bienvenida a la Promoci\u00f3n 2021-2022 - 2026\" \/>\n<meta property=\"og:description\" content=\"Nuestro Rector le dio la bienvenida a la Promoci\u00f3n 2021-2022 Creado por: Jos\u00e9 R\u00edos Mercado. Nuestro Rector Ralph Wiese le dio una cordial y c\u00e1lida bienvenida [\u2026]\" \/>\n<meta property=\"og:url\" content=\"https:\/\/ds-barranquilla.org\/de\/nuestro-rector-le-dio-la-bienvenida-a-la-promocion-2021-2022\/\" \/>\n<meta property=\"og:site_name\" content=\"Colegio Alem\u00e1n - Los Mejores Colegios de Colombia - Colegio Triling\u00fce\" \/>\n<meta property=\"article:publisher\" content=\"https:\/\/www.facebook.com\/ColegioAlemanBaq\/\" \/>\n<meta property=\"article:published_time\" content=\"2021-09-06T16:29:51+00:00\" \/>\n<meta property=\"article:modified_time\" content=\"2023-01-03T16:32:15+00:00\" \/>\n<meta property=\"og:image\" content=\"https:\/\/ds-barranquilla.org\/wp-content\/uploads\/2021\/09\/Bienvenida-del-Rector-a-la-Klasse-12-Web.jpg\" \/>\n\t<meta property=\"og:image:width\" content=\"1170\" \/>\n\t<meta property=\"og:image:height\" content=\"500\" \/>\n\t<meta property=\"og:image:type\" content=\"image\/jpeg\" \/>\n<meta name=\"author\" content=\"Comunicaciones Comunicaciones\" \/>\n<meta name=\"twitter:card\" content=\"summary_large_image\" \/>\n<meta name=\"twitter:creator\" content=\"@ColegioAlemanBq\" \/>\n<meta name=\"twitter:site\" content=\"@ColegioAlemanBq\" \/>\n<meta name=\"twitter:label1\" content=\"Verfasst von\" \/>\n\t<meta name=\"twitter:data1\" content=\"Comunicaciones Comunicaciones\" \/>\n\t<meta name=\"twitter:label2\" content=\"Gesch\u00e4tzte Lesezeit\" \/>\n\t<meta name=\"twitter:data2\" content=\"2\u00a0Minuten\" \/>\n<script type=\"application\/ld+json\" class=\"yoast-schema-graph\">{\"@context\":\"https:\/\/schema.org\",\"@graph\":[{\"@type\":\"Article\",\"@id\":\"https:\/\/ds-barranquilla.org\/nuestro-rector-le-dio-la-bienvenida-a-la-promocion-2021-2022\/#article\",\"isPartOf\":{\"@id\":\"https:\/\/ds-barranquilla.org\/nuestro-rector-le-dio-la-bienvenida-a-la-promocion-2021-2022\/\"},\"author\":{\"name\":\"Comunicaciones Comunicaciones\",\"@id\":\"https:\/\/ds-barranquilla.org\/#\/schema\/person\/7bf8790ba89d3480e0551241ccdc8d36\"},\"headline\":\"Nuestro Rector le dio la bienvenida a la Promoci\u00f3n 2021-2022\",\"datePublished\":\"2021-09-06T16:29:51+00:00\",\"dateModified\":\"2023-01-03T16:32:15+00:00\",\"mainEntityOfPage\":{\"@id\":\"https:\/\/ds-barranquilla.org\/nuestro-rector-le-dio-la-bienvenida-a-la-promocion-2021-2022\/\"},\"wordCount\":292,\"commentCount\":0,\"publisher\":{\"@id\":\"https:\/\/ds-barranquilla.org\/#organization\"},\"image\":{\"@id\":\"https:\/\/ds-barranquilla.org\/nuestro-rector-le-dio-la-bienvenida-a-la-promocion-2021-2022\/#primaryimage\"},\"thumbnailUrl\":\"https:\/\/ds-barranquilla.org\/wp-content\/uploads\/2021\/09\/Bienvenida-del-Rector-a-la-Klasse-12-Web.jpg\",\"articleSection\":[\"2021\",\"Rector\u00eda\",\"Secundaria\"],\"inLanguage\":\"de\",\"potentialAction\":[{\"@type\":\"CommentAction\",\"name\":\"Comment\",\"target\":[\"https:\/\/ds-barranquilla.org\/nuestro-rector-le-dio-la-bienvenida-a-la-promocion-2021-2022\/#respond\"]}]},{\"@type\":\"WebPage\",\"@id\":\"https:\/\/ds-barranquilla.org\/nuestro-rector-le-dio-la-bienvenida-a-la-promocion-2021-2022\/\",\"url\":\"https:\/\/ds-barranquilla.org\/nuestro-rector-le-dio-la-bienvenida-a-la-promocion-2021-2022\/\",\"name\":\"Nuestro Rector le dio la bienvenida a la Promoci\u00f3n 2021-2022 - 2026\",\"isPartOf\":{\"@id\":\"https:\/\/ds-barranquilla.org\/#website\"},\"primaryImageOfPage\":{\"@id\":\"https:\/\/ds-barranquilla.org\/nuestro-rector-le-dio-la-bienvenida-a-la-promocion-2021-2022\/#primaryimage\"},\"image\":{\"@id\":\"https:\/\/ds-barranquilla.org\/nuestro-rector-le-dio-la-bienvenida-a-la-promocion-2021-2022\/#primaryimage\"},\"thumbnailUrl\":\"https:\/\/ds-barranquilla.org\/wp-content\/uploads\/2021\/09\/Bienvenida-del-Rector-a-la-Klasse-12-Web.jpg\",\"datePublished\":\"2021-09-06T16:29:51+00:00\",\"dateModified\":\"2023-01-03T16:32:15+00:00\",\"breadcrumb\":{\"@id\":\"https:\/\/ds-barranquilla.org\/nuestro-rector-le-dio-la-bienvenida-a-la-promocion-2021-2022\/#breadcrumb\"},\"inLanguage\":\"de\",\"potentialAction\":[{\"@type\":\"ReadAction\",\"target\":[\"https:\/\/ds-barranquilla.org\/nuestro-rector-le-dio-la-bienvenida-a-la-promocion-2021-2022\/\"]}]},{\"@type\":\"ImageObject\",\"inLanguage\":\"de\",\"@id\":\"https:\/\/ds-barranquilla.org\/nuestro-rector-le-dio-la-bienvenida-a-la-promocion-2021-2022\/#primaryimage\",\"url\":\"https:\/\/ds-barranquilla.org\/wp-content\/uploads\/2021\/09\/Bienvenida-del-Rector-a-la-Klasse-12-Web.jpg\",\"contentUrl\":\"https:\/\/ds-barranquilla.org\/wp-content\/uploads\/2021\/09\/Bienvenida-del-Rector-a-la-Klasse-12-Web.jpg\",\"width\":1170,\"height\":500},{\"@type\":\"BreadcrumbList\",\"@id\":\"https:\/\/ds-barranquilla.org\/nuestro-rector-le-dio-la-bienvenida-a-la-promocion-2021-2022\/#breadcrumb\",\"itemListElement\":[{\"@type\":\"ListItem\",\"position\":1,\"name\":\"Portada\",\"item\":\"https:\/\/ds-barranquilla.org\/\"},{\"@type\":\"ListItem\",\"position\":2,\"name\":\"Nuestro Rector le dio la bienvenida a la Promoci\u00f3n 2021-2022\"}]},{\"@type\":\"WebSite\",\"@id\":\"https:\/\/ds-barranquilla.org\/#website\",\"url\":\"https:\/\/ds-barranquilla.org\/\",\"name\":\"Colegio Alem\u00e1n - Los Mejores Colegios de Colombia - Colegio Triling\u00fce\",\"description\":\"Colegio Alem\u00e1n  Barranquilla Colombia - Colegio Biling\u00fce - Triling\u00fce - El Mejor Colegio de Colombia\",\"publisher\":{\"@id\":\"https:\/\/ds-barranquilla.org\/#organization\"},\"potentialAction\":[{\"@type\":\"SearchAction\",\"target\":{\"@type\":\"EntryPoint\",\"urlTemplate\":\"https:\/\/ds-barranquilla.org\/?s={search_term_string}\"},\"query-input\":\"required name=search_term_string\"}],\"inLanguage\":\"de\"},{\"@type\":\"Organization\",\"@id\":\"https:\/\/ds-barranquilla.org\/#organization\",\"name\":\"Colegio Alem\u00e1n Barranquilla\",\"url\":\"https:\/\/ds-barranquilla.org\/\",\"logo\":{\"@type\":\"ImageObject\",\"inLanguage\":\"de\",\"@id\":\"https:\/\/ds-barranquilla.org\/#\/schema\/logo\/image\/\",\"url\":\"https:\/\/ds-barranquilla.org\/wp-content\/uploads\/2021\/05\/coleman_logo_2.png\",\"contentUrl\":\"https:\/\/ds-barranquilla.org\/wp-content\/uploads\/2021\/05\/coleman_logo_2.png\",\"width\":418,\"height\":307,\"caption\":\"Colegio Alem\u00e1n Barranquilla\"},\"image\":{\"@id\":\"https:\/\/ds-barranquilla.org\/#\/schema\/logo\/image\/\"},\"sameAs\":[\"https:\/\/www.facebook.com\/ColegioAlemanBaq\/\",\"https:\/\/x.com\/ColegioAlemanBq\",\"https:\/\/www.instagram.com\/colegioalemanbaq\/\",\"https:\/\/www.linkedin.com\/school\/deutsche-schule-barranquilla\/\",\"https:\/\/www.youtube.com\/channel\/UCOOGZQCVs6aYRqIWvSN5agQ\"]},{\"@type\":\"Person\",\"@id\":\"https:\/\/ds-barranquilla.org\/#\/schema\/person\/7bf8790ba89d3480e0551241ccdc8d36\",\"name\":\"Comunicaciones Comunicaciones\",\"image\":{\"@type\":\"ImageObject\",\"inLanguage\":\"de\",\"@id\":\"https:\/\/ds-barranquilla.org\/#\/schema\/person\/image\/\",\"url\":\"https:\/\/secure.gravatar.com\/avatar\/a66ba9484a4338d81d6bea750e595038?s=96&d=mm&r=g\",\"contentUrl\":\"https:\/\/secure.gravatar.com\/avatar\/a66ba9484a4338d81d6bea750e595038?s=96&d=mm&r=g\",\"caption\":\"Comunicaciones Comunicaciones\"}}]}<\/script>\n<!-- \/ Yoast SEO plugin. -->","yoast_head_json":{"title":"Nuestro Rector le dio la bienvenida a la Promoci\u00f3n 2021-2022 - 2026","robots":{"index":"noindex","follow":"follow","max-snippet":"max-snippet:-1","max-image-preview":"max-image-preview:large","max-video-preview":"max-video-preview:-1"},"og_locale":"de_DE","og_type":"article","og_title":"Nuestro Rector le dio la bienvenida a la Promoci\u00f3n 2021-2022 - 2026","og_description":"Nuestro Rector le dio la bienvenida a la Promoci\u00f3n 2021-2022 Creado por: Jos\u00e9 R\u00edos Mercado. Nuestro Rector Ralph Wiese le dio una cordial y c\u00e1lida bienvenida [\u2026]","og_url":"https:\/\/ds-barranquilla.org\/de\/nuestro-rector-le-dio-la-bienvenida-a-la-promocion-2021-2022\/","og_site_name":"Colegio Alem\u00e1n - Los Mejores Colegios de Colombia - Colegio Triling\u00fce","article_publisher":"https:\/\/www.facebook.com\/ColegioAlemanBaq\/","article_published_time":"2021-09-06T16:29:51+00:00","article_modified_time":"2023-01-03T16:32:15+00:00","og_image":[{"width":1170,"height":500,"url":"https:\/\/ds-barranquilla.org\/wp-content\/uploads\/2021\/09\/Bienvenida-del-Rector-a-la-Klasse-12-Web.jpg","type":"image\/jpeg"}],"author":"Comunicaciones Comunicaciones","twitter_card":"summary_large_image","twitter_creator":"@ColegioAlemanBq","twitter_site":"@ColegioAlemanBq","twitter_misc":{"Verfasst von":"Comunicaciones Comunicaciones","Gesch\u00e4tzte Lesezeit":"2\u00a0Minuten"},"schema":{"@context":"https:\/\/schema.org","@graph":[{"@type":"Article","@id":"https:\/\/ds-barranquilla.org\/nuestro-rector-le-dio-la-bienvenida-a-la-promocion-2021-2022\/#article","isPartOf":{"@id":"https:\/\/ds-barranquilla.org\/nuestro-rector-le-dio-la-bienvenida-a-la-promocion-2021-2022\/"},"author":{"name":"Comunicaciones Comunicaciones","@id":"https:\/\/ds-barranquilla.org\/#\/schema\/person\/7bf8790ba89d3480e0551241ccdc8d36"},"headline":"Nuestro Rector le dio la bienvenida a la Promoci\u00f3n 2021-2022","datePublished":"2021-09-06T16:29:51+00:00","dateModified":"2023-01-03T16:32:15+00:00","mainEntityOfPage":{"@id":"https:\/\/ds-barranquilla.org\/nuestro-rector-le-dio-la-bienvenida-a-la-promocion-2021-2022\/"},"wordCount":292,"commentCount":0,"publisher":{"@id":"https:\/\/ds-barranquilla.org\/#organization"},"image":{"@id":"https:\/\/ds-barranquilla.org\/nuestro-rector-le-dio-la-bienvenida-a-la-promocion-2021-2022\/#primaryimage"},"thumbnailUrl":"https:\/\/ds-barranquilla.org\/wp-content\/uploads\/2021\/09\/Bienvenida-del-Rector-a-la-Klasse-12-Web.jpg","articleSection":["2021","Rector\u00eda","Secundaria"],"inLanguage":"de","potentialAction":[{"@type":"CommentAction","name":"Comment","target":["https:\/\/ds-barranquilla.org\/nuestro-rector-le-dio-la-bienvenida-a-la-promocion-2021-2022\/#respond"]}]},{"@type":"WebPage","@id":"https:\/\/ds-barranquilla.org\/nuestro-rector-le-dio-la-bienvenida-a-la-promocion-2021-2022\/","url":"https:\/\/ds-barranquilla.org\/nuestro-rector-le-dio-la-bienvenida-a-la-promocion-2021-2022\/","name":"Nuestro Rector le dio la bienvenida a la Promoci\u00f3n 2021-2022 - 2026","isPartOf":{"@id":"https:\/\/ds-barranquilla.org\/#website"},"primaryImageOfPage":{"@id":"https:\/\/ds-barranquilla.org\/nuestro-rector-le-dio-la-bienvenida-a-la-promocion-2021-2022\/#primaryimage"},"image":{"@id":"https:\/\/ds-barranquilla.org\/nuestro-rector-le-dio-la-bienvenida-a-la-promocion-2021-2022\/#primaryimage"},"thumbnailUrl":"https:\/\/ds-barranquilla.org\/wp-content\/uploads\/2021\/09\/Bienvenida-del-Rector-a-la-Klasse-12-Web.jpg","datePublished":"2021-09-06T16:29:51+00:00","dateModified":"2023-01-03T16:32:15+00:00","breadcrumb":{"@id":"https:\/\/ds-barranquilla.org\/nuestro-rector-le-dio-la-bienvenida-a-la-promocion-2021-2022\/#breadcrumb"},"inLanguage":"de","potentialAction":[{"@type":"ReadAction","target":["https:\/\/ds-barranquilla.org\/nuestro-rector-le-dio-la-bienvenida-a-la-promocion-2021-2022\/"]}]},{"@type":"ImageObject","inLanguage":"de","@id":"https:\/\/ds-barranquilla.org\/nuestro-rector-le-dio-la-bienvenida-a-la-promocion-2021-2022\/#primaryimage","url":"https:\/\/ds-barranquilla.org\/wp-content\/uploads\/2021\/09\/Bienvenida-del-Rector-a-la-Klasse-12-Web.jpg","contentUrl":"https:\/\/ds-barranquilla.org\/wp-content\/uploads\/2021\/09\/Bienvenida-del-Rector-a-la-Klasse-12-Web.jpg","width":1170,"height":500},{"@type":"BreadcrumbList","@id":"https:\/\/ds-barranquilla.org\/nuestro-rector-le-dio-la-bienvenida-a-la-promocion-2021-2022\/#breadcrumb","itemListElement":[{"@type":"ListItem","position":1,"name":"Portada","item":"https:\/\/ds-barranquilla.org\/"},{"@type":"ListItem","position":2,"name":"Nuestro Rector le dio la bienvenida a la Promoci\u00f3n 2021-2022"}]},{"@type":"WebSite","@id":"https:\/\/ds-barranquilla.org\/#website","url":"https:\/\/ds-barranquilla.org\/","name":"Colegio Alem\u00e1n - Los Mejores Colegios de Colombia - Colegio Triling\u00fce","description":"Colegio Alem\u00e1n  Barranquilla Colombia - Colegio Biling\u00fce - Triling\u00fce - El Mejor Colegio de Colombia","publisher":{"@id":"https:\/\/ds-barranquilla.org\/#organization"},"potentialAction":[{"@type":"SearchAction","target":{"@type":"EntryPoint","urlTemplate":"https:\/\/ds-barranquilla.org\/?s={search_term_string}"},"query-input":"required name=search_term_string"}],"inLanguage":"de"},{"@type":"Organization","@id":"https:\/\/ds-barranquilla.org\/#organization","name":"Colegio Alem\u00e1n Barranquilla","url":"https:\/\/ds-barranquilla.org\/","logo":{"@type":"ImageObject","inLanguage":"de","@id":"https:\/\/ds-barranquilla.org\/#\/schema\/logo\/image\/","url":"https:\/\/ds-barranquilla.org\/wp-content\/uploads\/2021\/05\/coleman_logo_2.png","contentUrl":"https:\/\/ds-barranquilla.org\/wp-content\/uploads\/2021\/05\/coleman_logo_2.png","width":418,"height":307,"caption":"Colegio Alem\u00e1n Barranquilla"},"image":{"@id":"https:\/\/ds-barranquilla.org\/#\/schema\/logo\/image\/"},"sameAs":["https:\/\/www.facebook.com\/ColegioAlemanBaq\/","https:\/\/x.com\/ColegioAlemanBq","https:\/\/www.instagram.com\/colegioalemanbaq\/","https:\/\/www.linkedin.com\/school\/deutsche-schule-barranquilla\/","https:\/\/www.youtube.com\/channel\/UCOOGZQCVs6aYRqIWvSN5agQ"]},{"@type":"Person","@id":"https:\/\/ds-barranquilla.org\/#\/schema\/person\/7bf8790ba89d3480e0551241ccdc8d36","name":"Comunicaciones Comunicaciones","image":{"@type":"ImageObject","inLanguage":"de","@id":"https:\/\/ds-barranquilla.org\/#\/schema\/person\/image\/","url":"https:\/\/secure.gravatar.com\/avatar\/a66ba9484a4338d81d6bea750e595038?s=96&d=mm&r=g","contentUrl":"https:\/\/secure.gravatar.com\/avatar\/a66ba9484a4338d81d6bea750e595038?s=96&d=mm&r=g","caption":"Comunicaciones Comunicaciones"}}]}},"_links":{"self":[{"href":"https:\/\/ds-barranquilla.org\/de\/wp-json\/wp\/v2\/posts\/8313"}],"collection":[{"href":"https:\/\/ds-barranquilla.org\/de\/wp-json\/wp\/v2\/posts"}],"about":[{"href":"https:\/\/ds-barranquilla.org\/de\/wp-json\/wp\/v2\/types\/post"}],"author":[{"embeddable":true,"href":"https:\/\/ds-barranquilla.org\/de\/wp-json\/wp\/v2\/users\/16"}],"replies":[{"embeddable":true,"href":"https:\/\/ds-barranquilla.org\/de\/wp-json\/wp\/v2\/comments?post=8313"}],"version-history":[{"count":3,"href":"https:\/\/ds-barranquilla.org\/de\/wp-json\/wp\/v2\/posts\/8313\/revisions"}],"predecessor-version":[{"id":8324,"href":"https:\/\/ds-barranquilla.org\/de\/wp-json\/wp\/v2\/posts\/8313\/revisions\/8324"}],"wp:featuredmedia":[{"embeddable":true,"href":"https:\/\/ds-barranquilla.org\/de\/wp-json\/wp\/v2\/media\/8314"}],"wp:attachment":[{"href":"https:\/\/ds-barranquilla.org\/de\/wp-json\/wp\/v2\/media?parent=8313"}],"wp:term":[{"taxonomy":"category","embeddable":true,"href":"https:\/\/ds-barranquilla.org\/de\/wp-json\/wp\/v2\/categories?post=8313"},{"taxonomy":"post_tag","embeddable":true,"href":"https:\/\/ds-barranquilla.org\/de\/wp-json\/wp\/v2\/tags?post=8313"}],"curies":[{"name":"wp","href":"https:\/\/api.w.org\/{rel}","templated":true}]}}