{"id":8349,"date":"2021-09-21T11:11:59","date_gmt":"2021-09-21T16:11:59","guid":{"rendered":"https:\/\/ds-barranquilla.org\/?p=8349"},"modified":"2023-01-03T11:04:41","modified_gmt":"2023-01-03T16:04:41","slug":"proyecto-seeds-la-iniciativa-de-la-fundacion-chukuwata-para-promover-la-educacion-alimentaria-y-ambiental-en-nuestro-colegio","status":"publish","type":"post","link":"https:\/\/ds-barranquilla.org\/de\/proyecto-seeds-la-iniciativa-de-la-fundacion-chukuwata-para-promover-la-educacion-alimentaria-y-ambiental-en-nuestro-colegio\/","title":{"rendered":"Proyecto Seeds: la iniciativa de la Fundaci\u00f3n Chukuwata para promover la educaci\u00f3n alimentaria y ambiental en nuestro colegio"},"content":{"rendered":"<h1><strong>Proyecto Seeds: la iniciativa de la Fundaci\u00f3n Chukuwata para promover la educaci\u00f3n alimentaria y ambiental en nuestro colegio<\/strong><\/h1>\n<p><strong>Geschrieben von: Jos\u00e9 R\u00edos Mercado.<\/strong> A trav\u00e9s del Proyecto Seeds (semillas) la Fundaci\u00f3n Chukuwata inici\u00f3 en nuestro colegio actividades de educaci\u00f3n alimentaria y ambiental con los estudiantes de todas las secciones. La Directora de la Fundaci\u00f3n Chukuwata, Mar\u00eda Alicia \u2018Isha\u2019 Ram\u00edrez, indic\u00f3 que el objetivo de la iniciativa es lograr que los ni\u00f1os vean la alimentaci\u00f3n \u201cm\u00e1s all\u00e1 del plato\u201d (no es solo lo que ellos coman) para promover que indaguen un poco m\u00e1s acerca del origen de los alimentos, qu\u00e9 es lo que comen y a d\u00f3nde van los desechos.<\/p>\n<p>\u201cInvitamos a los estudiantes como protagonistas, a sus familias y a los docentes para todos tomen parte de este trabajo pedag\u00f3gico que implica un acompa\u00f1amiento de los ni\u00f1os al momento de su alimentaci\u00f3n, y este proceso hace parte esencial del Proyecto Educativo Institucional. Para el a\u00f1o 2030 en Europa se quiere que la educaci\u00f3n alimentaria se convierta en una asignatura en todas las escuelas\u201d, expres\u00f3 la directiva.<\/p>\n<p>La Licenciada en Pedagog\u00eda Infantil de la Universidad del Norte precis\u00f3 que el Proyecto Seeds tiene cuatro componentes:<\/p>\n<ul>\n<li>Die Ern\u00e4hrung selbst.<\/li>\n<li>Die Essenszeit in der Mensa oder im Klassenzimmer.<\/li>\n<li>Los laboratorios: relacionados con la alineaci\u00f3n que realizan los docentes de sus proyectos curriculares para incluir all\u00ed la educaci\u00f3n alimentaria. Un ejemplo de ello son el Foodlab (laboratorio de alimentos) y el Gardenlab (laboratorio de jard\u00edn), que se quieren implementar para que los estudiantes los tengan como una asignatura y as\u00ed puedan conocer mucho m\u00e1s acerca de los alimentos.<\/li>\n<li>El reciclaje creativo: enfocado en la reutilizaci\u00f3n de los materiales abiertos (botellas pl\u00e1sticas, tapas, entre otros) para que los ni\u00f1os entiendan que la basura no existe y poder crear conciencia en ellos en torno a la protecci\u00f3n del Medio Ambiente.<\/li>\n<\/ul>\n<p>&nbsp;<\/p>\n<p>Mar\u00eda Alicia \u2018Isha\u2019 Ram\u00edrez precis\u00f3 que desde la Fundaci\u00f3n Chukuwata se siguen teniendo muy presentes los protocolos de bioseguridad en los espacios donde ellos prestan sus servicios y la idea es seguir trabajando en ellos de la mano del colegio. As\u00ed mismo, manifest\u00f3 que la delimitaci\u00f3n de los espacios donde comen los estudiantes, la presentaci\u00f3n de los alimentos en platos de melamina cubiertos con Vinipel y las bebidas con tapas, son algunas de las medidas tomadas y que hacen parte de la labor interdisciplinaria entre la entidad y las \u00e1reas de Calidad y de Seguridad y Salud en el Trabajo de la instituci\u00f3n.<\/p>\n<p><a href=\"https:\/\/ds-barranquilla.org\/wp-content\/uploads\/2021\/09\/CAB2639-scaled.jpg\"><img fetchpriority=\"high\" decoding=\"async\" class=\"alignnone size-medium wp-image-8352\" src=\"https:\/\/ds-barranquilla.org\/wp-content\/uploads\/2021\/09\/CAB2639-300x200.jpg\" alt=\"\" width=\"300\" height=\"200\" srcset=\"https:\/\/ds-barranquilla.org\/wp-content\/uploads\/2021\/09\/CAB2639-300x200.jpg 300w, https:\/\/ds-barranquilla.org\/wp-content\/uploads\/2021\/09\/CAB2639-scaled-800x533.jpg 800w, https:\/\/ds-barranquilla.org\/wp-content\/uploads\/2021\/09\/CAB2639-1024x683.jpg 1024w, https:\/\/ds-barranquilla.org\/wp-content\/uploads\/2021\/09\/CAB2639-768x512.jpg 768w, https:\/\/ds-barranquilla.org\/wp-content\/uploads\/2021\/09\/CAB2639-391x260.jpg 391w, https:\/\/ds-barranquilla.org\/wp-content\/uploads\/2021\/09\/CAB2639-1536x1024.jpg 1536w, https:\/\/ds-barranquilla.org\/wp-content\/uploads\/2021\/09\/CAB2639-2048x1365.jpg 2048w, https:\/\/ds-barranquilla.org\/wp-content\/uploads\/2021\/09\/CAB2639-50x33.jpg 50w, https:\/\/ds-barranquilla.org\/wp-content\/uploads\/2021\/09\/CAB2639-150x100.jpg 150w, https:\/\/ds-barranquilla.org\/wp-content\/uploads\/2021\/09\/CAB2639-75x50.jpg 75w, https:\/\/ds-barranquilla.org\/wp-content\/uploads\/2021\/09\/CAB2639-64x43.jpg 64w\" sizes=\"(max-width:767px) 300px, 300px\" \/><\/a><a href=\"https:\/\/ds-barranquilla.org\/wp-content\/uploads\/2021\/09\/CAB2664-scaled.jpg\"><img decoding=\"async\" class=\"alignnone size-medium wp-image-8353\" src=\"https:\/\/ds-barranquilla.org\/wp-content\/uploads\/2021\/09\/CAB2664-300x200.jpg\" alt=\"\" width=\"300\" height=\"200\" srcset=\"https:\/\/ds-barranquilla.org\/wp-content\/uploads\/2021\/09\/CAB2664-300x200.jpg 300w, https:\/\/ds-barranquilla.org\/wp-content\/uploads\/2021\/09\/CAB2664-scaled-800x533.jpg 800w, https:\/\/ds-barranquilla.org\/wp-content\/uploads\/2021\/09\/CAB2664-1024x683.jpg 1024w, https:\/\/ds-barranquilla.org\/wp-content\/uploads\/2021\/09\/CAB2664-768x512.jpg 768w, https:\/\/ds-barranquilla.org\/wp-content\/uploads\/2021\/09\/CAB2664-391x260.jpg 391w, https:\/\/ds-barranquilla.org\/wp-content\/uploads\/2021\/09\/CAB2664-1536x1024.jpg 1536w, https:\/\/ds-barranquilla.org\/wp-content\/uploads\/2021\/09\/CAB2664-2048x1365.jpg 2048w, https:\/\/ds-barranquilla.org\/wp-content\/uploads\/2021\/09\/CAB2664-50x33.jpg 50w, https:\/\/ds-barranquilla.org\/wp-content\/uploads\/2021\/09\/CAB2664-150x100.jpg 150w, https:\/\/ds-barranquilla.org\/wp-content\/uploads\/2021\/09\/CAB2664-75x50.jpg 75w, https:\/\/ds-barranquilla.org\/wp-content\/uploads\/2021\/09\/CAB2664-64x43.jpg 64w\" sizes=\"(max-width:767px) 300px, 300px\" \/><\/a><a href=\"https:\/\/ds-barranquilla.org\/wp-content\/uploads\/2021\/09\/CAB2669-scaled.jpg\"><img decoding=\"async\" class=\"alignnone size-medium wp-image-8354\" src=\"https:\/\/ds-barranquilla.org\/wp-content\/uploads\/2021\/09\/CAB2669-300x200.jpg\" alt=\"\" width=\"300\" height=\"200\" srcset=\"https:\/\/ds-barranquilla.org\/wp-content\/uploads\/2021\/09\/CAB2669-300x200.jpg 300w, https:\/\/ds-barranquilla.org\/wp-content\/uploads\/2021\/09\/CAB2669-scaled-800x533.jpg 800w, https:\/\/ds-barranquilla.org\/wp-content\/uploads\/2021\/09\/CAB2669-1024x683.jpg 1024w, https:\/\/ds-barranquilla.org\/wp-content\/uploads\/2021\/09\/CAB2669-768x512.jpg 768w, https:\/\/ds-barranquilla.org\/wp-content\/uploads\/2021\/09\/CAB2669-391x260.jpg 391w, https:\/\/ds-barranquilla.org\/wp-content\/uploads\/2021\/09\/CAB2669-1536x1024.jpg 1536w, https:\/\/ds-barranquilla.org\/wp-content\/uploads\/2021\/09\/CAB2669-2048x1365.jpg 2048w, https:\/\/ds-barranquilla.org\/wp-content\/uploads\/2021\/09\/CAB2669-50x33.jpg 50w, https:\/\/ds-barranquilla.org\/wp-content\/uploads\/2021\/09\/CAB2669-150x100.jpg 150w, https:\/\/ds-barranquilla.org\/wp-content\/uploads\/2021\/09\/CAB2669-75x50.jpg 75w, https:\/\/ds-barranquilla.org\/wp-content\/uploads\/2021\/09\/CAB2669-64x43.jpg 64w\" sizes=\"(max-width:767px) 300px, 300px\" \/><\/a><\/p>","protected":false},"excerpt":{"rendered":"<p>Proyecto Seeds: la iniciativa de la Fundaci\u00f3n Chukuwata para promover la educaci\u00f3n alimentaria y ambiental en nuestro colegio Creado por: Jos\u00e9 R\u00edos Mercado. A trav\u00e9s del<span class=\"excerpt-hellip\"> [\u2026]<\/span><\/p>","protected":false},"author":16,"featured_media":8351,"comment_status":"open","ping_status":"open","sticky":false,"template":"","format":"standard","meta":{"_exactmetrics_skip_tracking":false,"_exactmetrics_sitenote_active":false,"_exactmetrics_sitenote_note":"","_exactmetrics_sitenote_category":0,"_joinchat":[],"footnotes":""},"categories":[681,696,677,676],"tags":[],"class_list":["post-8349","post","type-post","status-publish","format-standard","has-post-thumbnail","hentry","category-681","category-bienestar-estudiantil","category-kindergarten","category-primaria"],"yoast_head":"<!-- This site is optimized with the Yoast SEO plugin v23.3 - https:\/\/yoast.com\/wordpress\/plugins\/seo\/ -->\n<title>Proyecto Seeds: la iniciativa de la Fundaci\u00f3n Chukuwata para promover la educaci\u00f3n alimentaria y ambiental en nuestro colegio - 2026<\/title>\n<meta name=\"robots\" content=\"noindex, follow, max-snippet:-1, max-image-preview:large, max-video-preview:-1\" \/>\n<meta property=\"og:locale\" content=\"de_DE\" \/>\n<meta property=\"og:type\" content=\"article\" \/>\n<meta property=\"og:title\" content=\"Proyecto Seeds: la iniciativa de la Fundaci\u00f3n Chukuwata para promover la educaci\u00f3n alimentaria y ambiental en nuestro colegio - 2026\" \/>\n<meta property=\"og:description\" content=\"Proyecto Seeds: la iniciativa de la Fundaci\u00f3n Chukuwata para promover la educaci\u00f3n alimentaria y ambiental en nuestro colegio Creado por: Jos\u00e9 R\u00edos Mercado. A trav\u00e9s del [\u2026]\" \/>\n<meta property=\"og:url\" content=\"https:\/\/ds-barranquilla.org\/de\/proyecto-seeds-la-iniciativa-de-la-fundacion-chukuwata-para-promover-la-educacion-alimentaria-y-ambiental-en-nuestro-colegio\/\" \/>\n<meta property=\"og:site_name\" content=\"Colegio Alem\u00e1n - Los Mejores Colegios de Colombia - Colegio Triling\u00fce\" \/>\n<meta property=\"article:publisher\" content=\"https:\/\/www.facebook.com\/ColegioAlemanBaq\/\" \/>\n<meta property=\"article:published_time\" content=\"2021-09-21T16:11:59+00:00\" \/>\n<meta property=\"article:modified_time\" content=\"2023-01-03T16:04:41+00:00\" \/>\n<meta property=\"og:image\" content=\"https:\/\/ds-barranquilla.org\/wp-content\/uploads\/2021\/09\/Fundacion-Chukuwata-Web.jpg\" \/>\n\t<meta property=\"og:image:width\" content=\"1170\" \/>\n\t<meta property=\"og:image:height\" content=\"500\" \/>\n\t<meta property=\"og:image:type\" content=\"image\/jpeg\" \/>\n<meta name=\"author\" content=\"Comunicaciones Comunicaciones\" \/>\n<meta name=\"twitter:card\" content=\"summary_large_image\" \/>\n<meta name=\"twitter:creator\" content=\"@ColegioAlemanBq\" \/>\n<meta name=\"twitter:site\" content=\"@ColegioAlemanBq\" \/>\n<meta name=\"twitter:label1\" content=\"Verfasst von\" \/>\n\t<meta name=\"twitter:data1\" content=\"Comunicaciones Comunicaciones\" \/>\n\t<meta name=\"twitter:label2\" content=\"Gesch\u00e4tzte Lesezeit\" \/>\n\t<meta name=\"twitter:data2\" content=\"3\u00a0Minuten\" \/>\n<script type=\"application\/ld+json\" class=\"yoast-schema-graph\">{\"@context\":\"https:\/\/schema.org\",\"@graph\":[{\"@type\":\"Article\",\"@id\":\"https:\/\/ds-barranquilla.org\/de\/proyecto-seeds-la-iniciativa-de-la-fundacion-chukuwata-para-promover-la-educacion-alimentaria-y-ambiental-en-nuestro-colegio\/#article\",\"isPartOf\":{\"@id\":\"https:\/\/ds-barranquilla.org\/de\/proyecto-seeds-la-iniciativa-de-la-fundacion-chukuwata-para-promover-la-educacion-alimentaria-y-ambiental-en-nuestro-colegio\/\"},\"author\":{\"name\":\"Comunicaciones Comunicaciones\",\"@id\":\"https:\/\/ds-barranquilla.org\/#\/schema\/person\/7bf8790ba89d3480e0551241ccdc8d36\"},\"headline\":\"Proyecto Seeds: la iniciativa de la Fundaci\u00f3n Chukuwata para promover la educaci\u00f3n alimentaria y ambiental en nuestro colegio\",\"datePublished\":\"2021-09-21T16:11:59+00:00\",\"dateModified\":\"2023-01-03T16:04:41+00:00\",\"mainEntityOfPage\":{\"@id\":\"https:\/\/ds-barranquilla.org\/de\/proyecto-seeds-la-iniciativa-de-la-fundacion-chukuwata-para-promover-la-educacion-alimentaria-y-ambiental-en-nuestro-colegio\/\"},\"wordCount\":473,\"commentCount\":0,\"publisher\":{\"@id\":\"https:\/\/ds-barranquilla.org\/#organization\"},\"image\":{\"@id\":\"https:\/\/ds-barranquilla.org\/de\/proyecto-seeds-la-iniciativa-de-la-fundacion-chukuwata-para-promover-la-educacion-alimentaria-y-ambiental-en-nuestro-colegio\/#primaryimage\"},\"thumbnailUrl\":\"https:\/\/ds-barranquilla.org\/wp-content\/uploads\/2021\/09\/Fundacion-Chukuwata-Web.jpg\",\"articleSection\":[\"2021\",\"Bienestar Estudiantil\",\"Kindergarten\",\"Primaria\"],\"inLanguage\":\"de\",\"potentialAction\":[{\"@type\":\"CommentAction\",\"name\":\"Comment\",\"target\":[\"https:\/\/ds-barranquilla.org\/de\/proyecto-seeds-la-iniciativa-de-la-fundacion-chukuwata-para-promover-la-educacion-alimentaria-y-ambiental-en-nuestro-colegio\/#respond\"]}]},{\"@type\":\"WebPage\",\"@id\":\"https:\/\/ds-barranquilla.org\/de\/proyecto-seeds-la-iniciativa-de-la-fundacion-chukuwata-para-promover-la-educacion-alimentaria-y-ambiental-en-nuestro-colegio\/\",\"url\":\"https:\/\/ds-barranquilla.org\/de\/proyecto-seeds-la-iniciativa-de-la-fundacion-chukuwata-para-promover-la-educacion-alimentaria-y-ambiental-en-nuestro-colegio\/\",\"name\":\"Proyecto Seeds: la iniciativa de la Fundaci\u00f3n Chukuwata para promover la educaci\u00f3n alimentaria y ambiental en nuestro colegio - 2026\",\"isPartOf\":{\"@id\":\"https:\/\/ds-barranquilla.org\/#website\"},\"primaryImageOfPage\":{\"@id\":\"https:\/\/ds-barranquilla.org\/de\/proyecto-seeds-la-iniciativa-de-la-fundacion-chukuwata-para-promover-la-educacion-alimentaria-y-ambiental-en-nuestro-colegio\/#primaryimage\"},\"image\":{\"@id\":\"https:\/\/ds-barranquilla.org\/de\/proyecto-seeds-la-iniciativa-de-la-fundacion-chukuwata-para-promover-la-educacion-alimentaria-y-ambiental-en-nuestro-colegio\/#primaryimage\"},\"thumbnailUrl\":\"https:\/\/ds-barranquilla.org\/wp-content\/uploads\/2021\/09\/Fundacion-Chukuwata-Web.jpg\",\"datePublished\":\"2021-09-21T16:11:59+00:00\",\"dateModified\":\"2023-01-03T16:04:41+00:00\",\"breadcrumb\":{\"@id\":\"https:\/\/ds-barranquilla.org\/de\/proyecto-seeds-la-iniciativa-de-la-fundacion-chukuwata-para-promover-la-educacion-alimentaria-y-ambiental-en-nuestro-colegio\/#breadcrumb\"},\"inLanguage\":\"de\",\"potentialAction\":[{\"@type\":\"ReadAction\",\"target\":[\"https:\/\/ds-barranquilla.org\/de\/proyecto-seeds-la-iniciativa-de-la-fundacion-chukuwata-para-promover-la-educacion-alimentaria-y-ambiental-en-nuestro-colegio\/\"]}]},{\"@type\":\"ImageObject\",\"inLanguage\":\"de\",\"@id\":\"https:\/\/ds-barranquilla.org\/de\/proyecto-seeds-la-iniciativa-de-la-fundacion-chukuwata-para-promover-la-educacion-alimentaria-y-ambiental-en-nuestro-colegio\/#primaryimage\",\"url\":\"https:\/\/ds-barranquilla.org\/wp-content\/uploads\/2021\/09\/Fundacion-Chukuwata-Web.jpg\",\"contentUrl\":\"https:\/\/ds-barranquilla.org\/wp-content\/uploads\/2021\/09\/Fundacion-Chukuwata-Web.jpg\",\"width\":1170,\"height\":500},{\"@type\":\"BreadcrumbList\",\"@id\":\"https:\/\/ds-barranquilla.org\/de\/proyecto-seeds-la-iniciativa-de-la-fundacion-chukuwata-para-promover-la-educacion-alimentaria-y-ambiental-en-nuestro-colegio\/#breadcrumb\",\"itemListElement\":[{\"@type\":\"ListItem\",\"position\":1,\"name\":\"Portada\",\"item\":\"https:\/\/ds-barranquilla.org\/\"},{\"@type\":\"ListItem\",\"position\":2,\"name\":\"Proyecto Seeds: la iniciativa de la Fundaci\u00f3n Chukuwata para promover la educaci\u00f3n alimentaria y ambiental en nuestro colegio\"}]},{\"@type\":\"WebSite\",\"@id\":\"https:\/\/ds-barranquilla.org\/#website\",\"url\":\"https:\/\/ds-barranquilla.org\/\",\"name\":\"Colegio Alem\u00e1n - Los Mejores Colegios de Colombia - Colegio Triling\u00fce\",\"description\":\"Colegio Alem\u00e1n  Barranquilla Colombia - Colegio Biling\u00fce - Triling\u00fce - El Mejor Colegio de Colombia\",\"publisher\":{\"@id\":\"https:\/\/ds-barranquilla.org\/#organization\"},\"potentialAction\":[{\"@type\":\"SearchAction\",\"target\":{\"@type\":\"EntryPoint\",\"urlTemplate\":\"https:\/\/ds-barranquilla.org\/?s={search_term_string}\"},\"query-input\":\"required name=search_term_string\"}],\"inLanguage\":\"de\"},{\"@type\":\"Organization\",\"@id\":\"https:\/\/ds-barranquilla.org\/#organization\",\"name\":\"Colegio Alem\u00e1n Barranquilla\",\"url\":\"https:\/\/ds-barranquilla.org\/\",\"logo\":{\"@type\":\"ImageObject\",\"inLanguage\":\"de\",\"@id\":\"https:\/\/ds-barranquilla.org\/#\/schema\/logo\/image\/\",\"url\":\"https:\/\/ds-barranquilla.org\/wp-content\/uploads\/2021\/05\/coleman_logo_2.png\",\"contentUrl\":\"https:\/\/ds-barranquilla.org\/wp-content\/uploads\/2021\/05\/coleman_logo_2.png\",\"width\":418,\"height\":307,\"caption\":\"Colegio Alem\u00e1n Barranquilla\"},\"image\":{\"@id\":\"https:\/\/ds-barranquilla.org\/#\/schema\/logo\/image\/\"},\"sameAs\":[\"https:\/\/www.facebook.com\/ColegioAlemanBaq\/\",\"https:\/\/x.com\/ColegioAlemanBq\",\"https:\/\/www.instagram.com\/colegioalemanbaq\/\",\"https:\/\/www.linkedin.com\/school\/deutsche-schule-barranquilla\/\",\"https:\/\/www.youtube.com\/channel\/UCOOGZQCVs6aYRqIWvSN5agQ\"]},{\"@type\":\"Person\",\"@id\":\"https:\/\/ds-barranquilla.org\/#\/schema\/person\/7bf8790ba89d3480e0551241ccdc8d36\",\"name\":\"Comunicaciones Comunicaciones\",\"image\":{\"@type\":\"ImageObject\",\"inLanguage\":\"de\",\"@id\":\"https:\/\/ds-barranquilla.org\/#\/schema\/person\/image\/\",\"url\":\"https:\/\/secure.gravatar.com\/avatar\/a66ba9484a4338d81d6bea750e595038?s=96&d=mm&r=g\",\"contentUrl\":\"https:\/\/secure.gravatar.com\/avatar\/a66ba9484a4338d81d6bea750e595038?s=96&d=mm&r=g\",\"caption\":\"Comunicaciones Comunicaciones\"}}]}<\/script>\n<!-- \/ Yoast SEO plugin. -->","yoast_head_json":{"title":"Proyecto Seeds: la iniciativa de la Fundaci\u00f3n Chukuwata para promover la educaci\u00f3n alimentaria y ambiental en nuestro colegio - 2026","robots":{"index":"noindex","follow":"follow","max-snippet":"max-snippet:-1","max-image-preview":"max-image-preview:large","max-video-preview":"max-video-preview:-1"},"og_locale":"de_DE","og_type":"article","og_title":"Proyecto Seeds: la iniciativa de la Fundaci\u00f3n Chukuwata para promover la educaci\u00f3n alimentaria y ambiental en nuestro colegio - 2026","og_description":"Proyecto Seeds: la iniciativa de la Fundaci\u00f3n Chukuwata para promover la educaci\u00f3n alimentaria y ambiental en nuestro colegio Creado por: Jos\u00e9 R\u00edos Mercado. A trav\u00e9s del [\u2026]","og_url":"https:\/\/ds-barranquilla.org\/de\/proyecto-seeds-la-iniciativa-de-la-fundacion-chukuwata-para-promover-la-educacion-alimentaria-y-ambiental-en-nuestro-colegio\/","og_site_name":"Colegio Alem\u00e1n - Los Mejores Colegios de Colombia - Colegio Triling\u00fce","article_publisher":"https:\/\/www.facebook.com\/ColegioAlemanBaq\/","article_published_time":"2021-09-21T16:11:59+00:00","article_modified_time":"2023-01-03T16:04:41+00:00","og_image":[{"width":1170,"height":500,"url":"https:\/\/ds-barranquilla.org\/wp-content\/uploads\/2021\/09\/Fundacion-Chukuwata-Web.jpg","type":"image\/jpeg"}],"author":"Comunicaciones Comunicaciones","twitter_card":"summary_large_image","twitter_creator":"@ColegioAlemanBq","twitter_site":"@ColegioAlemanBq","twitter_misc":{"Verfasst von":"Comunicaciones Comunicaciones","Gesch\u00e4tzte Lesezeit":"3\u00a0Minuten"},"schema":{"@context":"https:\/\/schema.org","@graph":[{"@type":"Article","@id":"https:\/\/ds-barranquilla.org\/de\/proyecto-seeds-la-iniciativa-de-la-fundacion-chukuwata-para-promover-la-educacion-alimentaria-y-ambiental-en-nuestro-colegio\/#article","isPartOf":{"@id":"https:\/\/ds-barranquilla.org\/de\/proyecto-seeds-la-iniciativa-de-la-fundacion-chukuwata-para-promover-la-educacion-alimentaria-y-ambiental-en-nuestro-colegio\/"},"author":{"name":"Comunicaciones Comunicaciones","@id":"https:\/\/ds-barranquilla.org\/#\/schema\/person\/7bf8790ba89d3480e0551241ccdc8d36"},"headline":"Proyecto Seeds: la iniciativa de la Fundaci\u00f3n Chukuwata para promover la educaci\u00f3n alimentaria y ambiental en nuestro colegio","datePublished":"2021-09-21T16:11:59+00:00","dateModified":"2023-01-03T16:04:41+00:00","mainEntityOfPage":{"@id":"https:\/\/ds-barranquilla.org\/de\/proyecto-seeds-la-iniciativa-de-la-fundacion-chukuwata-para-promover-la-educacion-alimentaria-y-ambiental-en-nuestro-colegio\/"},"wordCount":473,"commentCount":0,"publisher":{"@id":"https:\/\/ds-barranquilla.org\/#organization"},"image":{"@id":"https:\/\/ds-barranquilla.org\/de\/proyecto-seeds-la-iniciativa-de-la-fundacion-chukuwata-para-promover-la-educacion-alimentaria-y-ambiental-en-nuestro-colegio\/#primaryimage"},"thumbnailUrl":"https:\/\/ds-barranquilla.org\/wp-content\/uploads\/2021\/09\/Fundacion-Chukuwata-Web.jpg","articleSection":["2021","Bienestar Estudiantil","Kindergarten","Primaria"],"inLanguage":"de","potentialAction":[{"@type":"CommentAction","name":"Comment","target":["https:\/\/ds-barranquilla.org\/de\/proyecto-seeds-la-iniciativa-de-la-fundacion-chukuwata-para-promover-la-educacion-alimentaria-y-ambiental-en-nuestro-colegio\/#respond"]}]},{"@type":"WebPage","@id":"https:\/\/ds-barranquilla.org\/de\/proyecto-seeds-la-iniciativa-de-la-fundacion-chukuwata-para-promover-la-educacion-alimentaria-y-ambiental-en-nuestro-colegio\/","url":"https:\/\/ds-barranquilla.org\/de\/proyecto-seeds-la-iniciativa-de-la-fundacion-chukuwata-para-promover-la-educacion-alimentaria-y-ambiental-en-nuestro-colegio\/","name":"Proyecto Seeds: la iniciativa de la Fundaci\u00f3n Chukuwata para promover la educaci\u00f3n alimentaria y ambiental en nuestro colegio - 2026","isPartOf":{"@id":"https:\/\/ds-barranquilla.org\/#website"},"primaryImageOfPage":{"@id":"https:\/\/ds-barranquilla.org\/de\/proyecto-seeds-la-iniciativa-de-la-fundacion-chukuwata-para-promover-la-educacion-alimentaria-y-ambiental-en-nuestro-colegio\/#primaryimage"},"image":{"@id":"https:\/\/ds-barranquilla.org\/de\/proyecto-seeds-la-iniciativa-de-la-fundacion-chukuwata-para-promover-la-educacion-alimentaria-y-ambiental-en-nuestro-colegio\/#primaryimage"},"thumbnailUrl":"https:\/\/ds-barranquilla.org\/wp-content\/uploads\/2021\/09\/Fundacion-Chukuwata-Web.jpg","datePublished":"2021-09-21T16:11:59+00:00","dateModified":"2023-01-03T16:04:41+00:00","breadcrumb":{"@id":"https:\/\/ds-barranquilla.org\/de\/proyecto-seeds-la-iniciativa-de-la-fundacion-chukuwata-para-promover-la-educacion-alimentaria-y-ambiental-en-nuestro-colegio\/#breadcrumb"},"inLanguage":"de","potentialAction":[{"@type":"ReadAction","target":["https:\/\/ds-barranquilla.org\/de\/proyecto-seeds-la-iniciativa-de-la-fundacion-chukuwata-para-promover-la-educacion-alimentaria-y-ambiental-en-nuestro-colegio\/"]}]},{"@type":"ImageObject","inLanguage":"de","@id":"https:\/\/ds-barranquilla.org\/de\/proyecto-seeds-la-iniciativa-de-la-fundacion-chukuwata-para-promover-la-educacion-alimentaria-y-ambiental-en-nuestro-colegio\/#primaryimage","url":"https:\/\/ds-barranquilla.org\/wp-content\/uploads\/2021\/09\/Fundacion-Chukuwata-Web.jpg","contentUrl":"https:\/\/ds-barranquilla.org\/wp-content\/uploads\/2021\/09\/Fundacion-Chukuwata-Web.jpg","width":1170,"height":500},{"@type":"BreadcrumbList","@id":"https:\/\/ds-barranquilla.org\/de\/proyecto-seeds-la-iniciativa-de-la-fundacion-chukuwata-para-promover-la-educacion-alimentaria-y-ambiental-en-nuestro-colegio\/#breadcrumb","itemListElement":[{"@type":"ListItem","position":1,"name":"Portada","item":"https:\/\/ds-barranquilla.org\/"},{"@type":"ListItem","position":2,"name":"Proyecto Seeds: la iniciativa de la Fundaci\u00f3n Chukuwata para promover la educaci\u00f3n alimentaria y ambiental en nuestro colegio"}]},{"@type":"WebSite","@id":"https:\/\/ds-barranquilla.org\/#website","url":"https:\/\/ds-barranquilla.org\/","name":"Colegio Alem\u00e1n - Los Mejores Colegios de Colombia - Colegio Triling\u00fce","description":"Colegio Alem\u00e1n  Barranquilla Colombia - Colegio Biling\u00fce - Triling\u00fce - El Mejor Colegio de Colombia","publisher":{"@id":"https:\/\/ds-barranquilla.org\/#organization"},"potentialAction":[{"@type":"SearchAction","target":{"@type":"EntryPoint","urlTemplate":"https:\/\/ds-barranquilla.org\/?s={search_term_string}"},"query-input":"required name=search_term_string"}],"inLanguage":"de"},{"@type":"Organization","@id":"https:\/\/ds-barranquilla.org\/#organization","name":"Colegio Alem\u00e1n Barranquilla","url":"https:\/\/ds-barranquilla.org\/","logo":{"@type":"ImageObject","inLanguage":"de","@id":"https:\/\/ds-barranquilla.org\/#\/schema\/logo\/image\/","url":"https:\/\/ds-barranquilla.org\/wp-content\/uploads\/2021\/05\/coleman_logo_2.png","contentUrl":"https:\/\/ds-barranquilla.org\/wp-content\/uploads\/2021\/05\/coleman_logo_2.png","width":418,"height":307,"caption":"Colegio Alem\u00e1n Barranquilla"},"image":{"@id":"https:\/\/ds-barranquilla.org\/#\/schema\/logo\/image\/"},"sameAs":["https:\/\/www.facebook.com\/ColegioAlemanBaq\/","https:\/\/x.com\/ColegioAlemanBq","https:\/\/www.instagram.com\/colegioalemanbaq\/","https:\/\/www.linkedin.com\/school\/deutsche-schule-barranquilla\/","https:\/\/www.youtube.com\/channel\/UCOOGZQCVs6aYRqIWvSN5agQ"]},{"@type":"Person","@id":"https:\/\/ds-barranquilla.org\/#\/schema\/person\/7bf8790ba89d3480e0551241ccdc8d36","name":"Comunicaciones Comunicaciones","image":{"@type":"ImageObject","inLanguage":"de","@id":"https:\/\/ds-barranquilla.org\/#\/schema\/person\/image\/","url":"https:\/\/secure.gravatar.com\/avatar\/a66ba9484a4338d81d6bea750e595038?s=96&d=mm&r=g","contentUrl":"https:\/\/secure.gravatar.com\/avatar\/a66ba9484a4338d81d6bea750e595038?s=96&d=mm&r=g","caption":"Comunicaciones Comunicaciones"}}]}},"_links":{"self":[{"href":"https:\/\/ds-barranquilla.org\/de\/wp-json\/wp\/v2\/posts\/8349"}],"collection":[{"href":"https:\/\/ds-barranquilla.org\/de\/wp-json\/wp\/v2\/posts"}],"about":[{"href":"https:\/\/ds-barranquilla.org\/de\/wp-json\/wp\/v2\/types\/post"}],"author":[{"embeddable":true,"href":"https:\/\/ds-barranquilla.org\/de\/wp-json\/wp\/v2\/users\/16"}],"replies":[{"embeddable":true,"href":"https:\/\/ds-barranquilla.org\/de\/wp-json\/wp\/v2\/comments?post=8349"}],"version-history":[{"count":1,"href":"https:\/\/ds-barranquilla.org\/de\/wp-json\/wp\/v2\/posts\/8349\/revisions"}],"predecessor-version":[{"id":8355,"href":"https:\/\/ds-barranquilla.org\/de\/wp-json\/wp\/v2\/posts\/8349\/revisions\/8355"}],"wp:featuredmedia":[{"embeddable":true,"href":"https:\/\/ds-barranquilla.org\/de\/wp-json\/wp\/v2\/media\/8351"}],"wp:attachment":[{"href":"https:\/\/ds-barranquilla.org\/de\/wp-json\/wp\/v2\/media?parent=8349"}],"wp:term":[{"taxonomy":"category","embeddable":true,"href":"https:\/\/ds-barranquilla.org\/de\/wp-json\/wp\/v2\/categories?post=8349"},{"taxonomy":"post_tag","embeddable":true,"href":"https:\/\/ds-barranquilla.org\/de\/wp-json\/wp\/v2\/tags?post=8349"}],"curies":[{"name":"wp","href":"https:\/\/api.w.org\/{rel}","templated":true}]}}