{"id":8356,"date":"2021-09-21T15:54:27","date_gmt":"2021-09-21T20:54:27","guid":{"rendered":"https:\/\/ds-barranquilla.org\/?p=8356"},"modified":"2022-12-07T11:44:05","modified_gmt":"2022-12-07T16:44:05","slug":"la-brillante-trayectoria-de-yunia-arrieta-como-bibliotecaria-de-nuestro-colegio","status":"publish","type":"post","link":"https:\/\/ds-barranquilla.org\/de\/la-brillante-trayectoria-de-yunia-arrieta-como-bibliotecaria-de-nuestro-colegio\/","title":{"rendered":"Die gl\u00e4nzende Laufbahn von Yunia Arrieta als Bibliothekarin unserer Schule"},"content":{"rendered":"<h1><strong>Die gl\u00e4nzende Laufbahn von Yunia Arrieta als Bibliothekarin unserer Schule<\/strong><\/h1>\n<p><strong>Journalistische Arbeit: Luc\u00eda Robles. Bearbeitet von: Jos\u00e9 R\u00edos Mercado.<\/strong> In einem Punkt sind sich alle, die unsere Bibliothek der Deutschen Schule Barranquilla kennen, einig: Es ist ein besonderer Ort, an dem alle Stereotype verfallen und der f\u00fcr jede Feierlichkeit der Schule toll geschm\u00fcckt wird. Hier passieren immer viele wunderbare Dinge voller Magie, die direkt aus den B\u00fcchern entschl\u00fcpft.<\/p>\n<p>Das ist wohl das gro\u00dfe Verm\u00e4chtnis unserer Bibliothekarin Yunia Arrieta, die sich nach 25 Jahren an unserer Schule in ihre wohlverdiente Rente verabschiedet. Sie hat es geschafft, einen Ort, der fr\u00fcher von den Sch\u00fcler*innen gemieden wurde, weil sie dort immer als Strafe f\u00fcr irgendeinen Streich zu Stille und Schweigen verdonnert wurden, in einen Ort zu verwandeln, an dem sie in die unz\u00e4hligen Abenteuer der B\u00fccher eintauchen und so ihrer Kreativit\u00e4t und Fantasie freien Lauf lassen konnten.<\/p>\n<p>Zum Anlass ihres Abschiedes haben wir noch einmal mit ihr gesprochen, um mehr \u00fcber ihren Werdegang, ihre Anekdoten, Erinnerungen, Ideen und Zukunftspl\u00e4ne zu sprechen.<\/p>\n<p><strong>Wer ist Yunia Arrieta?<\/strong><\/p>\n<p>Mein vollst\u00e4ndiger Name ist Yunia Liceth Arrieta Escobar, ich bin in Barranquilla geboren und habe an der Universidad de la Costa (CUC) Administration und Finanzwesen studiert. Ich bin die \u00c4lteste von neun Geschwistern und bin bei meinen mittlerweile verstorbenen Gro\u00dfeltern v\u00e4terlicherseits aufgewachsen. Gemeinsam mit meinen Geschwistern, Cousins und Cousinen sind wir in einem sehr gro\u00dfen Haus aufgewachsen. Ich bin seit 34 Jahren mit Guillermo Simmonds verheiratet, Allgemeinmediziner der Universidad Metropolitana und Spezialist in Arbeitssicherheit. Gemeinsam haben wir drei T\u00f6chter: Andrea, Alisson (Absolventin des Jahrganges 2007) und Ang\u00e9lica (Absolventin des Jahrganges 2014).<\/p>\n<p>Andrea hat an der Universidad del Norte ihren Abschluss in Bildung und Erziehung im Kindesalter gemacht und ist mittlerweile Kinderg\u00e4rtnerin. Sie hat zwei T\u00f6chter: Amelia und Olivia. Amelia ist gerade in die Kinderkrippe gekommen. Alisson hat an der deutschen Hochschule Niederrhein Produktdesign studiert und hat eine Tochter namens Luna. Ang\u00e9lica studiert Biologie an der Universit\u00e4t in Kiel.<\/p>\n<p>Ich w\u00fcrde mich als eine fr\u00f6hliche Person bezeichnen, der ihre Arbeit sehr wichtig ist. Ich bin zudem standhaft, organisiert und solidarisch. Die Leidenschaft und die Liebe zu dem, was ich tue sind mein t\u00e4glicher Antrieb. Sie haben mich dazu gebracht, meine Projekte in Privatleben, Familie und Arbeit voranzubringen. Ich bin der \u00dcberzeugung, dass die Arbeit mit Kindern und Jugendlichen ein wundervolles Geschenk ist, von dem man so viel Lohnenswertes lernen kann. Ich glaube au\u00dferdem, dass die Arbeit gemeinsam im Team zu den besten Ergebnissen f\u00fchrt, mit denen man das Beste weitergeben kann.<\/p>\n<p>Zu meinen Hobbies geh\u00f6ren Lesen, Tanzen, Sport, Serien schauen, mich mit meinen Freundinnen treffen und gemeinsam \u00fcber alles zu reden und zu lachen, G\u00e4rtnern, Reisen, um andere Kulturen und Menschen kennen zu lernen, Miniaturkrippen sammeln, die Zeit mit meiner Familie und meinen Nichten genie\u00dfen und an meinem pers\u00f6nlichen Wachstum zu arbeiten.\u00a0<\/p>\n<p><strong>Was hat dich an die Deutsche Schule Barranquilla gebracht?<\/strong><\/p>\n<p>Ich bin 1995 an die Schule gekommen, um meine Freundin Aura Name in ihrer Elternzeit als Schulsekret\u00e4rin zu vertreten. Als ich das beendet hatte, kam der damalige Schulleiter, Severino Lobo, auf mich zu und sagte mir, ich solle meinen Lebenslauf dalassen, da eine neue Stelle frei w\u00fcrde. Ich fragte ihn, f\u00fcr welchen Bereich, wobei ich mir eigentlich sicher war, dass es f\u00fcr die Verwaltung w\u00e4re. Da sagte er mir, dass es um die Stelle der Bibliothekarin ging. Ich sagte ihm daraufhin, dass ich keine Ahnung h\u00e4tte, was man in einer Bibliothek machen muss und fragte, warum er an mich dachte. Er sagte zu mir: \u201eIch m\u00f6chte jemanden in der Bibliothek haben, der Kinder gerne hat.\u201c<\/p>\n<p>Er sagte mir also, ich solle mich in diesem Bereich weiterbilden und informieren, weil er mich f\u00fcr die Stelle haben wollte. So begann mein Interesse an der wunderbaren Welt der Bibliotheken und B\u00fccher. Am 15. Januar 1996 habe ich voller Freude als Bibliothekarin an der Schule angefangen. Ein einzigartiger Ort, mit einer tollen Verwaltungsleiterin, Frau Amparo de Molina, die mich bei allem unterst\u00fctzt hat.<\/p>\n<p><strong>Wie war die Bibliothek vor deiner Ankunft?<\/strong><\/p>\n<p>Ich kann nicht sagen, wie es vor meiner Ankunft war, aber ich kann mich daran erinnern, dass die alte Bibliothek in den ehemaligen R\u00e4umlichkeiten gro\u00df und bis zur Decke mit verschlossen Schr\u00e4nken gef\u00fcllt war. Ich erinnere mich noch ganz genau an meinen ersten Tag: Ich bekam einen Beutel mit vielen Schl\u00fcsseln und fragte: \u201eUnd was muss ich tun?\u201c Und \u201aAmparito\u2018 sagte mir: \u201eSchlie\u00df die Schr\u00e4nke ab und pass auf, dass die B\u00fccher nicht verloren gehen.\u201c<\/p>\n<p>Ich war sprachlos! Das war der Beginn einer magischen Arbeit, die es mir erm\u00f6glichte, jeden Tag neues zu erschaffen und mich neu zu erfinden. Die Schule gab mir die M\u00f6glichkeit, mich weiterzuentwickeln, mich auf diese gro\u00dfe Herausforderung vorzubereiten, und so begann ich, alles zu dar\u00fcber zu lernen, was mit der Bibliotheksarbeit zu tun hat. Ich habe Diplomlehrg\u00e4nge in Bibliotheksmanagement und Lesef\u00f6rderung absolviert, um mich auf dem Laufenden zu halten. Ich ging auch Kooperationen mit Verlagen ein, die meine Ideen und sp\u00e4ter auch die Projekte unterst\u00fctzten.<\/p>\n<p>Ich begann, die Buchmesse in Bogot\u00e1, Literaturkonferenzen und sp\u00e4ter auch das Buch- und Kulturfestival in Medell\u00edn zu besuchen. Alles, was ich zu Kinder- und Jugendliteratur gesehen habe, habe ich in der Bibliothek umgesetzt. So f\u00fcllte sie sich St\u00fcck f\u00fcr St\u00fcck mit Leben, und zwar jedes Mal mit einer neuen Auswahl an B\u00fcchern. Die Kinder kamen nicht mehr nur, um ihre Hausaufgaben zu machen, sondern um zu lesen, was zu meinem Hauptanliegen wurde.\u00a0<\/p>\n<p><strong>Wie haben sich Projekte wie der Buchclub, die Woche der Bibliothek, die Buchmesse, Karneval, Ostern und das bikulturelle Weihnachten verwirklichen lassen?<\/strong><\/p>\n<p>All diese Projekte ergaben sich mit der Zeit, aus meinem Wunsch, die Bibliothek zu einem Ort zu machen, der zum Lesen, Forschen und Hausaufgaben machen einl\u00e4dt, oder auch einfach die Kinder und Besuche in ihre Welt eintauchen l\u00e4sst. So ist der Buchclub entstanden. Er hat 1997 mit den Sch\u00fcler*innen der Oberstufe und den B\u00fcchern zu der Serie \u201aEscalofr\u00edos\u2018 von dem Normas Verlag angefangen. Wir haben uns einmal die Woche getroffen und St\u00fcck f\u00fcr St\u00fcck haben sich Gruppen gebildet, bis er zu einer der beliebtesten AGs der Grundschule und sp\u00e4ter auch der Oberstufe wurde.<\/p>\n<p>Von da an war es einer meiner Tr\u00e4ume, einen Buchclub f\u00fcr Eltern, Ehemalige und Angestellte zu gr\u00fcnden. Diese neue Tendenz der Bibliothek zeichnete sich schnell ab. Ich wollte diese \u201ewunderbare Welt\u201c der B\u00fccher nach au\u00dfen bringen. Dazu musste ich die Kinder- und Jugendliteratur genau kennen und erforschen, was mir viel Spa\u00df macht, um sie pr\u00e4sentieren und das Interesse anderer erwecken zu k\u00f6nnen. Von jeder Buchmesse in Bogot\u00e1 kehrte ich mit neuen Ideen und Projekten zur\u00fcck, wie z. B. der Woche der Bibliothek, in Zusammenarbeit mit der Spanischabteilung. Es war als w\u00fcrde ich etwas von der Messe in Bogot\u00e1 direkt in die Bibliothek mitbringen: Leseworkshops, Treffen mit Schriftsteller*innen, Spiele und Handpuppen.<\/p>\n<p>Jedes Jahr fand ein Fest der Worte statt, zu dem alle eingeladen waren. Dann kam der bikulturelle Karneval zum Kultur- und Karnevalsprojekt hinzu, das von CAS-Sch\u00fcler*innen begleitet wurde. Sp\u00e4ter kamen Ostern und das bikulturelle Weihnachtsfest hinzu, um deutsche Traditionen widerzuspiegeln, auch mit Unterst\u00fctzung der CAS- und Austauschsch\u00fcler*innen. Unsere Gro\u00dfeltern sind und werden immer diejenigen sein, die die m\u00fcndlichen \u00dcberlieferungen am besten erz\u00e4hlen, deshalb waren sie in unserer Bibliothek besondere G\u00e4ste beim Buchclub am Nachmittag, der immer ein lang ersehntes Treffen war!<\/p>\n<p>Auch die Feiern zum Muttertag mit den Kindern aus den AGs waren immer etwas Besonderes. Die M\u00fctter erz\u00e4hlten M\u00e4rchen es gab ein gemeinsames Kaffeekr\u00e4nzchen.\u00a0<\/p>\n<p><strong>Was f\u00fcr Anekdoten kannst du aus deinem Leben als Bibliothekarin erz\u00e4hlen?<\/strong><\/p>\n<p>Ich w\u00fcrde sie nicht Anekdoten nennen, eher unvergessliche Momente.<\/p>\n<ul>\n<li>Mein erster Arbeitstag und wie die Sch\u00fcler*innen in die Bibliothek kamen, um mich kennen zu lernen.<\/li>\n<li>Der Standortwechsel und die neue Bibliothek, bei deren Bau das im Fokus stand, was ich entwickeln wollte: ein Raum f\u00fcr Kreativit\u00e4t.<\/li>\n<li>Die ersten Buchclubs.<\/li>\n<li>Meine erste \u201eWoche der Bibliothek\u201c<\/li>\n<li>Die Nachmittage mit den Gro\u00dfeltern.<\/li>\n<li>Die ersten Workshops f\u00fcr die Eltern.<\/li>\n<li>Als ich zum Anlass des hundertj\u00e4hrigen Bestehens der Deutschen Schule Barranquilla Karnevalsprinzessin war.<\/li>\n<li>Wie die Bibliothek zum hundertsten Geburtstag der Schule in ein Museum verwandelt wurde.<\/li>\n<li>Die Kaffeekr\u00e4nzchen f\u00fcr die gemeinsamen Buchclubs.<\/li>\n<li>Die Abschl\u00fcsse meiner T\u00f6chter.<\/li>\n<\/ul>\n<p><strong>Was sind die wichtigsten Lektionen, die du aus deiner Zeit an der Schule mitnimmst?<\/strong><\/p>\n<ul>\n<li>Die Erf\u00fcllung jeder einzelnen Herausforderung, um eine Bibliothek mit verschiedenen Bereichen zu schaffen, in der sich die Gemeinschaft in jeder Ecke, die sie finden kann, wohl f\u00fchlt.<\/li>\n<li>Die Motivation, Neues zu schaffen und mich selbst neu zu erfinden.<\/li>\n<li>Die Freude an der Entwicklung neuer Aktivit\u00e4ten und Projekte.<\/li>\n<li>Ich habe gelernt, im Team zu arbeiten und die Arbeit jeder einzelnen Person zu akzeptieren und wertzusch\u00e4tzen, um Tr\u00e4ume und W\u00fcnsche voranzubringen.<\/li>\n<li>Dass das Leben mir die M\u00f6glichkeit gegeben hat, an einem besonderen Ort mit wunderbaren Menschen zusammenzuarbeiten, die mir ein gl\u00fcckliches Leben bereitet haben.<\/li>\n<\/ul>\n<p><strong>Was wirst du am meisten von der Schule vermissen?<\/strong><\/p>\n<ul>\n<li>Definitiv die Kinder, die \u00fcber die ganze Zeit mein Antrieb waren. Ich habe die Aktivit\u00e4ten immer sehr genossen und bin mir sicher, sie auch.<\/li>\n<li>Die morgendlichen Spazierg\u00e4nge \u00fcber den Sportplatz, wo ich ganz f\u00fcr mich war und Gott f\u00fcr all meine Segen danken konnte.<\/li>\n<li>Die Pausen und die Gespr\u00e4che mit den Vorlesenden.<\/li>\n<li>Meine Kolleg*innen, die mir den Tag vers\u00fc\u00dft haben.<\/li>\n<li>Die Besuche von Eltern auf der Suche nach einem guten Buch.<\/li>\n<li>Meine liebe Omaira Acu\u00f1a, die mich mit ihrem L\u00e4cheln, ihrer Blume am Ohr und ihrer aufmerksamen Art immer mit Freude angesteckt hat.<\/li>\n<li>Die Mittagessen mit meinen Freundinnen auf der Plattform, die immer in Lachen geendet haben.\u00a0<\/li>\n<\/ul>\n<p><strong>Welche Pl\u00e4ne hast du f\u00fcr diesen neuen Abschnitt?<\/strong><\/p>\n<p>Erst einmal bin ich dankbar f\u00fcr diese Zeit, die nun beginnt. Ich m\u00f6chte reisen, die Zeit mit meiner Familie und meinen drei Nichten genie\u00dfen und Zeit f\u00fcr mein pers\u00f6nliches Wachstum nutzen. Immer mit offenen Armen f\u00fcr alle Segen, die Gott f\u00fcr mich und meine Familie bereith\u00e4lt. Danke, danke, danke, Deutsche Schule Barranquilla, f\u00fcr diese 25 Jahre voller Lernen, Freundschaften, die in meinem Herzen verewigt sind und Kolleg*innen, die mich auf ihre eigene Art immer dazu motiviert haben, f\u00fcr meine Tr\u00e4ume zu k\u00e4mpfen. Ich verabschiede mich gl\u00fccklich, zufrieden und mit sch\u00f6nen Erinnerungen, dank derer ich immer weiter tr\u00e4umen kann.<\/p>\n<p><a href=\"https:\/\/ds-barranquilla.org\/wp-content\/uploads\/2021\/09\/24938278875_eeb7c2142e_h.jpg\"><img fetchpriority=\"high\" decoding=\"async\" class=\"alignnone size-medium wp-image-8358\" src=\"https:\/\/ds-barranquilla.org\/wp-content\/uploads\/2021\/09\/24938278875_eeb7c2142e_h-300x212.jpg\" alt=\"\" width=\"300\" height=\"212\" srcset=\"https:\/\/ds-barranquilla.org\/wp-content\/uploads\/2021\/09\/24938278875_eeb7c2142e_h-300x212.jpg 300w, https:\/\/ds-barranquilla.org\/wp-content\/uploads\/2021\/09\/24938278875_eeb7c2142e_h-800x565.jpg 800w, https:\/\/ds-barranquilla.org\/wp-content\/uploads\/2021\/09\/24938278875_eeb7c2142e_h-1024x724.jpg 1024w, https:\/\/ds-barranquilla.org\/wp-content\/uploads\/2021\/09\/24938278875_eeb7c2142e_h-768x543.jpg 768w, https:\/\/ds-barranquilla.org\/wp-content\/uploads\/2021\/09\/24938278875_eeb7c2142e_h-50x35.jpg 50w, https:\/\/ds-barranquilla.org\/wp-content\/uploads\/2021\/09\/24938278875_eeb7c2142e_h-150x106.jpg 150w, https:\/\/ds-barranquilla.org\/wp-content\/uploads\/2021\/09\/24938278875_eeb7c2142e_h-71x50.jpg 71w, https:\/\/ds-barranquilla.org\/wp-content\/uploads\/2021\/09\/24938278875_eeb7c2142e_h-64x45.jpg 64w, https:\/\/ds-barranquilla.org\/wp-content\/uploads\/2021\/09\/24938278875_eeb7c2142e_h.jpg 1422w\" sizes=\"(max-width:767px) 300px, 300px\" \/><\/a><a href=\"https:\/\/ds-barranquilla.org\/wp-content\/uploads\/2021\/09\/15161981584_64d6791589_c.jpg\"><img decoding=\"async\" class=\"alignnone size-medium wp-image-8359\" src=\"https:\/\/ds-barranquilla.org\/wp-content\/uploads\/2021\/09\/15161981584_64d6791589_c-300x189.jpg\" alt=\"\" width=\"300\" height=\"189\" srcset=\"https:\/\/ds-barranquilla.org\/wp-content\/uploads\/2021\/09\/15161981584_64d6791589_c-300x189.jpg 300w, https:\/\/ds-barranquilla.org\/wp-content\/uploads\/2021\/09\/15161981584_64d6791589_c-600x379.jpg 600w, https:\/\/ds-barranquilla.org\/wp-content\/uploads\/2021\/09\/15161981584_64d6791589_c-768x485.jpg 768w, https:\/\/ds-barranquilla.org\/wp-content\/uploads\/2021\/09\/15161981584_64d6791589_c-50x32.jpg 50w, https:\/\/ds-barranquilla.org\/wp-content\/uploads\/2021\/09\/15161981584_64d6791589_c-150x95.jpg 150w, https:\/\/ds-barranquilla.org\/wp-content\/uploads\/2021\/09\/15161981584_64d6791589_c.jpg 800w, https:\/\/ds-barranquilla.org\/wp-content\/uploads\/2021\/09\/15161981584_64d6791589_c-79x50.jpg 79w, https:\/\/ds-barranquilla.org\/wp-content\/uploads\/2021\/09\/15161981584_64d6791589_c-64x40.jpg 64w\" sizes=\"(max-width:767px) 300px, 300px\" \/><\/a><a href=\"https:\/\/ds-barranquilla.org\/wp-content\/uploads\/2021\/09\/24307695174_ee5358487e_h.jpg\"><img decoding=\"async\" class=\"alignnone size-medium wp-image-8360\" src=\"https:\/\/ds-barranquilla.org\/wp-content\/uploads\/2021\/09\/24307695174_ee5358487e_h-300x208.jpg\" alt=\"\" width=\"300\" height=\"208\" srcset=\"https:\/\/ds-barranquilla.org\/wp-content\/uploads\/2021\/09\/24307695174_ee5358487e_h-300x208.jpg 300w, https:\/\/ds-barranquilla.org\/wp-content\/uploads\/2021\/09\/24307695174_ee5358487e_h-800x554.jpg 800w, https:\/\/ds-barranquilla.org\/wp-content\/uploads\/2021\/09\/24307695174_ee5358487e_h-1024x708.jpg 1024w, https:\/\/ds-barranquilla.org\/wp-content\/uploads\/2021\/09\/24307695174_ee5358487e_h-768x531.jpg 768w, https:\/\/ds-barranquilla.org\/wp-content\/uploads\/2021\/09\/24307695174_ee5358487e_h-1536x1063.jpg 1536w, https:\/\/ds-barranquilla.org\/wp-content\/uploads\/2021\/09\/24307695174_ee5358487e_h-50x35.jpg 50w, https:\/\/ds-barranquilla.org\/wp-content\/uploads\/2021\/09\/24307695174_ee5358487e_h-150x104.jpg 150w, https:\/\/ds-barranquilla.org\/wp-content\/uploads\/2021\/09\/24307695174_ee5358487e_h-72x50.jpg 72w, https:\/\/ds-barranquilla.org\/wp-content\/uploads\/2021\/09\/24307695174_ee5358487e_h-64x44.jpg 64w, https:\/\/ds-barranquilla.org\/wp-content\/uploads\/2021\/09\/24307695174_ee5358487e_h.jpg 1600w\" sizes=\"(max-width:767px) 300px, 300px\" \/><\/a><a href=\"https:\/\/ds-barranquilla.org\/wp-content\/uploads\/2021\/09\/14935825023_0c4da10917_b.jpg\"><img loading=\"lazy\" decoding=\"async\" class=\"alignnone size-medium wp-image-8361\" src=\"https:\/\/ds-barranquilla.org\/wp-content\/uploads\/2021\/09\/14935825023_0c4da10917_b-300x225.jpg\" alt=\"\" width=\"300\" height=\"225\" srcset=\"https:\/\/ds-barranquilla.org\/wp-content\/uploads\/2021\/09\/14935825023_0c4da10917_b-300x225.jpg 300w, https:\/\/ds-barranquilla.org\/wp-content\/uploads\/2021\/09\/14935825023_0c4da10917_b-800x599.jpg 800w, https:\/\/ds-barranquilla.org\/wp-content\/uploads\/2021\/09\/14935825023_0c4da10917_b-768x575.jpg 768w, https:\/\/ds-barranquilla.org\/wp-content\/uploads\/2021\/09\/14935825023_0c4da10917_b-50x37.jpg 50w, https:\/\/ds-barranquilla.org\/wp-content\/uploads\/2021\/09\/14935825023_0c4da10917_b-150x112.jpg 150w, https:\/\/ds-barranquilla.org\/wp-content\/uploads\/2021\/09\/14935825023_0c4da10917_b-500x375.jpg 500w, https:\/\/ds-barranquilla.org\/wp-content\/uploads\/2021\/09\/14935825023_0c4da10917_b-67x50.jpg 67w, https:\/\/ds-barranquilla.org\/wp-content\/uploads\/2021\/09\/14935825023_0c4da10917_b-64x48.jpg 64w, https:\/\/ds-barranquilla.org\/wp-content\/uploads\/2021\/09\/14935825023_0c4da10917_b.jpg 1024w\" sizes=\"(max-width:767px) 300px, 300px\" \/><\/a><\/p>","protected":false},"excerpt":{"rendered":"<p>La brillante trayectoria de Yunia Arrieta como Bibliotecaria de nuestro colegio Trabajo period\u00edstico: Luc\u00eda Robles. Editado por: Jos\u00e9 R\u00edos Mercado. Todos los que han tenido la<span class=\"excerpt-hellip\"> [\u2026]<\/span><\/p>","protected":false},"author":16,"featured_media":8357,"comment_status":"open","ping_status":"open","sticky":false,"template":"","format":"standard","meta":{"_exactmetrics_skip_tracking":false,"_exactmetrics_sitenote_active":false,"_exactmetrics_sitenote_note":"","_exactmetrics_sitenote_category":0,"_joinchat":[],"footnotes":""},"categories":[681,695],"tags":[],"class_list":["post-8356","post","type-post","status-publish","format-standard","has-post-thumbnail","hentry","category-681","category-biblioteca"],"yoast_head":"<!-- This site is optimized with the Yoast SEO plugin v23.3 - https:\/\/yoast.com\/wordpress\/plugins\/seo\/ -->\n<title>La brillante trayectoria de Yunia Arrieta como Bibliotecaria de nuestro colegio - 2026<\/title>\n<meta name=\"robots\" content=\"noindex, follow, max-snippet:-1, max-image-preview:large, max-video-preview:-1\" \/>\n<meta property=\"og:locale\" content=\"de_DE\" \/>\n<meta property=\"og:type\" content=\"article\" \/>\n<meta property=\"og:title\" content=\"La brillante trayectoria de Yunia Arrieta como Bibliotecaria de nuestro colegio - 2026\" \/>\n<meta property=\"og:description\" content=\"La brillante trayectoria de Yunia Arrieta como Bibliotecaria de nuestro colegio Trabajo period\u00edstico: Luc\u00eda Robles. Editado por: Jos\u00e9 R\u00edos Mercado. Todos los que han tenido la [\u2026]\" \/>\n<meta property=\"og:url\" content=\"https:\/\/ds-barranquilla.org\/de\/la-brillante-trayectoria-de-yunia-arrieta-como-bibliotecaria-de-nuestro-colegio\/\" \/>\n<meta property=\"og:site_name\" content=\"Colegio Alem\u00e1n - Los Mejores Colegios de Colombia - Colegio Triling\u00fce\" \/>\n<meta property=\"article:publisher\" content=\"https:\/\/www.facebook.com\/ColegioAlemanBaq\/\" \/>\n<meta property=\"article:published_time\" content=\"2021-09-21T20:54:27+00:00\" \/>\n<meta property=\"article:modified_time\" content=\"2022-12-07T16:44:05+00:00\" \/>\n<meta property=\"og:image\" content=\"https:\/\/ds-barranquilla.org\/wp-content\/uploads\/2021\/09\/Yunia-Arrieta-Web.jpg\" \/>\n\t<meta property=\"og:image:width\" content=\"1170\" \/>\n\t<meta property=\"og:image:height\" content=\"500\" \/>\n\t<meta property=\"og:image:type\" content=\"image\/jpeg\" \/>\n<meta name=\"author\" content=\"Comunicaciones Comunicaciones\" \/>\n<meta name=\"twitter:card\" content=\"summary_large_image\" \/>\n<meta name=\"twitter:creator\" content=\"@ColegioAlemanBq\" \/>\n<meta name=\"twitter:site\" content=\"@ColegioAlemanBq\" \/>\n<meta name=\"twitter:label1\" content=\"Verfasst von\" \/>\n\t<meta name=\"twitter:data1\" content=\"Comunicaciones Comunicaciones\" \/>\n\t<meta name=\"twitter:label2\" content=\"Gesch\u00e4tzte Lesezeit\" \/>\n\t<meta name=\"twitter:data2\" content=\"9\u00a0Minuten\" \/>\n<script type=\"application\/ld+json\" class=\"yoast-schema-graph\">{\"@context\":\"https:\/\/schema.org\",\"@graph\":[{\"@type\":\"Article\",\"@id\":\"https:\/\/ds-barranquilla.org\/la-brillante-trayectoria-de-yunia-arrieta-como-bibliotecaria-de-nuestro-colegio\/#article\",\"isPartOf\":{\"@id\":\"https:\/\/ds-barranquilla.org\/la-brillante-trayectoria-de-yunia-arrieta-como-bibliotecaria-de-nuestro-colegio\/\"},\"author\":{\"name\":\"Comunicaciones Comunicaciones\",\"@id\":\"https:\/\/ds-barranquilla.org\/#\/schema\/person\/7bf8790ba89d3480e0551241ccdc8d36\"},\"headline\":\"La brillante trayectoria de Yunia Arrieta como Bibliotecaria de nuestro colegio\",\"datePublished\":\"2021-09-21T20:54:27+00:00\",\"dateModified\":\"2022-12-07T16:44:05+00:00\",\"mainEntityOfPage\":{\"@id\":\"https:\/\/ds-barranquilla.org\/la-brillante-trayectoria-de-yunia-arrieta-como-bibliotecaria-de-nuestro-colegio\/\"},\"wordCount\":1848,\"commentCount\":0,\"publisher\":{\"@id\":\"https:\/\/ds-barranquilla.org\/#organization\"},\"image\":{\"@id\":\"https:\/\/ds-barranquilla.org\/la-brillante-trayectoria-de-yunia-arrieta-como-bibliotecaria-de-nuestro-colegio\/#primaryimage\"},\"thumbnailUrl\":\"https:\/\/ds-barranquilla.org\/wp-content\/uploads\/2021\/09\/Yunia-Arrieta-Web.jpg\",\"articleSection\":[\"2021\",\"Biblioteca\"],\"inLanguage\":\"de\",\"potentialAction\":[{\"@type\":\"CommentAction\",\"name\":\"Comment\",\"target\":[\"https:\/\/ds-barranquilla.org\/la-brillante-trayectoria-de-yunia-arrieta-como-bibliotecaria-de-nuestro-colegio\/#respond\"]}]},{\"@type\":\"WebPage\",\"@id\":\"https:\/\/ds-barranquilla.org\/la-brillante-trayectoria-de-yunia-arrieta-como-bibliotecaria-de-nuestro-colegio\/\",\"url\":\"https:\/\/ds-barranquilla.org\/la-brillante-trayectoria-de-yunia-arrieta-como-bibliotecaria-de-nuestro-colegio\/\",\"name\":\"La brillante trayectoria de Yunia Arrieta como Bibliotecaria de nuestro colegio - 2026\",\"isPartOf\":{\"@id\":\"https:\/\/ds-barranquilla.org\/#website\"},\"primaryImageOfPage\":{\"@id\":\"https:\/\/ds-barranquilla.org\/la-brillante-trayectoria-de-yunia-arrieta-como-bibliotecaria-de-nuestro-colegio\/#primaryimage\"},\"image\":{\"@id\":\"https:\/\/ds-barranquilla.org\/la-brillante-trayectoria-de-yunia-arrieta-como-bibliotecaria-de-nuestro-colegio\/#primaryimage\"},\"thumbnailUrl\":\"https:\/\/ds-barranquilla.org\/wp-content\/uploads\/2021\/09\/Yunia-Arrieta-Web.jpg\",\"datePublished\":\"2021-09-21T20:54:27+00:00\",\"dateModified\":\"2022-12-07T16:44:05+00:00\",\"breadcrumb\":{\"@id\":\"https:\/\/ds-barranquilla.org\/la-brillante-trayectoria-de-yunia-arrieta-como-bibliotecaria-de-nuestro-colegio\/#breadcrumb\"},\"inLanguage\":\"de\",\"potentialAction\":[{\"@type\":\"ReadAction\",\"target\":[\"https:\/\/ds-barranquilla.org\/la-brillante-trayectoria-de-yunia-arrieta-como-bibliotecaria-de-nuestro-colegio\/\"]}]},{\"@type\":\"ImageObject\",\"inLanguage\":\"de\",\"@id\":\"https:\/\/ds-barranquilla.org\/la-brillante-trayectoria-de-yunia-arrieta-como-bibliotecaria-de-nuestro-colegio\/#primaryimage\",\"url\":\"https:\/\/ds-barranquilla.org\/wp-content\/uploads\/2021\/09\/Yunia-Arrieta-Web.jpg\",\"contentUrl\":\"https:\/\/ds-barranquilla.org\/wp-content\/uploads\/2021\/09\/Yunia-Arrieta-Web.jpg\",\"width\":1170,\"height\":500},{\"@type\":\"BreadcrumbList\",\"@id\":\"https:\/\/ds-barranquilla.org\/la-brillante-trayectoria-de-yunia-arrieta-como-bibliotecaria-de-nuestro-colegio\/#breadcrumb\",\"itemListElement\":[{\"@type\":\"ListItem\",\"position\":1,\"name\":\"Portada\",\"item\":\"https:\/\/ds-barranquilla.org\/\"},{\"@type\":\"ListItem\",\"position\":2,\"name\":\"La brillante trayectoria de Yunia Arrieta como Bibliotecaria de nuestro colegio\"}]},{\"@type\":\"WebSite\",\"@id\":\"https:\/\/ds-barranquilla.org\/#website\",\"url\":\"https:\/\/ds-barranquilla.org\/\",\"name\":\"Colegio Alem\u00e1n - Los Mejores Colegios de Colombia - Colegio Triling\u00fce\",\"description\":\"Colegio Alem\u00e1n  Barranquilla Colombia - Colegio Biling\u00fce - Triling\u00fce - El Mejor Colegio de Colombia\",\"publisher\":{\"@id\":\"https:\/\/ds-barranquilla.org\/#organization\"},\"potentialAction\":[{\"@type\":\"SearchAction\",\"target\":{\"@type\":\"EntryPoint\",\"urlTemplate\":\"https:\/\/ds-barranquilla.org\/?s={search_term_string}\"},\"query-input\":\"required name=search_term_string\"}],\"inLanguage\":\"de\"},{\"@type\":\"Organization\",\"@id\":\"https:\/\/ds-barranquilla.org\/#organization\",\"name\":\"Colegio Alem\u00e1n Barranquilla\",\"url\":\"https:\/\/ds-barranquilla.org\/\",\"logo\":{\"@type\":\"ImageObject\",\"inLanguage\":\"de\",\"@id\":\"https:\/\/ds-barranquilla.org\/#\/schema\/logo\/image\/\",\"url\":\"https:\/\/ds-barranquilla.org\/wp-content\/uploads\/2021\/05\/coleman_logo_2.png\",\"contentUrl\":\"https:\/\/ds-barranquilla.org\/wp-content\/uploads\/2021\/05\/coleman_logo_2.png\",\"width\":418,\"height\":307,\"caption\":\"Colegio Alem\u00e1n Barranquilla\"},\"image\":{\"@id\":\"https:\/\/ds-barranquilla.org\/#\/schema\/logo\/image\/\"},\"sameAs\":[\"https:\/\/www.facebook.com\/ColegioAlemanBaq\/\",\"https:\/\/x.com\/ColegioAlemanBq\",\"https:\/\/www.instagram.com\/colegioalemanbaq\/\",\"https:\/\/www.linkedin.com\/school\/deutsche-schule-barranquilla\/\",\"https:\/\/www.youtube.com\/channel\/UCOOGZQCVs6aYRqIWvSN5agQ\"]},{\"@type\":\"Person\",\"@id\":\"https:\/\/ds-barranquilla.org\/#\/schema\/person\/7bf8790ba89d3480e0551241ccdc8d36\",\"name\":\"Comunicaciones Comunicaciones\",\"image\":{\"@type\":\"ImageObject\",\"inLanguage\":\"de\",\"@id\":\"https:\/\/ds-barranquilla.org\/#\/schema\/person\/image\/\",\"url\":\"https:\/\/secure.gravatar.com\/avatar\/a66ba9484a4338d81d6bea750e595038?s=96&d=mm&r=g\",\"contentUrl\":\"https:\/\/secure.gravatar.com\/avatar\/a66ba9484a4338d81d6bea750e595038?s=96&d=mm&r=g\",\"caption\":\"Comunicaciones Comunicaciones\"}}]}<\/script>\n<!-- \/ Yoast SEO plugin. -->","yoast_head_json":{"title":"La brillante trayectoria de Yunia Arrieta como Bibliotecaria de nuestro colegio - 2026","robots":{"index":"noindex","follow":"follow","max-snippet":"max-snippet:-1","max-image-preview":"max-image-preview:large","max-video-preview":"max-video-preview:-1"},"og_locale":"de_DE","og_type":"article","og_title":"La brillante trayectoria de Yunia Arrieta como Bibliotecaria de nuestro colegio - 2026","og_description":"La brillante trayectoria de Yunia Arrieta como Bibliotecaria de nuestro colegio Trabajo period\u00edstico: Luc\u00eda Robles. Editado por: Jos\u00e9 R\u00edos Mercado. Todos los que han tenido la [\u2026]","og_url":"https:\/\/ds-barranquilla.org\/de\/la-brillante-trayectoria-de-yunia-arrieta-como-bibliotecaria-de-nuestro-colegio\/","og_site_name":"Colegio Alem\u00e1n - Los Mejores Colegios de Colombia - Colegio Triling\u00fce","article_publisher":"https:\/\/www.facebook.com\/ColegioAlemanBaq\/","article_published_time":"2021-09-21T20:54:27+00:00","article_modified_time":"2022-12-07T16:44:05+00:00","og_image":[{"width":1170,"height":500,"url":"https:\/\/ds-barranquilla.org\/wp-content\/uploads\/2021\/09\/Yunia-Arrieta-Web.jpg","type":"image\/jpeg"}],"author":"Comunicaciones Comunicaciones","twitter_card":"summary_large_image","twitter_creator":"@ColegioAlemanBq","twitter_site":"@ColegioAlemanBq","twitter_misc":{"Verfasst von":"Comunicaciones Comunicaciones","Gesch\u00e4tzte Lesezeit":"9\u00a0Minuten"},"schema":{"@context":"https:\/\/schema.org","@graph":[{"@type":"Article","@id":"https:\/\/ds-barranquilla.org\/la-brillante-trayectoria-de-yunia-arrieta-como-bibliotecaria-de-nuestro-colegio\/#article","isPartOf":{"@id":"https:\/\/ds-barranquilla.org\/la-brillante-trayectoria-de-yunia-arrieta-como-bibliotecaria-de-nuestro-colegio\/"},"author":{"name":"Comunicaciones Comunicaciones","@id":"https:\/\/ds-barranquilla.org\/#\/schema\/person\/7bf8790ba89d3480e0551241ccdc8d36"},"headline":"La brillante trayectoria de Yunia Arrieta como Bibliotecaria de nuestro colegio","datePublished":"2021-09-21T20:54:27+00:00","dateModified":"2022-12-07T16:44:05+00:00","mainEntityOfPage":{"@id":"https:\/\/ds-barranquilla.org\/la-brillante-trayectoria-de-yunia-arrieta-como-bibliotecaria-de-nuestro-colegio\/"},"wordCount":1848,"commentCount":0,"publisher":{"@id":"https:\/\/ds-barranquilla.org\/#organization"},"image":{"@id":"https:\/\/ds-barranquilla.org\/la-brillante-trayectoria-de-yunia-arrieta-como-bibliotecaria-de-nuestro-colegio\/#primaryimage"},"thumbnailUrl":"https:\/\/ds-barranquilla.org\/wp-content\/uploads\/2021\/09\/Yunia-Arrieta-Web.jpg","articleSection":["2021","Biblioteca"],"inLanguage":"de","potentialAction":[{"@type":"CommentAction","name":"Comment","target":["https:\/\/ds-barranquilla.org\/la-brillante-trayectoria-de-yunia-arrieta-como-bibliotecaria-de-nuestro-colegio\/#respond"]}]},{"@type":"WebPage","@id":"https:\/\/ds-barranquilla.org\/la-brillante-trayectoria-de-yunia-arrieta-como-bibliotecaria-de-nuestro-colegio\/","url":"https:\/\/ds-barranquilla.org\/la-brillante-trayectoria-de-yunia-arrieta-como-bibliotecaria-de-nuestro-colegio\/","name":"La brillante trayectoria de Yunia Arrieta como Bibliotecaria de nuestro colegio - 2026","isPartOf":{"@id":"https:\/\/ds-barranquilla.org\/#website"},"primaryImageOfPage":{"@id":"https:\/\/ds-barranquilla.org\/la-brillante-trayectoria-de-yunia-arrieta-como-bibliotecaria-de-nuestro-colegio\/#primaryimage"},"image":{"@id":"https:\/\/ds-barranquilla.org\/la-brillante-trayectoria-de-yunia-arrieta-como-bibliotecaria-de-nuestro-colegio\/#primaryimage"},"thumbnailUrl":"https:\/\/ds-barranquilla.org\/wp-content\/uploads\/2021\/09\/Yunia-Arrieta-Web.jpg","datePublished":"2021-09-21T20:54:27+00:00","dateModified":"2022-12-07T16:44:05+00:00","breadcrumb":{"@id":"https:\/\/ds-barranquilla.org\/la-brillante-trayectoria-de-yunia-arrieta-como-bibliotecaria-de-nuestro-colegio\/#breadcrumb"},"inLanguage":"de","potentialAction":[{"@type":"ReadAction","target":["https:\/\/ds-barranquilla.org\/la-brillante-trayectoria-de-yunia-arrieta-como-bibliotecaria-de-nuestro-colegio\/"]}]},{"@type":"ImageObject","inLanguage":"de","@id":"https:\/\/ds-barranquilla.org\/la-brillante-trayectoria-de-yunia-arrieta-como-bibliotecaria-de-nuestro-colegio\/#primaryimage","url":"https:\/\/ds-barranquilla.org\/wp-content\/uploads\/2021\/09\/Yunia-Arrieta-Web.jpg","contentUrl":"https:\/\/ds-barranquilla.org\/wp-content\/uploads\/2021\/09\/Yunia-Arrieta-Web.jpg","width":1170,"height":500},{"@type":"BreadcrumbList","@id":"https:\/\/ds-barranquilla.org\/la-brillante-trayectoria-de-yunia-arrieta-como-bibliotecaria-de-nuestro-colegio\/#breadcrumb","itemListElement":[{"@type":"ListItem","position":1,"name":"Portada","item":"https:\/\/ds-barranquilla.org\/"},{"@type":"ListItem","position":2,"name":"La brillante trayectoria de Yunia Arrieta como Bibliotecaria de nuestro colegio"}]},{"@type":"WebSite","@id":"https:\/\/ds-barranquilla.org\/#website","url":"https:\/\/ds-barranquilla.org\/","name":"Colegio Alem\u00e1n - Los Mejores Colegios de Colombia - Colegio Triling\u00fce","description":"Colegio Alem\u00e1n  Barranquilla Colombia - Colegio Biling\u00fce - Triling\u00fce - El Mejor Colegio de Colombia","publisher":{"@id":"https:\/\/ds-barranquilla.org\/#organization"},"potentialAction":[{"@type":"SearchAction","target":{"@type":"EntryPoint","urlTemplate":"https:\/\/ds-barranquilla.org\/?s={search_term_string}"},"query-input":"required name=search_term_string"}],"inLanguage":"de"},{"@type":"Organization","@id":"https:\/\/ds-barranquilla.org\/#organization","name":"Colegio Alem\u00e1n Barranquilla","url":"https:\/\/ds-barranquilla.org\/","logo":{"@type":"ImageObject","inLanguage":"de","@id":"https:\/\/ds-barranquilla.org\/#\/schema\/logo\/image\/","url":"https:\/\/ds-barranquilla.org\/wp-content\/uploads\/2021\/05\/coleman_logo_2.png","contentUrl":"https:\/\/ds-barranquilla.org\/wp-content\/uploads\/2021\/05\/coleman_logo_2.png","width":418,"height":307,"caption":"Colegio Alem\u00e1n Barranquilla"},"image":{"@id":"https:\/\/ds-barranquilla.org\/#\/schema\/logo\/image\/"},"sameAs":["https:\/\/www.facebook.com\/ColegioAlemanBaq\/","https:\/\/x.com\/ColegioAlemanBq","https:\/\/www.instagram.com\/colegioalemanbaq\/","https:\/\/www.linkedin.com\/school\/deutsche-schule-barranquilla\/","https:\/\/www.youtube.com\/channel\/UCOOGZQCVs6aYRqIWvSN5agQ"]},{"@type":"Person","@id":"https:\/\/ds-barranquilla.org\/#\/schema\/person\/7bf8790ba89d3480e0551241ccdc8d36","name":"Comunicaciones Comunicaciones","image":{"@type":"ImageObject","inLanguage":"de","@id":"https:\/\/ds-barranquilla.org\/#\/schema\/person\/image\/","url":"https:\/\/secure.gravatar.com\/avatar\/a66ba9484a4338d81d6bea750e595038?s=96&d=mm&r=g","contentUrl":"https:\/\/secure.gravatar.com\/avatar\/a66ba9484a4338d81d6bea750e595038?s=96&d=mm&r=g","caption":"Comunicaciones Comunicaciones"}}]}},"_links":{"self":[{"href":"https:\/\/ds-barranquilla.org\/de\/wp-json\/wp\/v2\/posts\/8356"}],"collection":[{"href":"https:\/\/ds-barranquilla.org\/de\/wp-json\/wp\/v2\/posts"}],"about":[{"href":"https:\/\/ds-barranquilla.org\/de\/wp-json\/wp\/v2\/types\/post"}],"author":[{"embeddable":true,"href":"https:\/\/ds-barranquilla.org\/de\/wp-json\/wp\/v2\/users\/16"}],"replies":[{"embeddable":true,"href":"https:\/\/ds-barranquilla.org\/de\/wp-json\/wp\/v2\/comments?post=8356"}],"version-history":[{"count":2,"href":"https:\/\/ds-barranquilla.org\/de\/wp-json\/wp\/v2\/posts\/8356\/revisions"}],"predecessor-version":[{"id":8369,"href":"https:\/\/ds-barranquilla.org\/de\/wp-json\/wp\/v2\/posts\/8356\/revisions\/8369"}],"wp:featuredmedia":[{"embeddable":true,"href":"https:\/\/ds-barranquilla.org\/de\/wp-json\/wp\/v2\/media\/8357"}],"wp:attachment":[{"href":"https:\/\/ds-barranquilla.org\/de\/wp-json\/wp\/v2\/media?parent=8356"}],"wp:term":[{"taxonomy":"category","embeddable":true,"href":"https:\/\/ds-barranquilla.org\/de\/wp-json\/wp\/v2\/categories?post=8356"},{"taxonomy":"post_tag","embeddable":true,"href":"https:\/\/ds-barranquilla.org\/de\/wp-json\/wp\/v2\/tags?post=8356"}],"curies":[{"name":"wp","href":"https:\/\/api.w.org\/{rel}","templated":true}]}}