{"id":8363,"date":"2021-09-21T16:02:29","date_gmt":"2021-09-21T21:02:29","guid":{"rendered":"https:\/\/ds-barranquilla.org\/?p=8363"},"modified":"2023-01-03T11:01:18","modified_gmt":"2023-01-03T16:01:18","slug":"la-klasse-9-desarrollo-un-proyecto-creativo-para-geschichte-sobre-las-causas-de-la-primera-guerra-mundial","status":"publish","type":"post","link":"https:\/\/ds-barranquilla.org\/de\/la-klasse-9-desarrollo-un-proyecto-creativo-para-geschichte-sobre-las-causas-de-la-primera-guerra-mundial\/","title":{"rendered":"Kreativprojekt zu den l\u00e4ngerfristigen Ursachen des Ersten Weltkrieges (Geschichte Klasse 9)"},"content":{"rendered":"<h1><strong>Kreativprojekt zu den l\u00e4ngerfristigen Ursachen des Ersten Weltkrieges (Geschichte Klasse 9)<\/strong><\/h1>\n<p><strong>Geschrieben von: Stephan Pr\u00fcmm<\/strong> Als am 28. Juni 1914 bei seinem Staatsbesuch in Sarajewo der \u00f6sterreichische Thronfolger Erzherzog Franz Ferdinand bei einem politischen Attentat ums Leben kam, markierte dies den H\u00f6hepunkt einer angespannten internationalen Problemlage, die sich dann in der Julikrise, wie in einem Lauffeuer, zu einem Konflikt zwischen mehreren Gro\u00dfm\u00e4chten ausbreitete und schlie\u00dflich im August desselben Jahres in den Ersten Weltkrieg m\u00fcndete.<\/p>\n<p>Dass dieses Ereignis mit seinen dramatischen Folgen von \u00fcber 20 Millionen Toten sowie der\u00a0 globalen politischen und wirtschaftlichen Neuordnung, auch rezent noch Aktualit\u00e4t besitzt, beweist etwa das im Jahr 2012 erschienene Buch \u201eDie Schlafwandler \u2013 Wie Europa in den Ersten Weltkrieg zog\u201c von Christopher Clark, in welchem sich der renommierte Historiker ebenso mit der Kriegsschuldfrage wie auch mit den l\u00e4ngerfristigen Ursachen des Ersten Weltkrieges besch\u00e4ftigt.<\/p>\n<p>Clark kommt, auch im Zusammenhang mit einem aktualisierten europ\u00e4ischen Narrativ der Gegenwart, zu dem Urteil, dass alle beteiligten Gro\u00dfm\u00e4chte gleicherma\u00dfen eine Verantwortung f\u00fcr den Ausbruch des Ersten Weltkriegs getragen h\u00e4tten. Doch wie war es \u00fcberhaupt erst zu der angespannten Konstellation \u2013 dem Pulverfass Balkan, dem Wettr\u00fcsten in Europa und der Konkurrenz des Hochimperialismus - gekommen, von der man schon damals wusste, dass sie brandgef\u00e4hrlich war?<\/p>\n<p>In dem mehrw\u00f6chigen Geschichtsprojekt der Klassen 9 sollten die Sch\u00fclerinnen und Sch\u00fcler diesen l\u00e4ngerfristigen Ursachen des Ersten Weltkriegs nachgehen. Hierzu konnten sie durch didaktisch aufbereitetes Material sowie \u00fcber eine eigenst\u00e4ndige Internetrecherche Informationen sammeln, um diese schlie\u00dflich in einer kreativen Videoreportage, die als Examen bewertet wurde, zu pr\u00e4sentieren.<\/p>\n<p>Inhaltlich besitzt das Thema insofern h\u00f6chste Relevanz, als es nicht nur medial auch im Rahmen des 100. Jahrestages der Ereignisse wiederaufgegriffen wurde, sondern weil es den Lernenden grundlegende Einsichten in die Internationalen Beziehungen erm\u00f6glicht, welche f\u00fcr den Anforderungsbereich des IB (International Baccalaureate) notwendig sind. Das Lernprofil des IB m\u00f6chte zu kritischen Denkern erziehen, welche \u00fcber eine Reflexionsf\u00e4higkeit, auch \u00fcber komplexere Sachverhalte, verf\u00fcgen. Hierzu geh\u00f6rte es, dass die Sch\u00fclerinnen und Sch\u00fcler sich aus kritischer Distanz und unter Ber\u00fccksichtigung multikausaler Faktoren den Ursachen des Ersten Welktriegs ann\u00e4herten.<\/p>\n<p>Als Methodik wurde eine kreative Videoreportage ausgew\u00e4hlt, bei der mit sehr viel Gestaltungsfreiheit die l\u00e4ngerfristigen Ursachen des Ersten Weltkrieges vorgetragen werden konnten. Dabei unternahmen die Sch\u00fclerinnen und Sch\u00fcler eine Zeitreise, in der sie die Perspektive eines Berichterstatters zu Beginn der Augustereignisse 1914, die den Ausbruch des Ersten Weltkriegs markierten, einnahmen.<\/p>\n<p>Ein Lernprozess, bei dem eine Selektion und Aufbereitung von relevanten und wertvollen Informationen ebenso wie eine Sensibilisierung f\u00fcr das professionelle Neutralit\u00e4tsgebot eines Journalisten erreicht wird. Der Umgang mit Medien war und ist eine Herausforderung, sowohl in der Vergangenheit wie auch in der Zukunft \u2013 Die Deutsche Schule Barranquilla zeigte auch hier wieder ihr exzellentes Niveau.<\/p>\n<p><a href=\"https:\/\/ds-barranquilla.org\/wp-content\/uploads\/2021\/09\/1.png\"><img fetchpriority=\"high\" decoding=\"async\" class=\"alignnone size-medium wp-image-8365\" src=\"https:\/\/ds-barranquilla.org\/wp-content\/uploads\/2021\/09\/1-300x167.png\" alt=\"\" width=\"300\" height=\"167\" srcset=\"https:\/\/ds-barranquilla.org\/wp-content\/uploads\/2021\/09\/1-300x167.png 300w, https:\/\/ds-barranquilla.org\/wp-content\/uploads\/2021\/09\/1-800x445.png 800w, https:\/\/ds-barranquilla.org\/wp-content\/uploads\/2021\/09\/1-768x427.png 768w, https:\/\/ds-barranquilla.org\/wp-content\/uploads\/2021\/09\/1-50x28.png 50w, https:\/\/ds-barranquilla.org\/wp-content\/uploads\/2021\/09\/1-150x83.png 150w, https:\/\/ds-barranquilla.org\/wp-content\/uploads\/2021\/09\/1-90x50.png 90w, https:\/\/ds-barranquilla.org\/wp-content\/uploads\/2021\/09\/1-64x36.png 64w, https:\/\/ds-barranquilla.org\/wp-content\/uploads\/2021\/09\/1.png 951w\" sizes=\"(max-width:767px) 300px, 300px\" \/><\/a><a href=\"https:\/\/ds-barranquilla.org\/wp-content\/uploads\/2021\/09\/3.png\"><img decoding=\"async\" class=\"alignnone size-medium wp-image-8366\" src=\"https:\/\/ds-barranquilla.org\/wp-content\/uploads\/2021\/09\/3-300x169.png\" alt=\"\" width=\"300\" height=\"169\" srcset=\"https:\/\/ds-barranquilla.org\/wp-content\/uploads\/2021\/09\/3-300x169.png 300w, https:\/\/ds-barranquilla.org\/wp-content\/uploads\/2021\/09\/3-800x450.png 800w, https:\/\/ds-barranquilla.org\/wp-content\/uploads\/2021\/09\/3-1024x576.png 1024w, https:\/\/ds-barranquilla.org\/wp-content\/uploads\/2021\/09\/3-768x432.png 768w, https:\/\/ds-barranquilla.org\/wp-content\/uploads\/2021\/09\/3-50x28.png 50w, https:\/\/ds-barranquilla.org\/wp-content\/uploads\/2021\/09\/3-150x84.png 150w, https:\/\/ds-barranquilla.org\/wp-content\/uploads\/2021\/09\/3-89x50.png 89w, https:\/\/ds-barranquilla.org\/wp-content\/uploads\/2021\/09\/3-64x36.png 64w, https:\/\/ds-barranquilla.org\/wp-content\/uploads\/2021\/09\/3.png 1280w\" sizes=\"(max-width:767px) 300px, 300px\" \/><\/a><a href=\"https:\/\/ds-barranquilla.org\/wp-content\/uploads\/2021\/09\/2.png\"><img decoding=\"async\" class=\"alignnone size-medium wp-image-8367\" src=\"https:\/\/ds-barranquilla.org\/wp-content\/uploads\/2021\/09\/2-300x169.png\" alt=\"\" width=\"300\" height=\"169\" srcset=\"https:\/\/ds-barranquilla.org\/wp-content\/uploads\/2021\/09\/2-300x169.png 300w, https:\/\/ds-barranquilla.org\/wp-content\/uploads\/2021\/09\/2-800x450.png 800w, https:\/\/ds-barranquilla.org\/wp-content\/uploads\/2021\/09\/2-768x432.png 768w, https:\/\/ds-barranquilla.org\/wp-content\/uploads\/2021\/09\/2-50x28.png 50w, https:\/\/ds-barranquilla.org\/wp-content\/uploads\/2021\/09\/2-150x84.png 150w, https:\/\/ds-barranquilla.org\/wp-content\/uploads\/2021\/09\/2-89x50.png 89w, https:\/\/ds-barranquilla.org\/wp-content\/uploads\/2021\/09\/2-64x36.png 64w, https:\/\/ds-barranquilla.org\/wp-content\/uploads\/2021\/09\/2.png 950w\" sizes=\"(max-width:767px) 300px, 300px\" \/><\/a><\/p>","protected":false},"excerpt":{"rendered":"<p>La Klasse 9 desarroll\u00f3 un proyecto creativo para Geschichte sobre las causas de la Primera Guerra Mundial Creado por: Stephan Pr\u00fcmm. Cuando el 28 de junio<span class=\"excerpt-hellip\"> [\u2026]<\/span><\/p>","protected":false},"author":16,"featured_media":8364,"comment_status":"open","ping_status":"open","sticky":false,"template":"","format":"standard","meta":{"_exactmetrics_skip_tracking":false,"_exactmetrics_sitenote_active":false,"_exactmetrics_sitenote_note":"","_exactmetrics_sitenote_category":0,"_joinchat":[],"footnotes":""},"categories":[681,673,674,710],"tags":[],"class_list":["post-8363","post","type-post","status-publish","format-standard","has-post-thumbnail","hentry","category-681","category-area-de-aleman","category-lengua-y-cultura-alemana","category-secundaria"],"yoast_head":"<!-- This site is optimized with the Yoast SEO plugin v23.3 - https:\/\/yoast.com\/wordpress\/plugins\/seo\/ -->\n<title>La Klasse 9 desarroll\u00f3 un proyecto creativo para Geschichte sobre las causas de la Primera Guerra Mundial - 2026<\/title>\n<meta name=\"robots\" content=\"noindex, follow, max-snippet:-1, max-image-preview:large, max-video-preview:-1\" \/>\n<meta property=\"og:locale\" content=\"de_DE\" \/>\n<meta property=\"og:type\" content=\"article\" \/>\n<meta property=\"og:title\" content=\"La Klasse 9 desarroll\u00f3 un proyecto creativo para Geschichte sobre las causas de la Primera Guerra Mundial - 2026\" \/>\n<meta property=\"og:description\" content=\"La Klasse 9 desarroll\u00f3 un proyecto creativo para Geschichte sobre las causas de la Primera Guerra Mundial Creado por: Stephan Pr\u00fcmm. Cuando el 28 de junio [\u2026]\" \/>\n<meta property=\"og:url\" content=\"https:\/\/ds-barranquilla.org\/de\/la-klasse-9-desarrollo-un-proyecto-creativo-para-geschichte-sobre-las-causas-de-la-primera-guerra-mundial\/\" \/>\n<meta property=\"og:site_name\" content=\"Colegio Alem\u00e1n - Los Mejores Colegios de Colombia - Colegio Triling\u00fce\" \/>\n<meta property=\"article:publisher\" content=\"https:\/\/www.facebook.com\/ColegioAlemanBaq\/\" \/>\n<meta property=\"article:published_time\" content=\"2021-09-21T21:02:29+00:00\" \/>\n<meta property=\"article:modified_time\" content=\"2023-01-03T16:01:18+00:00\" \/>\n<meta property=\"og:image\" content=\"https:\/\/ds-barranquilla.org\/wp-content\/uploads\/2021\/09\/Klasse-9-Web.jpg\" \/>\n\t<meta property=\"og:image:width\" content=\"1170\" \/>\n\t<meta property=\"og:image:height\" content=\"500\" \/>\n\t<meta property=\"og:image:type\" content=\"image\/jpeg\" \/>\n<meta name=\"author\" content=\"Comunicaciones Comunicaciones\" \/>\n<meta name=\"twitter:card\" content=\"summary_large_image\" \/>\n<meta name=\"twitter:creator\" content=\"@ColegioAlemanBq\" \/>\n<meta name=\"twitter:site\" content=\"@ColegioAlemanBq\" \/>\n<meta name=\"twitter:label1\" content=\"Verfasst von\" \/>\n\t<meta name=\"twitter:data1\" content=\"Comunicaciones Comunicaciones\" \/>\n\t<meta name=\"twitter:label2\" content=\"Gesch\u00e4tzte Lesezeit\" \/>\n\t<meta name=\"twitter:data2\" content=\"3\u00a0Minuten\" \/>\n<script type=\"application\/ld+json\" class=\"yoast-schema-graph\">{\"@context\":\"https:\/\/schema.org\",\"@graph\":[{\"@type\":\"Article\",\"@id\":\"https:\/\/ds-barranquilla.org\/la-klasse-9-desarrollo-un-proyecto-creativo-para-geschichte-sobre-las-causas-de-la-primera-guerra-mundial\/#article\",\"isPartOf\":{\"@id\":\"https:\/\/ds-barranquilla.org\/la-klasse-9-desarrollo-un-proyecto-creativo-para-geschichte-sobre-las-causas-de-la-primera-guerra-mundial\/\"},\"author\":{\"name\":\"Comunicaciones Comunicaciones\",\"@id\":\"https:\/\/ds-barranquilla.org\/#\/schema\/person\/7bf8790ba89d3480e0551241ccdc8d36\"},\"headline\":\"La Klasse 9 desarroll\u00f3 un proyecto creativo para Geschichte sobre las causas de la Primera Guerra Mundial\",\"datePublished\":\"2021-09-21T21:02:29+00:00\",\"dateModified\":\"2023-01-03T16:01:18+00:00\",\"mainEntityOfPage\":{\"@id\":\"https:\/\/ds-barranquilla.org\/la-klasse-9-desarrollo-un-proyecto-creativo-para-geschichte-sobre-las-causas-de-la-primera-guerra-mundial\/\"},\"wordCount\":592,\"commentCount\":0,\"publisher\":{\"@id\":\"https:\/\/ds-barranquilla.org\/#organization\"},\"image\":{\"@id\":\"https:\/\/ds-barranquilla.org\/la-klasse-9-desarrollo-un-proyecto-creativo-para-geschichte-sobre-las-causas-de-la-primera-guerra-mundial\/#primaryimage\"},\"thumbnailUrl\":\"https:\/\/ds-barranquilla.org\/wp-content\/uploads\/2021\/09\/Klasse-9-Web.jpg\",\"articleSection\":[\"2021\",\"\u00c1rea de Alem\u00e1n\",\"Lengua y Cultura Alemana\",\"Secundaria\"],\"inLanguage\":\"de\",\"potentialAction\":[{\"@type\":\"CommentAction\",\"name\":\"Comment\",\"target\":[\"https:\/\/ds-barranquilla.org\/la-klasse-9-desarrollo-un-proyecto-creativo-para-geschichte-sobre-las-causas-de-la-primera-guerra-mundial\/#respond\"]}]},{\"@type\":\"WebPage\",\"@id\":\"https:\/\/ds-barranquilla.org\/la-klasse-9-desarrollo-un-proyecto-creativo-para-geschichte-sobre-las-causas-de-la-primera-guerra-mundial\/\",\"url\":\"https:\/\/ds-barranquilla.org\/la-klasse-9-desarrollo-un-proyecto-creativo-para-geschichte-sobre-las-causas-de-la-primera-guerra-mundial\/\",\"name\":\"La Klasse 9 desarroll\u00f3 un proyecto creativo para Geschichte sobre las causas de la Primera Guerra Mundial - 2026\",\"isPartOf\":{\"@id\":\"https:\/\/ds-barranquilla.org\/#website\"},\"primaryImageOfPage\":{\"@id\":\"https:\/\/ds-barranquilla.org\/la-klasse-9-desarrollo-un-proyecto-creativo-para-geschichte-sobre-las-causas-de-la-primera-guerra-mundial\/#primaryimage\"},\"image\":{\"@id\":\"https:\/\/ds-barranquilla.org\/la-klasse-9-desarrollo-un-proyecto-creativo-para-geschichte-sobre-las-causas-de-la-primera-guerra-mundial\/#primaryimage\"},\"thumbnailUrl\":\"https:\/\/ds-barranquilla.org\/wp-content\/uploads\/2021\/09\/Klasse-9-Web.jpg\",\"datePublished\":\"2021-09-21T21:02:29+00:00\",\"dateModified\":\"2023-01-03T16:01:18+00:00\",\"breadcrumb\":{\"@id\":\"https:\/\/ds-barranquilla.org\/la-klasse-9-desarrollo-un-proyecto-creativo-para-geschichte-sobre-las-causas-de-la-primera-guerra-mundial\/#breadcrumb\"},\"inLanguage\":\"de\",\"potentialAction\":[{\"@type\":\"ReadAction\",\"target\":[\"https:\/\/ds-barranquilla.org\/la-klasse-9-desarrollo-un-proyecto-creativo-para-geschichte-sobre-las-causas-de-la-primera-guerra-mundial\/\"]}]},{\"@type\":\"ImageObject\",\"inLanguage\":\"de\",\"@id\":\"https:\/\/ds-barranquilla.org\/la-klasse-9-desarrollo-un-proyecto-creativo-para-geschichte-sobre-las-causas-de-la-primera-guerra-mundial\/#primaryimage\",\"url\":\"https:\/\/ds-barranquilla.org\/wp-content\/uploads\/2021\/09\/Klasse-9-Web.jpg\",\"contentUrl\":\"https:\/\/ds-barranquilla.org\/wp-content\/uploads\/2021\/09\/Klasse-9-Web.jpg\",\"width\":1170,\"height\":500},{\"@type\":\"BreadcrumbList\",\"@id\":\"https:\/\/ds-barranquilla.org\/la-klasse-9-desarrollo-un-proyecto-creativo-para-geschichte-sobre-las-causas-de-la-primera-guerra-mundial\/#breadcrumb\",\"itemListElement\":[{\"@type\":\"ListItem\",\"position\":1,\"name\":\"Portada\",\"item\":\"https:\/\/ds-barranquilla.org\/\"},{\"@type\":\"ListItem\",\"position\":2,\"name\":\"La Klasse 9 desarroll\u00f3 un proyecto creativo para Geschichte sobre las causas de la Primera Guerra Mundial\"}]},{\"@type\":\"WebSite\",\"@id\":\"https:\/\/ds-barranquilla.org\/#website\",\"url\":\"https:\/\/ds-barranquilla.org\/\",\"name\":\"Colegio Alem\u00e1n - Los Mejores Colegios de Colombia - Colegio Triling\u00fce\",\"description\":\"Colegio Alem\u00e1n  Barranquilla Colombia - Colegio Biling\u00fce - Triling\u00fce - El Mejor Colegio de Colombia\",\"publisher\":{\"@id\":\"https:\/\/ds-barranquilla.org\/#organization\"},\"potentialAction\":[{\"@type\":\"SearchAction\",\"target\":{\"@type\":\"EntryPoint\",\"urlTemplate\":\"https:\/\/ds-barranquilla.org\/?s={search_term_string}\"},\"query-input\":\"required name=search_term_string\"}],\"inLanguage\":\"de\"},{\"@type\":\"Organization\",\"@id\":\"https:\/\/ds-barranquilla.org\/#organization\",\"name\":\"Colegio Alem\u00e1n Barranquilla\",\"url\":\"https:\/\/ds-barranquilla.org\/\",\"logo\":{\"@type\":\"ImageObject\",\"inLanguage\":\"de\",\"@id\":\"https:\/\/ds-barranquilla.org\/#\/schema\/logo\/image\/\",\"url\":\"https:\/\/ds-barranquilla.org\/wp-content\/uploads\/2021\/05\/coleman_logo_2.png\",\"contentUrl\":\"https:\/\/ds-barranquilla.org\/wp-content\/uploads\/2021\/05\/coleman_logo_2.png\",\"width\":418,\"height\":307,\"caption\":\"Colegio Alem\u00e1n Barranquilla\"},\"image\":{\"@id\":\"https:\/\/ds-barranquilla.org\/#\/schema\/logo\/image\/\"},\"sameAs\":[\"https:\/\/www.facebook.com\/ColegioAlemanBaq\/\",\"https:\/\/x.com\/ColegioAlemanBq\",\"https:\/\/www.instagram.com\/colegioalemanbaq\/\",\"https:\/\/www.linkedin.com\/school\/deutsche-schule-barranquilla\/\",\"https:\/\/www.youtube.com\/channel\/UCOOGZQCVs6aYRqIWvSN5agQ\"]},{\"@type\":\"Person\",\"@id\":\"https:\/\/ds-barranquilla.org\/#\/schema\/person\/7bf8790ba89d3480e0551241ccdc8d36\",\"name\":\"Comunicaciones Comunicaciones\",\"image\":{\"@type\":\"ImageObject\",\"inLanguage\":\"de\",\"@id\":\"https:\/\/ds-barranquilla.org\/#\/schema\/person\/image\/\",\"url\":\"https:\/\/secure.gravatar.com\/avatar\/a66ba9484a4338d81d6bea750e595038?s=96&d=mm&r=g\",\"contentUrl\":\"https:\/\/secure.gravatar.com\/avatar\/a66ba9484a4338d81d6bea750e595038?s=96&d=mm&r=g\",\"caption\":\"Comunicaciones Comunicaciones\"}}]}<\/script>\n<!-- \/ Yoast SEO plugin. -->","yoast_head_json":{"title":"La Klasse 9 desarroll\u00f3 un proyecto creativo para Geschichte sobre las causas de la Primera Guerra Mundial - 2026","robots":{"index":"noindex","follow":"follow","max-snippet":"max-snippet:-1","max-image-preview":"max-image-preview:large","max-video-preview":"max-video-preview:-1"},"og_locale":"de_DE","og_type":"article","og_title":"La Klasse 9 desarroll\u00f3 un proyecto creativo para Geschichte sobre las causas de la Primera Guerra Mundial - 2026","og_description":"La Klasse 9 desarroll\u00f3 un proyecto creativo para Geschichte sobre las causas de la Primera Guerra Mundial Creado por: Stephan Pr\u00fcmm. Cuando el 28 de junio [\u2026]","og_url":"https:\/\/ds-barranquilla.org\/de\/la-klasse-9-desarrollo-un-proyecto-creativo-para-geschichte-sobre-las-causas-de-la-primera-guerra-mundial\/","og_site_name":"Colegio Alem\u00e1n - Los Mejores Colegios de Colombia - Colegio Triling\u00fce","article_publisher":"https:\/\/www.facebook.com\/ColegioAlemanBaq\/","article_published_time":"2021-09-21T21:02:29+00:00","article_modified_time":"2023-01-03T16:01:18+00:00","og_image":[{"width":1170,"height":500,"url":"https:\/\/ds-barranquilla.org\/wp-content\/uploads\/2021\/09\/Klasse-9-Web.jpg","type":"image\/jpeg"}],"author":"Comunicaciones Comunicaciones","twitter_card":"summary_large_image","twitter_creator":"@ColegioAlemanBq","twitter_site":"@ColegioAlemanBq","twitter_misc":{"Verfasst von":"Comunicaciones Comunicaciones","Gesch\u00e4tzte Lesezeit":"3\u00a0Minuten"},"schema":{"@context":"https:\/\/schema.org","@graph":[{"@type":"Article","@id":"https:\/\/ds-barranquilla.org\/la-klasse-9-desarrollo-un-proyecto-creativo-para-geschichte-sobre-las-causas-de-la-primera-guerra-mundial\/#article","isPartOf":{"@id":"https:\/\/ds-barranquilla.org\/la-klasse-9-desarrollo-un-proyecto-creativo-para-geschichte-sobre-las-causas-de-la-primera-guerra-mundial\/"},"author":{"name":"Comunicaciones Comunicaciones","@id":"https:\/\/ds-barranquilla.org\/#\/schema\/person\/7bf8790ba89d3480e0551241ccdc8d36"},"headline":"La Klasse 9 desarroll\u00f3 un proyecto creativo para Geschichte sobre las causas de la Primera Guerra Mundial","datePublished":"2021-09-21T21:02:29+00:00","dateModified":"2023-01-03T16:01:18+00:00","mainEntityOfPage":{"@id":"https:\/\/ds-barranquilla.org\/la-klasse-9-desarrollo-un-proyecto-creativo-para-geschichte-sobre-las-causas-de-la-primera-guerra-mundial\/"},"wordCount":592,"commentCount":0,"publisher":{"@id":"https:\/\/ds-barranquilla.org\/#organization"},"image":{"@id":"https:\/\/ds-barranquilla.org\/la-klasse-9-desarrollo-un-proyecto-creativo-para-geschichte-sobre-las-causas-de-la-primera-guerra-mundial\/#primaryimage"},"thumbnailUrl":"https:\/\/ds-barranquilla.org\/wp-content\/uploads\/2021\/09\/Klasse-9-Web.jpg","articleSection":["2021","\u00c1rea de Alem\u00e1n","Lengua y Cultura Alemana","Secundaria"],"inLanguage":"de","potentialAction":[{"@type":"CommentAction","name":"Comment","target":["https:\/\/ds-barranquilla.org\/la-klasse-9-desarrollo-un-proyecto-creativo-para-geschichte-sobre-las-causas-de-la-primera-guerra-mundial\/#respond"]}]},{"@type":"WebPage","@id":"https:\/\/ds-barranquilla.org\/la-klasse-9-desarrollo-un-proyecto-creativo-para-geschichte-sobre-las-causas-de-la-primera-guerra-mundial\/","url":"https:\/\/ds-barranquilla.org\/la-klasse-9-desarrollo-un-proyecto-creativo-para-geschichte-sobre-las-causas-de-la-primera-guerra-mundial\/","name":"La Klasse 9 desarroll\u00f3 un proyecto creativo para Geschichte sobre las causas de la Primera Guerra Mundial - 2026","isPartOf":{"@id":"https:\/\/ds-barranquilla.org\/#website"},"primaryImageOfPage":{"@id":"https:\/\/ds-barranquilla.org\/la-klasse-9-desarrollo-un-proyecto-creativo-para-geschichte-sobre-las-causas-de-la-primera-guerra-mundial\/#primaryimage"},"image":{"@id":"https:\/\/ds-barranquilla.org\/la-klasse-9-desarrollo-un-proyecto-creativo-para-geschichte-sobre-las-causas-de-la-primera-guerra-mundial\/#primaryimage"},"thumbnailUrl":"https:\/\/ds-barranquilla.org\/wp-content\/uploads\/2021\/09\/Klasse-9-Web.jpg","datePublished":"2021-09-21T21:02:29+00:00","dateModified":"2023-01-03T16:01:18+00:00","breadcrumb":{"@id":"https:\/\/ds-barranquilla.org\/la-klasse-9-desarrollo-un-proyecto-creativo-para-geschichte-sobre-las-causas-de-la-primera-guerra-mundial\/#breadcrumb"},"inLanguage":"de","potentialAction":[{"@type":"ReadAction","target":["https:\/\/ds-barranquilla.org\/la-klasse-9-desarrollo-un-proyecto-creativo-para-geschichte-sobre-las-causas-de-la-primera-guerra-mundial\/"]}]},{"@type":"ImageObject","inLanguage":"de","@id":"https:\/\/ds-barranquilla.org\/la-klasse-9-desarrollo-un-proyecto-creativo-para-geschichte-sobre-las-causas-de-la-primera-guerra-mundial\/#primaryimage","url":"https:\/\/ds-barranquilla.org\/wp-content\/uploads\/2021\/09\/Klasse-9-Web.jpg","contentUrl":"https:\/\/ds-barranquilla.org\/wp-content\/uploads\/2021\/09\/Klasse-9-Web.jpg","width":1170,"height":500},{"@type":"BreadcrumbList","@id":"https:\/\/ds-barranquilla.org\/la-klasse-9-desarrollo-un-proyecto-creativo-para-geschichte-sobre-las-causas-de-la-primera-guerra-mundial\/#breadcrumb","itemListElement":[{"@type":"ListItem","position":1,"name":"Portada","item":"https:\/\/ds-barranquilla.org\/"},{"@type":"ListItem","position":2,"name":"La Klasse 9 desarroll\u00f3 un proyecto creativo para Geschichte sobre las causas de la Primera Guerra Mundial"}]},{"@type":"WebSite","@id":"https:\/\/ds-barranquilla.org\/#website","url":"https:\/\/ds-barranquilla.org\/","name":"Colegio Alem\u00e1n - Los Mejores Colegios de Colombia - Colegio Triling\u00fce","description":"Colegio Alem\u00e1n  Barranquilla Colombia - Colegio Biling\u00fce - Triling\u00fce - El Mejor Colegio de Colombia","publisher":{"@id":"https:\/\/ds-barranquilla.org\/#organization"},"potentialAction":[{"@type":"SearchAction","target":{"@type":"EntryPoint","urlTemplate":"https:\/\/ds-barranquilla.org\/?s={search_term_string}"},"query-input":"required name=search_term_string"}],"inLanguage":"de"},{"@type":"Organization","@id":"https:\/\/ds-barranquilla.org\/#organization","name":"Colegio Alem\u00e1n Barranquilla","url":"https:\/\/ds-barranquilla.org\/","logo":{"@type":"ImageObject","inLanguage":"de","@id":"https:\/\/ds-barranquilla.org\/#\/schema\/logo\/image\/","url":"https:\/\/ds-barranquilla.org\/wp-content\/uploads\/2021\/05\/coleman_logo_2.png","contentUrl":"https:\/\/ds-barranquilla.org\/wp-content\/uploads\/2021\/05\/coleman_logo_2.png","width":418,"height":307,"caption":"Colegio Alem\u00e1n Barranquilla"},"image":{"@id":"https:\/\/ds-barranquilla.org\/#\/schema\/logo\/image\/"},"sameAs":["https:\/\/www.facebook.com\/ColegioAlemanBaq\/","https:\/\/x.com\/ColegioAlemanBq","https:\/\/www.instagram.com\/colegioalemanbaq\/","https:\/\/www.linkedin.com\/school\/deutsche-schule-barranquilla\/","https:\/\/www.youtube.com\/channel\/UCOOGZQCVs6aYRqIWvSN5agQ"]},{"@type":"Person","@id":"https:\/\/ds-barranquilla.org\/#\/schema\/person\/7bf8790ba89d3480e0551241ccdc8d36","name":"Comunicaciones Comunicaciones","image":{"@type":"ImageObject","inLanguage":"de","@id":"https:\/\/ds-barranquilla.org\/#\/schema\/person\/image\/","url":"https:\/\/secure.gravatar.com\/avatar\/a66ba9484a4338d81d6bea750e595038?s=96&d=mm&r=g","contentUrl":"https:\/\/secure.gravatar.com\/avatar\/a66ba9484a4338d81d6bea750e595038?s=96&d=mm&r=g","caption":"Comunicaciones Comunicaciones"}}]}},"_links":{"self":[{"href":"https:\/\/ds-barranquilla.org\/de\/wp-json\/wp\/v2\/posts\/8363"}],"collection":[{"href":"https:\/\/ds-barranquilla.org\/de\/wp-json\/wp\/v2\/posts"}],"about":[{"href":"https:\/\/ds-barranquilla.org\/de\/wp-json\/wp\/v2\/types\/post"}],"author":[{"embeddable":true,"href":"https:\/\/ds-barranquilla.org\/de\/wp-json\/wp\/v2\/users\/16"}],"replies":[{"embeddable":true,"href":"https:\/\/ds-barranquilla.org\/de\/wp-json\/wp\/v2\/comments?post=8363"}],"version-history":[{"count":2,"href":"https:\/\/ds-barranquilla.org\/de\/wp-json\/wp\/v2\/posts\/8363\/revisions"}],"predecessor-version":[{"id":8371,"href":"https:\/\/ds-barranquilla.org\/de\/wp-json\/wp\/v2\/posts\/8363\/revisions\/8371"}],"wp:featuredmedia":[{"embeddable":true,"href":"https:\/\/ds-barranquilla.org\/de\/wp-json\/wp\/v2\/media\/8364"}],"wp:attachment":[{"href":"https:\/\/ds-barranquilla.org\/de\/wp-json\/wp\/v2\/media?parent=8363"}],"wp:term":[{"taxonomy":"category","embeddable":true,"href":"https:\/\/ds-barranquilla.org\/de\/wp-json\/wp\/v2\/categories?post=8363"},{"taxonomy":"post_tag","embeddable":true,"href":"https:\/\/ds-barranquilla.org\/de\/wp-json\/wp\/v2\/tags?post=8363"}],"curies":[{"name":"wp","href":"https:\/\/api.w.org\/{rel}","templated":true}]}}