{"id":8388,"date":"2021-09-20T14:27:18","date_gmt":"2021-09-20T19:27:18","guid":{"rendered":"https:\/\/ds-barranquilla.org\/?p=8388"},"modified":"2023-01-03T11:18:11","modified_gmt":"2023-01-03T16:18:11","slug":"dia-de-los-abuelos-una-celebracion-que-fomenta-la-union-familiar","status":"publish","type":"post","link":"https:\/\/ds-barranquilla.org\/de\/dia-de-los-abuelos-una-celebracion-que-fomenta-la-union-familiar\/","title":{"rendered":"Tag der Gro\u00dfeltern \u2013 ein Fest, das die famili\u00e4re Bindung st\u00e4rkt"},"content":{"rendered":"<h1><strong>Tag der Gro\u00dfeltern \u2013 ein Fest, das die famili\u00e4re Bindung st\u00e4rkt<\/strong><\/h1>\n<p><strong>Geschrieben von: Jos\u00e9 R\u00edos Mercado.<\/strong> Der Kindergarten und die Klasse 1 der Grundschule haben an unserer Schule gemeinsam den Tag der Gro\u00dfeltern gefeiert. Dieser Tag ist immer etwas ganz Besonderes f\u00fcr alle Familien, die Teil unserer Schulgemeinschaft sind. \u00dcber den Tag haben die Kinder verschiedene kleine Geschenke aus unterschiedlichen Materialien gebastelt und \u00fcber die Plattform Microsoft Teams wurden einige Treffen organisiert, damit die Kleinen ihren Gro\u00dfeltern ihre Geschenke \u00fcberreichen konnten.<\/p>\n<p>\u201eIn der Kinderkrippe wurde ein Rezept erstellt, das die Kinder gemeinsam mit ihren Gro\u00dfeltern machen konnten, w\u00e4hrend in Prek\u00ednder und Kindergarten Karten geschrieben wurden, in denen die Kinder ihren Gro\u00dfeltern schreiben konnten, wie sehr sie sie lieben und wie wichtig sie ihnen sind. Ziel der Feier war es, die Rolle der Gro\u00dfeltern in den Familien zu w\u00fcrdigen\u201c, erkl\u00e4rte Iveth Guti\u00e9rrez, Leiterin der p\u00e4dagogischen Projekte im Kindergarten.<\/p>\n<p>Fr. Guti\u00e9rrez betonte zudem, wie wichtig es f\u00fcr die Schule sei, dass die Kinder sich bei der Entwicklung von Werten \u00fcber die Bedeutung der Gro\u00dfeltern als Teil der Familie bewusst werden. Der Leiter der Grundschule, Iv\u00e1n Donofrio berichtete seinerseits, dass die Klassenleiterin der Klasse 1A beispielsweise eine virtuelle Aktivit\u00e4t organisiert hat, bei der die Kleinen gemeinsam mit ihren Gro\u00dfeltern Karten erstellen konnten, was sich als eine tolle Dynamik f\u00fcr die gemeinsame Zeit herausgestellt hat.<\/p>\n<p>Am Ende des Tages haben sich die Gro\u00dfeltern bei den Lehrkr\u00e4ften aus Kindergarten und Klasse 1 der Grundschule f\u00fcr diese sch\u00f6ne Initiative bedankt. Sie hat es nicht nur erm\u00f6glicht, dass sie wertvolle Zeit mit ihren Nichten und Neffen verbringen konnten, sondern auch dazu beigetragen, dass die Kinder mal einen Moment Abstand zu den digitalen Spielen gewinnen.<\/p>\n<p><a href=\"https:\/\/ds-barranquilla.org\/wp-content\/uploads\/2021\/09\/CAB2832-scaled.jpg\"><img fetchpriority=\"high\" decoding=\"async\" class=\"alignnone size-medium wp-image-8390\" src=\"https:\/\/ds-barranquilla.org\/wp-content\/uploads\/2021\/09\/CAB2832-300x200.jpg\" alt=\"\" width=\"300\" height=\"200\" srcset=\"https:\/\/ds-barranquilla.org\/wp-content\/uploads\/2021\/09\/CAB2832-300x200.jpg 300w, https:\/\/ds-barranquilla.org\/wp-content\/uploads\/2021\/09\/CAB2832-scaled-800x533.jpg 800w, https:\/\/ds-barranquilla.org\/wp-content\/uploads\/2021\/09\/CAB2832-1024x683.jpg 1024w, https:\/\/ds-barranquilla.org\/wp-content\/uploads\/2021\/09\/CAB2832-768x512.jpg 768w, https:\/\/ds-barranquilla.org\/wp-content\/uploads\/2021\/09\/CAB2832-391x260.jpg 391w, https:\/\/ds-barranquilla.org\/wp-content\/uploads\/2021\/09\/CAB2832-1536x1024.jpg 1536w, https:\/\/ds-barranquilla.org\/wp-content\/uploads\/2021\/09\/CAB2832-2048x1365.jpg 2048w, https:\/\/ds-barranquilla.org\/wp-content\/uploads\/2021\/09\/CAB2832-50x33.jpg 50w, https:\/\/ds-barranquilla.org\/wp-content\/uploads\/2021\/09\/CAB2832-150x100.jpg 150w, https:\/\/ds-barranquilla.org\/wp-content\/uploads\/2021\/09\/CAB2832-75x50.jpg 75w, https:\/\/ds-barranquilla.org\/wp-content\/uploads\/2021\/09\/CAB2832-64x43.jpg 64w\" sizes=\"(max-width:767px) 300px, 300px\" \/><\/a><a href=\"https:\/\/ds-barranquilla.org\/wp-content\/uploads\/2021\/09\/CAB2839-scaled.jpg\"><img decoding=\"async\" class=\"alignnone size-medium wp-image-8391\" src=\"https:\/\/ds-barranquilla.org\/wp-content\/uploads\/2021\/09\/CAB2839-300x200.jpg\" alt=\"\" width=\"300\" height=\"200\" srcset=\"https:\/\/ds-barranquilla.org\/wp-content\/uploads\/2021\/09\/CAB2839-300x200.jpg 300w, https:\/\/ds-barranquilla.org\/wp-content\/uploads\/2021\/09\/CAB2839-scaled-800x533.jpg 800w, https:\/\/ds-barranquilla.org\/wp-content\/uploads\/2021\/09\/CAB2839-1024x683.jpg 1024w, https:\/\/ds-barranquilla.org\/wp-content\/uploads\/2021\/09\/CAB2839-768x512.jpg 768w, https:\/\/ds-barranquilla.org\/wp-content\/uploads\/2021\/09\/CAB2839-391x260.jpg 391w, https:\/\/ds-barranquilla.org\/wp-content\/uploads\/2021\/09\/CAB2839-1536x1024.jpg 1536w, https:\/\/ds-barranquilla.org\/wp-content\/uploads\/2021\/09\/CAB2839-2048x1365.jpg 2048w, https:\/\/ds-barranquilla.org\/wp-content\/uploads\/2021\/09\/CAB2839-50x33.jpg 50w, https:\/\/ds-barranquilla.org\/wp-content\/uploads\/2021\/09\/CAB2839-150x100.jpg 150w, https:\/\/ds-barranquilla.org\/wp-content\/uploads\/2021\/09\/CAB2839-75x50.jpg 75w, https:\/\/ds-barranquilla.org\/wp-content\/uploads\/2021\/09\/CAB2839-64x43.jpg 64w\" sizes=\"(max-width:767px) 300px, 300px\" \/><\/a><a href=\"https:\/\/ds-barranquilla.org\/wp-content\/uploads\/2021\/09\/CAB2817-scaled.jpg\"><img decoding=\"async\" class=\"alignnone size-medium wp-image-8392\" src=\"https:\/\/ds-barranquilla.org\/wp-content\/uploads\/2021\/09\/CAB2817-300x200.jpg\" alt=\"\" width=\"300\" height=\"200\" srcset=\"https:\/\/ds-barranquilla.org\/wp-content\/uploads\/2021\/09\/CAB2817-300x200.jpg 300w, https:\/\/ds-barranquilla.org\/wp-content\/uploads\/2021\/09\/CAB2817-scaled-800x533.jpg 800w, https:\/\/ds-barranquilla.org\/wp-content\/uploads\/2021\/09\/CAB2817-1024x683.jpg 1024w, https:\/\/ds-barranquilla.org\/wp-content\/uploads\/2021\/09\/CAB2817-768x512.jpg 768w, https:\/\/ds-barranquilla.org\/wp-content\/uploads\/2021\/09\/CAB2817-391x260.jpg 391w, https:\/\/ds-barranquilla.org\/wp-content\/uploads\/2021\/09\/CAB2817-1536x1024.jpg 1536w, https:\/\/ds-barranquilla.org\/wp-content\/uploads\/2021\/09\/CAB2817-2048x1365.jpg 2048w, https:\/\/ds-barranquilla.org\/wp-content\/uploads\/2021\/09\/CAB2817-50x33.jpg 50w, https:\/\/ds-barranquilla.org\/wp-content\/uploads\/2021\/09\/CAB2817-150x100.jpg 150w, https:\/\/ds-barranquilla.org\/wp-content\/uploads\/2021\/09\/CAB2817-75x50.jpg 75w, https:\/\/ds-barranquilla.org\/wp-content\/uploads\/2021\/09\/CAB2817-64x43.jpg 64w\" sizes=\"(max-width:767px) 300px, 300px\" \/><\/a><a href=\"https:\/\/ds-barranquilla.org\/wp-content\/uploads\/2021\/09\/CAB2821-scaled.jpg\"><img loading=\"lazy\" decoding=\"async\" class=\"alignnone size-medium wp-image-8393\" src=\"https:\/\/ds-barranquilla.org\/wp-content\/uploads\/2021\/09\/CAB2821-300x200.jpg\" alt=\"\" width=\"300\" height=\"200\" srcset=\"https:\/\/ds-barranquilla.org\/wp-content\/uploads\/2021\/09\/CAB2821-300x200.jpg 300w, https:\/\/ds-barranquilla.org\/wp-content\/uploads\/2021\/09\/CAB2821-scaled-800x533.jpg 800w, https:\/\/ds-barranquilla.org\/wp-content\/uploads\/2021\/09\/CAB2821-1024x683.jpg 1024w, https:\/\/ds-barranquilla.org\/wp-content\/uploads\/2021\/09\/CAB2821-768x512.jpg 768w, https:\/\/ds-barranquilla.org\/wp-content\/uploads\/2021\/09\/CAB2821-391x260.jpg 391w, https:\/\/ds-barranquilla.org\/wp-content\/uploads\/2021\/09\/CAB2821-1536x1024.jpg 1536w, https:\/\/ds-barranquilla.org\/wp-content\/uploads\/2021\/09\/CAB2821-2048x1365.jpg 2048w, https:\/\/ds-barranquilla.org\/wp-content\/uploads\/2021\/09\/CAB2821-50x33.jpg 50w, https:\/\/ds-barranquilla.org\/wp-content\/uploads\/2021\/09\/CAB2821-150x100.jpg 150w, https:\/\/ds-barranquilla.org\/wp-content\/uploads\/2021\/09\/CAB2821-75x50.jpg 75w, https:\/\/ds-barranquilla.org\/wp-content\/uploads\/2021\/09\/CAB2821-64x43.jpg 64w\" sizes=\"(max-width:767px) 300px, 300px\" \/><\/a><\/p>","protected":false},"excerpt":{"rendered":"<p>D\u00eda de los Abuelos: una celebraci\u00f3n que fomenta la uni\u00f3n familiar Creado por: Jos\u00e9 R\u00edos Mercado. De manera conjunta las secciones de Kindergarten y Primaria (Klasse<span class=\"excerpt-hellip\"> [\u2026]<\/span><\/p>","protected":false},"author":16,"featured_media":8389,"comment_status":"open","ping_status":"open","sticky":false,"template":"","format":"standard","meta":{"_exactmetrics_skip_tracking":false,"_exactmetrics_sitenote_active":false,"_exactmetrics_sitenote_note":"","_exactmetrics_sitenote_category":0,"_joinchat":[],"footnotes":""},"categories":[681,695,677,710],"tags":[],"class_list":["post-8388","post","type-post","status-publish","format-standard","has-post-thumbnail","hentry","category-681","category-biblioteca","category-kindergarten","category-secundaria"],"yoast_head":"<!-- This site is optimized with the Yoast SEO plugin v23.3 - https:\/\/yoast.com\/wordpress\/plugins\/seo\/ -->\n<title>D\u00eda de los Abuelos: una celebraci\u00f3n que fomenta la uni\u00f3n familiar - 2026<\/title>\n<meta name=\"robots\" content=\"noindex, follow, max-snippet:-1, max-image-preview:large, max-video-preview:-1\" \/>\n<meta property=\"og:locale\" content=\"de_DE\" \/>\n<meta property=\"og:type\" content=\"article\" \/>\n<meta property=\"og:title\" content=\"D\u00eda de los Abuelos: una celebraci\u00f3n que fomenta la uni\u00f3n familiar - 2026\" \/>\n<meta property=\"og:description\" content=\"D\u00eda de los Abuelos: una celebraci\u00f3n que fomenta la uni\u00f3n familiar Creado por: Jos\u00e9 R\u00edos Mercado. De manera conjunta las secciones de Kindergarten y Primaria (Klasse [\u2026]\" \/>\n<meta property=\"og:url\" content=\"https:\/\/ds-barranquilla.org\/de\/dia-de-los-abuelos-una-celebracion-que-fomenta-la-union-familiar\/\" \/>\n<meta property=\"og:site_name\" content=\"Colegio Alem\u00e1n - Los Mejores Colegios de Colombia - Colegio Triling\u00fce\" \/>\n<meta property=\"article:publisher\" content=\"https:\/\/www.facebook.com\/ColegioAlemanBaq\/\" \/>\n<meta property=\"article:published_time\" content=\"2021-09-20T19:27:18+00:00\" \/>\n<meta property=\"article:modified_time\" content=\"2023-01-03T16:18:11+00:00\" \/>\n<meta property=\"og:image\" content=\"https:\/\/ds-barranquilla.org\/wp-content\/uploads\/2021\/09\/Dia-de-los-Abuelos-Web.jpg\" \/>\n\t<meta property=\"og:image:width\" content=\"1170\" \/>\n\t<meta property=\"og:image:height\" content=\"500\" \/>\n\t<meta property=\"og:image:type\" content=\"image\/jpeg\" \/>\n<meta name=\"author\" content=\"Comunicaciones Comunicaciones\" \/>\n<meta name=\"twitter:card\" content=\"summary_large_image\" \/>\n<meta name=\"twitter:creator\" content=\"@ColegioAlemanBq\" \/>\n<meta name=\"twitter:site\" content=\"@ColegioAlemanBq\" \/>\n<meta name=\"twitter:label1\" content=\"Verfasst von\" \/>\n\t<meta name=\"twitter:data1\" content=\"Comunicaciones Comunicaciones\" \/>\n\t<meta name=\"twitter:label2\" content=\"Gesch\u00e4tzte Lesezeit\" \/>\n\t<meta name=\"twitter:data2\" content=\"3\u00a0Minuten\" \/>\n<script type=\"application\/ld+json\" class=\"yoast-schema-graph\">{\"@context\":\"https:\/\/schema.org\",\"@graph\":[{\"@type\":\"Article\",\"@id\":\"https:\/\/ds-barranquilla.org\/dia-de-los-abuelos-una-celebracion-que-fomenta-la-union-familiar\/#article\",\"isPartOf\":{\"@id\":\"https:\/\/ds-barranquilla.org\/dia-de-los-abuelos-una-celebracion-que-fomenta-la-union-familiar\/\"},\"author\":{\"name\":\"Comunicaciones Comunicaciones\",\"@id\":\"https:\/\/ds-barranquilla.org\/#\/schema\/person\/7bf8790ba89d3480e0551241ccdc8d36\"},\"headline\":\"D\u00eda de los Abuelos: una celebraci\u00f3n que fomenta la uni\u00f3n familiar\",\"datePublished\":\"2021-09-20T19:27:18+00:00\",\"dateModified\":\"2023-01-03T16:18:11+00:00\",\"mainEntityOfPage\":{\"@id\":\"https:\/\/ds-barranquilla.org\/dia-de-los-abuelos-una-celebracion-que-fomenta-la-union-familiar\/\"},\"wordCount\":314,\"commentCount\":0,\"publisher\":{\"@id\":\"https:\/\/ds-barranquilla.org\/#organization\"},\"image\":{\"@id\":\"https:\/\/ds-barranquilla.org\/dia-de-los-abuelos-una-celebracion-que-fomenta-la-union-familiar\/#primaryimage\"},\"thumbnailUrl\":\"https:\/\/ds-barranquilla.org\/wp-content\/uploads\/2021\/09\/Dia-de-los-Abuelos-Web.jpg\",\"articleSection\":[\"2021\",\"Biblioteca\",\"Kindergarten\",\"Secundaria\"],\"inLanguage\":\"de\",\"potentialAction\":[{\"@type\":\"CommentAction\",\"name\":\"Comment\",\"target\":[\"https:\/\/ds-barranquilla.org\/dia-de-los-abuelos-una-celebracion-que-fomenta-la-union-familiar\/#respond\"]}]},{\"@type\":\"WebPage\",\"@id\":\"https:\/\/ds-barranquilla.org\/dia-de-los-abuelos-una-celebracion-que-fomenta-la-union-familiar\/\",\"url\":\"https:\/\/ds-barranquilla.org\/dia-de-los-abuelos-una-celebracion-que-fomenta-la-union-familiar\/\",\"name\":\"D\u00eda de los Abuelos: una celebraci\u00f3n que fomenta la uni\u00f3n familiar - 2026\",\"isPartOf\":{\"@id\":\"https:\/\/ds-barranquilla.org\/#website\"},\"primaryImageOfPage\":{\"@id\":\"https:\/\/ds-barranquilla.org\/dia-de-los-abuelos-una-celebracion-que-fomenta-la-union-familiar\/#primaryimage\"},\"image\":{\"@id\":\"https:\/\/ds-barranquilla.org\/dia-de-los-abuelos-una-celebracion-que-fomenta-la-union-familiar\/#primaryimage\"},\"thumbnailUrl\":\"https:\/\/ds-barranquilla.org\/wp-content\/uploads\/2021\/09\/Dia-de-los-Abuelos-Web.jpg\",\"datePublished\":\"2021-09-20T19:27:18+00:00\",\"dateModified\":\"2023-01-03T16:18:11+00:00\",\"breadcrumb\":{\"@id\":\"https:\/\/ds-barranquilla.org\/dia-de-los-abuelos-una-celebracion-que-fomenta-la-union-familiar\/#breadcrumb\"},\"inLanguage\":\"de\",\"potentialAction\":[{\"@type\":\"ReadAction\",\"target\":[\"https:\/\/ds-barranquilla.org\/dia-de-los-abuelos-una-celebracion-que-fomenta-la-union-familiar\/\"]}]},{\"@type\":\"ImageObject\",\"inLanguage\":\"de\",\"@id\":\"https:\/\/ds-barranquilla.org\/dia-de-los-abuelos-una-celebracion-que-fomenta-la-union-familiar\/#primaryimage\",\"url\":\"https:\/\/ds-barranquilla.org\/wp-content\/uploads\/2021\/09\/Dia-de-los-Abuelos-Web.jpg\",\"contentUrl\":\"https:\/\/ds-barranquilla.org\/wp-content\/uploads\/2021\/09\/Dia-de-los-Abuelos-Web.jpg\",\"width\":1170,\"height\":500},{\"@type\":\"BreadcrumbList\",\"@id\":\"https:\/\/ds-barranquilla.org\/dia-de-los-abuelos-una-celebracion-que-fomenta-la-union-familiar\/#breadcrumb\",\"itemListElement\":[{\"@type\":\"ListItem\",\"position\":1,\"name\":\"Portada\",\"item\":\"https:\/\/ds-barranquilla.org\/\"},{\"@type\":\"ListItem\",\"position\":2,\"name\":\"D\u00eda de los Abuelos: una celebraci\u00f3n que fomenta la uni\u00f3n familiar\"}]},{\"@type\":\"WebSite\",\"@id\":\"https:\/\/ds-barranquilla.org\/#website\",\"url\":\"https:\/\/ds-barranquilla.org\/\",\"name\":\"Colegio Alem\u00e1n - Los Mejores Colegios de Colombia - Colegio Triling\u00fce\",\"description\":\"Colegio Alem\u00e1n  Barranquilla Colombia - Colegio Biling\u00fce - Triling\u00fce - El Mejor Colegio de Colombia\",\"publisher\":{\"@id\":\"https:\/\/ds-barranquilla.org\/#organization\"},\"potentialAction\":[{\"@type\":\"SearchAction\",\"target\":{\"@type\":\"EntryPoint\",\"urlTemplate\":\"https:\/\/ds-barranquilla.org\/?s={search_term_string}\"},\"query-input\":\"required name=search_term_string\"}],\"inLanguage\":\"de\"},{\"@type\":\"Organization\",\"@id\":\"https:\/\/ds-barranquilla.org\/#organization\",\"name\":\"Colegio Alem\u00e1n Barranquilla\",\"url\":\"https:\/\/ds-barranquilla.org\/\",\"logo\":{\"@type\":\"ImageObject\",\"inLanguage\":\"de\",\"@id\":\"https:\/\/ds-barranquilla.org\/#\/schema\/logo\/image\/\",\"url\":\"https:\/\/ds-barranquilla.org\/wp-content\/uploads\/2021\/05\/coleman_logo_2.png\",\"contentUrl\":\"https:\/\/ds-barranquilla.org\/wp-content\/uploads\/2021\/05\/coleman_logo_2.png\",\"width\":418,\"height\":307,\"caption\":\"Colegio Alem\u00e1n Barranquilla\"},\"image\":{\"@id\":\"https:\/\/ds-barranquilla.org\/#\/schema\/logo\/image\/\"},\"sameAs\":[\"https:\/\/www.facebook.com\/ColegioAlemanBaq\/\",\"https:\/\/x.com\/ColegioAlemanBq\",\"https:\/\/www.instagram.com\/colegioalemanbaq\/\",\"https:\/\/www.linkedin.com\/school\/deutsche-schule-barranquilla\/\",\"https:\/\/www.youtube.com\/channel\/UCOOGZQCVs6aYRqIWvSN5agQ\"]},{\"@type\":\"Person\",\"@id\":\"https:\/\/ds-barranquilla.org\/#\/schema\/person\/7bf8790ba89d3480e0551241ccdc8d36\",\"name\":\"Comunicaciones Comunicaciones\",\"image\":{\"@type\":\"ImageObject\",\"inLanguage\":\"de\",\"@id\":\"https:\/\/ds-barranquilla.org\/#\/schema\/person\/image\/\",\"url\":\"https:\/\/secure.gravatar.com\/avatar\/a66ba9484a4338d81d6bea750e595038?s=96&d=mm&r=g\",\"contentUrl\":\"https:\/\/secure.gravatar.com\/avatar\/a66ba9484a4338d81d6bea750e595038?s=96&d=mm&r=g\",\"caption\":\"Comunicaciones Comunicaciones\"}}]}<\/script>\n<!-- \/ Yoast SEO plugin. -->","yoast_head_json":{"title":"D\u00eda de los Abuelos: una celebraci\u00f3n que fomenta la uni\u00f3n familiar - 2026","robots":{"index":"noindex","follow":"follow","max-snippet":"max-snippet:-1","max-image-preview":"max-image-preview:large","max-video-preview":"max-video-preview:-1"},"og_locale":"de_DE","og_type":"article","og_title":"D\u00eda de los Abuelos: una celebraci\u00f3n que fomenta la uni\u00f3n familiar - 2026","og_description":"D\u00eda de los Abuelos: una celebraci\u00f3n que fomenta la uni\u00f3n familiar Creado por: Jos\u00e9 R\u00edos Mercado. De manera conjunta las secciones de Kindergarten y Primaria (Klasse [\u2026]","og_url":"https:\/\/ds-barranquilla.org\/de\/dia-de-los-abuelos-una-celebracion-que-fomenta-la-union-familiar\/","og_site_name":"Colegio Alem\u00e1n - Los Mejores Colegios de Colombia - Colegio Triling\u00fce","article_publisher":"https:\/\/www.facebook.com\/ColegioAlemanBaq\/","article_published_time":"2021-09-20T19:27:18+00:00","article_modified_time":"2023-01-03T16:18:11+00:00","og_image":[{"width":1170,"height":500,"url":"https:\/\/ds-barranquilla.org\/wp-content\/uploads\/2021\/09\/Dia-de-los-Abuelos-Web.jpg","type":"image\/jpeg"}],"author":"Comunicaciones Comunicaciones","twitter_card":"summary_large_image","twitter_creator":"@ColegioAlemanBq","twitter_site":"@ColegioAlemanBq","twitter_misc":{"Verfasst von":"Comunicaciones Comunicaciones","Gesch\u00e4tzte Lesezeit":"3\u00a0Minuten"},"schema":{"@context":"https:\/\/schema.org","@graph":[{"@type":"Article","@id":"https:\/\/ds-barranquilla.org\/dia-de-los-abuelos-una-celebracion-que-fomenta-la-union-familiar\/#article","isPartOf":{"@id":"https:\/\/ds-barranquilla.org\/dia-de-los-abuelos-una-celebracion-que-fomenta-la-union-familiar\/"},"author":{"name":"Comunicaciones Comunicaciones","@id":"https:\/\/ds-barranquilla.org\/#\/schema\/person\/7bf8790ba89d3480e0551241ccdc8d36"},"headline":"D\u00eda de los Abuelos: una celebraci\u00f3n que fomenta la uni\u00f3n familiar","datePublished":"2021-09-20T19:27:18+00:00","dateModified":"2023-01-03T16:18:11+00:00","mainEntityOfPage":{"@id":"https:\/\/ds-barranquilla.org\/dia-de-los-abuelos-una-celebracion-que-fomenta-la-union-familiar\/"},"wordCount":314,"commentCount":0,"publisher":{"@id":"https:\/\/ds-barranquilla.org\/#organization"},"image":{"@id":"https:\/\/ds-barranquilla.org\/dia-de-los-abuelos-una-celebracion-que-fomenta-la-union-familiar\/#primaryimage"},"thumbnailUrl":"https:\/\/ds-barranquilla.org\/wp-content\/uploads\/2021\/09\/Dia-de-los-Abuelos-Web.jpg","articleSection":["2021","Biblioteca","Kindergarten","Secundaria"],"inLanguage":"de","potentialAction":[{"@type":"CommentAction","name":"Comment","target":["https:\/\/ds-barranquilla.org\/dia-de-los-abuelos-una-celebracion-que-fomenta-la-union-familiar\/#respond"]}]},{"@type":"WebPage","@id":"https:\/\/ds-barranquilla.org\/dia-de-los-abuelos-una-celebracion-que-fomenta-la-union-familiar\/","url":"https:\/\/ds-barranquilla.org\/dia-de-los-abuelos-una-celebracion-que-fomenta-la-union-familiar\/","name":"D\u00eda de los Abuelos: una celebraci\u00f3n que fomenta la uni\u00f3n familiar - 2026","isPartOf":{"@id":"https:\/\/ds-barranquilla.org\/#website"},"primaryImageOfPage":{"@id":"https:\/\/ds-barranquilla.org\/dia-de-los-abuelos-una-celebracion-que-fomenta-la-union-familiar\/#primaryimage"},"image":{"@id":"https:\/\/ds-barranquilla.org\/dia-de-los-abuelos-una-celebracion-que-fomenta-la-union-familiar\/#primaryimage"},"thumbnailUrl":"https:\/\/ds-barranquilla.org\/wp-content\/uploads\/2021\/09\/Dia-de-los-Abuelos-Web.jpg","datePublished":"2021-09-20T19:27:18+00:00","dateModified":"2023-01-03T16:18:11+00:00","breadcrumb":{"@id":"https:\/\/ds-barranquilla.org\/dia-de-los-abuelos-una-celebracion-que-fomenta-la-union-familiar\/#breadcrumb"},"inLanguage":"de","potentialAction":[{"@type":"ReadAction","target":["https:\/\/ds-barranquilla.org\/dia-de-los-abuelos-una-celebracion-que-fomenta-la-union-familiar\/"]}]},{"@type":"ImageObject","inLanguage":"de","@id":"https:\/\/ds-barranquilla.org\/dia-de-los-abuelos-una-celebracion-que-fomenta-la-union-familiar\/#primaryimage","url":"https:\/\/ds-barranquilla.org\/wp-content\/uploads\/2021\/09\/Dia-de-los-Abuelos-Web.jpg","contentUrl":"https:\/\/ds-barranquilla.org\/wp-content\/uploads\/2021\/09\/Dia-de-los-Abuelos-Web.jpg","width":1170,"height":500},{"@type":"BreadcrumbList","@id":"https:\/\/ds-barranquilla.org\/dia-de-los-abuelos-una-celebracion-que-fomenta-la-union-familiar\/#breadcrumb","itemListElement":[{"@type":"ListItem","position":1,"name":"Portada","item":"https:\/\/ds-barranquilla.org\/"},{"@type":"ListItem","position":2,"name":"D\u00eda de los Abuelos: una celebraci\u00f3n que fomenta la uni\u00f3n familiar"}]},{"@type":"WebSite","@id":"https:\/\/ds-barranquilla.org\/#website","url":"https:\/\/ds-barranquilla.org\/","name":"Colegio Alem\u00e1n - Los Mejores Colegios de Colombia - Colegio Triling\u00fce","description":"Colegio Alem\u00e1n  Barranquilla Colombia - Colegio Biling\u00fce - Triling\u00fce - El Mejor Colegio de Colombia","publisher":{"@id":"https:\/\/ds-barranquilla.org\/#organization"},"potentialAction":[{"@type":"SearchAction","target":{"@type":"EntryPoint","urlTemplate":"https:\/\/ds-barranquilla.org\/?s={search_term_string}"},"query-input":"required name=search_term_string"}],"inLanguage":"de"},{"@type":"Organization","@id":"https:\/\/ds-barranquilla.org\/#organization","name":"Colegio Alem\u00e1n Barranquilla","url":"https:\/\/ds-barranquilla.org\/","logo":{"@type":"ImageObject","inLanguage":"de","@id":"https:\/\/ds-barranquilla.org\/#\/schema\/logo\/image\/","url":"https:\/\/ds-barranquilla.org\/wp-content\/uploads\/2021\/05\/coleman_logo_2.png","contentUrl":"https:\/\/ds-barranquilla.org\/wp-content\/uploads\/2021\/05\/coleman_logo_2.png","width":418,"height":307,"caption":"Colegio Alem\u00e1n Barranquilla"},"image":{"@id":"https:\/\/ds-barranquilla.org\/#\/schema\/logo\/image\/"},"sameAs":["https:\/\/www.facebook.com\/ColegioAlemanBaq\/","https:\/\/x.com\/ColegioAlemanBq","https:\/\/www.instagram.com\/colegioalemanbaq\/","https:\/\/www.linkedin.com\/school\/deutsche-schule-barranquilla\/","https:\/\/www.youtube.com\/channel\/UCOOGZQCVs6aYRqIWvSN5agQ"]},{"@type":"Person","@id":"https:\/\/ds-barranquilla.org\/#\/schema\/person\/7bf8790ba89d3480e0551241ccdc8d36","name":"Comunicaciones Comunicaciones","image":{"@type":"ImageObject","inLanguage":"de","@id":"https:\/\/ds-barranquilla.org\/#\/schema\/person\/image\/","url":"https:\/\/secure.gravatar.com\/avatar\/a66ba9484a4338d81d6bea750e595038?s=96&d=mm&r=g","contentUrl":"https:\/\/secure.gravatar.com\/avatar\/a66ba9484a4338d81d6bea750e595038?s=96&d=mm&r=g","caption":"Comunicaciones Comunicaciones"}}]}},"_links":{"self":[{"href":"https:\/\/ds-barranquilla.org\/de\/wp-json\/wp\/v2\/posts\/8388"}],"collection":[{"href":"https:\/\/ds-barranquilla.org\/de\/wp-json\/wp\/v2\/posts"}],"about":[{"href":"https:\/\/ds-barranquilla.org\/de\/wp-json\/wp\/v2\/types\/post"}],"author":[{"embeddable":true,"href":"https:\/\/ds-barranquilla.org\/de\/wp-json\/wp\/v2\/users\/16"}],"replies":[{"embeddable":true,"href":"https:\/\/ds-barranquilla.org\/de\/wp-json\/wp\/v2\/comments?post=8388"}],"version-history":[{"count":1,"href":"https:\/\/ds-barranquilla.org\/de\/wp-json\/wp\/v2\/posts\/8388\/revisions"}],"predecessor-version":[{"id":8394,"href":"https:\/\/ds-barranquilla.org\/de\/wp-json\/wp\/v2\/posts\/8388\/revisions\/8394"}],"wp:featuredmedia":[{"embeddable":true,"href":"https:\/\/ds-barranquilla.org\/de\/wp-json\/wp\/v2\/media\/8389"}],"wp:attachment":[{"href":"https:\/\/ds-barranquilla.org\/de\/wp-json\/wp\/v2\/media?parent=8388"}],"wp:term":[{"taxonomy":"category","embeddable":true,"href":"https:\/\/ds-barranquilla.org\/de\/wp-json\/wp\/v2\/categories?post=8388"},{"taxonomy":"post_tag","embeddable":true,"href":"https:\/\/ds-barranquilla.org\/de\/wp-json\/wp\/v2\/tags?post=8388"}],"curies":[{"name":"wp","href":"https:\/\/api.w.org\/{rel}","templated":true}]}}