{"id":8395,"date":"2021-09-24T14:55:34","date_gmt":"2021-09-24T19:55:34","guid":{"rendered":"https:\/\/ds-barranquilla.org\/?p=8395"},"modified":"2023-01-03T10:59:26","modified_gmt":"2023-01-03T15:59:26","slug":"funcionaria-de-la-embajada-de-la-republica-federal-de-alemania-asistio-a-la-inauguracion-de-varias-obras-en-nuestro-colegio","status":"publish","type":"post","link":"https:\/\/ds-barranquilla.org\/de\/funcionaria-de-la-embajada-de-la-republica-federal-de-alemania-asistio-a-la-inauguracion-de-varias-obras-en-nuestro-colegio\/","title":{"rendered":"Frau Richards von der deutschen Botschaft begleitete unsere Schule bei der Einweihung mehrerer neuer Bauten"},"content":{"rendered":"<h1><strong>Frau Richards von der deutschen Botschaft begleitete unsere Schule bei der Einweihung mehrerer neuer Bauten<\/strong><\/h1>\n<p><strong>Geschrieben von: Jos\u00e9 R\u00edos Mercado.<\/strong> Zum Anlass des Besuches der Leiterin der Abteilung f\u00fcr kulturelle und wissenschaftliche Kooperationen der deutschen Botschaft in Bogot\u00e1, Andrea Richards, gaben unser Schulleiter Ralph Wiese und der Vorstandsvorsitzende Carlos Lindemeyer eine F\u00fchrung, um der Beamtin unser Schulgel\u00e4nde zu zeigen. An diesem Tag wurde gleichzeitig das neue Schild am Haupteingang unserer Schule eingeweiht.<\/p>\n<blockquote><p>\u201eIch m\u00f6chte mich bei Frau Richards f\u00fcr ihre Begleitung bei diesem wichtigen und besonderen Moment, der Einweihung unseres neuen Eingangsschildes, bedanken. Dieses Schild symbolisiert die Mitwirkung der Sch\u00fcler*innen an unserer Schule, es symbolisiert unsere Gemeinschaft und die Demokratie. Unsere Sch\u00fcler*innen haben selbst Vorschl\u00e4ge und Designs erarbeitet, und diese kreativen Ideen sind heute am Eingang unserer Schule f\u00fcr die gesamte Bildungsgemeinschaft erkennbar\u201c, sagte unser Schulleiter Ralph Wiese.<\/p><\/blockquote>\n<p>Der Vorstandsvorsitzende Carlos Lindemeyer bedankt sich seinerseits bei der Beamtin f\u00fcr ihren Besuch und unterstreicht die enge Beziehung, die die Deutsche Schule mit der Deutschen Botschaft pflegt, von der immer eine wertvolle und bedingungslose Unterst\u00fctzung angeboten wird. An diesem Tag wurden au\u00dferdem verschiedene Neubauten an der Schule eingeweiht: das neue B\u00fcro des Elternvereins der Deutschen Schule (Asopadres), das B\u00fcro des Elternbeirates und das Lehrkr\u00e4ftezimmer der Sekundarstufe.<\/p>\n<p><iframe title=\"Inauguraciones de obras - Colegio Alem\u00e1n de Barranquilla\" width=\"1220\" height=\"686\" src=\"https:\/\/www.youtube.com\/embed\/dxagZ14ROag?feature=oembed\" frameborder=\"0\" allow=\"accelerometer; autoplay; clipboard-write; encrypted-media; gyroscope; picture-in-picture\" allowfullscreen><\/iframe><\/p>\n<p><a href=\"https:\/\/ds-barranquilla.org\/wp-content\/uploads\/2021\/09\/1.jpeg\"><img fetchpriority=\"high\" decoding=\"async\" class=\"alignnone size-medium wp-image-8397\" src=\"https:\/\/ds-barranquilla.org\/wp-content\/uploads\/2021\/09\/1-300x200.jpeg\" alt=\"\" width=\"300\" height=\"200\" srcset=\"https:\/\/ds-barranquilla.org\/wp-content\/uploads\/2021\/09\/1-300x200.jpeg 300w, https:\/\/ds-barranquilla.org\/wp-content\/uploads\/2021\/09\/1-800x533.jpeg 800w, https:\/\/ds-barranquilla.org\/wp-content\/uploads\/2021\/09\/1-1024x682.jpeg 1024w, https:\/\/ds-barranquilla.org\/wp-content\/uploads\/2021\/09\/1-768x512.jpeg 768w, https:\/\/ds-barranquilla.org\/wp-content\/uploads\/2021\/09\/1-391x260.jpeg 391w, https:\/\/ds-barranquilla.org\/wp-content\/uploads\/2021\/09\/1-50x33.jpeg 50w, https:\/\/ds-barranquilla.org\/wp-content\/uploads\/2021\/09\/1-150x100.jpeg 150w, https:\/\/ds-barranquilla.org\/wp-content\/uploads\/2021\/09\/1-75x50.jpeg 75w, https:\/\/ds-barranquilla.org\/wp-content\/uploads\/2021\/09\/1-64x43.jpeg 64w, https:\/\/ds-barranquilla.org\/wp-content\/uploads\/2021\/09\/1.jpeg 1280w\" sizes=\"(max-width:767px) 300px, 300px\" \/><\/a><a href=\"https:\/\/ds-barranquilla.org\/wp-content\/uploads\/2021\/09\/2.jpeg\"><img decoding=\"async\" class=\"alignnone size-medium wp-image-8398\" src=\"https:\/\/ds-barranquilla.org\/wp-content\/uploads\/2021\/09\/2-300x200.jpeg\" alt=\"\" width=\"300\" height=\"200\" srcset=\"https:\/\/ds-barranquilla.org\/wp-content\/uploads\/2021\/09\/2-300x200.jpeg 300w, https:\/\/ds-barranquilla.org\/wp-content\/uploads\/2021\/09\/2-800x533.jpeg 800w, https:\/\/ds-barranquilla.org\/wp-content\/uploads\/2021\/09\/2-1024x682.jpeg 1024w, https:\/\/ds-barranquilla.org\/wp-content\/uploads\/2021\/09\/2-768x512.jpeg 768w, https:\/\/ds-barranquilla.org\/wp-content\/uploads\/2021\/09\/2-391x260.jpeg 391w, https:\/\/ds-barranquilla.org\/wp-content\/uploads\/2021\/09\/2-50x33.jpeg 50w, https:\/\/ds-barranquilla.org\/wp-content\/uploads\/2021\/09\/2-150x100.jpeg 150w, https:\/\/ds-barranquilla.org\/wp-content\/uploads\/2021\/09\/2-75x50.jpeg 75w, https:\/\/ds-barranquilla.org\/wp-content\/uploads\/2021\/09\/2-64x43.jpeg 64w, https:\/\/ds-barranquilla.org\/wp-content\/uploads\/2021\/09\/2.jpeg 1280w\" sizes=\"(max-width:767px) 300px, 300px\" \/><\/a><a href=\"https:\/\/ds-barranquilla.org\/wp-content\/uploads\/2021\/09\/3.jpeg\"><img decoding=\"async\" class=\"alignnone size-medium wp-image-8399\" src=\"https:\/\/ds-barranquilla.org\/wp-content\/uploads\/2021\/09\/3-300x200.jpeg\" alt=\"\" width=\"300\" height=\"200\" srcset=\"https:\/\/ds-barranquilla.org\/wp-content\/uploads\/2021\/09\/3-300x200.jpeg 300w, https:\/\/ds-barranquilla.org\/wp-content\/uploads\/2021\/09\/3-800x533.jpeg 800w, https:\/\/ds-barranquilla.org\/wp-content\/uploads\/2021\/09\/3-1024x682.jpeg 1024w, https:\/\/ds-barranquilla.org\/wp-content\/uploads\/2021\/09\/3-768x512.jpeg 768w, https:\/\/ds-barranquilla.org\/wp-content\/uploads\/2021\/09\/3-391x260.jpeg 391w, https:\/\/ds-barranquilla.org\/wp-content\/uploads\/2021\/09\/3-50x33.jpeg 50w, https:\/\/ds-barranquilla.org\/wp-content\/uploads\/2021\/09\/3-150x100.jpeg 150w, https:\/\/ds-barranquilla.org\/wp-content\/uploads\/2021\/09\/3-75x50.jpeg 75w, https:\/\/ds-barranquilla.org\/wp-content\/uploads\/2021\/09\/3-64x43.jpeg 64w, https:\/\/ds-barranquilla.org\/wp-content\/uploads\/2021\/09\/3.jpeg 1280w\" sizes=\"(max-width:767px) 300px, 300px\" \/><\/a><a href=\"https:\/\/ds-barranquilla.org\/wp-content\/uploads\/2021\/09\/4.jpeg\"><img loading=\"lazy\" decoding=\"async\" class=\"alignnone size-medium wp-image-8400\" src=\"https:\/\/ds-barranquilla.org\/wp-content\/uploads\/2021\/09\/4-300x200.jpeg\" alt=\"\" width=\"300\" height=\"200\" srcset=\"https:\/\/ds-barranquilla.org\/wp-content\/uploads\/2021\/09\/4-300x200.jpeg 300w, https:\/\/ds-barranquilla.org\/wp-content\/uploads\/2021\/09\/4-800x533.jpeg 800w, https:\/\/ds-barranquilla.org\/wp-content\/uploads\/2021\/09\/4-1024x682.jpeg 1024w, https:\/\/ds-barranquilla.org\/wp-content\/uploads\/2021\/09\/4-768x512.jpeg 768w, https:\/\/ds-barranquilla.org\/wp-content\/uploads\/2021\/09\/4-391x260.jpeg 391w, https:\/\/ds-barranquilla.org\/wp-content\/uploads\/2021\/09\/4-50x33.jpeg 50w, https:\/\/ds-barranquilla.org\/wp-content\/uploads\/2021\/09\/4-150x100.jpeg 150w, https:\/\/ds-barranquilla.org\/wp-content\/uploads\/2021\/09\/4-75x50.jpeg 75w, https:\/\/ds-barranquilla.org\/wp-content\/uploads\/2021\/09\/4-64x43.jpeg 64w, https:\/\/ds-barranquilla.org\/wp-content\/uploads\/2021\/09\/4.jpeg 1280w\" sizes=\"(max-width:767px) 300px, 300px\" \/><\/a><a href=\"https:\/\/ds-barranquilla.org\/wp-content\/uploads\/2021\/09\/5.jpeg\"><img loading=\"lazy\" decoding=\"async\" class=\"alignnone size-medium wp-image-8401\" src=\"https:\/\/ds-barranquilla.org\/wp-content\/uploads\/2021\/09\/5-300x200.jpeg\" alt=\"\" width=\"300\" height=\"200\" srcset=\"https:\/\/ds-barranquilla.org\/wp-content\/uploads\/2021\/09\/5-300x200.jpeg 300w, https:\/\/ds-barranquilla.org\/wp-content\/uploads\/2021\/09\/5-800x533.jpeg 800w, https:\/\/ds-barranquilla.org\/wp-content\/uploads\/2021\/09\/5-1024x682.jpeg 1024w, https:\/\/ds-barranquilla.org\/wp-content\/uploads\/2021\/09\/5-768x512.jpeg 768w, https:\/\/ds-barranquilla.org\/wp-content\/uploads\/2021\/09\/5-391x260.jpeg 391w, https:\/\/ds-barranquilla.org\/wp-content\/uploads\/2021\/09\/5-50x33.jpeg 50w, https:\/\/ds-barranquilla.org\/wp-content\/uploads\/2021\/09\/5-150x100.jpeg 150w, https:\/\/ds-barranquilla.org\/wp-content\/uploads\/2021\/09\/5-75x50.jpeg 75w, https:\/\/ds-barranquilla.org\/wp-content\/uploads\/2021\/09\/5-64x43.jpeg 64w, https:\/\/ds-barranquilla.org\/wp-content\/uploads\/2021\/09\/5.jpeg 1280w\" sizes=\"(max-width:767px) 300px, 300px\" \/><\/a><a href=\"https:\/\/ds-barranquilla.org\/wp-content\/uploads\/2021\/09\/6.jpeg\"><img loading=\"lazy\" decoding=\"async\" class=\"alignnone size-medium wp-image-8402\" src=\"https:\/\/ds-barranquilla.org\/wp-content\/uploads\/2021\/09\/6-300x200.jpeg\" alt=\"\" width=\"300\" height=\"200\" srcset=\"https:\/\/ds-barranquilla.org\/wp-content\/uploads\/2021\/09\/6-300x200.jpeg 300w, https:\/\/ds-barranquilla.org\/wp-content\/uploads\/2021\/09\/6-800x533.jpeg 800w, https:\/\/ds-barranquilla.org\/wp-content\/uploads\/2021\/09\/6-1024x682.jpeg 1024w, https:\/\/ds-barranquilla.org\/wp-content\/uploads\/2021\/09\/6-768x512.jpeg 768w, https:\/\/ds-barranquilla.org\/wp-content\/uploads\/2021\/09\/6-391x260.jpeg 391w, https:\/\/ds-barranquilla.org\/wp-content\/uploads\/2021\/09\/6-50x33.jpeg 50w, https:\/\/ds-barranquilla.org\/wp-content\/uploads\/2021\/09\/6-150x100.jpeg 150w, https:\/\/ds-barranquilla.org\/wp-content\/uploads\/2021\/09\/6-75x50.jpeg 75w, https:\/\/ds-barranquilla.org\/wp-content\/uploads\/2021\/09\/6-64x43.jpeg 64w, https:\/\/ds-barranquilla.org\/wp-content\/uploads\/2021\/09\/6.jpeg 1280w\" sizes=\"(max-width:767px) 300px, 300px\" \/><\/a><\/p>","protected":false},"excerpt":{"rendered":"<p>Funcionaria de la Embajada de la Rep\u00fablica Federal de Alemania asisti\u00f3 a la inauguraci\u00f3n de varias obras en nuestro colegio Creado por: Jos\u00e9 R\u00edos Mercado. Con<span class=\"excerpt-hellip\"> [\u2026]<\/span><\/p>","protected":false},"author":16,"featured_media":8396,"comment_status":"open","ping_status":"open","sticky":false,"template":"","format":"standard","meta":{"_exactmetrics_skip_tracking":false,"_exactmetrics_sitenote_active":false,"_exactmetrics_sitenote_note":"","_exactmetrics_sitenote_category":0,"_joinchat":[],"footnotes":""},"categories":[681,703,674,707,709],"tags":[],"class_list":["post-8395","post","type-post","status-publish","format-standard","has-post-thumbnail","hentry","category-681","category-junta-directiva","category-lengua-y-cultura-alemana","category-otras-noticias","category-rectoria"],"yoast_head":"<!-- This site is optimized with the Yoast SEO plugin v23.3 - https:\/\/yoast.com\/wordpress\/plugins\/seo\/ -->\n<title>Funcionaria de la Embajada de la Rep\u00fablica Federal de Alemania asisti\u00f3 a la inauguraci\u00f3n de varias obras en nuestro colegio - 2026<\/title>\n<meta name=\"robots\" content=\"noindex, follow, max-snippet:-1, max-image-preview:large, max-video-preview:-1\" \/>\n<meta property=\"og:locale\" content=\"de_DE\" \/>\n<meta property=\"og:type\" content=\"article\" \/>\n<meta property=\"og:title\" content=\"Funcionaria de la Embajada de la Rep\u00fablica Federal de Alemania asisti\u00f3 a la inauguraci\u00f3n de varias obras en nuestro colegio - 2026\" \/>\n<meta property=\"og:description\" content=\"Funcionaria de la Embajada de la Rep\u00fablica Federal de Alemania asisti\u00f3 a la inauguraci\u00f3n de varias obras en nuestro colegio Creado por: Jos\u00e9 R\u00edos Mercado. Con [\u2026]\" \/>\n<meta property=\"og:url\" content=\"https:\/\/ds-barranquilla.org\/de\/funcionaria-de-la-embajada-de-la-republica-federal-de-alemania-asistio-a-la-inauguracion-de-varias-obras-en-nuestro-colegio\/\" \/>\n<meta property=\"og:site_name\" content=\"Colegio Alem\u00e1n - Los Mejores Colegios de Colombia - Colegio Triling\u00fce\" \/>\n<meta property=\"article:publisher\" content=\"https:\/\/www.facebook.com\/ColegioAlemanBaq\/\" \/>\n<meta property=\"article:published_time\" content=\"2021-09-24T19:55:34+00:00\" \/>\n<meta property=\"article:modified_time\" content=\"2023-01-03T15:59:26+00:00\" \/>\n<meta property=\"og:image\" content=\"https:\/\/ds-barranquilla.org\/wp-content\/uploads\/2021\/09\/Visita-de-la-Embajada-de-Alemania-Web.jpg\" \/>\n\t<meta property=\"og:image:width\" content=\"1170\" \/>\n\t<meta property=\"og:image:height\" content=\"500\" \/>\n\t<meta property=\"og:image:type\" content=\"image\/jpeg\" \/>\n<meta name=\"author\" content=\"Comunicaciones Comunicaciones\" \/>\n<meta name=\"twitter:card\" content=\"summary_large_image\" \/>\n<meta name=\"twitter:creator\" content=\"@ColegioAlemanBq\" \/>\n<meta name=\"twitter:site\" content=\"@ColegioAlemanBq\" \/>\n<meta name=\"twitter:label1\" content=\"Verfasst von\" \/>\n\t<meta name=\"twitter:data1\" content=\"Comunicaciones Comunicaciones\" \/>\n\t<meta name=\"twitter:label2\" content=\"Gesch\u00e4tzte Lesezeit\" \/>\n\t<meta name=\"twitter:data2\" content=\"3\u00a0Minuten\" \/>\n<script type=\"application\/ld+json\" class=\"yoast-schema-graph\">{\"@context\":\"https:\/\/schema.org\",\"@graph\":[{\"@type\":\"Article\",\"@id\":\"https:\/\/ds-barranquilla.org\/funcionaria-de-la-embajada-de-la-republica-federal-de-alemania-asistio-a-la-inauguracion-de-varias-obras-en-nuestro-colegio\/#article\",\"isPartOf\":{\"@id\":\"https:\/\/ds-barranquilla.org\/funcionaria-de-la-embajada-de-la-republica-federal-de-alemania-asistio-a-la-inauguracion-de-varias-obras-en-nuestro-colegio\/\"},\"author\":{\"name\":\"Comunicaciones Comunicaciones\",\"@id\":\"https:\/\/ds-barranquilla.org\/#\/schema\/person\/7bf8790ba89d3480e0551241ccdc8d36\"},\"headline\":\"Funcionaria de la Embajada de la Rep\u00fablica Federal de Alemania asisti\u00f3 a la inauguraci\u00f3n de varias obras en nuestro colegio\",\"datePublished\":\"2021-09-24T19:55:34+00:00\",\"dateModified\":\"2023-01-03T15:59:26+00:00\",\"mainEntityOfPage\":{\"@id\":\"https:\/\/ds-barranquilla.org\/funcionaria-de-la-embajada-de-la-republica-federal-de-alemania-asistio-a-la-inauguracion-de-varias-obras-en-nuestro-colegio\/\"},\"wordCount\":311,\"commentCount\":0,\"publisher\":{\"@id\":\"https:\/\/ds-barranquilla.org\/#organization\"},\"image\":{\"@id\":\"https:\/\/ds-barranquilla.org\/funcionaria-de-la-embajada-de-la-republica-federal-de-alemania-asistio-a-la-inauguracion-de-varias-obras-en-nuestro-colegio\/#primaryimage\"},\"thumbnailUrl\":\"https:\/\/ds-barranquilla.org\/wp-content\/uploads\/2021\/09\/Visita-de-la-Embajada-de-Alemania-Web.jpg\",\"articleSection\":[\"2021\",\"Junta Directiva\",\"Lengua y Cultura Alemana\",\"Otras noticias\",\"Rector\u00eda\"],\"inLanguage\":\"de\",\"potentialAction\":[{\"@type\":\"CommentAction\",\"name\":\"Comment\",\"target\":[\"https:\/\/ds-barranquilla.org\/funcionaria-de-la-embajada-de-la-republica-federal-de-alemania-asistio-a-la-inauguracion-de-varias-obras-en-nuestro-colegio\/#respond\"]}]},{\"@type\":\"WebPage\",\"@id\":\"https:\/\/ds-barranquilla.org\/funcionaria-de-la-embajada-de-la-republica-federal-de-alemania-asistio-a-la-inauguracion-de-varias-obras-en-nuestro-colegio\/\",\"url\":\"https:\/\/ds-barranquilla.org\/funcionaria-de-la-embajada-de-la-republica-federal-de-alemania-asistio-a-la-inauguracion-de-varias-obras-en-nuestro-colegio\/\",\"name\":\"Funcionaria de la Embajada de la Rep\u00fablica Federal de Alemania asisti\u00f3 a la inauguraci\u00f3n de varias obras en nuestro colegio - 2026\",\"isPartOf\":{\"@id\":\"https:\/\/ds-barranquilla.org\/#website\"},\"primaryImageOfPage\":{\"@id\":\"https:\/\/ds-barranquilla.org\/funcionaria-de-la-embajada-de-la-republica-federal-de-alemania-asistio-a-la-inauguracion-de-varias-obras-en-nuestro-colegio\/#primaryimage\"},\"image\":{\"@id\":\"https:\/\/ds-barranquilla.org\/funcionaria-de-la-embajada-de-la-republica-federal-de-alemania-asistio-a-la-inauguracion-de-varias-obras-en-nuestro-colegio\/#primaryimage\"},\"thumbnailUrl\":\"https:\/\/ds-barranquilla.org\/wp-content\/uploads\/2021\/09\/Visita-de-la-Embajada-de-Alemania-Web.jpg\",\"datePublished\":\"2021-09-24T19:55:34+00:00\",\"dateModified\":\"2023-01-03T15:59:26+00:00\",\"breadcrumb\":{\"@id\":\"https:\/\/ds-barranquilla.org\/funcionaria-de-la-embajada-de-la-republica-federal-de-alemania-asistio-a-la-inauguracion-de-varias-obras-en-nuestro-colegio\/#breadcrumb\"},\"inLanguage\":\"de\",\"potentialAction\":[{\"@type\":\"ReadAction\",\"target\":[\"https:\/\/ds-barranquilla.org\/funcionaria-de-la-embajada-de-la-republica-federal-de-alemania-asistio-a-la-inauguracion-de-varias-obras-en-nuestro-colegio\/\"]}]},{\"@type\":\"ImageObject\",\"inLanguage\":\"de\",\"@id\":\"https:\/\/ds-barranquilla.org\/funcionaria-de-la-embajada-de-la-republica-federal-de-alemania-asistio-a-la-inauguracion-de-varias-obras-en-nuestro-colegio\/#primaryimage\",\"url\":\"https:\/\/ds-barranquilla.org\/wp-content\/uploads\/2021\/09\/Visita-de-la-Embajada-de-Alemania-Web.jpg\",\"contentUrl\":\"https:\/\/ds-barranquilla.org\/wp-content\/uploads\/2021\/09\/Visita-de-la-Embajada-de-Alemania-Web.jpg\",\"width\":1170,\"height\":500},{\"@type\":\"BreadcrumbList\",\"@id\":\"https:\/\/ds-barranquilla.org\/funcionaria-de-la-embajada-de-la-republica-federal-de-alemania-asistio-a-la-inauguracion-de-varias-obras-en-nuestro-colegio\/#breadcrumb\",\"itemListElement\":[{\"@type\":\"ListItem\",\"position\":1,\"name\":\"Portada\",\"item\":\"https:\/\/ds-barranquilla.org\/\"},{\"@type\":\"ListItem\",\"position\":2,\"name\":\"Funcionaria de la Embajada de la Rep\u00fablica Federal de Alemania asisti\u00f3 a la inauguraci\u00f3n de varias obras en nuestro colegio\"}]},{\"@type\":\"WebSite\",\"@id\":\"https:\/\/ds-barranquilla.org\/#website\",\"url\":\"https:\/\/ds-barranquilla.org\/\",\"name\":\"Colegio Alem\u00e1n - Los Mejores Colegios de Colombia - Colegio Triling\u00fce\",\"description\":\"Colegio Alem\u00e1n  Barranquilla Colombia - Colegio Biling\u00fce - Triling\u00fce - El Mejor Colegio de Colombia\",\"publisher\":{\"@id\":\"https:\/\/ds-barranquilla.org\/#organization\"},\"potentialAction\":[{\"@type\":\"SearchAction\",\"target\":{\"@type\":\"EntryPoint\",\"urlTemplate\":\"https:\/\/ds-barranquilla.org\/?s={search_term_string}\"},\"query-input\":\"required name=search_term_string\"}],\"inLanguage\":\"de\"},{\"@type\":\"Organization\",\"@id\":\"https:\/\/ds-barranquilla.org\/#organization\",\"name\":\"Colegio Alem\u00e1n Barranquilla\",\"url\":\"https:\/\/ds-barranquilla.org\/\",\"logo\":{\"@type\":\"ImageObject\",\"inLanguage\":\"de\",\"@id\":\"https:\/\/ds-barranquilla.org\/#\/schema\/logo\/image\/\",\"url\":\"https:\/\/ds-barranquilla.org\/wp-content\/uploads\/2021\/05\/coleman_logo_2.png\",\"contentUrl\":\"https:\/\/ds-barranquilla.org\/wp-content\/uploads\/2021\/05\/coleman_logo_2.png\",\"width\":418,\"height\":307,\"caption\":\"Colegio Alem\u00e1n Barranquilla\"},\"image\":{\"@id\":\"https:\/\/ds-barranquilla.org\/#\/schema\/logo\/image\/\"},\"sameAs\":[\"https:\/\/www.facebook.com\/ColegioAlemanBaq\/\",\"https:\/\/x.com\/ColegioAlemanBq\",\"https:\/\/www.instagram.com\/colegioalemanbaq\/\",\"https:\/\/www.linkedin.com\/school\/deutsche-schule-barranquilla\/\",\"https:\/\/www.youtube.com\/channel\/UCOOGZQCVs6aYRqIWvSN5agQ\"]},{\"@type\":\"Person\",\"@id\":\"https:\/\/ds-barranquilla.org\/#\/schema\/person\/7bf8790ba89d3480e0551241ccdc8d36\",\"name\":\"Comunicaciones Comunicaciones\",\"image\":{\"@type\":\"ImageObject\",\"inLanguage\":\"de\",\"@id\":\"https:\/\/ds-barranquilla.org\/#\/schema\/person\/image\/\",\"url\":\"https:\/\/secure.gravatar.com\/avatar\/a66ba9484a4338d81d6bea750e595038?s=96&d=mm&r=g\",\"contentUrl\":\"https:\/\/secure.gravatar.com\/avatar\/a66ba9484a4338d81d6bea750e595038?s=96&d=mm&r=g\",\"caption\":\"Comunicaciones Comunicaciones\"}}]}<\/script>\n<!-- \/ Yoast SEO plugin. -->","yoast_head_json":{"title":"Funcionaria de la Embajada de la Rep\u00fablica Federal de Alemania asisti\u00f3 a la inauguraci\u00f3n de varias obras en nuestro colegio - 2026","robots":{"index":"noindex","follow":"follow","max-snippet":"max-snippet:-1","max-image-preview":"max-image-preview:large","max-video-preview":"max-video-preview:-1"},"og_locale":"de_DE","og_type":"article","og_title":"Funcionaria de la Embajada de la Rep\u00fablica Federal de Alemania asisti\u00f3 a la inauguraci\u00f3n de varias obras en nuestro colegio - 2026","og_description":"Funcionaria de la Embajada de la Rep\u00fablica Federal de Alemania asisti\u00f3 a la inauguraci\u00f3n de varias obras en nuestro colegio Creado por: Jos\u00e9 R\u00edos Mercado. Con [\u2026]","og_url":"https:\/\/ds-barranquilla.org\/de\/funcionaria-de-la-embajada-de-la-republica-federal-de-alemania-asistio-a-la-inauguracion-de-varias-obras-en-nuestro-colegio\/","og_site_name":"Colegio Alem\u00e1n - Los Mejores Colegios de Colombia - Colegio Triling\u00fce","article_publisher":"https:\/\/www.facebook.com\/ColegioAlemanBaq\/","article_published_time":"2021-09-24T19:55:34+00:00","article_modified_time":"2023-01-03T15:59:26+00:00","og_image":[{"width":1170,"height":500,"url":"https:\/\/ds-barranquilla.org\/wp-content\/uploads\/2021\/09\/Visita-de-la-Embajada-de-Alemania-Web.jpg","type":"image\/jpeg"}],"author":"Comunicaciones Comunicaciones","twitter_card":"summary_large_image","twitter_creator":"@ColegioAlemanBq","twitter_site":"@ColegioAlemanBq","twitter_misc":{"Verfasst von":"Comunicaciones Comunicaciones","Gesch\u00e4tzte Lesezeit":"3\u00a0Minuten"},"schema":{"@context":"https:\/\/schema.org","@graph":[{"@type":"Article","@id":"https:\/\/ds-barranquilla.org\/funcionaria-de-la-embajada-de-la-republica-federal-de-alemania-asistio-a-la-inauguracion-de-varias-obras-en-nuestro-colegio\/#article","isPartOf":{"@id":"https:\/\/ds-barranquilla.org\/funcionaria-de-la-embajada-de-la-republica-federal-de-alemania-asistio-a-la-inauguracion-de-varias-obras-en-nuestro-colegio\/"},"author":{"name":"Comunicaciones Comunicaciones","@id":"https:\/\/ds-barranquilla.org\/#\/schema\/person\/7bf8790ba89d3480e0551241ccdc8d36"},"headline":"Funcionaria de la Embajada de la Rep\u00fablica Federal de Alemania asisti\u00f3 a la inauguraci\u00f3n de varias obras en nuestro colegio","datePublished":"2021-09-24T19:55:34+00:00","dateModified":"2023-01-03T15:59:26+00:00","mainEntityOfPage":{"@id":"https:\/\/ds-barranquilla.org\/funcionaria-de-la-embajada-de-la-republica-federal-de-alemania-asistio-a-la-inauguracion-de-varias-obras-en-nuestro-colegio\/"},"wordCount":311,"commentCount":0,"publisher":{"@id":"https:\/\/ds-barranquilla.org\/#organization"},"image":{"@id":"https:\/\/ds-barranquilla.org\/funcionaria-de-la-embajada-de-la-republica-federal-de-alemania-asistio-a-la-inauguracion-de-varias-obras-en-nuestro-colegio\/#primaryimage"},"thumbnailUrl":"https:\/\/ds-barranquilla.org\/wp-content\/uploads\/2021\/09\/Visita-de-la-Embajada-de-Alemania-Web.jpg","articleSection":["2021","Junta Directiva","Lengua y Cultura Alemana","Otras noticias","Rector\u00eda"],"inLanguage":"de","potentialAction":[{"@type":"CommentAction","name":"Comment","target":["https:\/\/ds-barranquilla.org\/funcionaria-de-la-embajada-de-la-republica-federal-de-alemania-asistio-a-la-inauguracion-de-varias-obras-en-nuestro-colegio\/#respond"]}]},{"@type":"WebPage","@id":"https:\/\/ds-barranquilla.org\/funcionaria-de-la-embajada-de-la-republica-federal-de-alemania-asistio-a-la-inauguracion-de-varias-obras-en-nuestro-colegio\/","url":"https:\/\/ds-barranquilla.org\/funcionaria-de-la-embajada-de-la-republica-federal-de-alemania-asistio-a-la-inauguracion-de-varias-obras-en-nuestro-colegio\/","name":"Funcionaria de la Embajada de la Rep\u00fablica Federal de Alemania asisti\u00f3 a la inauguraci\u00f3n de varias obras en nuestro colegio - 2026","isPartOf":{"@id":"https:\/\/ds-barranquilla.org\/#website"},"primaryImageOfPage":{"@id":"https:\/\/ds-barranquilla.org\/funcionaria-de-la-embajada-de-la-republica-federal-de-alemania-asistio-a-la-inauguracion-de-varias-obras-en-nuestro-colegio\/#primaryimage"},"image":{"@id":"https:\/\/ds-barranquilla.org\/funcionaria-de-la-embajada-de-la-republica-federal-de-alemania-asistio-a-la-inauguracion-de-varias-obras-en-nuestro-colegio\/#primaryimage"},"thumbnailUrl":"https:\/\/ds-barranquilla.org\/wp-content\/uploads\/2021\/09\/Visita-de-la-Embajada-de-Alemania-Web.jpg","datePublished":"2021-09-24T19:55:34+00:00","dateModified":"2023-01-03T15:59:26+00:00","breadcrumb":{"@id":"https:\/\/ds-barranquilla.org\/funcionaria-de-la-embajada-de-la-republica-federal-de-alemania-asistio-a-la-inauguracion-de-varias-obras-en-nuestro-colegio\/#breadcrumb"},"inLanguage":"de","potentialAction":[{"@type":"ReadAction","target":["https:\/\/ds-barranquilla.org\/funcionaria-de-la-embajada-de-la-republica-federal-de-alemania-asistio-a-la-inauguracion-de-varias-obras-en-nuestro-colegio\/"]}]},{"@type":"ImageObject","inLanguage":"de","@id":"https:\/\/ds-barranquilla.org\/funcionaria-de-la-embajada-de-la-republica-federal-de-alemania-asistio-a-la-inauguracion-de-varias-obras-en-nuestro-colegio\/#primaryimage","url":"https:\/\/ds-barranquilla.org\/wp-content\/uploads\/2021\/09\/Visita-de-la-Embajada-de-Alemania-Web.jpg","contentUrl":"https:\/\/ds-barranquilla.org\/wp-content\/uploads\/2021\/09\/Visita-de-la-Embajada-de-Alemania-Web.jpg","width":1170,"height":500},{"@type":"BreadcrumbList","@id":"https:\/\/ds-barranquilla.org\/funcionaria-de-la-embajada-de-la-republica-federal-de-alemania-asistio-a-la-inauguracion-de-varias-obras-en-nuestro-colegio\/#breadcrumb","itemListElement":[{"@type":"ListItem","position":1,"name":"Portada","item":"https:\/\/ds-barranquilla.org\/"},{"@type":"ListItem","position":2,"name":"Funcionaria de la Embajada de la Rep\u00fablica Federal de Alemania asisti\u00f3 a la inauguraci\u00f3n de varias obras en nuestro colegio"}]},{"@type":"WebSite","@id":"https:\/\/ds-barranquilla.org\/#website","url":"https:\/\/ds-barranquilla.org\/","name":"Colegio Alem\u00e1n - Los Mejores Colegios de Colombia - Colegio Triling\u00fce","description":"Colegio Alem\u00e1n  Barranquilla Colombia - Colegio Biling\u00fce - Triling\u00fce - El Mejor Colegio de Colombia","publisher":{"@id":"https:\/\/ds-barranquilla.org\/#organization"},"potentialAction":[{"@type":"SearchAction","target":{"@type":"EntryPoint","urlTemplate":"https:\/\/ds-barranquilla.org\/?s={search_term_string}"},"query-input":"required name=search_term_string"}],"inLanguage":"de"},{"@type":"Organization","@id":"https:\/\/ds-barranquilla.org\/#organization","name":"Colegio Alem\u00e1n Barranquilla","url":"https:\/\/ds-barranquilla.org\/","logo":{"@type":"ImageObject","inLanguage":"de","@id":"https:\/\/ds-barranquilla.org\/#\/schema\/logo\/image\/","url":"https:\/\/ds-barranquilla.org\/wp-content\/uploads\/2021\/05\/coleman_logo_2.png","contentUrl":"https:\/\/ds-barranquilla.org\/wp-content\/uploads\/2021\/05\/coleman_logo_2.png","width":418,"height":307,"caption":"Colegio Alem\u00e1n Barranquilla"},"image":{"@id":"https:\/\/ds-barranquilla.org\/#\/schema\/logo\/image\/"},"sameAs":["https:\/\/www.facebook.com\/ColegioAlemanBaq\/","https:\/\/x.com\/ColegioAlemanBq","https:\/\/www.instagram.com\/colegioalemanbaq\/","https:\/\/www.linkedin.com\/school\/deutsche-schule-barranquilla\/","https:\/\/www.youtube.com\/channel\/UCOOGZQCVs6aYRqIWvSN5agQ"]},{"@type":"Person","@id":"https:\/\/ds-barranquilla.org\/#\/schema\/person\/7bf8790ba89d3480e0551241ccdc8d36","name":"Comunicaciones Comunicaciones","image":{"@type":"ImageObject","inLanguage":"de","@id":"https:\/\/ds-barranquilla.org\/#\/schema\/person\/image\/","url":"https:\/\/secure.gravatar.com\/avatar\/a66ba9484a4338d81d6bea750e595038?s=96&d=mm&r=g","contentUrl":"https:\/\/secure.gravatar.com\/avatar\/a66ba9484a4338d81d6bea750e595038?s=96&d=mm&r=g","caption":"Comunicaciones Comunicaciones"}}]}},"_links":{"self":[{"href":"https:\/\/ds-barranquilla.org\/de\/wp-json\/wp\/v2\/posts\/8395"}],"collection":[{"href":"https:\/\/ds-barranquilla.org\/de\/wp-json\/wp\/v2\/posts"}],"about":[{"href":"https:\/\/ds-barranquilla.org\/de\/wp-json\/wp\/v2\/types\/post"}],"author":[{"embeddable":true,"href":"https:\/\/ds-barranquilla.org\/de\/wp-json\/wp\/v2\/users\/16"}],"replies":[{"embeddable":true,"href":"https:\/\/ds-barranquilla.org\/de\/wp-json\/wp\/v2\/comments?post=8395"}],"version-history":[{"count":4,"href":"https:\/\/ds-barranquilla.org\/de\/wp-json\/wp\/v2\/posts\/8395\/revisions"}],"predecessor-version":[{"id":8422,"href":"https:\/\/ds-barranquilla.org\/de\/wp-json\/wp\/v2\/posts\/8395\/revisions\/8422"}],"wp:featuredmedia":[{"embeddable":true,"href":"https:\/\/ds-barranquilla.org\/de\/wp-json\/wp\/v2\/media\/8396"}],"wp:attachment":[{"href":"https:\/\/ds-barranquilla.org\/de\/wp-json\/wp\/v2\/media?parent=8395"}],"wp:term":[{"taxonomy":"category","embeddable":true,"href":"https:\/\/ds-barranquilla.org\/de\/wp-json\/wp\/v2\/categories?post=8395"},{"taxonomy":"post_tag","embeddable":true,"href":"https:\/\/ds-barranquilla.org\/de\/wp-json\/wp\/v2\/tags?post=8395"}],"curies":[{"name":"wp","href":"https:\/\/api.w.org\/{rel}","templated":true}]}}