{"id":8419,"date":"2021-09-20T14:26:30","date_gmt":"2021-09-20T19:26:30","guid":{"rendered":"https:\/\/ds-barranquilla.org\/?p=8419"},"modified":"2023-01-03T11:20:21","modified_gmt":"2023-01-03T16:20:21","slug":"delegacion-de-nuestro-colegio-logro-el-reconocimiento-como-mejor-delegacion-en-el-modelo-de-naciones-unidas-del-colegio-aleman-de-medellin","status":"publish","type":"post","link":"https:\/\/ds-barranquilla.org\/de\/delegacion-de-nuestro-colegio-logro-el-reconocimiento-como-mejor-delegacion-en-el-modelo-de-naciones-unidas-del-colegio-aleman-de-medellin\/","title":{"rendered":"Delegation unserer Schule erh\u00e4lt Auszeichnung als \u2018Beste Delegation\u2019 beim Model United Nations der Deutschen Schule Medell\u00edn"},"content":{"rendered":"<h1><strong>Delegation unserer Schule erh\u00e4lt Auszeichnung als \u2018Beste Delegation\u2019 beim Model United Nations der Deutschen Schule Medell\u00edn<\/strong><\/h1>\n<p><strong>Geschrieben von: Jos\u00e9 R\u00edos Mercado.<\/strong> Eine Delegation unserer Schule, bestehend aus 10 Sch\u00fcler*innen, hat bei der IX. Veranstaltung des Model United Nations der Deutschen Schule Medell\u00edn die Auszeichnung als \u2018Beste Delegation\u2019 gewonnen. Der Generalsekret\u00e4r des Modells, Miguel Vel\u00e1squez, gratulierte der Delegation der Deutschen Schule Barranquilla zu diesem Erfolg und bezeichnete sie aufgrund der herausragenden Rollen, die ihre Mitglieder spielte, als \u2018au\u00dfergew\u00f6hnlich\u2019. Die Veranstaltung fand vom 13. bis 16. September auf virtuelle Weise statt.<\/p>\n<p>Weitere Auszeichnungen, die unsere Sch\u00fcler*innen erhalten haben, sind:<\/p>\n<ul>\n<li>Santiago Cuadrado, Klasse 11C, Bester Abgeordneter.<\/li>\n<li>Nicol\u00e1s Fl\u00f3rez, Klasse 11D, Bester Abgeordneter.<\/li>\n<li>Sebasti\u00e1n D\u00edaz, Klasse 11A, Zweitbester Abgeordneter.<\/li>\n<li>Carlos Vendries, Klasse 11B, Zweitbester Abgeordneter.<\/li>\n<li>Andr\u00e9s Jaraba, Klasse 10A, Bester Redner.<\/li>\n<li>Daniel D\u00e1vila, Klasse 9D, Beste Personifikation.<\/li>\n<li>Samuel Blanco, Klasse 11A, Herausragender Senator.<\/li>\n<\/ul>\n<p>&nbsp;<\/p>\n<p>Ebenfalls dazu beigetragen, dass diese Gruppe so erfolgreich war und die Auszeichnung Beste Delegation gewonnen haben, haben Eduardo Guti\u00e9rrez der Klasse 7D und Santiago Uribe der Klasse 11A.<\/p>","protected":false},"excerpt":{"rendered":"<p>Delegaci\u00f3n de nuestro colegio logr\u00f3 el reconocimiento como \u2018Mejor Delegaci\u00f3n\u2019 en el Modelo de Naciones Unidas del Colegio Alem\u00e1n de Medell\u00edn Creado por: Jos\u00e9 R\u00edos Mercado.<span class=\"excerpt-hellip\"> [\u2026]<\/span><\/p>","protected":false},"author":16,"featured_media":8420,"comment_status":"open","ping_status":"open","sticky":false,"template":"","format":"standard","meta":{"_exactmetrics_skip_tracking":false,"_exactmetrics_sitenote_active":false,"_exactmetrics_sitenote_note":"","_exactmetrics_sitenote_category":0,"_joinchat":[],"footnotes":""},"categories":[681,688,710],"tags":[],"class_list":["post-8419","post","type-post","status-publish","format-standard","has-post-thumbnail","hentry","category-681","category-area-de-individuos-y-sociedades","category-secundaria"],"yoast_head":"<!-- This site is optimized with the Yoast SEO plugin v23.3 - https:\/\/yoast.com\/wordpress\/plugins\/seo\/ -->\n<title>Delegaci\u00f3n de nuestro colegio logr\u00f3 el reconocimiento como \u2018Mejor Delegaci\u00f3n\u2019 en el Modelo de Naciones Unidas del Colegio Alem\u00e1n de Medell\u00edn - 2026<\/title>\n<meta name=\"robots\" content=\"noindex, follow, max-snippet:-1, max-image-preview:large, max-video-preview:-1\" \/>\n<meta property=\"og:locale\" content=\"de_DE\" \/>\n<meta property=\"og:type\" content=\"article\" \/>\n<meta property=\"og:title\" content=\"Delegaci\u00f3n de nuestro colegio logr\u00f3 el reconocimiento como \u2018Mejor Delegaci\u00f3n\u2019 en el Modelo de Naciones Unidas del Colegio Alem\u00e1n de Medell\u00edn - 2026\" \/>\n<meta property=\"og:description\" content=\"Delegaci\u00f3n de nuestro colegio logr\u00f3 el reconocimiento como \u2018Mejor Delegaci\u00f3n\u2019 en el Modelo de Naciones Unidas del Colegio Alem\u00e1n de Medell\u00edn Creado por: Jos\u00e9 R\u00edos Mercado. [\u2026]\" \/>\n<meta property=\"og:url\" content=\"https:\/\/ds-barranquilla.org\/de\/delegacion-de-nuestro-colegio-logro-el-reconocimiento-como-mejor-delegacion-en-el-modelo-de-naciones-unidas-del-colegio-aleman-de-medellin\/\" \/>\n<meta property=\"og:site_name\" content=\"Colegio Alem\u00e1n - Los Mejores Colegios de Colombia - Colegio Triling\u00fce\" \/>\n<meta property=\"article:publisher\" content=\"https:\/\/www.facebook.com\/ColegioAlemanBaq\/\" \/>\n<meta property=\"article:published_time\" content=\"2021-09-20T19:26:30+00:00\" \/>\n<meta property=\"article:modified_time\" content=\"2023-01-03T16:20:21+00:00\" \/>\n<meta property=\"og:image\" content=\"https:\/\/ds-barranquilla.org\/wp-content\/uploads\/2021\/10\/Modelo-ONU-DS-Medellin-Web.jpg\" \/>\n\t<meta property=\"og:image:width\" content=\"1170\" \/>\n\t<meta property=\"og:image:height\" content=\"500\" \/>\n\t<meta property=\"og:image:type\" content=\"image\/jpeg\" \/>\n<meta name=\"author\" content=\"Comunicaciones Comunicaciones\" \/>\n<meta name=\"twitter:card\" content=\"summary_large_image\" \/>\n<meta name=\"twitter:creator\" content=\"@ColegioAlemanBq\" \/>\n<meta name=\"twitter:site\" content=\"@ColegioAlemanBq\" \/>\n<meta name=\"twitter:label1\" content=\"Verfasst von\" \/>\n\t<meta name=\"twitter:data1\" content=\"Comunicaciones Comunicaciones\" \/>\n\t<meta name=\"twitter:label2\" content=\"Gesch\u00e4tzte Lesezeit\" \/>\n\t<meta name=\"twitter:data2\" content=\"1\u00a0Minute\" \/>\n<script type=\"application\/ld+json\" class=\"yoast-schema-graph\">{\"@context\":\"https:\/\/schema.org\",\"@graph\":[{\"@type\":\"Article\",\"@id\":\"https:\/\/ds-barranquilla.org\/delegacion-de-nuestro-colegio-logro-el-reconocimiento-como-mejor-delegacion-en-el-modelo-de-naciones-unidas-del-colegio-aleman-de-medellin\/#article\",\"isPartOf\":{\"@id\":\"https:\/\/ds-barranquilla.org\/delegacion-de-nuestro-colegio-logro-el-reconocimiento-como-mejor-delegacion-en-el-modelo-de-naciones-unidas-del-colegio-aleman-de-medellin\/\"},\"author\":{\"name\":\"Comunicaciones Comunicaciones\",\"@id\":\"https:\/\/ds-barranquilla.org\/#\/schema\/person\/7bf8790ba89d3480e0551241ccdc8d36\"},\"headline\":\"Delegaci\u00f3n de nuestro colegio logr\u00f3 el reconocimiento como \u2018Mejor Delegaci\u00f3n\u2019 en el Modelo de Naciones Unidas del Colegio Alem\u00e1n de Medell\u00edn\",\"datePublished\":\"2021-09-20T19:26:30+00:00\",\"dateModified\":\"2023-01-03T16:20:21+00:00\",\"mainEntityOfPage\":{\"@id\":\"https:\/\/ds-barranquilla.org\/delegacion-de-nuestro-colegio-logro-el-reconocimiento-como-mejor-delegacion-en-el-modelo-de-naciones-unidas-del-colegio-aleman-de-medellin\/\"},\"wordCount\":222,\"commentCount\":0,\"publisher\":{\"@id\":\"https:\/\/ds-barranquilla.org\/#organization\"},\"image\":{\"@id\":\"https:\/\/ds-barranquilla.org\/delegacion-de-nuestro-colegio-logro-el-reconocimiento-como-mejor-delegacion-en-el-modelo-de-naciones-unidas-del-colegio-aleman-de-medellin\/#primaryimage\"},\"thumbnailUrl\":\"https:\/\/ds-barranquilla.org\/wp-content\/uploads\/2021\/10\/Modelo-ONU-DS-Medellin-Web.jpg\",\"articleSection\":[\"2021\",\"\u00c1rea de Individuos y Sociedades\",\"Secundaria\"],\"inLanguage\":\"de\",\"potentialAction\":[{\"@type\":\"CommentAction\",\"name\":\"Comment\",\"target\":[\"https:\/\/ds-barranquilla.org\/delegacion-de-nuestro-colegio-logro-el-reconocimiento-como-mejor-delegacion-en-el-modelo-de-naciones-unidas-del-colegio-aleman-de-medellin\/#respond\"]}]},{\"@type\":\"WebPage\",\"@id\":\"https:\/\/ds-barranquilla.org\/delegacion-de-nuestro-colegio-logro-el-reconocimiento-como-mejor-delegacion-en-el-modelo-de-naciones-unidas-del-colegio-aleman-de-medellin\/\",\"url\":\"https:\/\/ds-barranquilla.org\/delegacion-de-nuestro-colegio-logro-el-reconocimiento-como-mejor-delegacion-en-el-modelo-de-naciones-unidas-del-colegio-aleman-de-medellin\/\",\"name\":\"Delegaci\u00f3n de nuestro colegio logr\u00f3 el reconocimiento como \u2018Mejor Delegaci\u00f3n\u2019 en el Modelo de Naciones Unidas del Colegio Alem\u00e1n de Medell\u00edn - 2026\",\"isPartOf\":{\"@id\":\"https:\/\/ds-barranquilla.org\/#website\"},\"primaryImageOfPage\":{\"@id\":\"https:\/\/ds-barranquilla.org\/delegacion-de-nuestro-colegio-logro-el-reconocimiento-como-mejor-delegacion-en-el-modelo-de-naciones-unidas-del-colegio-aleman-de-medellin\/#primaryimage\"},\"image\":{\"@id\":\"https:\/\/ds-barranquilla.org\/delegacion-de-nuestro-colegio-logro-el-reconocimiento-como-mejor-delegacion-en-el-modelo-de-naciones-unidas-del-colegio-aleman-de-medellin\/#primaryimage\"},\"thumbnailUrl\":\"https:\/\/ds-barranquilla.org\/wp-content\/uploads\/2021\/10\/Modelo-ONU-DS-Medellin-Web.jpg\",\"datePublished\":\"2021-09-20T19:26:30+00:00\",\"dateModified\":\"2023-01-03T16:20:21+00:00\",\"breadcrumb\":{\"@id\":\"https:\/\/ds-barranquilla.org\/delegacion-de-nuestro-colegio-logro-el-reconocimiento-como-mejor-delegacion-en-el-modelo-de-naciones-unidas-del-colegio-aleman-de-medellin\/#breadcrumb\"},\"inLanguage\":\"de\",\"potentialAction\":[{\"@type\":\"ReadAction\",\"target\":[\"https:\/\/ds-barranquilla.org\/delegacion-de-nuestro-colegio-logro-el-reconocimiento-como-mejor-delegacion-en-el-modelo-de-naciones-unidas-del-colegio-aleman-de-medellin\/\"]}]},{\"@type\":\"ImageObject\",\"inLanguage\":\"de\",\"@id\":\"https:\/\/ds-barranquilla.org\/delegacion-de-nuestro-colegio-logro-el-reconocimiento-como-mejor-delegacion-en-el-modelo-de-naciones-unidas-del-colegio-aleman-de-medellin\/#primaryimage\",\"url\":\"https:\/\/ds-barranquilla.org\/wp-content\/uploads\/2021\/10\/Modelo-ONU-DS-Medellin-Web.jpg\",\"contentUrl\":\"https:\/\/ds-barranquilla.org\/wp-content\/uploads\/2021\/10\/Modelo-ONU-DS-Medellin-Web.jpg\",\"width\":1170,\"height\":500},{\"@type\":\"BreadcrumbList\",\"@id\":\"https:\/\/ds-barranquilla.org\/delegacion-de-nuestro-colegio-logro-el-reconocimiento-como-mejor-delegacion-en-el-modelo-de-naciones-unidas-del-colegio-aleman-de-medellin\/#breadcrumb\",\"itemListElement\":[{\"@type\":\"ListItem\",\"position\":1,\"name\":\"Portada\",\"item\":\"https:\/\/ds-barranquilla.org\/\"},{\"@type\":\"ListItem\",\"position\":2,\"name\":\"Delegaci\u00f3n de nuestro colegio logr\u00f3 el reconocimiento como \u2018Mejor Delegaci\u00f3n\u2019 en el Modelo de Naciones Unidas del Colegio Alem\u00e1n de Medell\u00edn\"}]},{\"@type\":\"WebSite\",\"@id\":\"https:\/\/ds-barranquilla.org\/#website\",\"url\":\"https:\/\/ds-barranquilla.org\/\",\"name\":\"Colegio Alem\u00e1n - Los Mejores Colegios de Colombia - Colegio Triling\u00fce\",\"description\":\"Colegio Alem\u00e1n  Barranquilla Colombia - Colegio Biling\u00fce - Triling\u00fce - El Mejor Colegio de Colombia\",\"publisher\":{\"@id\":\"https:\/\/ds-barranquilla.org\/#organization\"},\"potentialAction\":[{\"@type\":\"SearchAction\",\"target\":{\"@type\":\"EntryPoint\",\"urlTemplate\":\"https:\/\/ds-barranquilla.org\/?s={search_term_string}\"},\"query-input\":\"required name=search_term_string\"}],\"inLanguage\":\"de\"},{\"@type\":\"Organization\",\"@id\":\"https:\/\/ds-barranquilla.org\/#organization\",\"name\":\"Colegio Alem\u00e1n Barranquilla\",\"url\":\"https:\/\/ds-barranquilla.org\/\",\"logo\":{\"@type\":\"ImageObject\",\"inLanguage\":\"de\",\"@id\":\"https:\/\/ds-barranquilla.org\/#\/schema\/logo\/image\/\",\"url\":\"https:\/\/ds-barranquilla.org\/wp-content\/uploads\/2021\/05\/coleman_logo_2.png\",\"contentUrl\":\"https:\/\/ds-barranquilla.org\/wp-content\/uploads\/2021\/05\/coleman_logo_2.png\",\"width\":418,\"height\":307,\"caption\":\"Colegio Alem\u00e1n Barranquilla\"},\"image\":{\"@id\":\"https:\/\/ds-barranquilla.org\/#\/schema\/logo\/image\/\"},\"sameAs\":[\"https:\/\/www.facebook.com\/ColegioAlemanBaq\/\",\"https:\/\/x.com\/ColegioAlemanBq\",\"https:\/\/www.instagram.com\/colegioalemanbaq\/\",\"https:\/\/www.linkedin.com\/school\/deutsche-schule-barranquilla\/\",\"https:\/\/www.youtube.com\/channel\/UCOOGZQCVs6aYRqIWvSN5agQ\"]},{\"@type\":\"Person\",\"@id\":\"https:\/\/ds-barranquilla.org\/#\/schema\/person\/7bf8790ba89d3480e0551241ccdc8d36\",\"name\":\"Comunicaciones Comunicaciones\",\"image\":{\"@type\":\"ImageObject\",\"inLanguage\":\"de\",\"@id\":\"https:\/\/ds-barranquilla.org\/#\/schema\/person\/image\/\",\"url\":\"https:\/\/secure.gravatar.com\/avatar\/a66ba9484a4338d81d6bea750e595038?s=96&d=mm&r=g\",\"contentUrl\":\"https:\/\/secure.gravatar.com\/avatar\/a66ba9484a4338d81d6bea750e595038?s=96&d=mm&r=g\",\"caption\":\"Comunicaciones Comunicaciones\"}}]}<\/script>\n<!-- \/ Yoast SEO plugin. -->","yoast_head_json":{"title":"Delegaci\u00f3n de nuestro colegio logr\u00f3 el reconocimiento como \u2018Mejor Delegaci\u00f3n\u2019 en el Modelo de Naciones Unidas del Colegio Alem\u00e1n de Medell\u00edn - 2026","robots":{"index":"noindex","follow":"follow","max-snippet":"max-snippet:-1","max-image-preview":"max-image-preview:large","max-video-preview":"max-video-preview:-1"},"og_locale":"de_DE","og_type":"article","og_title":"Delegaci\u00f3n de nuestro colegio logr\u00f3 el reconocimiento como \u2018Mejor Delegaci\u00f3n\u2019 en el Modelo de Naciones Unidas del Colegio Alem\u00e1n de Medell\u00edn - 2026","og_description":"Delegaci\u00f3n de nuestro colegio logr\u00f3 el reconocimiento como \u2018Mejor Delegaci\u00f3n\u2019 en el Modelo de Naciones Unidas del Colegio Alem\u00e1n de Medell\u00edn Creado por: Jos\u00e9 R\u00edos Mercado. [\u2026]","og_url":"https:\/\/ds-barranquilla.org\/de\/delegacion-de-nuestro-colegio-logro-el-reconocimiento-como-mejor-delegacion-en-el-modelo-de-naciones-unidas-del-colegio-aleman-de-medellin\/","og_site_name":"Colegio Alem\u00e1n - Los Mejores Colegios de Colombia - Colegio Triling\u00fce","article_publisher":"https:\/\/www.facebook.com\/ColegioAlemanBaq\/","article_published_time":"2021-09-20T19:26:30+00:00","article_modified_time":"2023-01-03T16:20:21+00:00","og_image":[{"width":1170,"height":500,"url":"https:\/\/ds-barranquilla.org\/wp-content\/uploads\/2021\/10\/Modelo-ONU-DS-Medellin-Web.jpg","type":"image\/jpeg"}],"author":"Comunicaciones Comunicaciones","twitter_card":"summary_large_image","twitter_creator":"@ColegioAlemanBq","twitter_site":"@ColegioAlemanBq","twitter_misc":{"Verfasst von":"Comunicaciones Comunicaciones","Gesch\u00e4tzte Lesezeit":"1\u00a0Minute"},"schema":{"@context":"https:\/\/schema.org","@graph":[{"@type":"Article","@id":"https:\/\/ds-barranquilla.org\/delegacion-de-nuestro-colegio-logro-el-reconocimiento-como-mejor-delegacion-en-el-modelo-de-naciones-unidas-del-colegio-aleman-de-medellin\/#article","isPartOf":{"@id":"https:\/\/ds-barranquilla.org\/delegacion-de-nuestro-colegio-logro-el-reconocimiento-como-mejor-delegacion-en-el-modelo-de-naciones-unidas-del-colegio-aleman-de-medellin\/"},"author":{"name":"Comunicaciones Comunicaciones","@id":"https:\/\/ds-barranquilla.org\/#\/schema\/person\/7bf8790ba89d3480e0551241ccdc8d36"},"headline":"Delegaci\u00f3n de nuestro colegio logr\u00f3 el reconocimiento como \u2018Mejor Delegaci\u00f3n\u2019 en el Modelo de Naciones Unidas del Colegio Alem\u00e1n de Medell\u00edn","datePublished":"2021-09-20T19:26:30+00:00","dateModified":"2023-01-03T16:20:21+00:00","mainEntityOfPage":{"@id":"https:\/\/ds-barranquilla.org\/delegacion-de-nuestro-colegio-logro-el-reconocimiento-como-mejor-delegacion-en-el-modelo-de-naciones-unidas-del-colegio-aleman-de-medellin\/"},"wordCount":222,"commentCount":0,"publisher":{"@id":"https:\/\/ds-barranquilla.org\/#organization"},"image":{"@id":"https:\/\/ds-barranquilla.org\/delegacion-de-nuestro-colegio-logro-el-reconocimiento-como-mejor-delegacion-en-el-modelo-de-naciones-unidas-del-colegio-aleman-de-medellin\/#primaryimage"},"thumbnailUrl":"https:\/\/ds-barranquilla.org\/wp-content\/uploads\/2021\/10\/Modelo-ONU-DS-Medellin-Web.jpg","articleSection":["2021","\u00c1rea de Individuos y Sociedades","Secundaria"],"inLanguage":"de","potentialAction":[{"@type":"CommentAction","name":"Comment","target":["https:\/\/ds-barranquilla.org\/delegacion-de-nuestro-colegio-logro-el-reconocimiento-como-mejor-delegacion-en-el-modelo-de-naciones-unidas-del-colegio-aleman-de-medellin\/#respond"]}]},{"@type":"WebPage","@id":"https:\/\/ds-barranquilla.org\/delegacion-de-nuestro-colegio-logro-el-reconocimiento-como-mejor-delegacion-en-el-modelo-de-naciones-unidas-del-colegio-aleman-de-medellin\/","url":"https:\/\/ds-barranquilla.org\/delegacion-de-nuestro-colegio-logro-el-reconocimiento-como-mejor-delegacion-en-el-modelo-de-naciones-unidas-del-colegio-aleman-de-medellin\/","name":"Delegaci\u00f3n de nuestro colegio logr\u00f3 el reconocimiento como \u2018Mejor Delegaci\u00f3n\u2019 en el Modelo de Naciones Unidas del Colegio Alem\u00e1n de Medell\u00edn - 2026","isPartOf":{"@id":"https:\/\/ds-barranquilla.org\/#website"},"primaryImageOfPage":{"@id":"https:\/\/ds-barranquilla.org\/delegacion-de-nuestro-colegio-logro-el-reconocimiento-como-mejor-delegacion-en-el-modelo-de-naciones-unidas-del-colegio-aleman-de-medellin\/#primaryimage"},"image":{"@id":"https:\/\/ds-barranquilla.org\/delegacion-de-nuestro-colegio-logro-el-reconocimiento-como-mejor-delegacion-en-el-modelo-de-naciones-unidas-del-colegio-aleman-de-medellin\/#primaryimage"},"thumbnailUrl":"https:\/\/ds-barranquilla.org\/wp-content\/uploads\/2021\/10\/Modelo-ONU-DS-Medellin-Web.jpg","datePublished":"2021-09-20T19:26:30+00:00","dateModified":"2023-01-03T16:20:21+00:00","breadcrumb":{"@id":"https:\/\/ds-barranquilla.org\/delegacion-de-nuestro-colegio-logro-el-reconocimiento-como-mejor-delegacion-en-el-modelo-de-naciones-unidas-del-colegio-aleman-de-medellin\/#breadcrumb"},"inLanguage":"de","potentialAction":[{"@type":"ReadAction","target":["https:\/\/ds-barranquilla.org\/delegacion-de-nuestro-colegio-logro-el-reconocimiento-como-mejor-delegacion-en-el-modelo-de-naciones-unidas-del-colegio-aleman-de-medellin\/"]}]},{"@type":"ImageObject","inLanguage":"de","@id":"https:\/\/ds-barranquilla.org\/delegacion-de-nuestro-colegio-logro-el-reconocimiento-como-mejor-delegacion-en-el-modelo-de-naciones-unidas-del-colegio-aleman-de-medellin\/#primaryimage","url":"https:\/\/ds-barranquilla.org\/wp-content\/uploads\/2021\/10\/Modelo-ONU-DS-Medellin-Web.jpg","contentUrl":"https:\/\/ds-barranquilla.org\/wp-content\/uploads\/2021\/10\/Modelo-ONU-DS-Medellin-Web.jpg","width":1170,"height":500},{"@type":"BreadcrumbList","@id":"https:\/\/ds-barranquilla.org\/delegacion-de-nuestro-colegio-logro-el-reconocimiento-como-mejor-delegacion-en-el-modelo-de-naciones-unidas-del-colegio-aleman-de-medellin\/#breadcrumb","itemListElement":[{"@type":"ListItem","position":1,"name":"Portada","item":"https:\/\/ds-barranquilla.org\/"},{"@type":"ListItem","position":2,"name":"Delegaci\u00f3n de nuestro colegio logr\u00f3 el reconocimiento como \u2018Mejor Delegaci\u00f3n\u2019 en el Modelo de Naciones Unidas del Colegio Alem\u00e1n de Medell\u00edn"}]},{"@type":"WebSite","@id":"https:\/\/ds-barranquilla.org\/#website","url":"https:\/\/ds-barranquilla.org\/","name":"Colegio Alem\u00e1n - Los Mejores Colegios de Colombia - Colegio Triling\u00fce","description":"Colegio Alem\u00e1n  Barranquilla Colombia - Colegio Biling\u00fce - Triling\u00fce - El Mejor Colegio de Colombia","publisher":{"@id":"https:\/\/ds-barranquilla.org\/#organization"},"potentialAction":[{"@type":"SearchAction","target":{"@type":"EntryPoint","urlTemplate":"https:\/\/ds-barranquilla.org\/?s={search_term_string}"},"query-input":"required name=search_term_string"}],"inLanguage":"de"},{"@type":"Organization","@id":"https:\/\/ds-barranquilla.org\/#organization","name":"Colegio Alem\u00e1n Barranquilla","url":"https:\/\/ds-barranquilla.org\/","logo":{"@type":"ImageObject","inLanguage":"de","@id":"https:\/\/ds-barranquilla.org\/#\/schema\/logo\/image\/","url":"https:\/\/ds-barranquilla.org\/wp-content\/uploads\/2021\/05\/coleman_logo_2.png","contentUrl":"https:\/\/ds-barranquilla.org\/wp-content\/uploads\/2021\/05\/coleman_logo_2.png","width":418,"height":307,"caption":"Colegio Alem\u00e1n Barranquilla"},"image":{"@id":"https:\/\/ds-barranquilla.org\/#\/schema\/logo\/image\/"},"sameAs":["https:\/\/www.facebook.com\/ColegioAlemanBaq\/","https:\/\/x.com\/ColegioAlemanBq","https:\/\/www.instagram.com\/colegioalemanbaq\/","https:\/\/www.linkedin.com\/school\/deutsche-schule-barranquilla\/","https:\/\/www.youtube.com\/channel\/UCOOGZQCVs6aYRqIWvSN5agQ"]},{"@type":"Person","@id":"https:\/\/ds-barranquilla.org\/#\/schema\/person\/7bf8790ba89d3480e0551241ccdc8d36","name":"Comunicaciones Comunicaciones","image":{"@type":"ImageObject","inLanguage":"de","@id":"https:\/\/ds-barranquilla.org\/#\/schema\/person\/image\/","url":"https:\/\/secure.gravatar.com\/avatar\/a66ba9484a4338d81d6bea750e595038?s=96&d=mm&r=g","contentUrl":"https:\/\/secure.gravatar.com\/avatar\/a66ba9484a4338d81d6bea750e595038?s=96&d=mm&r=g","caption":"Comunicaciones Comunicaciones"}}]}},"_links":{"self":[{"href":"https:\/\/ds-barranquilla.org\/de\/wp-json\/wp\/v2\/posts\/8419"}],"collection":[{"href":"https:\/\/ds-barranquilla.org\/de\/wp-json\/wp\/v2\/posts"}],"about":[{"href":"https:\/\/ds-barranquilla.org\/de\/wp-json\/wp\/v2\/types\/post"}],"author":[{"embeddable":true,"href":"https:\/\/ds-barranquilla.org\/de\/wp-json\/wp\/v2\/users\/16"}],"replies":[{"embeddable":true,"href":"https:\/\/ds-barranquilla.org\/de\/wp-json\/wp\/v2\/comments?post=8419"}],"version-history":[{"count":3,"href":"https:\/\/ds-barranquilla.org\/de\/wp-json\/wp\/v2\/posts\/8419\/revisions"}],"predecessor-version":[{"id":8677,"href":"https:\/\/ds-barranquilla.org\/de\/wp-json\/wp\/v2\/posts\/8419\/revisions\/8677"}],"wp:featuredmedia":[{"embeddable":true,"href":"https:\/\/ds-barranquilla.org\/de\/wp-json\/wp\/v2\/media\/8420"}],"wp:attachment":[{"href":"https:\/\/ds-barranquilla.org\/de\/wp-json\/wp\/v2\/media?parent=8419"}],"wp:term":[{"taxonomy":"category","embeddable":true,"href":"https:\/\/ds-barranquilla.org\/de\/wp-json\/wp\/v2\/categories?post=8419"},{"taxonomy":"post_tag","embeddable":true,"href":"https:\/\/ds-barranquilla.org\/de\/wp-json\/wp\/v2\/tags?post=8419"}],"curies":[{"name":"wp","href":"https:\/\/api.w.org\/{rel}","templated":true}]}}