{"id":8437,"date":"2021-10-05T15:41:20","date_gmt":"2021-10-05T20:41:20","guid":{"rendered":"https:\/\/ds-barranquilla.org\/?p=8437"},"modified":"2023-01-03T10:47:28","modified_gmt":"2023-01-03T15:47:28","slug":"nuestra-biblioteca-adquirio-una-coleccion-de-libros-en-aleman-sobre-diferentes-temas","status":"publish","type":"post","link":"https:\/\/ds-barranquilla.org\/de\/nuestra-biblioteca-adquirio-una-coleccion-de-libros-en-aleman-sobre-diferentes-temas\/","title":{"rendered":"Unsere Bibliothek schafft eine neue Sammlung deutschsprachiger B\u00fccher zu verschiedenen Themen an"},"content":{"rendered":"<h1><strong>Unsere Bibliothek schafft eine neue Sammlung deutschsprachiger B\u00fccher zu verschiedenen Themen an<\/strong><\/h1>\n<p><strong>Geschrieben von: Jos\u00e9 R\u00edos Mercado.<\/strong> Astronomie, Sozialverhalten, Umwelt und Zeit sind die Themengebiete, die mit den 60 neuen deutschsprachigen B\u00fcchern der Bibliothek der Deutschen Schule abgedeckt werden. Zus\u00e4tzlich haben wir auch interaktive Werke (Tiptoi-Format) dazubekommen, die es sowohl den Sch\u00fcler*innen als auch den Lehrkr\u00e4ften erm\u00f6glichen, mit einem Mikrofon und einem Stift beim Lesen direkten Kontakt zur deutschen Sprache aufzubauen.<\/p>\n<p>\u201cWir haben mehrere Ausgaben aktueller Deutsch-Spanischer-W\u00f6rterb\u00fccher und klassische Geschichten wie \u2018Der kleine Prinz\u2019, \u2018Vom kleinen Maulwurf, der wissen wollte, wer ihm auf den Kopf gemacht hat\u2019, \u2018Rotk\u00e4ppchen\u2019, \u2018Die kleine Raupe Nimmersatt\u2019 und viele weitere B\u00fccher angeschafft. Sie stehen sogar schon f\u00fcr unsere Sch\u00fcler*innen und Lehrkr\u00e4fte zum Lesen bereit in der Bibliothek\u201d, sagte unsere Bibliothekarin Mar\u00eda Alejandra Parra.<\/p>\n<p>Die Mitarbeiterin berichtete au\u00dferdem von der neusten Errungenschaft unserer Schule, dem Zugang zur Bibliothek \u2018Luis \u00c1ngel Arango\u2019. Dieser schafft unseren Sch\u00fcler*innen und Lehrkr\u00e4ften Zugang zu interaktiven Onlineressourcen, wie zum Beispiel Plattformen, digitalen Bibliotheken und Fachdatenbanken, die den Wissenserwerb und das Forschungsinteresse f\u00f6rdern.<\/p>\n<p><a href=\"https:\/\/ds-barranquilla.org\/wp-content\/uploads\/2021\/10\/WhatsApp-Image-2021-10-05-at-3.30.08-PM-1.jpeg\"><img fetchpriority=\"high\" decoding=\"async\" class=\"alignnone size-medium wp-image-8439\" src=\"https:\/\/ds-barranquilla.org\/wp-content\/uploads\/2021\/10\/WhatsApp-Image-2021-10-05-at-3.30.08-PM-1-300x200.jpeg\" alt=\"\" width=\"300\" height=\"200\" srcset=\"https:\/\/ds-barranquilla.org\/wp-content\/uploads\/2021\/10\/WhatsApp-Image-2021-10-05-at-3.30.08-PM-1-300x200.jpeg 300w, https:\/\/ds-barranquilla.org\/wp-content\/uploads\/2021\/10\/WhatsApp-Image-2021-10-05-at-3.30.08-PM-1-800x533.jpeg 800w, https:\/\/ds-barranquilla.org\/wp-content\/uploads\/2021\/10\/WhatsApp-Image-2021-10-05-at-3.30.08-PM-1-1024x682.jpeg 1024w, https:\/\/ds-barranquilla.org\/wp-content\/uploads\/2021\/10\/WhatsApp-Image-2021-10-05-at-3.30.08-PM-1-768x512.jpeg 768w, https:\/\/ds-barranquilla.org\/wp-content\/uploads\/2021\/10\/WhatsApp-Image-2021-10-05-at-3.30.08-PM-1-391x260.jpeg 391w, https:\/\/ds-barranquilla.org\/wp-content\/uploads\/2021\/10\/WhatsApp-Image-2021-10-05-at-3.30.08-PM-1-50x33.jpeg 50w, https:\/\/ds-barranquilla.org\/wp-content\/uploads\/2021\/10\/WhatsApp-Image-2021-10-05-at-3.30.08-PM-1-150x100.jpeg 150w, https:\/\/ds-barranquilla.org\/wp-content\/uploads\/2021\/10\/WhatsApp-Image-2021-10-05-at-3.30.08-PM-1-75x50.jpeg 75w, https:\/\/ds-barranquilla.org\/wp-content\/uploads\/2021\/10\/WhatsApp-Image-2021-10-05-at-3.30.08-PM-1-64x43.jpeg 64w, https:\/\/ds-barranquilla.org\/wp-content\/uploads\/2021\/10\/WhatsApp-Image-2021-10-05-at-3.30.08-PM-1.jpeg 1280w\" sizes=\"(max-width:767px) 300px, 300px\" \/><\/a><a href=\"https:\/\/ds-barranquilla.org\/wp-content\/uploads\/2021\/10\/WhatsApp-Image-2021-10-05-at-3.30.08-PM.jpeg\"><img decoding=\"async\" class=\"alignnone size-medium wp-image-8440\" src=\"https:\/\/ds-barranquilla.org\/wp-content\/uploads\/2021\/10\/WhatsApp-Image-2021-10-05-at-3.30.08-PM-300x182.jpeg\" alt=\"\" width=\"300\" height=\"182\" srcset=\"https:\/\/ds-barranquilla.org\/wp-content\/uploads\/2021\/10\/WhatsApp-Image-2021-10-05-at-3.30.08-PM-300x182.jpeg 300w, https:\/\/ds-barranquilla.org\/wp-content\/uploads\/2021\/10\/WhatsApp-Image-2021-10-05-at-3.30.08-PM-800x486.jpeg 800w, https:\/\/ds-barranquilla.org\/wp-content\/uploads\/2021\/10\/WhatsApp-Image-2021-10-05-at-3.30.08-PM-1024x622.jpeg 1024w, https:\/\/ds-barranquilla.org\/wp-content\/uploads\/2021\/10\/WhatsApp-Image-2021-10-05-at-3.30.08-PM-768x466.jpeg 768w, https:\/\/ds-barranquilla.org\/wp-content\/uploads\/2021\/10\/WhatsApp-Image-2021-10-05-at-3.30.08-PM-50x30.jpeg 50w, https:\/\/ds-barranquilla.org\/wp-content\/uploads\/2021\/10\/WhatsApp-Image-2021-10-05-at-3.30.08-PM-150x91.jpeg 150w, https:\/\/ds-barranquilla.org\/wp-content\/uploads\/2021\/10\/WhatsApp-Image-2021-10-05-at-3.30.08-PM-82x50.jpeg 82w, https:\/\/ds-barranquilla.org\/wp-content\/uploads\/2021\/10\/WhatsApp-Image-2021-10-05-at-3.30.08-PM-64x39.jpeg 64w, https:\/\/ds-barranquilla.org\/wp-content\/uploads\/2021\/10\/WhatsApp-Image-2021-10-05-at-3.30.08-PM.jpeg 1280w\" sizes=\"(max-width:767px) 300px, 300px\" \/><\/a><\/p>","protected":false},"excerpt":{"rendered":"<p>Colecci\u00f3n de libros en alem\u00e1n sobre diferentes temas fue adquirida por nuestra Biblioteca Creado por: Jos\u00e9 R\u00edos Mercado. Astronom\u00eda, Comportamientos sociales, Medio Ambiente y Tiempo, son<span class=\"excerpt-hellip\"> [\u2026]<\/span><\/p>","protected":false},"author":16,"featured_media":8438,"comment_status":"open","ping_status":"open","sticky":false,"template":"","format":"standard","meta":{"_exactmetrics_skip_tracking":false,"_exactmetrics_sitenote_active":false,"_exactmetrics_sitenote_note":"","_exactmetrics_sitenote_category":0,"_joinchat":[],"footnotes":""},"categories":[681,673,695,674],"tags":[],"class_list":["post-8437","post","type-post","status-publish","format-standard","has-post-thumbnail","hentry","category-681","category-area-de-aleman","category-biblioteca","category-lengua-y-cultura-alemana"],"yoast_head":"<!-- This site is optimized with the Yoast SEO plugin v23.3 - https:\/\/yoast.com\/wordpress\/plugins\/seo\/ -->\n<title>Colecci\u00f3n de libros en alem\u00e1n sobre diferentes temas fue adquirida por nuestra Biblioteca - 2026<\/title>\n<meta name=\"robots\" content=\"noindex, follow, max-snippet:-1, max-image-preview:large, max-video-preview:-1\" \/>\n<meta property=\"og:locale\" content=\"de_DE\" \/>\n<meta property=\"og:type\" content=\"article\" \/>\n<meta property=\"og:title\" content=\"Colecci\u00f3n de libros en alem\u00e1n sobre diferentes temas fue adquirida por nuestra Biblioteca - 2026\" \/>\n<meta property=\"og:description\" content=\"Colecci\u00f3n de libros en alem\u00e1n sobre diferentes temas fue adquirida por nuestra Biblioteca Creado por: Jos\u00e9 R\u00edos Mercado. Astronom\u00eda, Comportamientos sociales, Medio Ambiente y Tiempo, son [\u2026]\" \/>\n<meta property=\"og:url\" content=\"https:\/\/ds-barranquilla.org\/de\/nuestra-biblioteca-adquirio-una-coleccion-de-libros-en-aleman-sobre-diferentes-temas\/\" \/>\n<meta property=\"og:site_name\" content=\"Colegio Alem\u00e1n - Los Mejores Colegios de Colombia - Colegio Triling\u00fce\" \/>\n<meta property=\"article:publisher\" content=\"https:\/\/www.facebook.com\/ColegioAlemanBaq\/\" \/>\n<meta property=\"article:published_time\" content=\"2021-10-05T20:41:20+00:00\" \/>\n<meta property=\"article:modified_time\" content=\"2023-01-03T15:47:28+00:00\" \/>\n<meta property=\"og:image\" content=\"https:\/\/ds-barranquilla.org\/wp-content\/uploads\/2021\/10\/Nuevos-Libros-Web.jpg\" \/>\n\t<meta property=\"og:image:width\" content=\"1170\" \/>\n\t<meta property=\"og:image:height\" content=\"500\" \/>\n\t<meta property=\"og:image:type\" content=\"image\/jpeg\" \/>\n<meta name=\"author\" content=\"Comunicaciones Comunicaciones\" \/>\n<meta name=\"twitter:card\" content=\"summary_large_image\" \/>\n<meta name=\"twitter:creator\" content=\"@ColegioAlemanBq\" \/>\n<meta name=\"twitter:site\" content=\"@ColegioAlemanBq\" \/>\n<meta name=\"twitter:label1\" content=\"Verfasst von\" \/>\n\t<meta name=\"twitter:data1\" content=\"Comunicaciones Comunicaciones\" \/>\n\t<meta name=\"twitter:label2\" content=\"Gesch\u00e4tzte Lesezeit\" \/>\n\t<meta name=\"twitter:data2\" content=\"2\u00a0Minuten\" \/>\n<script type=\"application\/ld+json\" class=\"yoast-schema-graph\">{\"@context\":\"https:\/\/schema.org\",\"@graph\":[{\"@type\":\"Article\",\"@id\":\"https:\/\/ds-barranquilla.org\/de\/nuestra-biblioteca-adquirio-una-coleccion-de-libros-en-aleman-sobre-diferentes-temas\/#article\",\"isPartOf\":{\"@id\":\"https:\/\/ds-barranquilla.org\/de\/nuestra-biblioteca-adquirio-una-coleccion-de-libros-en-aleman-sobre-diferentes-temas\/\"},\"author\":{\"name\":\"Comunicaciones Comunicaciones\",\"@id\":\"https:\/\/ds-barranquilla.org\/#\/schema\/person\/7bf8790ba89d3480e0551241ccdc8d36\"},\"headline\":\"Colecci\u00f3n de libros en alem\u00e1n sobre diferentes temas fue adquirida por nuestra Biblioteca\",\"datePublished\":\"2021-10-05T20:41:20+00:00\",\"dateModified\":\"2023-01-03T15:47:28+00:00\",\"mainEntityOfPage\":{\"@id\":\"https:\/\/ds-barranquilla.org\/de\/nuestra-biblioteca-adquirio-una-coleccion-de-libros-en-aleman-sobre-diferentes-temas\/\"},\"wordCount\":227,\"commentCount\":0,\"publisher\":{\"@id\":\"https:\/\/ds-barranquilla.org\/#organization\"},\"image\":{\"@id\":\"https:\/\/ds-barranquilla.org\/de\/nuestra-biblioteca-adquirio-una-coleccion-de-libros-en-aleman-sobre-diferentes-temas\/#primaryimage\"},\"thumbnailUrl\":\"https:\/\/ds-barranquilla.org\/wp-content\/uploads\/2021\/10\/Nuevos-Libros-Web.jpg\",\"articleSection\":[\"2021\",\"\u00c1rea de Alem\u00e1n\",\"Biblioteca\",\"Lengua y Cultura Alemana\"],\"inLanguage\":\"de\",\"potentialAction\":[{\"@type\":\"CommentAction\",\"name\":\"Comment\",\"target\":[\"https:\/\/ds-barranquilla.org\/de\/nuestra-biblioteca-adquirio-una-coleccion-de-libros-en-aleman-sobre-diferentes-temas\/#respond\"]}]},{\"@type\":\"WebPage\",\"@id\":\"https:\/\/ds-barranquilla.org\/de\/nuestra-biblioteca-adquirio-una-coleccion-de-libros-en-aleman-sobre-diferentes-temas\/\",\"url\":\"https:\/\/ds-barranquilla.org\/de\/nuestra-biblioteca-adquirio-una-coleccion-de-libros-en-aleman-sobre-diferentes-temas\/\",\"name\":\"Colecci\u00f3n de libros en alem\u00e1n sobre diferentes temas fue adquirida por nuestra Biblioteca - 2026\",\"isPartOf\":{\"@id\":\"https:\/\/ds-barranquilla.org\/#website\"},\"primaryImageOfPage\":{\"@id\":\"https:\/\/ds-barranquilla.org\/de\/nuestra-biblioteca-adquirio-una-coleccion-de-libros-en-aleman-sobre-diferentes-temas\/#primaryimage\"},\"image\":{\"@id\":\"https:\/\/ds-barranquilla.org\/de\/nuestra-biblioteca-adquirio-una-coleccion-de-libros-en-aleman-sobre-diferentes-temas\/#primaryimage\"},\"thumbnailUrl\":\"https:\/\/ds-barranquilla.org\/wp-content\/uploads\/2021\/10\/Nuevos-Libros-Web.jpg\",\"datePublished\":\"2021-10-05T20:41:20+00:00\",\"dateModified\":\"2023-01-03T15:47:28+00:00\",\"breadcrumb\":{\"@id\":\"https:\/\/ds-barranquilla.org\/de\/nuestra-biblioteca-adquirio-una-coleccion-de-libros-en-aleman-sobre-diferentes-temas\/#breadcrumb\"},\"inLanguage\":\"de\",\"potentialAction\":[{\"@type\":\"ReadAction\",\"target\":[\"https:\/\/ds-barranquilla.org\/de\/nuestra-biblioteca-adquirio-una-coleccion-de-libros-en-aleman-sobre-diferentes-temas\/\"]}]},{\"@type\":\"ImageObject\",\"inLanguage\":\"de\",\"@id\":\"https:\/\/ds-barranquilla.org\/de\/nuestra-biblioteca-adquirio-una-coleccion-de-libros-en-aleman-sobre-diferentes-temas\/#primaryimage\",\"url\":\"https:\/\/ds-barranquilla.org\/wp-content\/uploads\/2021\/10\/Nuevos-Libros-Web.jpg\",\"contentUrl\":\"https:\/\/ds-barranquilla.org\/wp-content\/uploads\/2021\/10\/Nuevos-Libros-Web.jpg\",\"width\":1170,\"height\":500},{\"@type\":\"BreadcrumbList\",\"@id\":\"https:\/\/ds-barranquilla.org\/de\/nuestra-biblioteca-adquirio-una-coleccion-de-libros-en-aleman-sobre-diferentes-temas\/#breadcrumb\",\"itemListElement\":[{\"@type\":\"ListItem\",\"position\":1,\"name\":\"Portada\",\"item\":\"https:\/\/ds-barranquilla.org\/\"},{\"@type\":\"ListItem\",\"position\":2,\"name\":\"Colecci\u00f3n de libros en alem\u00e1n sobre diferentes temas fue adquirida por nuestra Biblioteca\"}]},{\"@type\":\"WebSite\",\"@id\":\"https:\/\/ds-barranquilla.org\/#website\",\"url\":\"https:\/\/ds-barranquilla.org\/\",\"name\":\"Colegio Alem\u00e1n - Los Mejores Colegios de Colombia - Colegio Triling\u00fce\",\"description\":\"Colegio Alem\u00e1n  Barranquilla Colombia - Colegio Biling\u00fce - Triling\u00fce - El Mejor Colegio de Colombia\",\"publisher\":{\"@id\":\"https:\/\/ds-barranquilla.org\/#organization\"},\"potentialAction\":[{\"@type\":\"SearchAction\",\"target\":{\"@type\":\"EntryPoint\",\"urlTemplate\":\"https:\/\/ds-barranquilla.org\/?s={search_term_string}\"},\"query-input\":\"required name=search_term_string\"}],\"inLanguage\":\"de\"},{\"@type\":\"Organization\",\"@id\":\"https:\/\/ds-barranquilla.org\/#organization\",\"name\":\"Colegio Alem\u00e1n Barranquilla\",\"url\":\"https:\/\/ds-barranquilla.org\/\",\"logo\":{\"@type\":\"ImageObject\",\"inLanguage\":\"de\",\"@id\":\"https:\/\/ds-barranquilla.org\/#\/schema\/logo\/image\/\",\"url\":\"https:\/\/ds-barranquilla.org\/wp-content\/uploads\/2021\/05\/coleman_logo_2.png\",\"contentUrl\":\"https:\/\/ds-barranquilla.org\/wp-content\/uploads\/2021\/05\/coleman_logo_2.png\",\"width\":418,\"height\":307,\"caption\":\"Colegio Alem\u00e1n Barranquilla\"},\"image\":{\"@id\":\"https:\/\/ds-barranquilla.org\/#\/schema\/logo\/image\/\"},\"sameAs\":[\"https:\/\/www.facebook.com\/ColegioAlemanBaq\/\",\"https:\/\/x.com\/ColegioAlemanBq\",\"https:\/\/www.instagram.com\/colegioalemanbaq\/\",\"https:\/\/www.linkedin.com\/school\/deutsche-schule-barranquilla\/\",\"https:\/\/www.youtube.com\/channel\/UCOOGZQCVs6aYRqIWvSN5agQ\"]},{\"@type\":\"Person\",\"@id\":\"https:\/\/ds-barranquilla.org\/#\/schema\/person\/7bf8790ba89d3480e0551241ccdc8d36\",\"name\":\"Comunicaciones Comunicaciones\",\"image\":{\"@type\":\"ImageObject\",\"inLanguage\":\"de\",\"@id\":\"https:\/\/ds-barranquilla.org\/#\/schema\/person\/image\/\",\"url\":\"https:\/\/secure.gravatar.com\/avatar\/a66ba9484a4338d81d6bea750e595038?s=96&d=mm&r=g\",\"contentUrl\":\"https:\/\/secure.gravatar.com\/avatar\/a66ba9484a4338d81d6bea750e595038?s=96&d=mm&r=g\",\"caption\":\"Comunicaciones Comunicaciones\"}}]}<\/script>\n<!-- \/ Yoast SEO plugin. -->","yoast_head_json":{"title":"Colecci\u00f3n de libros en alem\u00e1n sobre diferentes temas fue adquirida por nuestra Biblioteca - 2026","robots":{"index":"noindex","follow":"follow","max-snippet":"max-snippet:-1","max-image-preview":"max-image-preview:large","max-video-preview":"max-video-preview:-1"},"og_locale":"de_DE","og_type":"article","og_title":"Colecci\u00f3n de libros en alem\u00e1n sobre diferentes temas fue adquirida por nuestra Biblioteca - 2026","og_description":"Colecci\u00f3n de libros en alem\u00e1n sobre diferentes temas fue adquirida por nuestra Biblioteca Creado por: Jos\u00e9 R\u00edos Mercado. Astronom\u00eda, Comportamientos sociales, Medio Ambiente y Tiempo, son [\u2026]","og_url":"https:\/\/ds-barranquilla.org\/de\/nuestra-biblioteca-adquirio-una-coleccion-de-libros-en-aleman-sobre-diferentes-temas\/","og_site_name":"Colegio Alem\u00e1n - Los Mejores Colegios de Colombia - Colegio Triling\u00fce","article_publisher":"https:\/\/www.facebook.com\/ColegioAlemanBaq\/","article_published_time":"2021-10-05T20:41:20+00:00","article_modified_time":"2023-01-03T15:47:28+00:00","og_image":[{"width":1170,"height":500,"url":"https:\/\/ds-barranquilla.org\/wp-content\/uploads\/2021\/10\/Nuevos-Libros-Web.jpg","type":"image\/jpeg"}],"author":"Comunicaciones Comunicaciones","twitter_card":"summary_large_image","twitter_creator":"@ColegioAlemanBq","twitter_site":"@ColegioAlemanBq","twitter_misc":{"Verfasst von":"Comunicaciones Comunicaciones","Gesch\u00e4tzte Lesezeit":"2\u00a0Minuten"},"schema":{"@context":"https:\/\/schema.org","@graph":[{"@type":"Article","@id":"https:\/\/ds-barranquilla.org\/de\/nuestra-biblioteca-adquirio-una-coleccion-de-libros-en-aleman-sobre-diferentes-temas\/#article","isPartOf":{"@id":"https:\/\/ds-barranquilla.org\/de\/nuestra-biblioteca-adquirio-una-coleccion-de-libros-en-aleman-sobre-diferentes-temas\/"},"author":{"name":"Comunicaciones Comunicaciones","@id":"https:\/\/ds-barranquilla.org\/#\/schema\/person\/7bf8790ba89d3480e0551241ccdc8d36"},"headline":"Colecci\u00f3n de libros en alem\u00e1n sobre diferentes temas fue adquirida por nuestra Biblioteca","datePublished":"2021-10-05T20:41:20+00:00","dateModified":"2023-01-03T15:47:28+00:00","mainEntityOfPage":{"@id":"https:\/\/ds-barranquilla.org\/de\/nuestra-biblioteca-adquirio-una-coleccion-de-libros-en-aleman-sobre-diferentes-temas\/"},"wordCount":227,"commentCount":0,"publisher":{"@id":"https:\/\/ds-barranquilla.org\/#organization"},"image":{"@id":"https:\/\/ds-barranquilla.org\/de\/nuestra-biblioteca-adquirio-una-coleccion-de-libros-en-aleman-sobre-diferentes-temas\/#primaryimage"},"thumbnailUrl":"https:\/\/ds-barranquilla.org\/wp-content\/uploads\/2021\/10\/Nuevos-Libros-Web.jpg","articleSection":["2021","\u00c1rea de Alem\u00e1n","Biblioteca","Lengua y Cultura Alemana"],"inLanguage":"de","potentialAction":[{"@type":"CommentAction","name":"Comment","target":["https:\/\/ds-barranquilla.org\/de\/nuestra-biblioteca-adquirio-una-coleccion-de-libros-en-aleman-sobre-diferentes-temas\/#respond"]}]},{"@type":"WebPage","@id":"https:\/\/ds-barranquilla.org\/de\/nuestra-biblioteca-adquirio-una-coleccion-de-libros-en-aleman-sobre-diferentes-temas\/","url":"https:\/\/ds-barranquilla.org\/de\/nuestra-biblioteca-adquirio-una-coleccion-de-libros-en-aleman-sobre-diferentes-temas\/","name":"Colecci\u00f3n de libros en alem\u00e1n sobre diferentes temas fue adquirida por nuestra Biblioteca - 2026","isPartOf":{"@id":"https:\/\/ds-barranquilla.org\/#website"},"primaryImageOfPage":{"@id":"https:\/\/ds-barranquilla.org\/de\/nuestra-biblioteca-adquirio-una-coleccion-de-libros-en-aleman-sobre-diferentes-temas\/#primaryimage"},"image":{"@id":"https:\/\/ds-barranquilla.org\/de\/nuestra-biblioteca-adquirio-una-coleccion-de-libros-en-aleman-sobre-diferentes-temas\/#primaryimage"},"thumbnailUrl":"https:\/\/ds-barranquilla.org\/wp-content\/uploads\/2021\/10\/Nuevos-Libros-Web.jpg","datePublished":"2021-10-05T20:41:20+00:00","dateModified":"2023-01-03T15:47:28+00:00","breadcrumb":{"@id":"https:\/\/ds-barranquilla.org\/de\/nuestra-biblioteca-adquirio-una-coleccion-de-libros-en-aleman-sobre-diferentes-temas\/#breadcrumb"},"inLanguage":"de","potentialAction":[{"@type":"ReadAction","target":["https:\/\/ds-barranquilla.org\/de\/nuestra-biblioteca-adquirio-una-coleccion-de-libros-en-aleman-sobre-diferentes-temas\/"]}]},{"@type":"ImageObject","inLanguage":"de","@id":"https:\/\/ds-barranquilla.org\/de\/nuestra-biblioteca-adquirio-una-coleccion-de-libros-en-aleman-sobre-diferentes-temas\/#primaryimage","url":"https:\/\/ds-barranquilla.org\/wp-content\/uploads\/2021\/10\/Nuevos-Libros-Web.jpg","contentUrl":"https:\/\/ds-barranquilla.org\/wp-content\/uploads\/2021\/10\/Nuevos-Libros-Web.jpg","width":1170,"height":500},{"@type":"BreadcrumbList","@id":"https:\/\/ds-barranquilla.org\/de\/nuestra-biblioteca-adquirio-una-coleccion-de-libros-en-aleman-sobre-diferentes-temas\/#breadcrumb","itemListElement":[{"@type":"ListItem","position":1,"name":"Portada","item":"https:\/\/ds-barranquilla.org\/"},{"@type":"ListItem","position":2,"name":"Colecci\u00f3n de libros en alem\u00e1n sobre diferentes temas fue adquirida por nuestra Biblioteca"}]},{"@type":"WebSite","@id":"https:\/\/ds-barranquilla.org\/#website","url":"https:\/\/ds-barranquilla.org\/","name":"Colegio Alem\u00e1n - Los Mejores Colegios de Colombia - Colegio Triling\u00fce","description":"Colegio Alem\u00e1n  Barranquilla Colombia - Colegio Biling\u00fce - Triling\u00fce - El Mejor Colegio de Colombia","publisher":{"@id":"https:\/\/ds-barranquilla.org\/#organization"},"potentialAction":[{"@type":"SearchAction","target":{"@type":"EntryPoint","urlTemplate":"https:\/\/ds-barranquilla.org\/?s={search_term_string}"},"query-input":"required name=search_term_string"}],"inLanguage":"de"},{"@type":"Organization","@id":"https:\/\/ds-barranquilla.org\/#organization","name":"Colegio Alem\u00e1n Barranquilla","url":"https:\/\/ds-barranquilla.org\/","logo":{"@type":"ImageObject","inLanguage":"de","@id":"https:\/\/ds-barranquilla.org\/#\/schema\/logo\/image\/","url":"https:\/\/ds-barranquilla.org\/wp-content\/uploads\/2021\/05\/coleman_logo_2.png","contentUrl":"https:\/\/ds-barranquilla.org\/wp-content\/uploads\/2021\/05\/coleman_logo_2.png","width":418,"height":307,"caption":"Colegio Alem\u00e1n Barranquilla"},"image":{"@id":"https:\/\/ds-barranquilla.org\/#\/schema\/logo\/image\/"},"sameAs":["https:\/\/www.facebook.com\/ColegioAlemanBaq\/","https:\/\/x.com\/ColegioAlemanBq","https:\/\/www.instagram.com\/colegioalemanbaq\/","https:\/\/www.linkedin.com\/school\/deutsche-schule-barranquilla\/","https:\/\/www.youtube.com\/channel\/UCOOGZQCVs6aYRqIWvSN5agQ"]},{"@type":"Person","@id":"https:\/\/ds-barranquilla.org\/#\/schema\/person\/7bf8790ba89d3480e0551241ccdc8d36","name":"Comunicaciones Comunicaciones","image":{"@type":"ImageObject","inLanguage":"de","@id":"https:\/\/ds-barranquilla.org\/#\/schema\/person\/image\/","url":"https:\/\/secure.gravatar.com\/avatar\/a66ba9484a4338d81d6bea750e595038?s=96&d=mm&r=g","contentUrl":"https:\/\/secure.gravatar.com\/avatar\/a66ba9484a4338d81d6bea750e595038?s=96&d=mm&r=g","caption":"Comunicaciones Comunicaciones"}}]}},"_links":{"self":[{"href":"https:\/\/ds-barranquilla.org\/de\/wp-json\/wp\/v2\/posts\/8437"}],"collection":[{"href":"https:\/\/ds-barranquilla.org\/de\/wp-json\/wp\/v2\/posts"}],"about":[{"href":"https:\/\/ds-barranquilla.org\/de\/wp-json\/wp\/v2\/types\/post"}],"author":[{"embeddable":true,"href":"https:\/\/ds-barranquilla.org\/de\/wp-json\/wp\/v2\/users\/16"}],"replies":[{"embeddable":true,"href":"https:\/\/ds-barranquilla.org\/de\/wp-json\/wp\/v2\/comments?post=8437"}],"version-history":[{"count":4,"href":"https:\/\/ds-barranquilla.org\/de\/wp-json\/wp\/v2\/posts\/8437\/revisions"}],"predecessor-version":[{"id":8444,"href":"https:\/\/ds-barranquilla.org\/de\/wp-json\/wp\/v2\/posts\/8437\/revisions\/8444"}],"wp:featuredmedia":[{"embeddable":true,"href":"https:\/\/ds-barranquilla.org\/de\/wp-json\/wp\/v2\/media\/8438"}],"wp:attachment":[{"href":"https:\/\/ds-barranquilla.org\/de\/wp-json\/wp\/v2\/media?parent=8437"}],"wp:term":[{"taxonomy":"category","embeddable":true,"href":"https:\/\/ds-barranquilla.org\/de\/wp-json\/wp\/v2\/categories?post=8437"},{"taxonomy":"post_tag","embeddable":true,"href":"https:\/\/ds-barranquilla.org\/de\/wp-json\/wp\/v2\/tags?post=8437"}],"curies":[{"name":"wp","href":"https:\/\/api.w.org\/{rel}","templated":true}]}}