{"id":8547,"date":"2021-10-08T15:47:38","date_gmt":"2021-10-08T20:47:38","guid":{"rendered":"https:\/\/ds-barranquilla.org\/?p=8547"},"modified":"2023-01-03T10:46:49","modified_gmt":"2023-01-03T15:46:49","slug":"el-valioso-aporte-de-oriana-torres-como-asesora-del-sector-educativo-en-diferentes-paises","status":"publish","type":"post","link":"https:\/\/ds-barranquilla.org\/de\/el-valioso-aporte-de-oriana-torres-como-asesora-del-sector-educativo-en-diferentes-paises\/","title":{"rendered":"Der wertvolle Beitrag von Oriana Torres\u00a0als Bildungsberaterin in verschiedenen L\u00e4ndern"},"content":{"rendered":"<h1><strong>Der wertvolle Beitrag von Oriana Torres\u00a0als Bildungsberaterin in verschiedenen L\u00e4ndern<\/strong><\/h1>\n<p><strong>Geschrieben von: Jos\u00e9 R\u00edos Mercado.<\/strong> Unsere Absolventin des Abschlussjahrganges 1998, Oriana Torres, widmet sich beruflich dem Thema Berufsausbildungen auf dem hispanoamerikanischen Markt. Ihr BWL-Studium an der Universidad del Norte, der MBA, den sie am Babson College in Boston, USA, erlangt hat, sowie weitreichende Erfahrungen im Bildungs- und Unternehmenssektor sind wichtige Teile ihrer schulischen und\u00a0beruflichen Laufbahn. Hieraus ergab sich ihr au\u00dferdem bereits mehrfach die Chance, in verschiedenen L\u00e4ndern der ganzen Welt zu arbeiten.<\/p>\n<p>\u201cMeine Arbeit hat sich immer an der Schnittstelle zwischen Bildung und Unternehmen bewegt. Nachdem ich als Assistentin f\u00fcr das Austauschprogramm an der Deutschen Schule Barranquilla gearbeitet habe, habe ich mich AISEC angeschlossen, der weltweit gr\u00f6\u00dften, jugend-gef\u00fchrten internationalen Organisation, dank der ich die M\u00f6glichkeit hatte, in \u00d6sterreich, Brasilien, den Niederlanden und in Indien zu arbeiten. Mir war jedoch immer klar, dass ich irgendwann nach Kolumbien zur\u00fcckkehren w\u00fcrde, um mit meiner Karriere Ver\u00e4nderungen bewirken zu k\u00f6nnen\u201d, sagte die\u00a0BWLerin.\u00a0<\/p>\n<p>Oriana Torres berichtet, dass sie nach ihrer R\u00fcckkehr nach Kolumbien (2007) Teil des Gr\u00fcndungsteams von\u00a0Endeavor\u00a0Colombia wurde, einer internationalen Organisation, die die nachhaltige wirtschaftliche Entwicklung und den Wandel der aufstrebenden Wirtschaften unterst\u00fctzt, indem sie Unternehmer*innen mit gro\u00dfem Potential findet und unterst\u00fctzt. Diese Herausforderung hat sie dazu gebracht, ihren Master am Babson College anzustreben, aufgrund seines guten Rufes und der f\u00fchrenden Position im Bereich Bildung. Dies lie\u00df sich au\u00dferdem gut mit ihrer Teilnahme an mehreren Unternehmens- und Bildungsprojekten in den USA und Afrika vereinen.\u00a0<\/p>\n<p>\u201cAn diesem Punkt war mir klar, dass es Zeit wurde, mich 100 % der Bildungsindustrie zu widmen und seitdem bin ich Leiterin privater Bildungsgruppen (in der Vorschule, Grundschule und der Oberstufe), mit\u00a0Zweigstellen\u00a0in Europa und Lateinamerika. Ich war Vizepr\u00e4sidentin von\u00a0Redcol\u00a0Holding und Gr\u00fcndungspartnerin bei\u00a0Fukuro\u00a0Consulting, wo Schulen und Bildungsprojekte dabei unterst\u00fctzt werden, ihre strategischen Ziele zu definieren und umzusetzen\u201d, erz\u00e4hlte die\u00a0BWLerin.<\/p>\n<p>F\u00fcr Oriana Torres ist es eine Ehre, die Bildung zu \u201csch\u00fctzen\u201d, einen Sektor, dem wir unsere gr\u00f6\u00dften Sch\u00e4tze anvertrauen, unsere eigenen Kinder. Sie erkl\u00e4rt, dass die Ver\u00e4nderungen, die dieser Bereich durchmacht, in riesigen Schritten voran\u00a0gehen, weshalb es umso wichtiger ist, Personal zu haben, das diese an den Standard anpasst, den unsere Kinder verdient haben. \u00dcber ihre Zeit als Sch\u00fclerin an der\u00a0Deutschen Schule berichtet sie, wie die Schule ihr beigebracht hat, wie wichtig es ist, die Vielfalt willkommen zu hei\u00dfen, ein Thema, das seit vielen Jahren an Bedeutung gewinnt.<\/p>\n<p>Die\u00a0BWLerin\u00a0erz\u00e4hlt au\u00dferdem aus ihrer Erfahrung, dass die Schule ihre Sch\u00fcler*innen immer als individuelle Wesen mit sehr unterschiedlichen Potentialen und verschiedenen Definitionen von Erfolg anerkannt hat. Das f\u00fchrt uns zu der gro\u00dfen Anzahl an Ehemaligen, die heute in so unterschiedlichen Bereichen t\u00e4tig sind. Das Austauschprogramm, die Sch\u00fclerzeitung \u2018El\u00a0Pulpo\u2019, die Theaterst\u00fccke mit der Lehrerin Virginia Mercado, die Schulsozialarbeit, die Exkursionen und\u00a0ihre Klassenkamerad*innen sind tolle Erinnerungen, die sie aus ihrer Zeit an unserer Schule immer mit sich tr\u00e4gt.<\/p>\n<p><a href=\"https:\/\/ds-barranquilla.org\/wp-content\/uploads\/2021\/10\/Oriana-Torres-Africa-3.jpeg\"><img fetchpriority=\"high\" decoding=\"async\" class=\"alignnone size-medium wp-image-8549\" src=\"https:\/\/ds-barranquilla.org\/wp-content\/uploads\/2021\/10\/Oriana-Torres-Africa-3-300x300.jpeg\" alt=\"\" width=\"300\" height=\"300\" srcset=\"https:\/\/ds-barranquilla.org\/wp-content\/uploads\/2021\/10\/Oriana-Torres-Africa-3-300x300.jpeg 300w, https:\/\/ds-barranquilla.org\/wp-content\/uploads\/2021\/10\/Oriana-Torres-Africa-3-500x500.jpeg 500w, https:\/\/ds-barranquilla.org\/wp-content\/uploads\/2021\/10\/Oriana-Torres-Africa-3-150x150.jpeg 150w, https:\/\/ds-barranquilla.org\/wp-content\/uploads\/2021\/10\/Oriana-Torres-Africa-3-50x50.jpeg 50w, https:\/\/ds-barranquilla.org\/wp-content\/uploads\/2021\/10\/Oriana-Torres-Africa-3-80x80.jpeg 80w, https:\/\/ds-barranquilla.org\/wp-content\/uploads\/2021\/10\/Oriana-Torres-Africa-3-450x450.jpeg 450w, https:\/\/ds-barranquilla.org\/wp-content\/uploads\/2021\/10\/Oriana-Torres-Africa-3-64x64.jpeg 64w, https:\/\/ds-barranquilla.org\/wp-content\/uploads\/2021\/10\/Oriana-Torres-Africa-3.jpeg 557w\" sizes=\"(max-width:767px) 300px, 300px\" \/><\/a><a href=\"https:\/\/ds-barranquilla.org\/wp-content\/uploads\/2021\/10\/Oriana-Torres-Africa.jpeg\"><img decoding=\"async\" class=\"alignnone size-medium wp-image-8550\" src=\"https:\/\/ds-barranquilla.org\/wp-content\/uploads\/2021\/10\/Oriana-Torres-Africa-300x225.jpeg\" alt=\"\" width=\"300\" height=\"225\" srcset=\"https:\/\/ds-barranquilla.org\/wp-content\/uploads\/2021\/10\/Oriana-Torres-Africa-300x225.jpeg 300w, https:\/\/ds-barranquilla.org\/wp-content\/uploads\/2021\/10\/Oriana-Torres-Africa-800x600.jpeg 800w, https:\/\/ds-barranquilla.org\/wp-content\/uploads\/2021\/10\/Oriana-Torres-Africa-1024x768.jpeg 1024w, https:\/\/ds-barranquilla.org\/wp-content\/uploads\/2021\/10\/Oriana-Torres-Africa-768x576.jpeg 768w, https:\/\/ds-barranquilla.org\/wp-content\/uploads\/2021\/10\/Oriana-Torres-Africa-1536x1152.jpeg 1536w, https:\/\/ds-barranquilla.org\/wp-content\/uploads\/2021\/10\/Oriana-Torres-Africa-50x38.jpeg 50w, https:\/\/ds-barranquilla.org\/wp-content\/uploads\/2021\/10\/Oriana-Torres-Africa-150x113.jpeg 150w, https:\/\/ds-barranquilla.org\/wp-content\/uploads\/2021\/10\/Oriana-Torres-Africa-500x375.jpeg 500w, https:\/\/ds-barranquilla.org\/wp-content\/uploads\/2021\/10\/Oriana-Torres-Africa-67x50.jpeg 67w, https:\/\/ds-barranquilla.org\/wp-content\/uploads\/2021\/10\/Oriana-Torres-Africa-64x48.jpeg 64w, https:\/\/ds-barranquilla.org\/wp-content\/uploads\/2021\/10\/Oriana-Torres-Africa.jpeg 2048w\" sizes=\"(max-width:767px) 300px, 300px\" \/><\/a><a href=\"https:\/\/ds-barranquilla.org\/wp-content\/uploads\/2021\/10\/Oriana-Torres-Babson.jpeg\"><img decoding=\"async\" class=\"alignnone size-medium wp-image-8551\" src=\"https:\/\/ds-barranquilla.org\/wp-content\/uploads\/2021\/10\/Oriana-Torres-Babson-300x225.jpeg\" alt=\"\" width=\"300\" height=\"225\" srcset=\"https:\/\/ds-barranquilla.org\/wp-content\/uploads\/2021\/10\/Oriana-Torres-Babson-300x225.jpeg 300w, https:\/\/ds-barranquilla.org\/wp-content\/uploads\/2021\/10\/Oriana-Torres-Babson-800x600.jpeg 800w, https:\/\/ds-barranquilla.org\/wp-content\/uploads\/2021\/10\/Oriana-Torres-Babson-1024x768.jpeg 1024w, https:\/\/ds-barranquilla.org\/wp-content\/uploads\/2021\/10\/Oriana-Torres-Babson-768x576.jpeg 768w, https:\/\/ds-barranquilla.org\/wp-content\/uploads\/2021\/10\/Oriana-Torres-Babson-1536x1152.jpeg 1536w, https:\/\/ds-barranquilla.org\/wp-content\/uploads\/2021\/10\/Oriana-Torres-Babson-50x38.jpeg 50w, https:\/\/ds-barranquilla.org\/wp-content\/uploads\/2021\/10\/Oriana-Torres-Babson-150x113.jpeg 150w, https:\/\/ds-barranquilla.org\/wp-content\/uploads\/2021\/10\/Oriana-Torres-Babson-500x375.jpeg 500w, https:\/\/ds-barranquilla.org\/wp-content\/uploads\/2021\/10\/Oriana-Torres-Babson-67x50.jpeg 67w, https:\/\/ds-barranquilla.org\/wp-content\/uploads\/2021\/10\/Oriana-Torres-Babson-64x48.jpeg 64w, https:\/\/ds-barranquilla.org\/wp-content\/uploads\/2021\/10\/Oriana-Torres-Babson.jpeg 2048w\" sizes=\"(max-width:767px) 300px, 300px\" \/><\/a><a href=\"https:\/\/ds-barranquilla.org\/wp-content\/uploads\/2021\/10\/Oriana-Torres-Speaking.jpeg\"><img loading=\"lazy\" decoding=\"async\" class=\"alignnone size-medium wp-image-8552\" src=\"https:\/\/ds-barranquilla.org\/wp-content\/uploads\/2021\/10\/Oriana-Torres-Speaking-300x169.jpeg\" alt=\"\" width=\"300\" height=\"169\" srcset=\"https:\/\/ds-barranquilla.org\/wp-content\/uploads\/2021\/10\/Oriana-Torres-Speaking-300x169.jpeg 300w, https:\/\/ds-barranquilla.org\/wp-content\/uploads\/2021\/10\/Oriana-Torres-Speaking-800x450.jpeg 800w, https:\/\/ds-barranquilla.org\/wp-content\/uploads\/2021\/10\/Oriana-Torres-Speaking-1024x576.jpeg 1024w, https:\/\/ds-barranquilla.org\/wp-content\/uploads\/2021\/10\/Oriana-Torres-Speaking-768x432.jpeg 768w, https:\/\/ds-barranquilla.org\/wp-content\/uploads\/2021\/10\/Oriana-Torres-Speaking-1536x864.jpeg 1536w, https:\/\/ds-barranquilla.org\/wp-content\/uploads\/2021\/10\/Oriana-Torres-Speaking-50x28.jpeg 50w, https:\/\/ds-barranquilla.org\/wp-content\/uploads\/2021\/10\/Oriana-Torres-Speaking-150x84.jpeg 150w, https:\/\/ds-barranquilla.org\/wp-content\/uploads\/2021\/10\/Oriana-Torres-Speaking-89x50.jpeg 89w, https:\/\/ds-barranquilla.org\/wp-content\/uploads\/2021\/10\/Oriana-Torres-Speaking-64x36.jpeg 64w, https:\/\/ds-barranquilla.org\/wp-content\/uploads\/2021\/10\/Oriana-Torres-Speaking.jpeg 2048w\" sizes=\"(max-width:767px) 300px, 300px\" \/><\/a><\/p>","protected":false},"excerpt":{"rendered":"<p>El valioso aporte de Oriana Torres como asesora del sector educativo en diferentes pa\u00edses Creado por: Jos\u00e9 R\u00edos Mercado. La educaci\u00f3n vocacional enfocada en el mercado<span class=\"excerpt-hellip\"> [\u2026]<\/span><\/p>","protected":false},"author":16,"featured_media":8548,"comment_status":"open","ping_status":"open","sticky":false,"template":"","format":"standard","meta":{"_exactmetrics_skip_tracking":false,"_exactmetrics_sitenote_active":false,"_exactmetrics_sitenote_note":"","_exactmetrics_sitenote_category":0,"_joinchat":[],"footnotes":""},"categories":[681,684],"tags":[712],"class_list":["post-8547","post","type-post","status-publish","format-standard","has-post-thumbnail","hentry","category-681","category-alumni","tag-entrevista"],"yoast_head":"<!-- This site is optimized with the Yoast SEO plugin v23.3 - https:\/\/yoast.com\/wordpress\/plugins\/seo\/ -->\n<title>El valioso aporte de Oriana Torres como asesora del sector educativo en diferentes pa\u00edses - 2026<\/title>\n<meta name=\"robots\" content=\"noindex, follow, max-snippet:-1, max-image-preview:large, max-video-preview:-1\" \/>\n<meta property=\"og:locale\" content=\"de_DE\" \/>\n<meta property=\"og:type\" content=\"article\" \/>\n<meta property=\"og:title\" content=\"El valioso aporte de Oriana Torres como asesora del sector educativo en diferentes pa\u00edses - 2026\" \/>\n<meta property=\"og:description\" content=\"El valioso aporte de Oriana Torres como asesora del sector educativo en diferentes pa\u00edses Creado por: Jos\u00e9 R\u00edos Mercado. La educaci\u00f3n vocacional enfocada en el mercado [\u2026]\" \/>\n<meta property=\"og:url\" content=\"https:\/\/ds-barranquilla.org\/de\/el-valioso-aporte-de-oriana-torres-como-asesora-del-sector-educativo-en-diferentes-paises\/\" \/>\n<meta property=\"og:site_name\" content=\"Colegio Alem\u00e1n - Los Mejores Colegios de Colombia - Colegio Triling\u00fce\" \/>\n<meta property=\"article:publisher\" content=\"https:\/\/www.facebook.com\/ColegioAlemanBaq\/\" \/>\n<meta property=\"article:published_time\" content=\"2021-10-08T20:47:38+00:00\" \/>\n<meta property=\"article:modified_time\" content=\"2023-01-03T15:46:49+00:00\" \/>\n<meta property=\"og:image\" content=\"https:\/\/ds-barranquilla.org\/wp-content\/uploads\/2021\/10\/Oriana-Torres-Web.jpg\" \/>\n\t<meta property=\"og:image:width\" content=\"1170\" \/>\n\t<meta property=\"og:image:height\" content=\"500\" \/>\n\t<meta property=\"og:image:type\" content=\"image\/jpeg\" \/>\n<meta name=\"author\" content=\"Comunicaciones Comunicaciones\" \/>\n<meta name=\"twitter:card\" content=\"summary_large_image\" \/>\n<meta name=\"twitter:creator\" content=\"@ColegioAlemanBq\" \/>\n<meta name=\"twitter:site\" content=\"@ColegioAlemanBq\" \/>\n<meta name=\"twitter:label1\" content=\"Verfasst von\" \/>\n\t<meta name=\"twitter:data1\" content=\"Comunicaciones Comunicaciones\" \/>\n\t<meta name=\"twitter:label2\" content=\"Gesch\u00e4tzte Lesezeit\" \/>\n\t<meta name=\"twitter:data2\" content=\"4\u00a0Minuten\" \/>\n<script type=\"application\/ld+json\" class=\"yoast-schema-graph\">{\"@context\":\"https:\/\/schema.org\",\"@graph\":[{\"@type\":\"Article\",\"@id\":\"https:\/\/ds-barranquilla.org\/el-valioso-aporte-de-oriana-torres-como-asesora-del-sector-educativo-en-diferentes-paises\/#article\",\"isPartOf\":{\"@id\":\"https:\/\/ds-barranquilla.org\/el-valioso-aporte-de-oriana-torres-como-asesora-del-sector-educativo-en-diferentes-paises\/\"},\"author\":{\"name\":\"Comunicaciones Comunicaciones\",\"@id\":\"https:\/\/ds-barranquilla.org\/#\/schema\/person\/7bf8790ba89d3480e0551241ccdc8d36\"},\"headline\":\"El valioso aporte de Oriana Torres como asesora del sector educativo en diferentes pa\u00edses\",\"datePublished\":\"2021-10-08T20:47:38+00:00\",\"dateModified\":\"2023-01-03T15:46:49+00:00\",\"mainEntityOfPage\":{\"@id\":\"https:\/\/ds-barranquilla.org\/el-valioso-aporte-de-oriana-torres-como-asesora-del-sector-educativo-en-diferentes-paises\/\"},\"wordCount\":554,\"commentCount\":0,\"publisher\":{\"@id\":\"https:\/\/ds-barranquilla.org\/#organization\"},\"image\":{\"@id\":\"https:\/\/ds-barranquilla.org\/el-valioso-aporte-de-oriana-torres-como-asesora-del-sector-educativo-en-diferentes-paises\/#primaryimage\"},\"thumbnailUrl\":\"https:\/\/ds-barranquilla.org\/wp-content\/uploads\/2021\/10\/Oriana-Torres-Web.jpg\",\"keywords\":[\"Entrevista\"],\"articleSection\":[\"2021\",\"Alumni\"],\"inLanguage\":\"de\",\"potentialAction\":[{\"@type\":\"CommentAction\",\"name\":\"Comment\",\"target\":[\"https:\/\/ds-barranquilla.org\/el-valioso-aporte-de-oriana-torres-como-asesora-del-sector-educativo-en-diferentes-paises\/#respond\"]}]},{\"@type\":\"WebPage\",\"@id\":\"https:\/\/ds-barranquilla.org\/el-valioso-aporte-de-oriana-torres-como-asesora-del-sector-educativo-en-diferentes-paises\/\",\"url\":\"https:\/\/ds-barranquilla.org\/el-valioso-aporte-de-oriana-torres-como-asesora-del-sector-educativo-en-diferentes-paises\/\",\"name\":\"El valioso aporte de Oriana Torres como asesora del sector educativo en diferentes pa\u00edses - 2026\",\"isPartOf\":{\"@id\":\"https:\/\/ds-barranquilla.org\/#website\"},\"primaryImageOfPage\":{\"@id\":\"https:\/\/ds-barranquilla.org\/el-valioso-aporte-de-oriana-torres-como-asesora-del-sector-educativo-en-diferentes-paises\/#primaryimage\"},\"image\":{\"@id\":\"https:\/\/ds-barranquilla.org\/el-valioso-aporte-de-oriana-torres-como-asesora-del-sector-educativo-en-diferentes-paises\/#primaryimage\"},\"thumbnailUrl\":\"https:\/\/ds-barranquilla.org\/wp-content\/uploads\/2021\/10\/Oriana-Torres-Web.jpg\",\"datePublished\":\"2021-10-08T20:47:38+00:00\",\"dateModified\":\"2023-01-03T15:46:49+00:00\",\"breadcrumb\":{\"@id\":\"https:\/\/ds-barranquilla.org\/el-valioso-aporte-de-oriana-torres-como-asesora-del-sector-educativo-en-diferentes-paises\/#breadcrumb\"},\"inLanguage\":\"de\",\"potentialAction\":[{\"@type\":\"ReadAction\",\"target\":[\"https:\/\/ds-barranquilla.org\/el-valioso-aporte-de-oriana-torres-como-asesora-del-sector-educativo-en-diferentes-paises\/\"]}]},{\"@type\":\"ImageObject\",\"inLanguage\":\"de\",\"@id\":\"https:\/\/ds-barranquilla.org\/el-valioso-aporte-de-oriana-torres-como-asesora-del-sector-educativo-en-diferentes-paises\/#primaryimage\",\"url\":\"https:\/\/ds-barranquilla.org\/wp-content\/uploads\/2021\/10\/Oriana-Torres-Web.jpg\",\"contentUrl\":\"https:\/\/ds-barranquilla.org\/wp-content\/uploads\/2021\/10\/Oriana-Torres-Web.jpg\",\"width\":1170,\"height\":500},{\"@type\":\"BreadcrumbList\",\"@id\":\"https:\/\/ds-barranquilla.org\/el-valioso-aporte-de-oriana-torres-como-asesora-del-sector-educativo-en-diferentes-paises\/#breadcrumb\",\"itemListElement\":[{\"@type\":\"ListItem\",\"position\":1,\"name\":\"Portada\",\"item\":\"https:\/\/ds-barranquilla.org\/\"},{\"@type\":\"ListItem\",\"position\":2,\"name\":\"El valioso aporte de Oriana Torres como asesora del sector educativo en diferentes pa\u00edses\"}]},{\"@type\":\"WebSite\",\"@id\":\"https:\/\/ds-barranquilla.org\/#website\",\"url\":\"https:\/\/ds-barranquilla.org\/\",\"name\":\"Colegio Alem\u00e1n - Los Mejores Colegios de Colombia - Colegio Triling\u00fce\",\"description\":\"Colegio Alem\u00e1n  Barranquilla Colombia - Colegio Biling\u00fce - Triling\u00fce - El Mejor Colegio de Colombia\",\"publisher\":{\"@id\":\"https:\/\/ds-barranquilla.org\/#organization\"},\"potentialAction\":[{\"@type\":\"SearchAction\",\"target\":{\"@type\":\"EntryPoint\",\"urlTemplate\":\"https:\/\/ds-barranquilla.org\/?s={search_term_string}\"},\"query-input\":\"required name=search_term_string\"}],\"inLanguage\":\"de\"},{\"@type\":\"Organization\",\"@id\":\"https:\/\/ds-barranquilla.org\/#organization\",\"name\":\"Colegio Alem\u00e1n Barranquilla\",\"url\":\"https:\/\/ds-barranquilla.org\/\",\"logo\":{\"@type\":\"ImageObject\",\"inLanguage\":\"de\",\"@id\":\"https:\/\/ds-barranquilla.org\/#\/schema\/logo\/image\/\",\"url\":\"https:\/\/ds-barranquilla.org\/wp-content\/uploads\/2021\/05\/coleman_logo_2.png\",\"contentUrl\":\"https:\/\/ds-barranquilla.org\/wp-content\/uploads\/2021\/05\/coleman_logo_2.png\",\"width\":418,\"height\":307,\"caption\":\"Colegio Alem\u00e1n Barranquilla\"},\"image\":{\"@id\":\"https:\/\/ds-barranquilla.org\/#\/schema\/logo\/image\/\"},\"sameAs\":[\"https:\/\/www.facebook.com\/ColegioAlemanBaq\/\",\"https:\/\/x.com\/ColegioAlemanBq\",\"https:\/\/www.instagram.com\/colegioalemanbaq\/\",\"https:\/\/www.linkedin.com\/school\/deutsche-schule-barranquilla\/\",\"https:\/\/www.youtube.com\/channel\/UCOOGZQCVs6aYRqIWvSN5agQ\"]},{\"@type\":\"Person\",\"@id\":\"https:\/\/ds-barranquilla.org\/#\/schema\/person\/7bf8790ba89d3480e0551241ccdc8d36\",\"name\":\"Comunicaciones Comunicaciones\",\"image\":{\"@type\":\"ImageObject\",\"inLanguage\":\"de\",\"@id\":\"https:\/\/ds-barranquilla.org\/#\/schema\/person\/image\/\",\"url\":\"https:\/\/secure.gravatar.com\/avatar\/a66ba9484a4338d81d6bea750e595038?s=96&d=mm&r=g\",\"contentUrl\":\"https:\/\/secure.gravatar.com\/avatar\/a66ba9484a4338d81d6bea750e595038?s=96&d=mm&r=g\",\"caption\":\"Comunicaciones Comunicaciones\"}}]}<\/script>\n<!-- \/ Yoast SEO plugin. -->","yoast_head_json":{"title":"El valioso aporte de Oriana Torres como asesora del sector educativo en diferentes pa\u00edses - 2026","robots":{"index":"noindex","follow":"follow","max-snippet":"max-snippet:-1","max-image-preview":"max-image-preview:large","max-video-preview":"max-video-preview:-1"},"og_locale":"de_DE","og_type":"article","og_title":"El valioso aporte de Oriana Torres como asesora del sector educativo en diferentes pa\u00edses - 2026","og_description":"El valioso aporte de Oriana Torres como asesora del sector educativo en diferentes pa\u00edses Creado por: Jos\u00e9 R\u00edos Mercado. La educaci\u00f3n vocacional enfocada en el mercado [\u2026]","og_url":"https:\/\/ds-barranquilla.org\/de\/el-valioso-aporte-de-oriana-torres-como-asesora-del-sector-educativo-en-diferentes-paises\/","og_site_name":"Colegio Alem\u00e1n - Los Mejores Colegios de Colombia - Colegio Triling\u00fce","article_publisher":"https:\/\/www.facebook.com\/ColegioAlemanBaq\/","article_published_time":"2021-10-08T20:47:38+00:00","article_modified_time":"2023-01-03T15:46:49+00:00","og_image":[{"width":1170,"height":500,"url":"https:\/\/ds-barranquilla.org\/wp-content\/uploads\/2021\/10\/Oriana-Torres-Web.jpg","type":"image\/jpeg"}],"author":"Comunicaciones Comunicaciones","twitter_card":"summary_large_image","twitter_creator":"@ColegioAlemanBq","twitter_site":"@ColegioAlemanBq","twitter_misc":{"Verfasst von":"Comunicaciones Comunicaciones","Gesch\u00e4tzte Lesezeit":"4\u00a0Minuten"},"schema":{"@context":"https:\/\/schema.org","@graph":[{"@type":"Article","@id":"https:\/\/ds-barranquilla.org\/el-valioso-aporte-de-oriana-torres-como-asesora-del-sector-educativo-en-diferentes-paises\/#article","isPartOf":{"@id":"https:\/\/ds-barranquilla.org\/el-valioso-aporte-de-oriana-torres-como-asesora-del-sector-educativo-en-diferentes-paises\/"},"author":{"name":"Comunicaciones Comunicaciones","@id":"https:\/\/ds-barranquilla.org\/#\/schema\/person\/7bf8790ba89d3480e0551241ccdc8d36"},"headline":"El valioso aporte de Oriana Torres como asesora del sector educativo en diferentes pa\u00edses","datePublished":"2021-10-08T20:47:38+00:00","dateModified":"2023-01-03T15:46:49+00:00","mainEntityOfPage":{"@id":"https:\/\/ds-barranquilla.org\/el-valioso-aporte-de-oriana-torres-como-asesora-del-sector-educativo-en-diferentes-paises\/"},"wordCount":554,"commentCount":0,"publisher":{"@id":"https:\/\/ds-barranquilla.org\/#organization"},"image":{"@id":"https:\/\/ds-barranquilla.org\/el-valioso-aporte-de-oriana-torres-como-asesora-del-sector-educativo-en-diferentes-paises\/#primaryimage"},"thumbnailUrl":"https:\/\/ds-barranquilla.org\/wp-content\/uploads\/2021\/10\/Oriana-Torres-Web.jpg","keywords":["Entrevista"],"articleSection":["2021","Alumni"],"inLanguage":"de","potentialAction":[{"@type":"CommentAction","name":"Comment","target":["https:\/\/ds-barranquilla.org\/el-valioso-aporte-de-oriana-torres-como-asesora-del-sector-educativo-en-diferentes-paises\/#respond"]}]},{"@type":"WebPage","@id":"https:\/\/ds-barranquilla.org\/el-valioso-aporte-de-oriana-torres-como-asesora-del-sector-educativo-en-diferentes-paises\/","url":"https:\/\/ds-barranquilla.org\/el-valioso-aporte-de-oriana-torres-como-asesora-del-sector-educativo-en-diferentes-paises\/","name":"El valioso aporte de Oriana Torres como asesora del sector educativo en diferentes pa\u00edses - 2026","isPartOf":{"@id":"https:\/\/ds-barranquilla.org\/#website"},"primaryImageOfPage":{"@id":"https:\/\/ds-barranquilla.org\/el-valioso-aporte-de-oriana-torres-como-asesora-del-sector-educativo-en-diferentes-paises\/#primaryimage"},"image":{"@id":"https:\/\/ds-barranquilla.org\/el-valioso-aporte-de-oriana-torres-como-asesora-del-sector-educativo-en-diferentes-paises\/#primaryimage"},"thumbnailUrl":"https:\/\/ds-barranquilla.org\/wp-content\/uploads\/2021\/10\/Oriana-Torres-Web.jpg","datePublished":"2021-10-08T20:47:38+00:00","dateModified":"2023-01-03T15:46:49+00:00","breadcrumb":{"@id":"https:\/\/ds-barranquilla.org\/el-valioso-aporte-de-oriana-torres-como-asesora-del-sector-educativo-en-diferentes-paises\/#breadcrumb"},"inLanguage":"de","potentialAction":[{"@type":"ReadAction","target":["https:\/\/ds-barranquilla.org\/el-valioso-aporte-de-oriana-torres-como-asesora-del-sector-educativo-en-diferentes-paises\/"]}]},{"@type":"ImageObject","inLanguage":"de","@id":"https:\/\/ds-barranquilla.org\/el-valioso-aporte-de-oriana-torres-como-asesora-del-sector-educativo-en-diferentes-paises\/#primaryimage","url":"https:\/\/ds-barranquilla.org\/wp-content\/uploads\/2021\/10\/Oriana-Torres-Web.jpg","contentUrl":"https:\/\/ds-barranquilla.org\/wp-content\/uploads\/2021\/10\/Oriana-Torres-Web.jpg","width":1170,"height":500},{"@type":"BreadcrumbList","@id":"https:\/\/ds-barranquilla.org\/el-valioso-aporte-de-oriana-torres-como-asesora-del-sector-educativo-en-diferentes-paises\/#breadcrumb","itemListElement":[{"@type":"ListItem","position":1,"name":"Portada","item":"https:\/\/ds-barranquilla.org\/"},{"@type":"ListItem","position":2,"name":"El valioso aporte de Oriana Torres como asesora del sector educativo en diferentes pa\u00edses"}]},{"@type":"WebSite","@id":"https:\/\/ds-barranquilla.org\/#website","url":"https:\/\/ds-barranquilla.org\/","name":"Colegio Alem\u00e1n - Los Mejores Colegios de Colombia - Colegio Triling\u00fce","description":"Colegio Alem\u00e1n  Barranquilla Colombia - Colegio Biling\u00fce - Triling\u00fce - El Mejor Colegio de Colombia","publisher":{"@id":"https:\/\/ds-barranquilla.org\/#organization"},"potentialAction":[{"@type":"SearchAction","target":{"@type":"EntryPoint","urlTemplate":"https:\/\/ds-barranquilla.org\/?s={search_term_string}"},"query-input":"required name=search_term_string"}],"inLanguage":"de"},{"@type":"Organization","@id":"https:\/\/ds-barranquilla.org\/#organization","name":"Colegio Alem\u00e1n Barranquilla","url":"https:\/\/ds-barranquilla.org\/","logo":{"@type":"ImageObject","inLanguage":"de","@id":"https:\/\/ds-barranquilla.org\/#\/schema\/logo\/image\/","url":"https:\/\/ds-barranquilla.org\/wp-content\/uploads\/2021\/05\/coleman_logo_2.png","contentUrl":"https:\/\/ds-barranquilla.org\/wp-content\/uploads\/2021\/05\/coleman_logo_2.png","width":418,"height":307,"caption":"Colegio Alem\u00e1n Barranquilla"},"image":{"@id":"https:\/\/ds-barranquilla.org\/#\/schema\/logo\/image\/"},"sameAs":["https:\/\/www.facebook.com\/ColegioAlemanBaq\/","https:\/\/x.com\/ColegioAlemanBq","https:\/\/www.instagram.com\/colegioalemanbaq\/","https:\/\/www.linkedin.com\/school\/deutsche-schule-barranquilla\/","https:\/\/www.youtube.com\/channel\/UCOOGZQCVs6aYRqIWvSN5agQ"]},{"@type":"Person","@id":"https:\/\/ds-barranquilla.org\/#\/schema\/person\/7bf8790ba89d3480e0551241ccdc8d36","name":"Comunicaciones Comunicaciones","image":{"@type":"ImageObject","inLanguage":"de","@id":"https:\/\/ds-barranquilla.org\/#\/schema\/person\/image\/","url":"https:\/\/secure.gravatar.com\/avatar\/a66ba9484a4338d81d6bea750e595038?s=96&d=mm&r=g","contentUrl":"https:\/\/secure.gravatar.com\/avatar\/a66ba9484a4338d81d6bea750e595038?s=96&d=mm&r=g","caption":"Comunicaciones Comunicaciones"}}]}},"_links":{"self":[{"href":"https:\/\/ds-barranquilla.org\/de\/wp-json\/wp\/v2\/posts\/8547"}],"collection":[{"href":"https:\/\/ds-barranquilla.org\/de\/wp-json\/wp\/v2\/posts"}],"about":[{"href":"https:\/\/ds-barranquilla.org\/de\/wp-json\/wp\/v2\/types\/post"}],"author":[{"embeddable":true,"href":"https:\/\/ds-barranquilla.org\/de\/wp-json\/wp\/v2\/users\/16"}],"replies":[{"embeddable":true,"href":"https:\/\/ds-barranquilla.org\/de\/wp-json\/wp\/v2\/comments?post=8547"}],"version-history":[{"count":2,"href":"https:\/\/ds-barranquilla.org\/de\/wp-json\/wp\/v2\/posts\/8547\/revisions"}],"predecessor-version":[{"id":8555,"href":"https:\/\/ds-barranquilla.org\/de\/wp-json\/wp\/v2\/posts\/8547\/revisions\/8555"}],"wp:featuredmedia":[{"embeddable":true,"href":"https:\/\/ds-barranquilla.org\/de\/wp-json\/wp\/v2\/media\/8548"}],"wp:attachment":[{"href":"https:\/\/ds-barranquilla.org\/de\/wp-json\/wp\/v2\/media?parent=8547"}],"wp:term":[{"taxonomy":"category","embeddable":true,"href":"https:\/\/ds-barranquilla.org\/de\/wp-json\/wp\/v2\/categories?post=8547"},{"taxonomy":"post_tag","embeddable":true,"href":"https:\/\/ds-barranquilla.org\/de\/wp-json\/wp\/v2\/tags?post=8547"}],"curies":[{"name":"wp","href":"https:\/\/api.w.org\/{rel}","templated":true}]}}