{"id":8952,"date":"2021-11-04T14:19:37","date_gmt":"2021-11-04T19:19:37","guid":{"rendered":"https:\/\/ds-barranquilla.org\/?p=8952"},"modified":"2022-12-21T14:02:55","modified_gmt":"2022-12-21T19:02:55","slug":"la-destacada-trayectoria-de-alfred-grunwaldt-en-el-liderazgo-de-estrategias-para-luchar-contra-el-cambio-climatico","status":"publish","type":"post","link":"https:\/\/ds-barranquilla.org\/de\/la-destacada-trayectoria-de-alfred-grunwaldt-en-el-liderazgo-de-estrategias-para-luchar-contra-el-cambio-climatico\/","title":{"rendered":"Die unglaubliche Erfolgsgeschichte von Alfred Gr\u00fcnwaldt im Kampf gegen den Klimawandel"},"content":{"rendered":"<h1><strong>Die unglaubliche Erfolgsgeschichte von Alfred Gr\u00fcnwaldt im Kampf gegen den Klimawandel<\/strong><\/h1>\n<p><strong>Geschrieben von: Jos\u00e9 R\u00edos Mercado.<\/strong> Bereits als er 1993 seinen Abschluss erlangte, wusste unser Absolvent Alfred Gr\u00fcnwaldt, dass er als Ingenieur in die Wissenschaft gehen w\u00fcrde. Nachdem er an der Universidad del Norte Maschinenbau studiert hatte, machte er zun\u00e4chst einen Master in Computergest\u00fctzter Mechanik von Werkstoffen an der Universit\u00e4t Stuttgart und einen weiteren Master in Umweltplanung und -management an der Johns-Hopkins-Universit\u00e4t in Baltimore. Diese Abschl\u00fcsse \u00f6ffneten ihm weltweit die T\u00fcren zu anerkannten Einrichtungen, im Bereich der Energiewissenschaften und des Klimawandels.<\/p>\n<p>\u201cNach Abschluss meines Grundstudiums reiste ich 1999 in die USA und begann meine Arbeit bei Besco, ein Unternehmen, das sich auf die Montage und die Wartung von Windkraftanlagen spezialisiert hat. Nach einer einj\u00e4hrigen Ausbildung boten sie mir an, bei ihnen zu bleiben. So hatte ich die M\u00f6glichkeit, an Reparaturprojekten von Kombikraftwerken in Zentralamerika und der Karibik sowie an der Montage einer aeroderivativen Gasturbine auf den Jungferninseln mitzuwirken. Nach drei Jahren bei dieser Firma wurde ich vom DAAD (Deutscher Akademischer Austauschdienst) bei einem internationalen Programm angenommen, wodurch ich meinen ersten Master in Deutschland erwerben konnte\u201d, erz\u00e4hlte der Maschinenbauingenieur.<\/p>\n<p>Alfred Gr\u00fcnwaldt indic\u00f3 que despu\u00e9s de su formaci\u00f3n acad\u00e9mica en Alemania, se traslad\u00f3 a Washington D.C. para ejercer como ingeniero consultor en el Banco Mundial, actividad que combin\u00f3 con el estudio de su segundo m\u00e1ster. As\u00ed mismo, precis\u00f3 que esa oportunidad profesional le permiti\u00f3 participar en varios de los primeros proyectos de mitigaci\u00f3n\u00a0y adaptaci\u00f3n al cambio clim\u00e1tico implementados en Latinoam\u00e9rica y donde su trabajo estaba enfocado en el desarrollo de procedimientos para la estimaci\u00f3n de gases de efecto invernadero en las \u00e1reas\u00a0de: energ\u00eda, transporte y aguas residuales, y en la supervisi\u00f3n\u00a0t\u00e9cnica de proyectos.<\/p>\n<p>\u201c2008 stellte mich die Interamerikanische Entwicklungsbank (IDB) in Washington ein, um einen breit angelegten Aktionsplan zur Klimaanpassung und -resistenz in der Region zu entwickeln. In diesen 14 Jahren bei der IDB konnte ich als Co-Leiter mehr als 100 Darlehen vergeben und mithilfe technischer Zusammenarbeit die L\u00e4nder unserer Region dabei unterst\u00fctzen, Zugang zu Ressourcen f\u00fcr ihre Arbeit gegen den Klimawandel zu gewinnen. Zurzeit bin ich der Leitende Spezialist f\u00fcr den Klimawandel und bin unter anderem daf\u00fcr zust\u00e4ndig, mit der Infrastrukturabteilung meiner Firma unterschiedliche Strategiepl\u00e4ne zu koordinieren\u201d, sagte der Maschinenbauingenieur.<\/p>\n<p>F\u00fcr Alfred Gr\u00fcnwaldt ist die Leitung von Projekten und Studien, die neue Kenntnisse hervorbringen und Investitionen erm\u00f6glichen, die lateinamerikanische L\u00e4nder bei der Eind\u00e4mmung von Treibhausgasemissionen unterst\u00fctzen und sie besser auf die Risiken des Klimawandels auf die Infrastruktur, Gemeinden und \u00d6kosysteme vorbereiten, eine seiner bedeutendsten beruflichen Leistungen. Er nutzte die Gelegenheit auch, um die Bildungsqualit\u00e4t und Menschlichkeit der Deutschen Schule zu loben und betont, dass die Schule ihn zu einem Weltb\u00fcrger gemacht und so auf seine internationale Karriere vorbereitet hat.<\/p>\n<p>Der Maschinenbauingenieur teilte uns au\u00dferdem mit, dass er schon immer den Drang versp\u00fcrt hatte, \u00fcber den Unterricht hinaus zu lernen und dass die M\u00f6glichkeit, von Klein auf mehrere Sprachen, Kulturen und Traditionen kennenzulernen, viel zu seiner Kompromissf\u00e4higkeit beigetragen hat. Dadurch konnte er sich in einem internationalen Umfeld behaupten. Ebenso h\u00e4tten die hohen Anforderungen der Schule \u2013 eines unserer langj\u00e4hrigen Markenzeichen \u2013 ihn die Disziplin gelehrt, die ihm w\u00e4hrend seines Studiums zu Gute kam, wodurch er beruflich bereits so viele Fortschritte machen konnte. Daf\u00fcr sei er der Schule ewig dankbar.<\/p>\n<p>Der Maschinenbauingenieur teilte uns au\u00dferdem mit, dass er schon immer den Drang versp\u00fcrt hatte, \u00fcber den Unterricht hinaus zu lernen und dass die M\u00f6glichkeit, von Klein auf mehrere Sprachen, Kulturen und Traditionen kennenzulernen, viel zu seiner Kompromissf\u00e4higkeit beigetragen hat. Dadurch konnte er sich in einem internationalen Umfeld behaupten. Ebenso h\u00e4tten die hohen Anforderungen der Schule \u2013 eines unserer langj\u00e4hrigen Markenzeichen \u2013 ihn die Disziplin gelehrt, die ihm w\u00e4hrend seines Studiums zu Gute kam, wodurch er beruflich bereits so viele Fortschritte machen konnte. Daf\u00fcr sei er der Schule ewig dankbar.<\/p>\n<p><a href=\"https:\/\/ds-barranquilla.org\/wp-content\/uploads\/2021\/11\/1.jpg\"><img fetchpriority=\"high\" decoding=\"async\" class=\"alignnone size-medium wp-image-8954\" src=\"https:\/\/ds-barranquilla.org\/wp-content\/uploads\/2021\/11\/1-300x206.jpg\" alt=\"\" width=\"300\" height=\"206\" srcset=\"https:\/\/ds-barranquilla.org\/wp-content\/uploads\/2021\/11\/1-300x206.jpg 300w, https:\/\/ds-barranquilla.org\/wp-content\/uploads\/2021\/11\/1-600x413.jpg 600w, https:\/\/ds-barranquilla.org\/wp-content\/uploads\/2021\/11\/1-474x324.jpg 474w, https:\/\/ds-barranquilla.org\/wp-content\/uploads\/2021\/11\/1-50x34.jpg 50w, https:\/\/ds-barranquilla.org\/wp-content\/uploads\/2021\/11\/1-150x103.jpg 150w, https:\/\/ds-barranquilla.org\/wp-content\/uploads\/2021\/11\/1-73x50.jpg 73w, https:\/\/ds-barranquilla.org\/wp-content\/uploads\/2021\/11\/1-64x44.jpg 64w, https:\/\/ds-barranquilla.org\/wp-content\/uploads\/2021\/11\/1.jpg 664w\" sizes=\"(max-width:767px) 300px, 300px\" \/><\/a><a href=\"https:\/\/ds-barranquilla.org\/wp-content\/uploads\/2021\/11\/2.jpeg\"><img decoding=\"async\" class=\"alignnone size-medium wp-image-8955\" src=\"https:\/\/ds-barranquilla.org\/wp-content\/uploads\/2021\/11\/2-269x300.jpeg\" alt=\"\" width=\"269\" height=\"300\" srcset=\"https:\/\/ds-barranquilla.org\/wp-content\/uploads\/2021\/11\/2-269x300.jpeg 269w, https:\/\/ds-barranquilla.org\/wp-content\/uploads\/2021\/11\/2-800x893.jpeg 800w, https:\/\/ds-barranquilla.org\/wp-content\/uploads\/2021\/11\/2-917x1024.jpeg 917w, https:\/\/ds-barranquilla.org\/wp-content\/uploads\/2021\/11\/2-768x858.jpeg 768w, https:\/\/ds-barranquilla.org\/wp-content\/uploads\/2021\/11\/2-1376x1536.jpeg 1376w, https:\/\/ds-barranquilla.org\/wp-content\/uploads\/2021\/11\/2-45x50.jpeg 45w, https:\/\/ds-barranquilla.org\/wp-content\/uploads\/2021\/11\/2-134x150.jpeg 134w, https:\/\/ds-barranquilla.org\/wp-content\/uploads\/2021\/11\/2-64x71.jpeg 64w, https:\/\/ds-barranquilla.org\/wp-content\/uploads\/2021\/11\/2.jpeg 1536w\" sizes=\"(max-width:767px) 269px, 269px\" \/><\/a><a href=\"https:\/\/ds-barranquilla.org\/wp-content\/uploads\/2021\/11\/3.jpeg\"><img decoding=\"async\" class=\"alignnone size-medium wp-image-8956\" src=\"https:\/\/ds-barranquilla.org\/wp-content\/uploads\/2021\/11\/3-300x195.jpeg\" alt=\"\" width=\"300\" height=\"195\" srcset=\"https:\/\/ds-barranquilla.org\/wp-content\/uploads\/2021\/11\/3-300x195.jpeg 300w, https:\/\/ds-barranquilla.org\/wp-content\/uploads\/2021\/11\/3-800x520.jpeg 800w, https:\/\/ds-barranquilla.org\/wp-content\/uploads\/2021\/11\/3-768x501.jpeg 768w, https:\/\/ds-barranquilla.org\/wp-content\/uploads\/2021\/11\/3-50x32.jpeg 50w, https:\/\/ds-barranquilla.org\/wp-content\/uploads\/2021\/11\/3-150x97.jpeg 150w, https:\/\/ds-barranquilla.org\/wp-content\/uploads\/2021\/11\/3-77x50.jpeg 77w, https:\/\/ds-barranquilla.org\/wp-content\/uploads\/2021\/11\/3-64x42.jpeg 64w, https:\/\/ds-barranquilla.org\/wp-content\/uploads\/2021\/11\/3.jpeg 1024w\" sizes=\"(max-width:767px) 300px, 300px\" \/><\/a><\/p>","protected":false},"excerpt":{"rendered":"<p>La destacada trayectoria de Alfred Gr\u00fcnwaldt en el liderazgo de estrategias para luchar contra el cambio clim\u00e1tico Creado por: Jos\u00e9 R\u00edos Mercado. Una vez termin\u00f3 el<span class=\"excerpt-hellip\"> [\u2026]<\/span><\/p>","protected":false},"author":16,"featured_media":8953,"comment_status":"open","ping_status":"open","sticky":false,"template":"","format":"standard","meta":{"_exactmetrics_skip_tracking":false,"_exactmetrics_sitenote_active":false,"_exactmetrics_sitenote_note":"","_exactmetrics_sitenote_category":0,"_joinchat":[],"footnotes":""},"categories":[681,684],"tags":[712],"class_list":["post-8952","post","type-post","status-publish","format-standard","has-post-thumbnail","hentry","category-681","category-alumni","tag-entrevista"],"yoast_head":"<!-- This site is optimized with the Yoast SEO plugin v23.3 - https:\/\/yoast.com\/wordpress\/plugins\/seo\/ -->\n<title>La destacada trayectoria de Alfred Gr\u00fcnwaldt en el liderazgo de estrategias para luchar contra el cambio clim\u00e1tico - 2026<\/title>\n<meta name=\"robots\" content=\"noindex, follow, max-snippet:-1, max-image-preview:large, max-video-preview:-1\" \/>\n<meta property=\"og:locale\" content=\"de_DE\" \/>\n<meta property=\"og:type\" content=\"article\" \/>\n<meta property=\"og:title\" content=\"La destacada trayectoria de Alfred Gr\u00fcnwaldt en el liderazgo de estrategias para luchar contra el cambio clim\u00e1tico - 2026\" \/>\n<meta property=\"og:description\" content=\"La destacada trayectoria de Alfred Gr\u00fcnwaldt en el liderazgo de estrategias para luchar contra el cambio clim\u00e1tico Creado por: Jos\u00e9 R\u00edos Mercado. Una vez termin\u00f3 el [\u2026]\" \/>\n<meta property=\"og:url\" content=\"https:\/\/ds-barranquilla.org\/de\/la-destacada-trayectoria-de-alfred-grunwaldt-en-el-liderazgo-de-estrategias-para-luchar-contra-el-cambio-climatico\/\" \/>\n<meta property=\"og:site_name\" content=\"Colegio Alem\u00e1n - Los Mejores Colegios de Colombia - Colegio Triling\u00fce\" \/>\n<meta property=\"article:publisher\" content=\"https:\/\/www.facebook.com\/ColegioAlemanBaq\/\" \/>\n<meta property=\"article:published_time\" content=\"2021-11-04T19:19:37+00:00\" \/>\n<meta property=\"article:modified_time\" content=\"2022-12-21T19:02:55+00:00\" \/>\n<meta property=\"og:image\" content=\"https:\/\/ds-barranquilla.org\/wp-content\/uploads\/2021\/11\/Alfred-Grunwaldt-Web.jpg\" \/>\n\t<meta property=\"og:image:width\" content=\"1170\" \/>\n\t<meta property=\"og:image:height\" content=\"500\" \/>\n\t<meta property=\"og:image:type\" content=\"image\/jpeg\" \/>\n<meta name=\"author\" content=\"Comunicaciones Comunicaciones\" \/>\n<meta name=\"twitter:card\" content=\"summary_large_image\" \/>\n<meta name=\"twitter:creator\" content=\"@ColegioAlemanBq\" \/>\n<meta name=\"twitter:site\" content=\"@ColegioAlemanBq\" \/>\n<meta name=\"twitter:label1\" content=\"Verfasst von\" \/>\n\t<meta name=\"twitter:data1\" content=\"Comunicaciones Comunicaciones\" \/>\n\t<meta name=\"twitter:label2\" content=\"Gesch\u00e4tzte Lesezeit\" \/>\n\t<meta name=\"twitter:data2\" content=\"4\u00a0Minuten\" \/>\n<script type=\"application\/ld+json\" class=\"yoast-schema-graph\">{\"@context\":\"https:\/\/schema.org\",\"@graph\":[{\"@type\":\"Article\",\"@id\":\"https:\/\/ds-barranquilla.org\/la-destacada-trayectoria-de-alfred-grunwaldt-en-el-liderazgo-de-estrategias-para-luchar-contra-el-cambio-climatico\/#article\",\"isPartOf\":{\"@id\":\"https:\/\/ds-barranquilla.org\/la-destacada-trayectoria-de-alfred-grunwaldt-en-el-liderazgo-de-estrategias-para-luchar-contra-el-cambio-climatico\/\"},\"author\":{\"name\":\"Comunicaciones Comunicaciones\",\"@id\":\"https:\/\/ds-barranquilla.org\/#\/schema\/person\/7bf8790ba89d3480e0551241ccdc8d36\"},\"headline\":\"La destacada trayectoria de Alfred Gr\u00fcnwaldt en el liderazgo de estrategias para luchar contra el cambio clim\u00e1tico\",\"datePublished\":\"2021-11-04T19:19:37+00:00\",\"dateModified\":\"2022-12-21T19:02:55+00:00\",\"mainEntityOfPage\":{\"@id\":\"https:\/\/ds-barranquilla.org\/la-destacada-trayectoria-de-alfred-grunwaldt-en-el-liderazgo-de-estrategias-para-luchar-contra-el-cambio-climatico\/\"},\"wordCount\":856,\"commentCount\":1,\"publisher\":{\"@id\":\"https:\/\/ds-barranquilla.org\/#organization\"},\"image\":{\"@id\":\"https:\/\/ds-barranquilla.org\/la-destacada-trayectoria-de-alfred-grunwaldt-en-el-liderazgo-de-estrategias-para-luchar-contra-el-cambio-climatico\/#primaryimage\"},\"thumbnailUrl\":\"https:\/\/ds-barranquilla.org\/wp-content\/uploads\/2021\/11\/Alfred-Grunwaldt-Web.jpg\",\"keywords\":[\"Entrevista\"],\"articleSection\":[\"2021\",\"Alumni\"],\"inLanguage\":\"de\",\"potentialAction\":[{\"@type\":\"CommentAction\",\"name\":\"Comment\",\"target\":[\"https:\/\/ds-barranquilla.org\/la-destacada-trayectoria-de-alfred-grunwaldt-en-el-liderazgo-de-estrategias-para-luchar-contra-el-cambio-climatico\/#respond\"]}]},{\"@type\":\"WebPage\",\"@id\":\"https:\/\/ds-barranquilla.org\/la-destacada-trayectoria-de-alfred-grunwaldt-en-el-liderazgo-de-estrategias-para-luchar-contra-el-cambio-climatico\/\",\"url\":\"https:\/\/ds-barranquilla.org\/la-destacada-trayectoria-de-alfred-grunwaldt-en-el-liderazgo-de-estrategias-para-luchar-contra-el-cambio-climatico\/\",\"name\":\"La destacada trayectoria de Alfred Gr\u00fcnwaldt en el liderazgo de estrategias para luchar contra el cambio clim\u00e1tico - 2026\",\"isPartOf\":{\"@id\":\"https:\/\/ds-barranquilla.org\/#website\"},\"primaryImageOfPage\":{\"@id\":\"https:\/\/ds-barranquilla.org\/la-destacada-trayectoria-de-alfred-grunwaldt-en-el-liderazgo-de-estrategias-para-luchar-contra-el-cambio-climatico\/#primaryimage\"},\"image\":{\"@id\":\"https:\/\/ds-barranquilla.org\/la-destacada-trayectoria-de-alfred-grunwaldt-en-el-liderazgo-de-estrategias-para-luchar-contra-el-cambio-climatico\/#primaryimage\"},\"thumbnailUrl\":\"https:\/\/ds-barranquilla.org\/wp-content\/uploads\/2021\/11\/Alfred-Grunwaldt-Web.jpg\",\"datePublished\":\"2021-11-04T19:19:37+00:00\",\"dateModified\":\"2022-12-21T19:02:55+00:00\",\"breadcrumb\":{\"@id\":\"https:\/\/ds-barranquilla.org\/la-destacada-trayectoria-de-alfred-grunwaldt-en-el-liderazgo-de-estrategias-para-luchar-contra-el-cambio-climatico\/#breadcrumb\"},\"inLanguage\":\"de\",\"potentialAction\":[{\"@type\":\"ReadAction\",\"target\":[\"https:\/\/ds-barranquilla.org\/la-destacada-trayectoria-de-alfred-grunwaldt-en-el-liderazgo-de-estrategias-para-luchar-contra-el-cambio-climatico\/\"]}]},{\"@type\":\"ImageObject\",\"inLanguage\":\"de\",\"@id\":\"https:\/\/ds-barranquilla.org\/la-destacada-trayectoria-de-alfred-grunwaldt-en-el-liderazgo-de-estrategias-para-luchar-contra-el-cambio-climatico\/#primaryimage\",\"url\":\"https:\/\/ds-barranquilla.org\/wp-content\/uploads\/2021\/11\/Alfred-Grunwaldt-Web.jpg\",\"contentUrl\":\"https:\/\/ds-barranquilla.org\/wp-content\/uploads\/2021\/11\/Alfred-Grunwaldt-Web.jpg\",\"width\":1170,\"height\":500},{\"@type\":\"BreadcrumbList\",\"@id\":\"https:\/\/ds-barranquilla.org\/la-destacada-trayectoria-de-alfred-grunwaldt-en-el-liderazgo-de-estrategias-para-luchar-contra-el-cambio-climatico\/#breadcrumb\",\"itemListElement\":[{\"@type\":\"ListItem\",\"position\":1,\"name\":\"Portada\",\"item\":\"https:\/\/ds-barranquilla.org\/\"},{\"@type\":\"ListItem\",\"position\":2,\"name\":\"La destacada trayectoria de Alfred Gr\u00fcnwaldt en el liderazgo de estrategias para luchar contra el cambio clim\u00e1tico\"}]},{\"@type\":\"WebSite\",\"@id\":\"https:\/\/ds-barranquilla.org\/#website\",\"url\":\"https:\/\/ds-barranquilla.org\/\",\"name\":\"Colegio Alem\u00e1n - Los Mejores Colegios de Colombia - Colegio Triling\u00fce\",\"description\":\"Colegio Alem\u00e1n  Barranquilla Colombia - Colegio Biling\u00fce - Triling\u00fce - El Mejor Colegio de Colombia\",\"publisher\":{\"@id\":\"https:\/\/ds-barranquilla.org\/#organization\"},\"potentialAction\":[{\"@type\":\"SearchAction\",\"target\":{\"@type\":\"EntryPoint\",\"urlTemplate\":\"https:\/\/ds-barranquilla.org\/?s={search_term_string}\"},\"query-input\":\"required name=search_term_string\"}],\"inLanguage\":\"de\"},{\"@type\":\"Organization\",\"@id\":\"https:\/\/ds-barranquilla.org\/#organization\",\"name\":\"Colegio Alem\u00e1n Barranquilla\",\"url\":\"https:\/\/ds-barranquilla.org\/\",\"logo\":{\"@type\":\"ImageObject\",\"inLanguage\":\"de\",\"@id\":\"https:\/\/ds-barranquilla.org\/#\/schema\/logo\/image\/\",\"url\":\"https:\/\/ds-barranquilla.org\/wp-content\/uploads\/2021\/05\/coleman_logo_2.png\",\"contentUrl\":\"https:\/\/ds-barranquilla.org\/wp-content\/uploads\/2021\/05\/coleman_logo_2.png\",\"width\":418,\"height\":307,\"caption\":\"Colegio Alem\u00e1n Barranquilla\"},\"image\":{\"@id\":\"https:\/\/ds-barranquilla.org\/#\/schema\/logo\/image\/\"},\"sameAs\":[\"https:\/\/www.facebook.com\/ColegioAlemanBaq\/\",\"https:\/\/x.com\/ColegioAlemanBq\",\"https:\/\/www.instagram.com\/colegioalemanbaq\/\",\"https:\/\/www.linkedin.com\/school\/deutsche-schule-barranquilla\/\",\"https:\/\/www.youtube.com\/channel\/UCOOGZQCVs6aYRqIWvSN5agQ\"]},{\"@type\":\"Person\",\"@id\":\"https:\/\/ds-barranquilla.org\/#\/schema\/person\/7bf8790ba89d3480e0551241ccdc8d36\",\"name\":\"Comunicaciones Comunicaciones\",\"image\":{\"@type\":\"ImageObject\",\"inLanguage\":\"de\",\"@id\":\"https:\/\/ds-barranquilla.org\/#\/schema\/person\/image\/\",\"url\":\"https:\/\/secure.gravatar.com\/avatar\/a66ba9484a4338d81d6bea750e595038?s=96&d=mm&r=g\",\"contentUrl\":\"https:\/\/secure.gravatar.com\/avatar\/a66ba9484a4338d81d6bea750e595038?s=96&d=mm&r=g\",\"caption\":\"Comunicaciones Comunicaciones\"}}]}<\/script>\n<!-- \/ Yoast SEO plugin. -->","yoast_head_json":{"title":"La destacada trayectoria de Alfred Gr\u00fcnwaldt en el liderazgo de estrategias para luchar contra el cambio clim\u00e1tico - 2026","robots":{"index":"noindex","follow":"follow","max-snippet":"max-snippet:-1","max-image-preview":"max-image-preview:large","max-video-preview":"max-video-preview:-1"},"og_locale":"de_DE","og_type":"article","og_title":"La destacada trayectoria de Alfred Gr\u00fcnwaldt en el liderazgo de estrategias para luchar contra el cambio clim\u00e1tico - 2026","og_description":"La destacada trayectoria de Alfred Gr\u00fcnwaldt en el liderazgo de estrategias para luchar contra el cambio clim\u00e1tico Creado por: Jos\u00e9 R\u00edos Mercado. Una vez termin\u00f3 el [\u2026]","og_url":"https:\/\/ds-barranquilla.org\/de\/la-destacada-trayectoria-de-alfred-grunwaldt-en-el-liderazgo-de-estrategias-para-luchar-contra-el-cambio-climatico\/","og_site_name":"Colegio Alem\u00e1n - Los Mejores Colegios de Colombia - Colegio Triling\u00fce","article_publisher":"https:\/\/www.facebook.com\/ColegioAlemanBaq\/","article_published_time":"2021-11-04T19:19:37+00:00","article_modified_time":"2022-12-21T19:02:55+00:00","og_image":[{"width":1170,"height":500,"url":"https:\/\/ds-barranquilla.org\/wp-content\/uploads\/2021\/11\/Alfred-Grunwaldt-Web.jpg","type":"image\/jpeg"}],"author":"Comunicaciones Comunicaciones","twitter_card":"summary_large_image","twitter_creator":"@ColegioAlemanBq","twitter_site":"@ColegioAlemanBq","twitter_misc":{"Verfasst von":"Comunicaciones Comunicaciones","Gesch\u00e4tzte Lesezeit":"4\u00a0Minuten"},"schema":{"@context":"https:\/\/schema.org","@graph":[{"@type":"Article","@id":"https:\/\/ds-barranquilla.org\/la-destacada-trayectoria-de-alfred-grunwaldt-en-el-liderazgo-de-estrategias-para-luchar-contra-el-cambio-climatico\/#article","isPartOf":{"@id":"https:\/\/ds-barranquilla.org\/la-destacada-trayectoria-de-alfred-grunwaldt-en-el-liderazgo-de-estrategias-para-luchar-contra-el-cambio-climatico\/"},"author":{"name":"Comunicaciones Comunicaciones","@id":"https:\/\/ds-barranquilla.org\/#\/schema\/person\/7bf8790ba89d3480e0551241ccdc8d36"},"headline":"La destacada trayectoria de Alfred Gr\u00fcnwaldt en el liderazgo de estrategias para luchar contra el cambio clim\u00e1tico","datePublished":"2021-11-04T19:19:37+00:00","dateModified":"2022-12-21T19:02:55+00:00","mainEntityOfPage":{"@id":"https:\/\/ds-barranquilla.org\/la-destacada-trayectoria-de-alfred-grunwaldt-en-el-liderazgo-de-estrategias-para-luchar-contra-el-cambio-climatico\/"},"wordCount":856,"commentCount":1,"publisher":{"@id":"https:\/\/ds-barranquilla.org\/#organization"},"image":{"@id":"https:\/\/ds-barranquilla.org\/la-destacada-trayectoria-de-alfred-grunwaldt-en-el-liderazgo-de-estrategias-para-luchar-contra-el-cambio-climatico\/#primaryimage"},"thumbnailUrl":"https:\/\/ds-barranquilla.org\/wp-content\/uploads\/2021\/11\/Alfred-Grunwaldt-Web.jpg","keywords":["Entrevista"],"articleSection":["2021","Alumni"],"inLanguage":"de","potentialAction":[{"@type":"CommentAction","name":"Comment","target":["https:\/\/ds-barranquilla.org\/la-destacada-trayectoria-de-alfred-grunwaldt-en-el-liderazgo-de-estrategias-para-luchar-contra-el-cambio-climatico\/#respond"]}]},{"@type":"WebPage","@id":"https:\/\/ds-barranquilla.org\/la-destacada-trayectoria-de-alfred-grunwaldt-en-el-liderazgo-de-estrategias-para-luchar-contra-el-cambio-climatico\/","url":"https:\/\/ds-barranquilla.org\/la-destacada-trayectoria-de-alfred-grunwaldt-en-el-liderazgo-de-estrategias-para-luchar-contra-el-cambio-climatico\/","name":"La destacada trayectoria de Alfred Gr\u00fcnwaldt en el liderazgo de estrategias para luchar contra el cambio clim\u00e1tico - 2026","isPartOf":{"@id":"https:\/\/ds-barranquilla.org\/#website"},"primaryImageOfPage":{"@id":"https:\/\/ds-barranquilla.org\/la-destacada-trayectoria-de-alfred-grunwaldt-en-el-liderazgo-de-estrategias-para-luchar-contra-el-cambio-climatico\/#primaryimage"},"image":{"@id":"https:\/\/ds-barranquilla.org\/la-destacada-trayectoria-de-alfred-grunwaldt-en-el-liderazgo-de-estrategias-para-luchar-contra-el-cambio-climatico\/#primaryimage"},"thumbnailUrl":"https:\/\/ds-barranquilla.org\/wp-content\/uploads\/2021\/11\/Alfred-Grunwaldt-Web.jpg","datePublished":"2021-11-04T19:19:37+00:00","dateModified":"2022-12-21T19:02:55+00:00","breadcrumb":{"@id":"https:\/\/ds-barranquilla.org\/la-destacada-trayectoria-de-alfred-grunwaldt-en-el-liderazgo-de-estrategias-para-luchar-contra-el-cambio-climatico\/#breadcrumb"},"inLanguage":"de","potentialAction":[{"@type":"ReadAction","target":["https:\/\/ds-barranquilla.org\/la-destacada-trayectoria-de-alfred-grunwaldt-en-el-liderazgo-de-estrategias-para-luchar-contra-el-cambio-climatico\/"]}]},{"@type":"ImageObject","inLanguage":"de","@id":"https:\/\/ds-barranquilla.org\/la-destacada-trayectoria-de-alfred-grunwaldt-en-el-liderazgo-de-estrategias-para-luchar-contra-el-cambio-climatico\/#primaryimage","url":"https:\/\/ds-barranquilla.org\/wp-content\/uploads\/2021\/11\/Alfred-Grunwaldt-Web.jpg","contentUrl":"https:\/\/ds-barranquilla.org\/wp-content\/uploads\/2021\/11\/Alfred-Grunwaldt-Web.jpg","width":1170,"height":500},{"@type":"BreadcrumbList","@id":"https:\/\/ds-barranquilla.org\/la-destacada-trayectoria-de-alfred-grunwaldt-en-el-liderazgo-de-estrategias-para-luchar-contra-el-cambio-climatico\/#breadcrumb","itemListElement":[{"@type":"ListItem","position":1,"name":"Portada","item":"https:\/\/ds-barranquilla.org\/"},{"@type":"ListItem","position":2,"name":"La destacada trayectoria de Alfred Gr\u00fcnwaldt en el liderazgo de estrategias para luchar contra el cambio clim\u00e1tico"}]},{"@type":"WebSite","@id":"https:\/\/ds-barranquilla.org\/#website","url":"https:\/\/ds-barranquilla.org\/","name":"Colegio Alem\u00e1n - Los Mejores Colegios de Colombia - Colegio Triling\u00fce","description":"Colegio Alem\u00e1n  Barranquilla Colombia - Colegio Biling\u00fce - Triling\u00fce - El Mejor Colegio de Colombia","publisher":{"@id":"https:\/\/ds-barranquilla.org\/#organization"},"potentialAction":[{"@type":"SearchAction","target":{"@type":"EntryPoint","urlTemplate":"https:\/\/ds-barranquilla.org\/?s={search_term_string}"},"query-input":"required name=search_term_string"}],"inLanguage":"de"},{"@type":"Organization","@id":"https:\/\/ds-barranquilla.org\/#organization","name":"Colegio Alem\u00e1n Barranquilla","url":"https:\/\/ds-barranquilla.org\/","logo":{"@type":"ImageObject","inLanguage":"de","@id":"https:\/\/ds-barranquilla.org\/#\/schema\/logo\/image\/","url":"https:\/\/ds-barranquilla.org\/wp-content\/uploads\/2021\/05\/coleman_logo_2.png","contentUrl":"https:\/\/ds-barranquilla.org\/wp-content\/uploads\/2021\/05\/coleman_logo_2.png","width":418,"height":307,"caption":"Colegio Alem\u00e1n Barranquilla"},"image":{"@id":"https:\/\/ds-barranquilla.org\/#\/schema\/logo\/image\/"},"sameAs":["https:\/\/www.facebook.com\/ColegioAlemanBaq\/","https:\/\/x.com\/ColegioAlemanBq","https:\/\/www.instagram.com\/colegioalemanbaq\/","https:\/\/www.linkedin.com\/school\/deutsche-schule-barranquilla\/","https:\/\/www.youtube.com\/channel\/UCOOGZQCVs6aYRqIWvSN5agQ"]},{"@type":"Person","@id":"https:\/\/ds-barranquilla.org\/#\/schema\/person\/7bf8790ba89d3480e0551241ccdc8d36","name":"Comunicaciones Comunicaciones","image":{"@type":"ImageObject","inLanguage":"de","@id":"https:\/\/ds-barranquilla.org\/#\/schema\/person\/image\/","url":"https:\/\/secure.gravatar.com\/avatar\/a66ba9484a4338d81d6bea750e595038?s=96&d=mm&r=g","contentUrl":"https:\/\/secure.gravatar.com\/avatar\/a66ba9484a4338d81d6bea750e595038?s=96&d=mm&r=g","caption":"Comunicaciones Comunicaciones"}}]}},"_links":{"self":[{"href":"https:\/\/ds-barranquilla.org\/de\/wp-json\/wp\/v2\/posts\/8952"}],"collection":[{"href":"https:\/\/ds-barranquilla.org\/de\/wp-json\/wp\/v2\/posts"}],"about":[{"href":"https:\/\/ds-barranquilla.org\/de\/wp-json\/wp\/v2\/types\/post"}],"author":[{"embeddable":true,"href":"https:\/\/ds-barranquilla.org\/de\/wp-json\/wp\/v2\/users\/16"}],"replies":[{"embeddable":true,"href":"https:\/\/ds-barranquilla.org\/de\/wp-json\/wp\/v2\/comments?post=8952"}],"version-history":[{"count":1,"href":"https:\/\/ds-barranquilla.org\/de\/wp-json\/wp\/v2\/posts\/8952\/revisions"}],"predecessor-version":[{"id":8957,"href":"https:\/\/ds-barranquilla.org\/de\/wp-json\/wp\/v2\/posts\/8952\/revisions\/8957"}],"wp:featuredmedia":[{"embeddable":true,"href":"https:\/\/ds-barranquilla.org\/de\/wp-json\/wp\/v2\/media\/8953"}],"wp:attachment":[{"href":"https:\/\/ds-barranquilla.org\/de\/wp-json\/wp\/v2\/media?parent=8952"}],"wp:term":[{"taxonomy":"category","embeddable":true,"href":"https:\/\/ds-barranquilla.org\/de\/wp-json\/wp\/v2\/categories?post=8952"},{"taxonomy":"post_tag","embeddable":true,"href":"https:\/\/ds-barranquilla.org\/de\/wp-json\/wp\/v2\/tags?post=8952"}],"curies":[{"name":"wp","href":"https:\/\/api.w.org\/{rel}","templated":true}]}}