{"id":8969,"date":"2021-11-08T10:38:26","date_gmt":"2021-11-08T15:38:26","guid":{"rendered":"https:\/\/ds-barranquilla.org\/?p=8969"},"modified":"2022-12-21T14:02:30","modified_gmt":"2022-12-21T19:02:30","slug":"adriana-moros-y-su-sobresaliente-labor-como-docente-e-investigadora-en-la-universidad-del-norte","status":"publish","type":"post","link":"https:\/\/ds-barranquilla.org\/de\/adriana-moros-y-su-sobresaliente-labor-como-docente-e-investigadora-en-la-universidad-del-norte\/","title":{"rendered":"Adriana Moros y su sobresaliente labor como docente e investigadora en la Universidad del Norte"},"content":{"rendered":"<h1><strong>Adriana Moros y su sobresaliente labor como docente e investigadora en la Universidad del Norte<\/strong><\/h1>\n<p><strong>Geschrieben von: Jos\u00e9 R\u00edos Mercado.<\/strong> La trayectoria profesional de nuestra exalumna de la Promoci\u00f3n 2008, Adriana Moros, ha girado en torno a la docencia y a la investigaci\u00f3n a nivel universitario. Luego de estudiar Ingenier\u00eda Industrial en la Universidad del Norte y hacer una maestr\u00eda en la misma disciplina con \u00e9nfasis en Log\u00edstica Portuaria en la misma instituci\u00f3n, se vincul\u00f3 laboralmente a este centro de estudios donde ha ejercido de forma sobresaliente diferentes cargos.<\/p>\n<p>\u201cDespu\u00e9s de terminar mi maestr\u00eda en Barranquilla, curs\u00e9 dos doctorados: el primero, en Ingenier\u00eda Industrial en Uninorte, y el segundo, en Econom\u00eda y Administraci\u00f3n de Empresas en la Universidad de Hamburgo. Esta formaci\u00f3n me ha permitido desempe\u00f1arme en la Universidad del Norte como: Asistente de Docencia, Catedr\u00e1tica y Docente en el Departamento de Ingenier\u00eda Industrial, que es la responsabilidad que tengo actualmente\u201d, expres\u00f3 la ingeniera industrial.<\/p>\n<p>Adriana Moros indic\u00f3 que su participaci\u00f3n como Investigadora Social junior en un proyecto de consultor\u00eda de la Alcald\u00eda de Barranquilla, la Gobernaci\u00f3n del Atl\u00e1ntico, los puertos de la Regi\u00f3n y algunas universidades, la impuls\u00f3 a continuar con la l\u00ednea profesional relacionada con la log\u00edstica mar\u00edtima y portuaria. As\u00ed mismo, precis\u00f3 que la maestr\u00eda adelantada en Uninorte, le abri\u00f3 las puertas para iniciar su primer doctorado y tomar parte all\u00ed en otros proyectos de investigaci\u00f3n.<\/p>\n<p>\u201cA partir de ese momento la Universidad del Norte ve en m\u00ed las capacidades para capacitarme profesionalmente y contratarme como docente en un futuro, y es cuando decide becarme internacionalmente para estudiar mi segundo doctorado. Desde el a\u00f1o 2016 estoy vinculada a este centro de estudios, inicialmente como catedr\u00e1tica, y a partir del 2020, como docente de tiempo completo\u201d, manifest\u00f3 la ingeniera industrial.<\/p>\n<p>La obtenci\u00f3n de la plaza doctoral en una de las mejores universidades del mundo como lo es la de Hamburgo (Top 100) es para Adriana Moros uno de sus mayores logros profesionales. Ella considera que su condici\u00f3n de exalumna del Colegio Alem\u00e1n de Barranquilla y el conocimiento del idioma, adem\u00e1s del trabajo investigativo realizado, fueron aspectos tenidos en cuenta por esta instituci\u00f3n europea al momento de escogerla para hacer su doctorado.<\/p>\n<p>Para la ingeniera industrial, el colegio marc\u00f3 definitivamente su vida profesional y personal. De su paso por la instituci\u00f3n siempre tiene presente a sus compa\u00f1eros de clases, a algunos profesores a los que recuerda con mucho cari\u00f1o por todo lo que aprendi\u00f3 de ellos como: Freddy, Cecilia, Carmen, Mery e Iv\u00e1n; el intercambio, ir a comprar a la tienda de Damaris en los recreos y los bazares. Todos estos recuerdos representan para ella una linda \u00e9poca que conserva en su memoria.<\/p>\n<p><a href=\"https:\/\/ds-barranquilla.org\/wp-content\/uploads\/2021\/11\/WhatsApp-Image-2021-10-27-at-5.20.50-PM.jpeg\"><img fetchpriority=\"high\" decoding=\"async\" class=\"alignnone size-medium wp-image-8973\" src=\"https:\/\/ds-barranquilla.org\/wp-content\/uploads\/2021\/11\/WhatsApp-Image-2021-10-27-at-5.20.50-PM-300x300.jpeg\" alt=\"\" width=\"300\" height=\"300\" srcset=\"https:\/\/ds-barranquilla.org\/wp-content\/uploads\/2021\/11\/WhatsApp-Image-2021-10-27-at-5.20.50-PM-300x300.jpeg 300w, https:\/\/ds-barranquilla.org\/wp-content\/uploads\/2021\/11\/WhatsApp-Image-2021-10-27-at-5.20.50-PM-500x500.jpeg 500w, https:\/\/ds-barranquilla.org\/wp-content\/uploads\/2021\/11\/WhatsApp-Image-2021-10-27-at-5.20.50-PM-800x800.jpeg 800w, https:\/\/ds-barranquilla.org\/wp-content\/uploads\/2021\/11\/WhatsApp-Image-2021-10-27-at-5.20.50-PM-1024x1024.jpeg 1024w, https:\/\/ds-barranquilla.org\/wp-content\/uploads\/2021\/11\/WhatsApp-Image-2021-10-27-at-5.20.50-PM-150x150.jpeg 150w, https:\/\/ds-barranquilla.org\/wp-content\/uploads\/2021\/11\/WhatsApp-Image-2021-10-27-at-5.20.50-PM-768x768.jpeg 768w, https:\/\/ds-barranquilla.org\/wp-content\/uploads\/2021\/11\/WhatsApp-Image-2021-10-27-at-5.20.50-PM-1536x1536.jpeg 1536w, https:\/\/ds-barranquilla.org\/wp-content\/uploads\/2021\/11\/WhatsApp-Image-2021-10-27-at-5.20.50-PM-50x50.jpeg 50w, https:\/\/ds-barranquilla.org\/wp-content\/uploads\/2021\/11\/WhatsApp-Image-2021-10-27-at-5.20.50-PM-80x80.jpeg 80w, https:\/\/ds-barranquilla.org\/wp-content\/uploads\/2021\/11\/WhatsApp-Image-2021-10-27-at-5.20.50-PM-700x700.jpeg 700w, https:\/\/ds-barranquilla.org\/wp-content\/uploads\/2021\/11\/WhatsApp-Image-2021-10-27-at-5.20.50-PM-450x450.jpeg 450w, https:\/\/ds-barranquilla.org\/wp-content\/uploads\/2021\/11\/WhatsApp-Image-2021-10-27-at-5.20.50-PM-650x650.jpeg 650w, https:\/\/ds-barranquilla.org\/wp-content\/uploads\/2021\/11\/WhatsApp-Image-2021-10-27-at-5.20.50-PM-1300x1300.jpeg 1300w, https:\/\/ds-barranquilla.org\/wp-content\/uploads\/2021\/11\/WhatsApp-Image-2021-10-27-at-5.20.50-PM-64x64.jpeg 64w, https:\/\/ds-barranquilla.org\/wp-content\/uploads\/2021\/11\/WhatsApp-Image-2021-10-27-at-5.20.50-PM.jpeg 2048w\" sizes=\"(max-width:767px) 300px, 300px\" \/><\/a><a href=\"https:\/\/ds-barranquilla.org\/wp-content\/uploads\/2021\/11\/WhatsApp-Image-2021-10-27-at-5.20.49-PM.jpeg\"><img decoding=\"async\" class=\"alignnone size-medium wp-image-8974\" src=\"https:\/\/ds-barranquilla.org\/wp-content\/uploads\/2021\/11\/WhatsApp-Image-2021-10-27-at-5.20.49-PM-300x300.jpeg\" alt=\"\" width=\"300\" height=\"300\" srcset=\"https:\/\/ds-barranquilla.org\/wp-content\/uploads\/2021\/11\/WhatsApp-Image-2021-10-27-at-5.20.49-PM-300x300.jpeg 300w, https:\/\/ds-barranquilla.org\/wp-content\/uploads\/2021\/11\/WhatsApp-Image-2021-10-27-at-5.20.49-PM-500x500.jpeg 500w, https:\/\/ds-barranquilla.org\/wp-content\/uploads\/2021\/11\/WhatsApp-Image-2021-10-27-at-5.20.49-PM-800x800.jpeg 800w, https:\/\/ds-barranquilla.org\/wp-content\/uploads\/2021\/11\/WhatsApp-Image-2021-10-27-at-5.20.49-PM-1024x1024.jpeg 1024w, https:\/\/ds-barranquilla.org\/wp-content\/uploads\/2021\/11\/WhatsApp-Image-2021-10-27-at-5.20.49-PM-150x150.jpeg 150w, https:\/\/ds-barranquilla.org\/wp-content\/uploads\/2021\/11\/WhatsApp-Image-2021-10-27-at-5.20.49-PM-768x768.jpeg 768w, https:\/\/ds-barranquilla.org\/wp-content\/uploads\/2021\/11\/WhatsApp-Image-2021-10-27-at-5.20.49-PM-1536x1536.jpeg 1536w, https:\/\/ds-barranquilla.org\/wp-content\/uploads\/2021\/11\/WhatsApp-Image-2021-10-27-at-5.20.49-PM-50x50.jpeg 50w, https:\/\/ds-barranquilla.org\/wp-content\/uploads\/2021\/11\/WhatsApp-Image-2021-10-27-at-5.20.49-PM-80x80.jpeg 80w, https:\/\/ds-barranquilla.org\/wp-content\/uploads\/2021\/11\/WhatsApp-Image-2021-10-27-at-5.20.49-PM-700x700.jpeg 700w, https:\/\/ds-barranquilla.org\/wp-content\/uploads\/2021\/11\/WhatsApp-Image-2021-10-27-at-5.20.49-PM-450x450.jpeg 450w, https:\/\/ds-barranquilla.org\/wp-content\/uploads\/2021\/11\/WhatsApp-Image-2021-10-27-at-5.20.49-PM-650x650.jpeg 650w, https:\/\/ds-barranquilla.org\/wp-content\/uploads\/2021\/11\/WhatsApp-Image-2021-10-27-at-5.20.49-PM-1300x1300.jpeg 1300w, https:\/\/ds-barranquilla.org\/wp-content\/uploads\/2021\/11\/WhatsApp-Image-2021-10-27-at-5.20.49-PM-64x64.jpeg 64w, https:\/\/ds-barranquilla.org\/wp-content\/uploads\/2021\/11\/WhatsApp-Image-2021-10-27-at-5.20.49-PM.jpeg 2048w\" sizes=\"(max-width:767px) 300px, 300px\" \/><\/a><a href=\"https:\/\/ds-barranquilla.org\/wp-content\/uploads\/2021\/11\/WhatsApp-Image-2021-10-29-at-10.52.54-AM.jpeg\"><img decoding=\"async\" class=\"alignnone size-medium wp-image-8975\" src=\"https:\/\/ds-barranquilla.org\/wp-content\/uploads\/2021\/11\/WhatsApp-Image-2021-10-29-at-10.52.54-AM-300x300.jpeg\" alt=\"\" width=\"300\" height=\"300\" srcset=\"https:\/\/ds-barranquilla.org\/wp-content\/uploads\/2021\/11\/WhatsApp-Image-2021-10-29-at-10.52.54-AM-300x300.jpeg 300w, https:\/\/ds-barranquilla.org\/wp-content\/uploads\/2021\/11\/WhatsApp-Image-2021-10-29-at-10.52.54-AM-500x500.jpeg 500w, https:\/\/ds-barranquilla.org\/wp-content\/uploads\/2021\/11\/WhatsApp-Image-2021-10-29-at-10.52.54-AM-800x800.jpeg 800w, https:\/\/ds-barranquilla.org\/wp-content\/uploads\/2021\/11\/WhatsApp-Image-2021-10-29-at-10.52.54-AM-1024x1024.jpeg 1024w, https:\/\/ds-barranquilla.org\/wp-content\/uploads\/2021\/11\/WhatsApp-Image-2021-10-29-at-10.52.54-AM-150x150.jpeg 150w, https:\/\/ds-barranquilla.org\/wp-content\/uploads\/2021\/11\/WhatsApp-Image-2021-10-29-at-10.52.54-AM-768x768.jpeg 768w, https:\/\/ds-barranquilla.org\/wp-content\/uploads\/2021\/11\/WhatsApp-Image-2021-10-29-at-10.52.54-AM-1536x1536.jpeg 1536w, https:\/\/ds-barranquilla.org\/wp-content\/uploads\/2021\/11\/WhatsApp-Image-2021-10-29-at-10.52.54-AM-50x50.jpeg 50w, https:\/\/ds-barranquilla.org\/wp-content\/uploads\/2021\/11\/WhatsApp-Image-2021-10-29-at-10.52.54-AM-80x80.jpeg 80w, https:\/\/ds-barranquilla.org\/wp-content\/uploads\/2021\/11\/WhatsApp-Image-2021-10-29-at-10.52.54-AM-700x700.jpeg 700w, https:\/\/ds-barranquilla.org\/wp-content\/uploads\/2021\/11\/WhatsApp-Image-2021-10-29-at-10.52.54-AM-450x450.jpeg 450w, https:\/\/ds-barranquilla.org\/wp-content\/uploads\/2021\/11\/WhatsApp-Image-2021-10-29-at-10.52.54-AM-650x650.jpeg 650w, https:\/\/ds-barranquilla.org\/wp-content\/uploads\/2021\/11\/WhatsApp-Image-2021-10-29-at-10.52.54-AM-1300x1300.jpeg 1300w, https:\/\/ds-barranquilla.org\/wp-content\/uploads\/2021\/11\/WhatsApp-Image-2021-10-29-at-10.52.54-AM-64x64.jpeg 64w, https:\/\/ds-barranquilla.org\/wp-content\/uploads\/2021\/11\/WhatsApp-Image-2021-10-29-at-10.52.54-AM.jpeg 2048w\" sizes=\"(max-width:767px) 300px, 300px\" \/><\/a><\/p>","protected":false},"excerpt":{"rendered":"<p>Adriana Moros y su sobresaliente labor como docente e investigadora en la Universidad del Norte Creado por: Jos\u00e9 R\u00edos Mercado. La trayectoria profesional de nuestra exalumna<span class=\"excerpt-hellip\"> [\u2026]<\/span><\/p>","protected":false},"author":16,"featured_media":8970,"comment_status":"open","ping_status":"open","sticky":false,"template":"","format":"standard","meta":{"_exactmetrics_skip_tracking":false,"_exactmetrics_sitenote_active":false,"_exactmetrics_sitenote_note":"","_exactmetrics_sitenote_category":0,"_joinchat":[],"footnotes":""},"categories":[681,684],"tags":[712],"class_list":["post-8969","post","type-post","status-publish","format-standard","has-post-thumbnail","hentry","category-681","category-alumni","tag-entrevista"],"yoast_head":"<!-- This site is optimized with the Yoast SEO plugin v23.3 - https:\/\/yoast.com\/wordpress\/plugins\/seo\/ -->\n<title>Adriana Moros y su sobresaliente labor como docente e investigadora en la Universidad del Norte - 2026<\/title>\n<meta name=\"robots\" content=\"noindex, follow, max-snippet:-1, max-image-preview:large, max-video-preview:-1\" \/>\n<meta property=\"og:locale\" content=\"de_DE\" \/>\n<meta property=\"og:type\" content=\"article\" \/>\n<meta property=\"og:title\" content=\"Adriana Moros y su sobresaliente labor como docente e investigadora en la Universidad del Norte - 2026\" \/>\n<meta property=\"og:description\" content=\"Adriana Moros y su sobresaliente labor como docente e investigadora en la Universidad del Norte Creado por: Jos\u00e9 R\u00edos Mercado. La trayectoria profesional de nuestra exalumna [\u2026]\" \/>\n<meta property=\"og:url\" content=\"https:\/\/ds-barranquilla.org\/de\/adriana-moros-y-su-sobresaliente-labor-como-docente-e-investigadora-en-la-universidad-del-norte\/\" \/>\n<meta property=\"og:site_name\" content=\"Colegio Alem\u00e1n - Los Mejores Colegios de Colombia - Colegio Triling\u00fce\" \/>\n<meta property=\"article:publisher\" content=\"https:\/\/www.facebook.com\/ColegioAlemanBaq\/\" \/>\n<meta property=\"article:published_time\" content=\"2021-11-08T15:38:26+00:00\" \/>\n<meta property=\"article:modified_time\" content=\"2022-12-21T19:02:30+00:00\" \/>\n<meta property=\"og:image\" content=\"https:\/\/ds-barranquilla.org\/wp-content\/uploads\/2021\/11\/Adriana-Moros-Web.jpg\" \/>\n\t<meta property=\"og:image:width\" content=\"1170\" \/>\n\t<meta property=\"og:image:height\" content=\"500\" \/>\n\t<meta property=\"og:image:type\" content=\"image\/jpeg\" \/>\n<meta name=\"author\" content=\"Comunicaciones Comunicaciones\" \/>\n<meta name=\"twitter:card\" content=\"summary_large_image\" \/>\n<meta name=\"twitter:creator\" content=\"@ColegioAlemanBq\" \/>\n<meta name=\"twitter:site\" content=\"@ColegioAlemanBq\" \/>\n<meta name=\"twitter:label1\" content=\"Verfasst von\" \/>\n\t<meta name=\"twitter:data1\" content=\"Comunicaciones Comunicaciones\" \/>\n\t<meta name=\"twitter:label2\" content=\"Gesch\u00e4tzte Lesezeit\" \/>\n\t<meta name=\"twitter:data2\" content=\"3\u00a0Minuten\" \/>\n<script type=\"application\/ld+json\" class=\"yoast-schema-graph\">{\"@context\":\"https:\/\/schema.org\",\"@graph\":[{\"@type\":\"Article\",\"@id\":\"https:\/\/ds-barranquilla.org\/adriana-moros-y-su-sobresaliente-labor-como-docente-e-investigadora-en-la-universidad-del-norte\/#article\",\"isPartOf\":{\"@id\":\"https:\/\/ds-barranquilla.org\/adriana-moros-y-su-sobresaliente-labor-como-docente-e-investigadora-en-la-universidad-del-norte\/\"},\"author\":{\"name\":\"Comunicaciones Comunicaciones\",\"@id\":\"https:\/\/ds-barranquilla.org\/#\/schema\/person\/7bf8790ba89d3480e0551241ccdc8d36\"},\"headline\":\"Adriana Moros y su sobresaliente labor como docente e investigadora en la Universidad del Norte\",\"datePublished\":\"2021-11-08T15:38:26+00:00\",\"dateModified\":\"2022-12-21T19:02:30+00:00\",\"mainEntityOfPage\":{\"@id\":\"https:\/\/ds-barranquilla.org\/adriana-moros-y-su-sobresaliente-labor-como-docente-e-investigadora-en-la-universidad-del-norte\/\"},\"wordCount\":493,\"commentCount\":0,\"publisher\":{\"@id\":\"https:\/\/ds-barranquilla.org\/#organization\"},\"image\":{\"@id\":\"https:\/\/ds-barranquilla.org\/adriana-moros-y-su-sobresaliente-labor-como-docente-e-investigadora-en-la-universidad-del-norte\/#primaryimage\"},\"thumbnailUrl\":\"https:\/\/ds-barranquilla.org\/wp-content\/uploads\/2021\/11\/Adriana-Moros-Web.jpg\",\"keywords\":[\"Entrevista\"],\"articleSection\":[\"2021\",\"Alumni\"],\"inLanguage\":\"de\",\"potentialAction\":[{\"@type\":\"CommentAction\",\"name\":\"Comment\",\"target\":[\"https:\/\/ds-barranquilla.org\/adriana-moros-y-su-sobresaliente-labor-como-docente-e-investigadora-en-la-universidad-del-norte\/#respond\"]}]},{\"@type\":\"WebPage\",\"@id\":\"https:\/\/ds-barranquilla.org\/adriana-moros-y-su-sobresaliente-labor-como-docente-e-investigadora-en-la-universidad-del-norte\/\",\"url\":\"https:\/\/ds-barranquilla.org\/adriana-moros-y-su-sobresaliente-labor-como-docente-e-investigadora-en-la-universidad-del-norte\/\",\"name\":\"Adriana Moros y su sobresaliente labor como docente e investigadora en la Universidad del Norte - 2026\",\"isPartOf\":{\"@id\":\"https:\/\/ds-barranquilla.org\/#website\"},\"primaryImageOfPage\":{\"@id\":\"https:\/\/ds-barranquilla.org\/adriana-moros-y-su-sobresaliente-labor-como-docente-e-investigadora-en-la-universidad-del-norte\/#primaryimage\"},\"image\":{\"@id\":\"https:\/\/ds-barranquilla.org\/adriana-moros-y-su-sobresaliente-labor-como-docente-e-investigadora-en-la-universidad-del-norte\/#primaryimage\"},\"thumbnailUrl\":\"https:\/\/ds-barranquilla.org\/wp-content\/uploads\/2021\/11\/Adriana-Moros-Web.jpg\",\"datePublished\":\"2021-11-08T15:38:26+00:00\",\"dateModified\":\"2022-12-21T19:02:30+00:00\",\"breadcrumb\":{\"@id\":\"https:\/\/ds-barranquilla.org\/adriana-moros-y-su-sobresaliente-labor-como-docente-e-investigadora-en-la-universidad-del-norte\/#breadcrumb\"},\"inLanguage\":\"de\",\"potentialAction\":[{\"@type\":\"ReadAction\",\"target\":[\"https:\/\/ds-barranquilla.org\/adriana-moros-y-su-sobresaliente-labor-como-docente-e-investigadora-en-la-universidad-del-norte\/\"]}]},{\"@type\":\"ImageObject\",\"inLanguage\":\"de\",\"@id\":\"https:\/\/ds-barranquilla.org\/adriana-moros-y-su-sobresaliente-labor-como-docente-e-investigadora-en-la-universidad-del-norte\/#primaryimage\",\"url\":\"https:\/\/ds-barranquilla.org\/wp-content\/uploads\/2021\/11\/Adriana-Moros-Web.jpg\",\"contentUrl\":\"https:\/\/ds-barranquilla.org\/wp-content\/uploads\/2021\/11\/Adriana-Moros-Web.jpg\",\"width\":1170,\"height\":500},{\"@type\":\"BreadcrumbList\",\"@id\":\"https:\/\/ds-barranquilla.org\/adriana-moros-y-su-sobresaliente-labor-como-docente-e-investigadora-en-la-universidad-del-norte\/#breadcrumb\",\"itemListElement\":[{\"@type\":\"ListItem\",\"position\":1,\"name\":\"Portada\",\"item\":\"https:\/\/ds-barranquilla.org\/\"},{\"@type\":\"ListItem\",\"position\":2,\"name\":\"Adriana Moros y su sobresaliente labor como docente e investigadora en la Universidad del Norte\"}]},{\"@type\":\"WebSite\",\"@id\":\"https:\/\/ds-barranquilla.org\/#website\",\"url\":\"https:\/\/ds-barranquilla.org\/\",\"name\":\"Colegio Alem\u00e1n - Los Mejores Colegios de Colombia - Colegio Triling\u00fce\",\"description\":\"Colegio Alem\u00e1n  Barranquilla Colombia - Colegio Biling\u00fce - Triling\u00fce - El Mejor Colegio de Colombia\",\"publisher\":{\"@id\":\"https:\/\/ds-barranquilla.org\/#organization\"},\"potentialAction\":[{\"@type\":\"SearchAction\",\"target\":{\"@type\":\"EntryPoint\",\"urlTemplate\":\"https:\/\/ds-barranquilla.org\/?s={search_term_string}\"},\"query-input\":\"required name=search_term_string\"}],\"inLanguage\":\"de\"},{\"@type\":\"Organization\",\"@id\":\"https:\/\/ds-barranquilla.org\/#organization\",\"name\":\"Colegio Alem\u00e1n Barranquilla\",\"url\":\"https:\/\/ds-barranquilla.org\/\",\"logo\":{\"@type\":\"ImageObject\",\"inLanguage\":\"de\",\"@id\":\"https:\/\/ds-barranquilla.org\/#\/schema\/logo\/image\/\",\"url\":\"https:\/\/ds-barranquilla.org\/wp-content\/uploads\/2021\/05\/coleman_logo_2.png\",\"contentUrl\":\"https:\/\/ds-barranquilla.org\/wp-content\/uploads\/2021\/05\/coleman_logo_2.png\",\"width\":418,\"height\":307,\"caption\":\"Colegio Alem\u00e1n Barranquilla\"},\"image\":{\"@id\":\"https:\/\/ds-barranquilla.org\/#\/schema\/logo\/image\/\"},\"sameAs\":[\"https:\/\/www.facebook.com\/ColegioAlemanBaq\/\",\"https:\/\/x.com\/ColegioAlemanBq\",\"https:\/\/www.instagram.com\/colegioalemanbaq\/\",\"https:\/\/www.linkedin.com\/school\/deutsche-schule-barranquilla\/\",\"https:\/\/www.youtube.com\/channel\/UCOOGZQCVs6aYRqIWvSN5agQ\"]},{\"@type\":\"Person\",\"@id\":\"https:\/\/ds-barranquilla.org\/#\/schema\/person\/7bf8790ba89d3480e0551241ccdc8d36\",\"name\":\"Comunicaciones Comunicaciones\",\"image\":{\"@type\":\"ImageObject\",\"inLanguage\":\"de\",\"@id\":\"https:\/\/ds-barranquilla.org\/#\/schema\/person\/image\/\",\"url\":\"https:\/\/secure.gravatar.com\/avatar\/a66ba9484a4338d81d6bea750e595038?s=96&d=mm&r=g\",\"contentUrl\":\"https:\/\/secure.gravatar.com\/avatar\/a66ba9484a4338d81d6bea750e595038?s=96&d=mm&r=g\",\"caption\":\"Comunicaciones Comunicaciones\"}}]}<\/script>\n<!-- \/ Yoast SEO plugin. -->","yoast_head_json":{"title":"Adriana Moros y su sobresaliente labor como docente e investigadora en la Universidad del Norte - 2026","robots":{"index":"noindex","follow":"follow","max-snippet":"max-snippet:-1","max-image-preview":"max-image-preview:large","max-video-preview":"max-video-preview:-1"},"og_locale":"de_DE","og_type":"article","og_title":"Adriana Moros y su sobresaliente labor como docente e investigadora en la Universidad del Norte - 2026","og_description":"Adriana Moros y su sobresaliente labor como docente e investigadora en la Universidad del Norte Creado por: Jos\u00e9 R\u00edos Mercado. La trayectoria profesional de nuestra exalumna [\u2026]","og_url":"https:\/\/ds-barranquilla.org\/de\/adriana-moros-y-su-sobresaliente-labor-como-docente-e-investigadora-en-la-universidad-del-norte\/","og_site_name":"Colegio Alem\u00e1n - Los Mejores Colegios de Colombia - Colegio Triling\u00fce","article_publisher":"https:\/\/www.facebook.com\/ColegioAlemanBaq\/","article_published_time":"2021-11-08T15:38:26+00:00","article_modified_time":"2022-12-21T19:02:30+00:00","og_image":[{"width":1170,"height":500,"url":"https:\/\/ds-barranquilla.org\/wp-content\/uploads\/2021\/11\/Adriana-Moros-Web.jpg","type":"image\/jpeg"}],"author":"Comunicaciones Comunicaciones","twitter_card":"summary_large_image","twitter_creator":"@ColegioAlemanBq","twitter_site":"@ColegioAlemanBq","twitter_misc":{"Verfasst von":"Comunicaciones Comunicaciones","Gesch\u00e4tzte Lesezeit":"3\u00a0Minuten"},"schema":{"@context":"https:\/\/schema.org","@graph":[{"@type":"Article","@id":"https:\/\/ds-barranquilla.org\/adriana-moros-y-su-sobresaliente-labor-como-docente-e-investigadora-en-la-universidad-del-norte\/#article","isPartOf":{"@id":"https:\/\/ds-barranquilla.org\/adriana-moros-y-su-sobresaliente-labor-como-docente-e-investigadora-en-la-universidad-del-norte\/"},"author":{"name":"Comunicaciones Comunicaciones","@id":"https:\/\/ds-barranquilla.org\/#\/schema\/person\/7bf8790ba89d3480e0551241ccdc8d36"},"headline":"Adriana Moros y su sobresaliente labor como docente e investigadora en la Universidad del Norte","datePublished":"2021-11-08T15:38:26+00:00","dateModified":"2022-12-21T19:02:30+00:00","mainEntityOfPage":{"@id":"https:\/\/ds-barranquilla.org\/adriana-moros-y-su-sobresaliente-labor-como-docente-e-investigadora-en-la-universidad-del-norte\/"},"wordCount":493,"commentCount":0,"publisher":{"@id":"https:\/\/ds-barranquilla.org\/#organization"},"image":{"@id":"https:\/\/ds-barranquilla.org\/adriana-moros-y-su-sobresaliente-labor-como-docente-e-investigadora-en-la-universidad-del-norte\/#primaryimage"},"thumbnailUrl":"https:\/\/ds-barranquilla.org\/wp-content\/uploads\/2021\/11\/Adriana-Moros-Web.jpg","keywords":["Entrevista"],"articleSection":["2021","Alumni"],"inLanguage":"de","potentialAction":[{"@type":"CommentAction","name":"Comment","target":["https:\/\/ds-barranquilla.org\/adriana-moros-y-su-sobresaliente-labor-como-docente-e-investigadora-en-la-universidad-del-norte\/#respond"]}]},{"@type":"WebPage","@id":"https:\/\/ds-barranquilla.org\/adriana-moros-y-su-sobresaliente-labor-como-docente-e-investigadora-en-la-universidad-del-norte\/","url":"https:\/\/ds-barranquilla.org\/adriana-moros-y-su-sobresaliente-labor-como-docente-e-investigadora-en-la-universidad-del-norte\/","name":"Adriana Moros y su sobresaliente labor como docente e investigadora en la Universidad del Norte - 2026","isPartOf":{"@id":"https:\/\/ds-barranquilla.org\/#website"},"primaryImageOfPage":{"@id":"https:\/\/ds-barranquilla.org\/adriana-moros-y-su-sobresaliente-labor-como-docente-e-investigadora-en-la-universidad-del-norte\/#primaryimage"},"image":{"@id":"https:\/\/ds-barranquilla.org\/adriana-moros-y-su-sobresaliente-labor-como-docente-e-investigadora-en-la-universidad-del-norte\/#primaryimage"},"thumbnailUrl":"https:\/\/ds-barranquilla.org\/wp-content\/uploads\/2021\/11\/Adriana-Moros-Web.jpg","datePublished":"2021-11-08T15:38:26+00:00","dateModified":"2022-12-21T19:02:30+00:00","breadcrumb":{"@id":"https:\/\/ds-barranquilla.org\/adriana-moros-y-su-sobresaliente-labor-como-docente-e-investigadora-en-la-universidad-del-norte\/#breadcrumb"},"inLanguage":"de","potentialAction":[{"@type":"ReadAction","target":["https:\/\/ds-barranquilla.org\/adriana-moros-y-su-sobresaliente-labor-como-docente-e-investigadora-en-la-universidad-del-norte\/"]}]},{"@type":"ImageObject","inLanguage":"de","@id":"https:\/\/ds-barranquilla.org\/adriana-moros-y-su-sobresaliente-labor-como-docente-e-investigadora-en-la-universidad-del-norte\/#primaryimage","url":"https:\/\/ds-barranquilla.org\/wp-content\/uploads\/2021\/11\/Adriana-Moros-Web.jpg","contentUrl":"https:\/\/ds-barranquilla.org\/wp-content\/uploads\/2021\/11\/Adriana-Moros-Web.jpg","width":1170,"height":500},{"@type":"BreadcrumbList","@id":"https:\/\/ds-barranquilla.org\/adriana-moros-y-su-sobresaliente-labor-como-docente-e-investigadora-en-la-universidad-del-norte\/#breadcrumb","itemListElement":[{"@type":"ListItem","position":1,"name":"Portada","item":"https:\/\/ds-barranquilla.org\/"},{"@type":"ListItem","position":2,"name":"Adriana Moros y su sobresaliente labor como docente e investigadora en la Universidad del Norte"}]},{"@type":"WebSite","@id":"https:\/\/ds-barranquilla.org\/#website","url":"https:\/\/ds-barranquilla.org\/","name":"Colegio Alem\u00e1n - Los Mejores Colegios de Colombia - Colegio Triling\u00fce","description":"Colegio Alem\u00e1n  Barranquilla Colombia - Colegio Biling\u00fce - Triling\u00fce - El Mejor Colegio de Colombia","publisher":{"@id":"https:\/\/ds-barranquilla.org\/#organization"},"potentialAction":[{"@type":"SearchAction","target":{"@type":"EntryPoint","urlTemplate":"https:\/\/ds-barranquilla.org\/?s={search_term_string}"},"query-input":"required name=search_term_string"}],"inLanguage":"de"},{"@type":"Organization","@id":"https:\/\/ds-barranquilla.org\/#organization","name":"Colegio Alem\u00e1n Barranquilla","url":"https:\/\/ds-barranquilla.org\/","logo":{"@type":"ImageObject","inLanguage":"de","@id":"https:\/\/ds-barranquilla.org\/#\/schema\/logo\/image\/","url":"https:\/\/ds-barranquilla.org\/wp-content\/uploads\/2021\/05\/coleman_logo_2.png","contentUrl":"https:\/\/ds-barranquilla.org\/wp-content\/uploads\/2021\/05\/coleman_logo_2.png","width":418,"height":307,"caption":"Colegio Alem\u00e1n Barranquilla"},"image":{"@id":"https:\/\/ds-barranquilla.org\/#\/schema\/logo\/image\/"},"sameAs":["https:\/\/www.facebook.com\/ColegioAlemanBaq\/","https:\/\/x.com\/ColegioAlemanBq","https:\/\/www.instagram.com\/colegioalemanbaq\/","https:\/\/www.linkedin.com\/school\/deutsche-schule-barranquilla\/","https:\/\/www.youtube.com\/channel\/UCOOGZQCVs6aYRqIWvSN5agQ"]},{"@type":"Person","@id":"https:\/\/ds-barranquilla.org\/#\/schema\/person\/7bf8790ba89d3480e0551241ccdc8d36","name":"Comunicaciones Comunicaciones","image":{"@type":"ImageObject","inLanguage":"de","@id":"https:\/\/ds-barranquilla.org\/#\/schema\/person\/image\/","url":"https:\/\/secure.gravatar.com\/avatar\/a66ba9484a4338d81d6bea750e595038?s=96&d=mm&r=g","contentUrl":"https:\/\/secure.gravatar.com\/avatar\/a66ba9484a4338d81d6bea750e595038?s=96&d=mm&r=g","caption":"Comunicaciones Comunicaciones"}}]}},"_links":{"self":[{"href":"https:\/\/ds-barranquilla.org\/de\/wp-json\/wp\/v2\/posts\/8969"}],"collection":[{"href":"https:\/\/ds-barranquilla.org\/de\/wp-json\/wp\/v2\/posts"}],"about":[{"href":"https:\/\/ds-barranquilla.org\/de\/wp-json\/wp\/v2\/types\/post"}],"author":[{"embeddable":true,"href":"https:\/\/ds-barranquilla.org\/de\/wp-json\/wp\/v2\/users\/16"}],"replies":[{"embeddable":true,"href":"https:\/\/ds-barranquilla.org\/de\/wp-json\/wp\/v2\/comments?post=8969"}],"version-history":[{"count":1,"href":"https:\/\/ds-barranquilla.org\/de\/wp-json\/wp\/v2\/posts\/8969\/revisions"}],"predecessor-version":[{"id":8976,"href":"https:\/\/ds-barranquilla.org\/de\/wp-json\/wp\/v2\/posts\/8969\/revisions\/8976"}],"wp:featuredmedia":[{"embeddable":true,"href":"https:\/\/ds-barranquilla.org\/de\/wp-json\/wp\/v2\/media\/8970"}],"wp:attachment":[{"href":"https:\/\/ds-barranquilla.org\/de\/wp-json\/wp\/v2\/media?parent=8969"}],"wp:term":[{"taxonomy":"category","embeddable":true,"href":"https:\/\/ds-barranquilla.org\/de\/wp-json\/wp\/v2\/categories?post=8969"},{"taxonomy":"post_tag","embeddable":true,"href":"https:\/\/ds-barranquilla.org\/de\/wp-json\/wp\/v2\/tags?post=8969"}],"curies":[{"name":"wp","href":"https:\/\/api.w.org\/{rel}","templated":true}]}}