{"id":8994,"date":"2021-11-10T08:51:28","date_gmt":"2021-11-10T13:51:28","guid":{"rendered":"https:\/\/ds-barranquilla.org\/?p=8994"},"modified":"2022-12-21T13:59:00","modified_gmt":"2022-12-21T18:59:00","slug":"sistema-de-ventilacion-y-renovacion-del-colegio-fue-evaluado-por-empresa-especializada","status":"publish","type":"post","link":"https:\/\/ds-barranquilla.org\/de\/sistema-de-ventilacion-y-renovacion-del-colegio-fue-evaluado-por-empresa-especializada\/","title":{"rendered":"Sistema de ventilaci\u00f3n y renovaci\u00f3n del colegio fue evaluado por empresa especializada"},"content":{"rendered":"<h1><strong>Sistema de ventilaci\u00f3n y renovaci\u00f3n del colegio fue evaluado por empresa especializada<\/strong><\/h1>\n<p><strong>Geschrieben von: Jos\u00e9 R\u00edos Mercado.<\/strong> Recientemente se desarroll\u00f3 en nuestro colegio una jornada de medici\u00f3n de di\u00f3xido de carbono (CO2) en algunos salones de clases de nuestro colegio con el objetivo de validar el sistema de ventilaci\u00f3n en estos espacios. Un grupo de expertos de la empresa KGP Consultor\u00edas y Log\u00edstica S.A.S. adelant\u00f3 la actividad en cinco puntos de cada una de estas aulas -correspondientes a las tres secciones- en un lapso que oscil\u00f3 entre los 30 y los 35 minutos, reportando al final que el sistema de ventilaci\u00f3n y de renovaci\u00f3n de aire del colegio es el adecuado.<\/p>\n<p>\u201cSe realizaron mediciones de vol\u00famenes de CO2 producido en el ambiente para observar la cantidad de recambio de aire generada en cada sal\u00f3n de clases. El objetivo del ejercicio es revisar que el CO2 que se est\u00e1 produciendo no vaya a afectar a los estudiantes y los docentes que est\u00e1n en las aulas; es por eso que se escogieron las cuatro esquinas y un punto en el centro de estos espacios para hacer las mediciones\u201d, expres\u00f3 el Asistente de Monitoreo de la empresa, Antenor Barraza.<\/p>\n<p>El funcionario indic\u00f3 que estas jornadas cobran mucha importancia en el momento actual por cuanto est\u00e1 demostrado cient\u00edficamente que a mayor concentraci\u00f3n de CO2 en un ambiente, hay mayor probabilidad de propagaci\u00f3n del Covid-19. Por su parte, la Coordinadora de Calidad del Colegio Alem\u00e1n de Barranquilla, Lizzette Carbonell, precis\u00f3 que el informe entregado por KGP Consultor\u00edas y Log\u00edstica S.A.S. arroj\u00f3 entre otros resultados, que las concentraciones de CO2 en los salones de clases evaluados, estuvieron en el rango promedio entre 0 y 592,8 ppm, por debajo del valor l\u00edmite expresado por la Universidad Nacional de Colombia.<\/p>\n<p>La funcionaria se\u00f1al\u00f3 que se asumi\u00f3 como valor de referencia, la concentraci\u00f3n de m\u00e1ximo 700 partes por mill\u00f3n de di\u00f3xido de carbono (CO2) en sitios cerrados, seg\u00fan los estudios realizados por la Universidad Nacional de Colombia, puesto que en Colombia no existe una normatividad que establezca m\u00e1ximos y m\u00ednimos. As\u00ed mismo, expres\u00f3 que por debajo de este resultado, se puede decir que hay un bajo riesgo de transmisi\u00f3n del virus por aerosoles.<\/p>\n<p>Finalmente, Lizzette Carbonell manifest\u00f3 que el sistema de renovaci\u00f3n de aire est\u00e1 siendo efectivo en la reducci\u00f3n del riesgo de trasmisi\u00f3n de pat\u00f3genos mediante aerosoles en ambientes interiores.<\/p>\n<p><a href=\"https:\/\/www.facebook.com\/1686837971573686\/posts\/3102851946638941\/\">Video<\/a><\/p>\n<p><a href=\"https:\/\/ds-barranquilla.org\/wp-content\/uploads\/2021\/11\/1.jpeg\"><img fetchpriority=\"high\" decoding=\"async\" class=\"alignnone size-medium wp-image-9001\" src=\"https:\/\/ds-barranquilla.org\/wp-content\/uploads\/2021\/11\/1-300x200.jpeg\" alt=\"\" width=\"300\" height=\"200\" srcset=\"https:\/\/ds-barranquilla.org\/wp-content\/uploads\/2021\/11\/1-300x200.jpeg 300w, https:\/\/ds-barranquilla.org\/wp-content\/uploads\/2021\/11\/1-800x533.jpeg 800w, https:\/\/ds-barranquilla.org\/wp-content\/uploads\/2021\/11\/1-1024x682.jpeg 1024w, https:\/\/ds-barranquilla.org\/wp-content\/uploads\/2021\/11\/1-768x512.jpeg 768w, https:\/\/ds-barranquilla.org\/wp-content\/uploads\/2021\/11\/1-391x260.jpeg 391w, https:\/\/ds-barranquilla.org\/wp-content\/uploads\/2021\/11\/1-50x33.jpeg 50w, https:\/\/ds-barranquilla.org\/wp-content\/uploads\/2021\/11\/1-150x100.jpeg 150w, https:\/\/ds-barranquilla.org\/wp-content\/uploads\/2021\/11\/1-75x50.jpeg 75w, https:\/\/ds-barranquilla.org\/wp-content\/uploads\/2021\/11\/1-64x43.jpeg 64w, https:\/\/ds-barranquilla.org\/wp-content\/uploads\/2021\/11\/1.jpeg 1280w\" sizes=\"(max-width:767px) 300px, 300px\" \/><\/a><a href=\"https:\/\/ds-barranquilla.org\/wp-content\/uploads\/2021\/11\/2-1.jpeg\"><img decoding=\"async\" class=\"alignnone size-medium wp-image-9002\" src=\"https:\/\/ds-barranquilla.org\/wp-content\/uploads\/2021\/11\/2-1-300x200.jpeg\" alt=\"\" width=\"300\" height=\"200\" srcset=\"https:\/\/ds-barranquilla.org\/wp-content\/uploads\/2021\/11\/2-1-300x200.jpeg 300w, https:\/\/ds-barranquilla.org\/wp-content\/uploads\/2021\/11\/2-1-800x533.jpeg 800w, https:\/\/ds-barranquilla.org\/wp-content\/uploads\/2021\/11\/2-1-1024x682.jpeg 1024w, https:\/\/ds-barranquilla.org\/wp-content\/uploads\/2021\/11\/2-1-768x512.jpeg 768w, https:\/\/ds-barranquilla.org\/wp-content\/uploads\/2021\/11\/2-1-391x260.jpeg 391w, https:\/\/ds-barranquilla.org\/wp-content\/uploads\/2021\/11\/2-1-50x33.jpeg 50w, https:\/\/ds-barranquilla.org\/wp-content\/uploads\/2021\/11\/2-1-150x100.jpeg 150w, https:\/\/ds-barranquilla.org\/wp-content\/uploads\/2021\/11\/2-1-75x50.jpeg 75w, https:\/\/ds-barranquilla.org\/wp-content\/uploads\/2021\/11\/2-1-64x43.jpeg 64w, https:\/\/ds-barranquilla.org\/wp-content\/uploads\/2021\/11\/2-1.jpeg 1280w\" sizes=\"(max-width:767px) 300px, 300px\" \/><\/a><a href=\"https:\/\/ds-barranquilla.org\/wp-content\/uploads\/2021\/11\/3-1.jpeg\"><img decoding=\"async\" class=\"alignnone size-medium wp-image-9003\" src=\"https:\/\/ds-barranquilla.org\/wp-content\/uploads\/2021\/11\/3-1-300x200.jpeg\" alt=\"\" width=\"300\" height=\"200\" srcset=\"https:\/\/ds-barranquilla.org\/wp-content\/uploads\/2021\/11\/3-1-300x200.jpeg 300w, https:\/\/ds-barranquilla.org\/wp-content\/uploads\/2021\/11\/3-1-800x533.jpeg 800w, https:\/\/ds-barranquilla.org\/wp-content\/uploads\/2021\/11\/3-1-1024x682.jpeg 1024w, https:\/\/ds-barranquilla.org\/wp-content\/uploads\/2021\/11\/3-1-768x512.jpeg 768w, https:\/\/ds-barranquilla.org\/wp-content\/uploads\/2021\/11\/3-1-391x260.jpeg 391w, https:\/\/ds-barranquilla.org\/wp-content\/uploads\/2021\/11\/3-1-50x33.jpeg 50w, https:\/\/ds-barranquilla.org\/wp-content\/uploads\/2021\/11\/3-1-150x100.jpeg 150w, https:\/\/ds-barranquilla.org\/wp-content\/uploads\/2021\/11\/3-1-75x50.jpeg 75w, https:\/\/ds-barranquilla.org\/wp-content\/uploads\/2021\/11\/3-1-64x43.jpeg 64w, https:\/\/ds-barranquilla.org\/wp-content\/uploads\/2021\/11\/3-1.jpeg 1280w\" sizes=\"(max-width:767px) 300px, 300px\" \/><\/a><a href=\"https:\/\/ds-barranquilla.org\/wp-content\/uploads\/2021\/11\/4.jpeg\"><img loading=\"lazy\" decoding=\"async\" class=\"alignnone size-medium wp-image-9005\" src=\"https:\/\/ds-barranquilla.org\/wp-content\/uploads\/2021\/11\/4-300x200.jpeg\" alt=\"\" width=\"300\" height=\"200\" srcset=\"https:\/\/ds-barranquilla.org\/wp-content\/uploads\/2021\/11\/4-300x200.jpeg 300w, https:\/\/ds-barranquilla.org\/wp-content\/uploads\/2021\/11\/4-800x533.jpeg 800w, https:\/\/ds-barranquilla.org\/wp-content\/uploads\/2021\/11\/4-1024x682.jpeg 1024w, https:\/\/ds-barranquilla.org\/wp-content\/uploads\/2021\/11\/4-768x512.jpeg 768w, https:\/\/ds-barranquilla.org\/wp-content\/uploads\/2021\/11\/4-391x260.jpeg 391w, https:\/\/ds-barranquilla.org\/wp-content\/uploads\/2021\/11\/4-50x33.jpeg 50w, https:\/\/ds-barranquilla.org\/wp-content\/uploads\/2021\/11\/4-150x100.jpeg 150w, https:\/\/ds-barranquilla.org\/wp-content\/uploads\/2021\/11\/4-75x50.jpeg 75w, https:\/\/ds-barranquilla.org\/wp-content\/uploads\/2021\/11\/4-64x43.jpeg 64w, https:\/\/ds-barranquilla.org\/wp-content\/uploads\/2021\/11\/4.jpeg 1280w\" sizes=\"(max-width:767px) 300px, 300px\" \/><\/a><\/p>","protected":false},"excerpt":{"rendered":"<p>Sistema de ventilaci\u00f3n y renovaci\u00f3n del colegio fue evaluado por empresa especializada Creado por: Jos\u00e9 R\u00edos Mercado. Recientemente se desarroll\u00f3 en nuestro colegio una jornada de<span class=\"excerpt-hellip\"> [\u2026]<\/span><\/p>","protected":false},"author":16,"featured_media":8996,"comment_status":"open","ping_status":"open","sticky":false,"template":"","format":"standard","meta":{"_exactmetrics_skip_tracking":false,"_exactmetrics_sitenote_active":false,"_exactmetrics_sitenote_note":"","_exactmetrics_sitenote_category":0,"_joinchat":[],"footnotes":""},"categories":[681,682,683],"tags":[],"class_list":["post-8994","post","type-post","status-publish","format-standard","has-post-thumbnail","hentry","category-681","category-acreditaciones-y-calidad","category-administracion"],"yoast_head":"<!-- This site is optimized with the Yoast SEO plugin v23.3 - https:\/\/yoast.com\/wordpress\/plugins\/seo\/ -->\n<title>Sistema de ventilaci\u00f3n y renovaci\u00f3n del colegio fue evaluado por empresa especializada - 2026<\/title>\n<meta name=\"robots\" content=\"noindex, follow, max-snippet:-1, max-image-preview:large, max-video-preview:-1\" \/>\n<meta property=\"og:locale\" content=\"de_DE\" \/>\n<meta property=\"og:type\" content=\"article\" \/>\n<meta property=\"og:title\" content=\"Sistema de ventilaci\u00f3n y renovaci\u00f3n del colegio fue evaluado por empresa especializada - 2026\" \/>\n<meta property=\"og:description\" content=\"Sistema de ventilaci\u00f3n y renovaci\u00f3n del colegio fue evaluado por empresa especializada Creado por: Jos\u00e9 R\u00edos Mercado. Recientemente se desarroll\u00f3 en nuestro colegio una jornada de [\u2026]\" \/>\n<meta property=\"og:url\" content=\"https:\/\/ds-barranquilla.org\/de\/sistema-de-ventilacion-y-renovacion-del-colegio-fue-evaluado-por-empresa-especializada\/\" \/>\n<meta property=\"og:site_name\" content=\"Colegio Alem\u00e1n - Los Mejores Colegios de Colombia - Colegio Triling\u00fce\" \/>\n<meta property=\"article:publisher\" content=\"https:\/\/www.facebook.com\/ColegioAlemanBaq\/\" \/>\n<meta property=\"article:published_time\" content=\"2021-11-10T13:51:28+00:00\" \/>\n<meta property=\"article:modified_time\" content=\"2022-12-21T18:59:00+00:00\" \/>\n<meta property=\"og:image\" content=\"https:\/\/ds-barranquilla.org\/wp-content\/uploads\/2021\/11\/Medicion-CO2-Web.jpg\" \/>\n\t<meta property=\"og:image:width\" content=\"1170\" \/>\n\t<meta property=\"og:image:height\" content=\"500\" \/>\n\t<meta property=\"og:image:type\" content=\"image\/jpeg\" \/>\n<meta name=\"author\" content=\"Comunicaciones Comunicaciones\" \/>\n<meta name=\"twitter:card\" content=\"summary_large_image\" \/>\n<meta name=\"twitter:creator\" content=\"@ColegioAlemanBq\" \/>\n<meta name=\"twitter:site\" content=\"@ColegioAlemanBq\" \/>\n<meta name=\"twitter:label1\" content=\"Verfasst von\" \/>\n\t<meta name=\"twitter:data1\" content=\"Comunicaciones Comunicaciones\" \/>\n\t<meta name=\"twitter:label2\" content=\"Gesch\u00e4tzte Lesezeit\" \/>\n\t<meta name=\"twitter:data2\" content=\"3\u00a0Minuten\" \/>\n<script type=\"application\/ld+json\" class=\"yoast-schema-graph\">{\"@context\":\"https:\/\/schema.org\",\"@graph\":[{\"@type\":\"Article\",\"@id\":\"https:\/\/ds-barranquilla.org\/sistema-de-ventilacion-y-renovacion-del-colegio-fue-evaluado-por-empresa-especializada\/#article\",\"isPartOf\":{\"@id\":\"https:\/\/ds-barranquilla.org\/sistema-de-ventilacion-y-renovacion-del-colegio-fue-evaluado-por-empresa-especializada\/\"},\"author\":{\"name\":\"Comunicaciones Comunicaciones\",\"@id\":\"https:\/\/ds-barranquilla.org\/#\/schema\/person\/7bf8790ba89d3480e0551241ccdc8d36\"},\"headline\":\"Sistema de ventilaci\u00f3n y renovaci\u00f3n del colegio fue evaluado por empresa especializada\",\"datePublished\":\"2021-11-10T13:51:28+00:00\",\"dateModified\":\"2022-12-21T18:59:00+00:00\",\"mainEntityOfPage\":{\"@id\":\"https:\/\/ds-barranquilla.org\/sistema-de-ventilacion-y-renovacion-del-colegio-fue-evaluado-por-empresa-especializada\/\"},\"wordCount\":439,\"commentCount\":0,\"publisher\":{\"@id\":\"https:\/\/ds-barranquilla.org\/#organization\"},\"image\":{\"@id\":\"https:\/\/ds-barranquilla.org\/sistema-de-ventilacion-y-renovacion-del-colegio-fue-evaluado-por-empresa-especializada\/#primaryimage\"},\"thumbnailUrl\":\"https:\/\/ds-barranquilla.org\/wp-content\/uploads\/2021\/11\/Medicion-CO2-Web.jpg\",\"articleSection\":[\"2021\",\"Acreditaciones y Calidad\",\"Administraci\u00f3n\"],\"inLanguage\":\"de\",\"potentialAction\":[{\"@type\":\"CommentAction\",\"name\":\"Comment\",\"target\":[\"https:\/\/ds-barranquilla.org\/sistema-de-ventilacion-y-renovacion-del-colegio-fue-evaluado-por-empresa-especializada\/#respond\"]}]},{\"@type\":\"WebPage\",\"@id\":\"https:\/\/ds-barranquilla.org\/sistema-de-ventilacion-y-renovacion-del-colegio-fue-evaluado-por-empresa-especializada\/\",\"url\":\"https:\/\/ds-barranquilla.org\/sistema-de-ventilacion-y-renovacion-del-colegio-fue-evaluado-por-empresa-especializada\/\",\"name\":\"Sistema de ventilaci\u00f3n y renovaci\u00f3n del colegio fue evaluado por empresa especializada - 2026\",\"isPartOf\":{\"@id\":\"https:\/\/ds-barranquilla.org\/#website\"},\"primaryImageOfPage\":{\"@id\":\"https:\/\/ds-barranquilla.org\/sistema-de-ventilacion-y-renovacion-del-colegio-fue-evaluado-por-empresa-especializada\/#primaryimage\"},\"image\":{\"@id\":\"https:\/\/ds-barranquilla.org\/sistema-de-ventilacion-y-renovacion-del-colegio-fue-evaluado-por-empresa-especializada\/#primaryimage\"},\"thumbnailUrl\":\"https:\/\/ds-barranquilla.org\/wp-content\/uploads\/2021\/11\/Medicion-CO2-Web.jpg\",\"datePublished\":\"2021-11-10T13:51:28+00:00\",\"dateModified\":\"2022-12-21T18:59:00+00:00\",\"breadcrumb\":{\"@id\":\"https:\/\/ds-barranquilla.org\/sistema-de-ventilacion-y-renovacion-del-colegio-fue-evaluado-por-empresa-especializada\/#breadcrumb\"},\"inLanguage\":\"de\",\"potentialAction\":[{\"@type\":\"ReadAction\",\"target\":[\"https:\/\/ds-barranquilla.org\/sistema-de-ventilacion-y-renovacion-del-colegio-fue-evaluado-por-empresa-especializada\/\"]}]},{\"@type\":\"ImageObject\",\"inLanguage\":\"de\",\"@id\":\"https:\/\/ds-barranquilla.org\/sistema-de-ventilacion-y-renovacion-del-colegio-fue-evaluado-por-empresa-especializada\/#primaryimage\",\"url\":\"https:\/\/ds-barranquilla.org\/wp-content\/uploads\/2021\/11\/Medicion-CO2-Web.jpg\",\"contentUrl\":\"https:\/\/ds-barranquilla.org\/wp-content\/uploads\/2021\/11\/Medicion-CO2-Web.jpg\",\"width\":1170,\"height\":500},{\"@type\":\"BreadcrumbList\",\"@id\":\"https:\/\/ds-barranquilla.org\/sistema-de-ventilacion-y-renovacion-del-colegio-fue-evaluado-por-empresa-especializada\/#breadcrumb\",\"itemListElement\":[{\"@type\":\"ListItem\",\"position\":1,\"name\":\"Portada\",\"item\":\"https:\/\/ds-barranquilla.org\/\"},{\"@type\":\"ListItem\",\"position\":2,\"name\":\"Sistema de ventilaci\u00f3n y renovaci\u00f3n del colegio fue evaluado por empresa especializada\"}]},{\"@type\":\"WebSite\",\"@id\":\"https:\/\/ds-barranquilla.org\/#website\",\"url\":\"https:\/\/ds-barranquilla.org\/\",\"name\":\"Colegio Alem\u00e1n - Los Mejores Colegios de Colombia - Colegio Triling\u00fce\",\"description\":\"Colegio Alem\u00e1n  Barranquilla Colombia - Colegio Biling\u00fce - Triling\u00fce - El Mejor Colegio de Colombia\",\"publisher\":{\"@id\":\"https:\/\/ds-barranquilla.org\/#organization\"},\"potentialAction\":[{\"@type\":\"SearchAction\",\"target\":{\"@type\":\"EntryPoint\",\"urlTemplate\":\"https:\/\/ds-barranquilla.org\/?s={search_term_string}\"},\"query-input\":\"required name=search_term_string\"}],\"inLanguage\":\"de\"},{\"@type\":\"Organization\",\"@id\":\"https:\/\/ds-barranquilla.org\/#organization\",\"name\":\"Colegio Alem\u00e1n Barranquilla\",\"url\":\"https:\/\/ds-barranquilla.org\/\",\"logo\":{\"@type\":\"ImageObject\",\"inLanguage\":\"de\",\"@id\":\"https:\/\/ds-barranquilla.org\/#\/schema\/logo\/image\/\",\"url\":\"https:\/\/ds-barranquilla.org\/wp-content\/uploads\/2021\/05\/coleman_logo_2.png\",\"contentUrl\":\"https:\/\/ds-barranquilla.org\/wp-content\/uploads\/2021\/05\/coleman_logo_2.png\",\"width\":418,\"height\":307,\"caption\":\"Colegio Alem\u00e1n Barranquilla\"},\"image\":{\"@id\":\"https:\/\/ds-barranquilla.org\/#\/schema\/logo\/image\/\"},\"sameAs\":[\"https:\/\/www.facebook.com\/ColegioAlemanBaq\/\",\"https:\/\/x.com\/ColegioAlemanBq\",\"https:\/\/www.instagram.com\/colegioalemanbaq\/\",\"https:\/\/www.linkedin.com\/school\/deutsche-schule-barranquilla\/\",\"https:\/\/www.youtube.com\/channel\/UCOOGZQCVs6aYRqIWvSN5agQ\"]},{\"@type\":\"Person\",\"@id\":\"https:\/\/ds-barranquilla.org\/#\/schema\/person\/7bf8790ba89d3480e0551241ccdc8d36\",\"name\":\"Comunicaciones Comunicaciones\",\"image\":{\"@type\":\"ImageObject\",\"inLanguage\":\"de\",\"@id\":\"https:\/\/ds-barranquilla.org\/#\/schema\/person\/image\/\",\"url\":\"https:\/\/secure.gravatar.com\/avatar\/a66ba9484a4338d81d6bea750e595038?s=96&d=mm&r=g\",\"contentUrl\":\"https:\/\/secure.gravatar.com\/avatar\/a66ba9484a4338d81d6bea750e595038?s=96&d=mm&r=g\",\"caption\":\"Comunicaciones Comunicaciones\"}}]}<\/script>\n<!-- \/ Yoast SEO plugin. -->","yoast_head_json":{"title":"Sistema de ventilaci\u00f3n y renovaci\u00f3n del colegio fue evaluado por empresa especializada - 2026","robots":{"index":"noindex","follow":"follow","max-snippet":"max-snippet:-1","max-image-preview":"max-image-preview:large","max-video-preview":"max-video-preview:-1"},"og_locale":"de_DE","og_type":"article","og_title":"Sistema de ventilaci\u00f3n y renovaci\u00f3n del colegio fue evaluado por empresa especializada - 2026","og_description":"Sistema de ventilaci\u00f3n y renovaci\u00f3n del colegio fue evaluado por empresa especializada Creado por: Jos\u00e9 R\u00edos Mercado. Recientemente se desarroll\u00f3 en nuestro colegio una jornada de [\u2026]","og_url":"https:\/\/ds-barranquilla.org\/de\/sistema-de-ventilacion-y-renovacion-del-colegio-fue-evaluado-por-empresa-especializada\/","og_site_name":"Colegio Alem\u00e1n - Los Mejores Colegios de Colombia - Colegio Triling\u00fce","article_publisher":"https:\/\/www.facebook.com\/ColegioAlemanBaq\/","article_published_time":"2021-11-10T13:51:28+00:00","article_modified_time":"2022-12-21T18:59:00+00:00","og_image":[{"width":1170,"height":500,"url":"https:\/\/ds-barranquilla.org\/wp-content\/uploads\/2021\/11\/Medicion-CO2-Web.jpg","type":"image\/jpeg"}],"author":"Comunicaciones Comunicaciones","twitter_card":"summary_large_image","twitter_creator":"@ColegioAlemanBq","twitter_site":"@ColegioAlemanBq","twitter_misc":{"Verfasst von":"Comunicaciones Comunicaciones","Gesch\u00e4tzte Lesezeit":"3\u00a0Minuten"},"schema":{"@context":"https:\/\/schema.org","@graph":[{"@type":"Article","@id":"https:\/\/ds-barranquilla.org\/sistema-de-ventilacion-y-renovacion-del-colegio-fue-evaluado-por-empresa-especializada\/#article","isPartOf":{"@id":"https:\/\/ds-barranquilla.org\/sistema-de-ventilacion-y-renovacion-del-colegio-fue-evaluado-por-empresa-especializada\/"},"author":{"name":"Comunicaciones Comunicaciones","@id":"https:\/\/ds-barranquilla.org\/#\/schema\/person\/7bf8790ba89d3480e0551241ccdc8d36"},"headline":"Sistema de ventilaci\u00f3n y renovaci\u00f3n del colegio fue evaluado por empresa especializada","datePublished":"2021-11-10T13:51:28+00:00","dateModified":"2022-12-21T18:59:00+00:00","mainEntityOfPage":{"@id":"https:\/\/ds-barranquilla.org\/sistema-de-ventilacion-y-renovacion-del-colegio-fue-evaluado-por-empresa-especializada\/"},"wordCount":439,"commentCount":0,"publisher":{"@id":"https:\/\/ds-barranquilla.org\/#organization"},"image":{"@id":"https:\/\/ds-barranquilla.org\/sistema-de-ventilacion-y-renovacion-del-colegio-fue-evaluado-por-empresa-especializada\/#primaryimage"},"thumbnailUrl":"https:\/\/ds-barranquilla.org\/wp-content\/uploads\/2021\/11\/Medicion-CO2-Web.jpg","articleSection":["2021","Acreditaciones y Calidad","Administraci\u00f3n"],"inLanguage":"de","potentialAction":[{"@type":"CommentAction","name":"Comment","target":["https:\/\/ds-barranquilla.org\/sistema-de-ventilacion-y-renovacion-del-colegio-fue-evaluado-por-empresa-especializada\/#respond"]}]},{"@type":"WebPage","@id":"https:\/\/ds-barranquilla.org\/sistema-de-ventilacion-y-renovacion-del-colegio-fue-evaluado-por-empresa-especializada\/","url":"https:\/\/ds-barranquilla.org\/sistema-de-ventilacion-y-renovacion-del-colegio-fue-evaluado-por-empresa-especializada\/","name":"Sistema de ventilaci\u00f3n y renovaci\u00f3n del colegio fue evaluado por empresa especializada - 2026","isPartOf":{"@id":"https:\/\/ds-barranquilla.org\/#website"},"primaryImageOfPage":{"@id":"https:\/\/ds-barranquilla.org\/sistema-de-ventilacion-y-renovacion-del-colegio-fue-evaluado-por-empresa-especializada\/#primaryimage"},"image":{"@id":"https:\/\/ds-barranquilla.org\/sistema-de-ventilacion-y-renovacion-del-colegio-fue-evaluado-por-empresa-especializada\/#primaryimage"},"thumbnailUrl":"https:\/\/ds-barranquilla.org\/wp-content\/uploads\/2021\/11\/Medicion-CO2-Web.jpg","datePublished":"2021-11-10T13:51:28+00:00","dateModified":"2022-12-21T18:59:00+00:00","breadcrumb":{"@id":"https:\/\/ds-barranquilla.org\/sistema-de-ventilacion-y-renovacion-del-colegio-fue-evaluado-por-empresa-especializada\/#breadcrumb"},"inLanguage":"de","potentialAction":[{"@type":"ReadAction","target":["https:\/\/ds-barranquilla.org\/sistema-de-ventilacion-y-renovacion-del-colegio-fue-evaluado-por-empresa-especializada\/"]}]},{"@type":"ImageObject","inLanguage":"de","@id":"https:\/\/ds-barranquilla.org\/sistema-de-ventilacion-y-renovacion-del-colegio-fue-evaluado-por-empresa-especializada\/#primaryimage","url":"https:\/\/ds-barranquilla.org\/wp-content\/uploads\/2021\/11\/Medicion-CO2-Web.jpg","contentUrl":"https:\/\/ds-barranquilla.org\/wp-content\/uploads\/2021\/11\/Medicion-CO2-Web.jpg","width":1170,"height":500},{"@type":"BreadcrumbList","@id":"https:\/\/ds-barranquilla.org\/sistema-de-ventilacion-y-renovacion-del-colegio-fue-evaluado-por-empresa-especializada\/#breadcrumb","itemListElement":[{"@type":"ListItem","position":1,"name":"Portada","item":"https:\/\/ds-barranquilla.org\/"},{"@type":"ListItem","position":2,"name":"Sistema de ventilaci\u00f3n y renovaci\u00f3n del colegio fue evaluado por empresa especializada"}]},{"@type":"WebSite","@id":"https:\/\/ds-barranquilla.org\/#website","url":"https:\/\/ds-barranquilla.org\/","name":"Colegio Alem\u00e1n - Los Mejores Colegios de Colombia - Colegio Triling\u00fce","description":"Colegio Alem\u00e1n  Barranquilla Colombia - Colegio Biling\u00fce - Triling\u00fce - El Mejor Colegio de Colombia","publisher":{"@id":"https:\/\/ds-barranquilla.org\/#organization"},"potentialAction":[{"@type":"SearchAction","target":{"@type":"EntryPoint","urlTemplate":"https:\/\/ds-barranquilla.org\/?s={search_term_string}"},"query-input":"required name=search_term_string"}],"inLanguage":"de"},{"@type":"Organization","@id":"https:\/\/ds-barranquilla.org\/#organization","name":"Colegio Alem\u00e1n Barranquilla","url":"https:\/\/ds-barranquilla.org\/","logo":{"@type":"ImageObject","inLanguage":"de","@id":"https:\/\/ds-barranquilla.org\/#\/schema\/logo\/image\/","url":"https:\/\/ds-barranquilla.org\/wp-content\/uploads\/2021\/05\/coleman_logo_2.png","contentUrl":"https:\/\/ds-barranquilla.org\/wp-content\/uploads\/2021\/05\/coleman_logo_2.png","width":418,"height":307,"caption":"Colegio Alem\u00e1n Barranquilla"},"image":{"@id":"https:\/\/ds-barranquilla.org\/#\/schema\/logo\/image\/"},"sameAs":["https:\/\/www.facebook.com\/ColegioAlemanBaq\/","https:\/\/x.com\/ColegioAlemanBq","https:\/\/www.instagram.com\/colegioalemanbaq\/","https:\/\/www.linkedin.com\/school\/deutsche-schule-barranquilla\/","https:\/\/www.youtube.com\/channel\/UCOOGZQCVs6aYRqIWvSN5agQ"]},{"@type":"Person","@id":"https:\/\/ds-barranquilla.org\/#\/schema\/person\/7bf8790ba89d3480e0551241ccdc8d36","name":"Comunicaciones Comunicaciones","image":{"@type":"ImageObject","inLanguage":"de","@id":"https:\/\/ds-barranquilla.org\/#\/schema\/person\/image\/","url":"https:\/\/secure.gravatar.com\/avatar\/a66ba9484a4338d81d6bea750e595038?s=96&d=mm&r=g","contentUrl":"https:\/\/secure.gravatar.com\/avatar\/a66ba9484a4338d81d6bea750e595038?s=96&d=mm&r=g","caption":"Comunicaciones Comunicaciones"}}]}},"_links":{"self":[{"href":"https:\/\/ds-barranquilla.org\/de\/wp-json\/wp\/v2\/posts\/8994"}],"collection":[{"href":"https:\/\/ds-barranquilla.org\/de\/wp-json\/wp\/v2\/posts"}],"about":[{"href":"https:\/\/ds-barranquilla.org\/de\/wp-json\/wp\/v2\/types\/post"}],"author":[{"embeddable":true,"href":"https:\/\/ds-barranquilla.org\/de\/wp-json\/wp\/v2\/users\/16"}],"replies":[{"embeddable":true,"href":"https:\/\/ds-barranquilla.org\/de\/wp-json\/wp\/v2\/comments?post=8994"}],"version-history":[{"count":4,"href":"https:\/\/ds-barranquilla.org\/de\/wp-json\/wp\/v2\/posts\/8994\/revisions"}],"predecessor-version":[{"id":9008,"href":"https:\/\/ds-barranquilla.org\/de\/wp-json\/wp\/v2\/posts\/8994\/revisions\/9008"}],"wp:featuredmedia":[{"embeddable":true,"href":"https:\/\/ds-barranquilla.org\/de\/wp-json\/wp\/v2\/media\/8996"}],"wp:attachment":[{"href":"https:\/\/ds-barranquilla.org\/de\/wp-json\/wp\/v2\/media?parent=8994"}],"wp:term":[{"taxonomy":"category","embeddable":true,"href":"https:\/\/ds-barranquilla.org\/de\/wp-json\/wp\/v2\/categories?post=8994"},{"taxonomy":"post_tag","embeddable":true,"href":"https:\/\/ds-barranquilla.org\/de\/wp-json\/wp\/v2\/tags?post=8994"}],"curies":[{"name":"wp","href":"https:\/\/api.w.org\/{rel}","templated":true}]}}