{"id":9018,"date":"2021-11-02T07:25:43","date_gmt":"2021-11-02T12:25:43","guid":{"rendered":"https:\/\/ds-barranquilla.org\/?p=9018"},"modified":"2023-01-03T07:57:13","modified_gmt":"2023-01-03T12:57:13","slug":"estudiantes-y-docentes-se-dejaron-contagiar-por-la-magia-de-fantasia-literaria","status":"publish","type":"post","link":"https:\/\/ds-barranquilla.org\/de\/estudiantes-y-docentes-se-dejaron-contagiar-por-la-magia-de-fantasia-literaria\/","title":{"rendered":"Estudiantes y docentes se dejaron contagiar por la magia de Fantas\u00eda Literaria"},"content":{"rendered":"<h1><strong>Estudiantes y docentes se dejaron contagiar por la magia de Fantas\u00eda Literaria<\/strong><\/h1>\n<p><strong>Geschrieben von: Jos\u00e9 R\u00edos Mercado.<\/strong> Personajes de una gran variedad de cuentos infantiles y obras literarias que han sido llevadas al cine, cobraron vida en el marco de la versi\u00f3n de Fantas\u00eda Literaria denominada \u2018Literatura, C\u00e1mara y Acci\u00f3n\u2019. Este evento acad\u00e9mico, liderado por las \u00e1reas de Lengua y Literatura, Alem\u00e1n e Ingl\u00e9s, sigue siendo la oportunidad perfecta para que nuestros estudiantes dejen volar su imaginaci\u00f3n y exploren autores, obras y personajes.<\/p>\n<p>\u201cEn el Kindergarten los ni\u00f1os vivieron la Fantas\u00eda Literaria representando personajes de cuentos y pel\u00edculas infantiles de su preferencia. Se realizaron actividades en las aulas basadas en los intereses de los peque\u00f1os, tales como: bailes, canciones y dramatizaciones, que los llevaron a fortalecer procesos cognitivos, comunicativos y socio-emocionales en ambas lenguas\u201d, expres\u00f3 la Directora del Kindergarten, Nitza Guzm\u00e1n.<\/p>\n<p>Por su parte, el Coordinador de Lengua y Literatura de Primaria, Edinson Ayala, indic\u00f3 que cuando llega el mes de octubre, en el Colegio Alem\u00e1n de Barranquilla se le rinde tributo a la literatura a trav\u00e9s de la manifestaci\u00f3n de diversas artes. As\u00ed mismo, precis\u00f3 que cada a\u00f1o, despu\u00e9s de una ardua preparaci\u00f3n al interior del \u00e1rea, se acuerda cu\u00e1l ser\u00e1 la excusa para esta maravillosa fiesta literaria, cuya filosof\u00eda fue adaptada teniendo en cuenta las circunstancias actuales.<\/p>\n<p>\u201cPara lograr el objetivo, fue fundamental el trabajo de todos los docentes del \u00e1rea, al igual que el de los profesores de las \u00e1reas que decidieron sumarse al proyecto. Para este tipo de actividades, es fundamental la motivaci\u00f3n y la creatividad de los alumnos, quienes leyeron e investigaron sobre los personajes que eligieron, crearon sus guiones y socializaron de manera virtual y presencial, el maravilloso resultado de sus trabajos\u201d, manifest\u00f3 el docente.<\/p>\n<p>Para la Coordinadora de Lengua y Literatura de Secundaria, Claudia Fontalvo, Fantas\u00eda Literaria es un proyecto de aula que a\u00f1o tras a\u00f1o cautiva la atenci\u00f3n de toda la comunidad escolar. De igual forma, se\u00f1al\u00f3 que la expectativa frente a la nueva versi\u00f3n va en ascenso de la misma manera c\u00f3mo va creciendo la creatividad para hacer del evento una experiencia realmente maravillosa y eso se refleja en el involucramiento progresivo de m\u00e1s \u00e1reas en el proceso.<\/p>\n<p>La profesora dijo que este a\u00f1o el \u00e1rea de Matem\u00e1ticas tuvo una participaci\u00f3n activa con personajes de las obras: \u2018El silencio de los inocentes\u2019, \u2018La chica de la capa roja\u2019, \u2018Pinocho\u2019, mientras que el \u00e1rea de Individuos y Sociedades se destac\u00f3 con \u2018Alicia en el pa\u00eds de las maravillas\u2019. Finalmente, indic\u00f3 que las presentaciones de los estudiantes se desarrollaron durante las horas de clase de Lengua y Literatura e Ingl\u00e9s.<\/p>\n<p><a href=\"https:\/\/www.facebook.com\/media\/set\/?set=a.3098080117116124&amp;type=3\">Fotos<\/a><\/p>","protected":false},"excerpt":{"rendered":"<p>Estudiantes y docentes se dejaron contagiar por la magia de Fantas\u00eda Literaria Creado por: Jos\u00e9 R\u00edos Mercado. Personajes de una gran variedad de cuentos infantiles y<span class=\"excerpt-hellip\"> [\u2026]<\/span><\/p>","protected":false},"author":16,"featured_media":9019,"comment_status":"open","ping_status":"open","sticky":false,"template":"","format":"standard","meta":{"_exactmetrics_skip_tracking":false,"_exactmetrics_sitenote_active":false,"_exactmetrics_sitenote_note":"","_exactmetrics_sitenote_category":0,"_joinchat":[],"footnotes":""},"categories":[681,690,677,676,708],"tags":[],"class_list":["post-9018","post","type-post","status-publish","format-standard","has-post-thumbnail","hentry","category-681","category-area-de-lengua-y-literatura","category-kindergarten","category-primaria","category-proyectos-academicos"],"yoast_head":"<!-- This site is optimized with the Yoast SEO plugin v23.3 - https:\/\/yoast.com\/wordpress\/plugins\/seo\/ -->\n<title>Estudiantes y docentes se dejaron contagiar por la magia de Fantas\u00eda Literaria - 2026<\/title>\n<meta name=\"robots\" content=\"noindex, follow, max-snippet:-1, max-image-preview:large, max-video-preview:-1\" \/>\n<meta property=\"og:locale\" content=\"de_DE\" \/>\n<meta property=\"og:type\" content=\"article\" \/>\n<meta property=\"og:title\" content=\"Estudiantes y docentes se dejaron contagiar por la magia de Fantas\u00eda Literaria - 2026\" \/>\n<meta property=\"og:description\" content=\"Estudiantes y docentes se dejaron contagiar por la magia de Fantas\u00eda Literaria Creado por: Jos\u00e9 R\u00edos Mercado. Personajes de una gran variedad de cuentos infantiles y [\u2026]\" \/>\n<meta property=\"og:url\" content=\"https:\/\/ds-barranquilla.org\/de\/estudiantes-y-docentes-se-dejaron-contagiar-por-la-magia-de-fantasia-literaria\/\" \/>\n<meta property=\"og:site_name\" content=\"Colegio Alem\u00e1n - Los Mejores Colegios de Colombia - Colegio Triling\u00fce\" \/>\n<meta property=\"article:publisher\" content=\"https:\/\/www.facebook.com\/ColegioAlemanBaq\/\" \/>\n<meta property=\"article:published_time\" content=\"2021-11-02T12:25:43+00:00\" \/>\n<meta property=\"article:modified_time\" content=\"2023-01-03T12:57:13+00:00\" \/>\n<meta property=\"og:image\" content=\"https:\/\/ds-barranquilla.org\/wp-content\/uploads\/2021\/11\/Fantasia-Literaria-Web.jpg\" \/>\n\t<meta property=\"og:image:width\" content=\"1170\" \/>\n\t<meta property=\"og:image:height\" content=\"500\" \/>\n\t<meta property=\"og:image:type\" content=\"image\/jpeg\" \/>\n<meta name=\"author\" content=\"Comunicaciones Comunicaciones\" \/>\n<meta name=\"twitter:card\" content=\"summary_large_image\" \/>\n<meta name=\"twitter:creator\" content=\"@ColegioAlemanBq\" \/>\n<meta name=\"twitter:site\" content=\"@ColegioAlemanBq\" \/>\n<meta name=\"twitter:label1\" content=\"Verfasst von\" \/>\n\t<meta name=\"twitter:data1\" content=\"Comunicaciones Comunicaciones\" \/>\n\t<meta name=\"twitter:label2\" content=\"Gesch\u00e4tzte Lesezeit\" \/>\n\t<meta name=\"twitter:data2\" content=\"2\u00a0Minuten\" \/>\n<script type=\"application\/ld+json\" class=\"yoast-schema-graph\">{\"@context\":\"https:\/\/schema.org\",\"@graph\":[{\"@type\":\"Article\",\"@id\":\"https:\/\/ds-barranquilla.org\/estudiantes-y-docentes-se-dejaron-contagiar-por-la-magia-de-fantasia-literaria\/#article\",\"isPartOf\":{\"@id\":\"https:\/\/ds-barranquilla.org\/estudiantes-y-docentes-se-dejaron-contagiar-por-la-magia-de-fantasia-literaria\/\"},\"author\":{\"name\":\"Comunicaciones Comunicaciones\",\"@id\":\"https:\/\/ds-barranquilla.org\/#\/schema\/person\/7bf8790ba89d3480e0551241ccdc8d36\"},\"headline\":\"Estudiantes y docentes se dejaron contagiar por la magia de Fantas\u00eda Literaria\",\"datePublished\":\"2021-11-02T12:25:43+00:00\",\"dateModified\":\"2023-01-03T12:57:13+00:00\",\"mainEntityOfPage\":{\"@id\":\"https:\/\/ds-barranquilla.org\/estudiantes-y-docentes-se-dejaron-contagiar-por-la-magia-de-fantasia-literaria\/\"},\"wordCount\":492,\"commentCount\":0,\"publisher\":{\"@id\":\"https:\/\/ds-barranquilla.org\/#organization\"},\"image\":{\"@id\":\"https:\/\/ds-barranquilla.org\/estudiantes-y-docentes-se-dejaron-contagiar-por-la-magia-de-fantasia-literaria\/#primaryimage\"},\"thumbnailUrl\":\"https:\/\/ds-barranquilla.org\/wp-content\/uploads\/2021\/11\/Fantasia-Literaria-Web.jpg\",\"articleSection\":[\"2021\",\"\u00c1rea de Lengua y Literatura\",\"Kindergarten\",\"Primaria\",\"Proyectos acad\u00e9micos\"],\"inLanguage\":\"de\",\"potentialAction\":[{\"@type\":\"CommentAction\",\"name\":\"Comment\",\"target\":[\"https:\/\/ds-barranquilla.org\/estudiantes-y-docentes-se-dejaron-contagiar-por-la-magia-de-fantasia-literaria\/#respond\"]}]},{\"@type\":\"WebPage\",\"@id\":\"https:\/\/ds-barranquilla.org\/estudiantes-y-docentes-se-dejaron-contagiar-por-la-magia-de-fantasia-literaria\/\",\"url\":\"https:\/\/ds-barranquilla.org\/estudiantes-y-docentes-se-dejaron-contagiar-por-la-magia-de-fantasia-literaria\/\",\"name\":\"Estudiantes y docentes se dejaron contagiar por la magia de Fantas\u00eda Literaria - 2026\",\"isPartOf\":{\"@id\":\"https:\/\/ds-barranquilla.org\/#website\"},\"primaryImageOfPage\":{\"@id\":\"https:\/\/ds-barranquilla.org\/estudiantes-y-docentes-se-dejaron-contagiar-por-la-magia-de-fantasia-literaria\/#primaryimage\"},\"image\":{\"@id\":\"https:\/\/ds-barranquilla.org\/estudiantes-y-docentes-se-dejaron-contagiar-por-la-magia-de-fantasia-literaria\/#primaryimage\"},\"thumbnailUrl\":\"https:\/\/ds-barranquilla.org\/wp-content\/uploads\/2021\/11\/Fantasia-Literaria-Web.jpg\",\"datePublished\":\"2021-11-02T12:25:43+00:00\",\"dateModified\":\"2023-01-03T12:57:13+00:00\",\"breadcrumb\":{\"@id\":\"https:\/\/ds-barranquilla.org\/estudiantes-y-docentes-se-dejaron-contagiar-por-la-magia-de-fantasia-literaria\/#breadcrumb\"},\"inLanguage\":\"de\",\"potentialAction\":[{\"@type\":\"ReadAction\",\"target\":[\"https:\/\/ds-barranquilla.org\/estudiantes-y-docentes-se-dejaron-contagiar-por-la-magia-de-fantasia-literaria\/\"]}]},{\"@type\":\"ImageObject\",\"inLanguage\":\"de\",\"@id\":\"https:\/\/ds-barranquilla.org\/estudiantes-y-docentes-se-dejaron-contagiar-por-la-magia-de-fantasia-literaria\/#primaryimage\",\"url\":\"https:\/\/ds-barranquilla.org\/wp-content\/uploads\/2021\/11\/Fantasia-Literaria-Web.jpg\",\"contentUrl\":\"https:\/\/ds-barranquilla.org\/wp-content\/uploads\/2021\/11\/Fantasia-Literaria-Web.jpg\",\"width\":1170,\"height\":500},{\"@type\":\"BreadcrumbList\",\"@id\":\"https:\/\/ds-barranquilla.org\/estudiantes-y-docentes-se-dejaron-contagiar-por-la-magia-de-fantasia-literaria\/#breadcrumb\",\"itemListElement\":[{\"@type\":\"ListItem\",\"position\":1,\"name\":\"Portada\",\"item\":\"https:\/\/ds-barranquilla.org\/\"},{\"@type\":\"ListItem\",\"position\":2,\"name\":\"Estudiantes y docentes se dejaron contagiar por la magia de Fantas\u00eda Literaria\"}]},{\"@type\":\"WebSite\",\"@id\":\"https:\/\/ds-barranquilla.org\/#website\",\"url\":\"https:\/\/ds-barranquilla.org\/\",\"name\":\"Colegio Alem\u00e1n - Los Mejores Colegios de Colombia - Colegio Triling\u00fce\",\"description\":\"Colegio Alem\u00e1n  Barranquilla Colombia - Colegio Biling\u00fce - Triling\u00fce - El Mejor Colegio de Colombia\",\"publisher\":{\"@id\":\"https:\/\/ds-barranquilla.org\/#organization\"},\"potentialAction\":[{\"@type\":\"SearchAction\",\"target\":{\"@type\":\"EntryPoint\",\"urlTemplate\":\"https:\/\/ds-barranquilla.org\/?s={search_term_string}\"},\"query-input\":\"required name=search_term_string\"}],\"inLanguage\":\"de\"},{\"@type\":\"Organization\",\"@id\":\"https:\/\/ds-barranquilla.org\/#organization\",\"name\":\"Colegio Alem\u00e1n Barranquilla\",\"url\":\"https:\/\/ds-barranquilla.org\/\",\"logo\":{\"@type\":\"ImageObject\",\"inLanguage\":\"de\",\"@id\":\"https:\/\/ds-barranquilla.org\/#\/schema\/logo\/image\/\",\"url\":\"https:\/\/ds-barranquilla.org\/wp-content\/uploads\/2021\/05\/coleman_logo_2.png\",\"contentUrl\":\"https:\/\/ds-barranquilla.org\/wp-content\/uploads\/2021\/05\/coleman_logo_2.png\",\"width\":418,\"height\":307,\"caption\":\"Colegio Alem\u00e1n Barranquilla\"},\"image\":{\"@id\":\"https:\/\/ds-barranquilla.org\/#\/schema\/logo\/image\/\"},\"sameAs\":[\"https:\/\/www.facebook.com\/ColegioAlemanBaq\/\",\"https:\/\/x.com\/ColegioAlemanBq\",\"https:\/\/www.instagram.com\/colegioalemanbaq\/\",\"https:\/\/www.linkedin.com\/school\/deutsche-schule-barranquilla\/\",\"https:\/\/www.youtube.com\/channel\/UCOOGZQCVs6aYRqIWvSN5agQ\"]},{\"@type\":\"Person\",\"@id\":\"https:\/\/ds-barranquilla.org\/#\/schema\/person\/7bf8790ba89d3480e0551241ccdc8d36\",\"name\":\"Comunicaciones Comunicaciones\",\"image\":{\"@type\":\"ImageObject\",\"inLanguage\":\"de\",\"@id\":\"https:\/\/ds-barranquilla.org\/#\/schema\/person\/image\/\",\"url\":\"https:\/\/secure.gravatar.com\/avatar\/a66ba9484a4338d81d6bea750e595038?s=96&d=mm&r=g\",\"contentUrl\":\"https:\/\/secure.gravatar.com\/avatar\/a66ba9484a4338d81d6bea750e595038?s=96&d=mm&r=g\",\"caption\":\"Comunicaciones Comunicaciones\"}}]}<\/script>\n<!-- \/ Yoast SEO plugin. -->","yoast_head_json":{"title":"Estudiantes y docentes se dejaron contagiar por la magia de Fantas\u00eda Literaria - 2026","robots":{"index":"noindex","follow":"follow","max-snippet":"max-snippet:-1","max-image-preview":"max-image-preview:large","max-video-preview":"max-video-preview:-1"},"og_locale":"de_DE","og_type":"article","og_title":"Estudiantes y docentes se dejaron contagiar por la magia de Fantas\u00eda Literaria - 2026","og_description":"Estudiantes y docentes se dejaron contagiar por la magia de Fantas\u00eda Literaria Creado por: Jos\u00e9 R\u00edos Mercado. Personajes de una gran variedad de cuentos infantiles y [\u2026]","og_url":"https:\/\/ds-barranquilla.org\/de\/estudiantes-y-docentes-se-dejaron-contagiar-por-la-magia-de-fantasia-literaria\/","og_site_name":"Colegio Alem\u00e1n - Los Mejores Colegios de Colombia - Colegio Triling\u00fce","article_publisher":"https:\/\/www.facebook.com\/ColegioAlemanBaq\/","article_published_time":"2021-11-02T12:25:43+00:00","article_modified_time":"2023-01-03T12:57:13+00:00","og_image":[{"width":1170,"height":500,"url":"https:\/\/ds-barranquilla.org\/wp-content\/uploads\/2021\/11\/Fantasia-Literaria-Web.jpg","type":"image\/jpeg"}],"author":"Comunicaciones Comunicaciones","twitter_card":"summary_large_image","twitter_creator":"@ColegioAlemanBq","twitter_site":"@ColegioAlemanBq","twitter_misc":{"Verfasst von":"Comunicaciones Comunicaciones","Gesch\u00e4tzte Lesezeit":"2\u00a0Minuten"},"schema":{"@context":"https:\/\/schema.org","@graph":[{"@type":"Article","@id":"https:\/\/ds-barranquilla.org\/estudiantes-y-docentes-se-dejaron-contagiar-por-la-magia-de-fantasia-literaria\/#article","isPartOf":{"@id":"https:\/\/ds-barranquilla.org\/estudiantes-y-docentes-se-dejaron-contagiar-por-la-magia-de-fantasia-literaria\/"},"author":{"name":"Comunicaciones Comunicaciones","@id":"https:\/\/ds-barranquilla.org\/#\/schema\/person\/7bf8790ba89d3480e0551241ccdc8d36"},"headline":"Estudiantes y docentes se dejaron contagiar por la magia de Fantas\u00eda Literaria","datePublished":"2021-11-02T12:25:43+00:00","dateModified":"2023-01-03T12:57:13+00:00","mainEntityOfPage":{"@id":"https:\/\/ds-barranquilla.org\/estudiantes-y-docentes-se-dejaron-contagiar-por-la-magia-de-fantasia-literaria\/"},"wordCount":492,"commentCount":0,"publisher":{"@id":"https:\/\/ds-barranquilla.org\/#organization"},"image":{"@id":"https:\/\/ds-barranquilla.org\/estudiantes-y-docentes-se-dejaron-contagiar-por-la-magia-de-fantasia-literaria\/#primaryimage"},"thumbnailUrl":"https:\/\/ds-barranquilla.org\/wp-content\/uploads\/2021\/11\/Fantasia-Literaria-Web.jpg","articleSection":["2021","\u00c1rea de Lengua y Literatura","Kindergarten","Primaria","Proyectos acad\u00e9micos"],"inLanguage":"de","potentialAction":[{"@type":"CommentAction","name":"Comment","target":["https:\/\/ds-barranquilla.org\/estudiantes-y-docentes-se-dejaron-contagiar-por-la-magia-de-fantasia-literaria\/#respond"]}]},{"@type":"WebPage","@id":"https:\/\/ds-barranquilla.org\/estudiantes-y-docentes-se-dejaron-contagiar-por-la-magia-de-fantasia-literaria\/","url":"https:\/\/ds-barranquilla.org\/estudiantes-y-docentes-se-dejaron-contagiar-por-la-magia-de-fantasia-literaria\/","name":"Estudiantes y docentes se dejaron contagiar por la magia de Fantas\u00eda Literaria - 2026","isPartOf":{"@id":"https:\/\/ds-barranquilla.org\/#website"},"primaryImageOfPage":{"@id":"https:\/\/ds-barranquilla.org\/estudiantes-y-docentes-se-dejaron-contagiar-por-la-magia-de-fantasia-literaria\/#primaryimage"},"image":{"@id":"https:\/\/ds-barranquilla.org\/estudiantes-y-docentes-se-dejaron-contagiar-por-la-magia-de-fantasia-literaria\/#primaryimage"},"thumbnailUrl":"https:\/\/ds-barranquilla.org\/wp-content\/uploads\/2021\/11\/Fantasia-Literaria-Web.jpg","datePublished":"2021-11-02T12:25:43+00:00","dateModified":"2023-01-03T12:57:13+00:00","breadcrumb":{"@id":"https:\/\/ds-barranquilla.org\/estudiantes-y-docentes-se-dejaron-contagiar-por-la-magia-de-fantasia-literaria\/#breadcrumb"},"inLanguage":"de","potentialAction":[{"@type":"ReadAction","target":["https:\/\/ds-barranquilla.org\/estudiantes-y-docentes-se-dejaron-contagiar-por-la-magia-de-fantasia-literaria\/"]}]},{"@type":"ImageObject","inLanguage":"de","@id":"https:\/\/ds-barranquilla.org\/estudiantes-y-docentes-se-dejaron-contagiar-por-la-magia-de-fantasia-literaria\/#primaryimage","url":"https:\/\/ds-barranquilla.org\/wp-content\/uploads\/2021\/11\/Fantasia-Literaria-Web.jpg","contentUrl":"https:\/\/ds-barranquilla.org\/wp-content\/uploads\/2021\/11\/Fantasia-Literaria-Web.jpg","width":1170,"height":500},{"@type":"BreadcrumbList","@id":"https:\/\/ds-barranquilla.org\/estudiantes-y-docentes-se-dejaron-contagiar-por-la-magia-de-fantasia-literaria\/#breadcrumb","itemListElement":[{"@type":"ListItem","position":1,"name":"Portada","item":"https:\/\/ds-barranquilla.org\/"},{"@type":"ListItem","position":2,"name":"Estudiantes y docentes se dejaron contagiar por la magia de Fantas\u00eda Literaria"}]},{"@type":"WebSite","@id":"https:\/\/ds-barranquilla.org\/#website","url":"https:\/\/ds-barranquilla.org\/","name":"Colegio Alem\u00e1n - Los Mejores Colegios de Colombia - Colegio Triling\u00fce","description":"Colegio Alem\u00e1n  Barranquilla Colombia - Colegio Biling\u00fce - Triling\u00fce - El Mejor Colegio de Colombia","publisher":{"@id":"https:\/\/ds-barranquilla.org\/#organization"},"potentialAction":[{"@type":"SearchAction","target":{"@type":"EntryPoint","urlTemplate":"https:\/\/ds-barranquilla.org\/?s={search_term_string}"},"query-input":"required name=search_term_string"}],"inLanguage":"de"},{"@type":"Organization","@id":"https:\/\/ds-barranquilla.org\/#organization","name":"Colegio Alem\u00e1n Barranquilla","url":"https:\/\/ds-barranquilla.org\/","logo":{"@type":"ImageObject","inLanguage":"de","@id":"https:\/\/ds-barranquilla.org\/#\/schema\/logo\/image\/","url":"https:\/\/ds-barranquilla.org\/wp-content\/uploads\/2021\/05\/coleman_logo_2.png","contentUrl":"https:\/\/ds-barranquilla.org\/wp-content\/uploads\/2021\/05\/coleman_logo_2.png","width":418,"height":307,"caption":"Colegio Alem\u00e1n Barranquilla"},"image":{"@id":"https:\/\/ds-barranquilla.org\/#\/schema\/logo\/image\/"},"sameAs":["https:\/\/www.facebook.com\/ColegioAlemanBaq\/","https:\/\/x.com\/ColegioAlemanBq","https:\/\/www.instagram.com\/colegioalemanbaq\/","https:\/\/www.linkedin.com\/school\/deutsche-schule-barranquilla\/","https:\/\/www.youtube.com\/channel\/UCOOGZQCVs6aYRqIWvSN5agQ"]},{"@type":"Person","@id":"https:\/\/ds-barranquilla.org\/#\/schema\/person\/7bf8790ba89d3480e0551241ccdc8d36","name":"Comunicaciones Comunicaciones","image":{"@type":"ImageObject","inLanguage":"de","@id":"https:\/\/ds-barranquilla.org\/#\/schema\/person\/image\/","url":"https:\/\/secure.gravatar.com\/avatar\/a66ba9484a4338d81d6bea750e595038?s=96&d=mm&r=g","contentUrl":"https:\/\/secure.gravatar.com\/avatar\/a66ba9484a4338d81d6bea750e595038?s=96&d=mm&r=g","caption":"Comunicaciones Comunicaciones"}}]}},"_links":{"self":[{"href":"https:\/\/ds-barranquilla.org\/de\/wp-json\/wp\/v2\/posts\/9018"}],"collection":[{"href":"https:\/\/ds-barranquilla.org\/de\/wp-json\/wp\/v2\/posts"}],"about":[{"href":"https:\/\/ds-barranquilla.org\/de\/wp-json\/wp\/v2\/types\/post"}],"author":[{"embeddable":true,"href":"https:\/\/ds-barranquilla.org\/de\/wp-json\/wp\/v2\/users\/16"}],"replies":[{"embeddable":true,"href":"https:\/\/ds-barranquilla.org\/de\/wp-json\/wp\/v2\/comments?post=9018"}],"version-history":[{"count":2,"href":"https:\/\/ds-barranquilla.org\/de\/wp-json\/wp\/v2\/posts\/9018\/revisions"}],"predecessor-version":[{"id":9026,"href":"https:\/\/ds-barranquilla.org\/de\/wp-json\/wp\/v2\/posts\/9018\/revisions\/9026"}],"wp:featuredmedia":[{"embeddable":true,"href":"https:\/\/ds-barranquilla.org\/de\/wp-json\/wp\/v2\/media\/9019"}],"wp:attachment":[{"href":"https:\/\/ds-barranquilla.org\/de\/wp-json\/wp\/v2\/media?parent=9018"}],"wp:term":[{"taxonomy":"category","embeddable":true,"href":"https:\/\/ds-barranquilla.org\/de\/wp-json\/wp\/v2\/categories?post=9018"},{"taxonomy":"post_tag","embeddable":true,"href":"https:\/\/ds-barranquilla.org\/de\/wp-json\/wp\/v2\/tags?post=9018"}],"curies":[{"name":"wp","href":"https:\/\/api.w.org\/{rel}","templated":true}]}}