{"id":9152,"date":"2021-11-08T15:05:59","date_gmt":"2021-11-08T20:05:59","guid":{"rendered":"https:\/\/ds-barranquilla.org\/?p=9152"},"modified":"2022-12-21T13:59:21","modified_gmt":"2022-12-21T18:59:21","slug":"programa-cas-realizo-jornada-de-actividad-fisica-para-nuestros-estudiantes","status":"publish","type":"post","link":"https:\/\/ds-barranquilla.org\/de\/programa-cas-realizo-jornada-de-actividad-fisica-para-nuestros-estudiantes\/","title":{"rendered":"Programa CAS realiz\u00f3 jornada de actividad f\u00edsica para nuestros estudiantes"},"content":{"rendered":"<h1><strong>Programa CAS realiz\u00f3 jornada de actividad f\u00edsica para nuestros estudiantes<\/strong><\/h1>\n<p><strong>Geschrieben von: Jos\u00e9 R\u00edos Mercado.<\/strong> Con el objetivo de incentivar en los estudiantes de las Klassen 11 y 12 el desarrollo de actividades f\u00edsicas, el Programa CAS (Creatividad, Actividad y Servicio) llev\u00f3 a cabo en el parqueadero de nuestro colegio una jornada de actividad f\u00edsica, la cual fue liderada por instructores especializados en Zumba, Rumbaterapia y Body Combat, en compa\u00f1\u00eda de algunos docentes de las secciones de Primaria y Secundaria.<\/p>\n<p>\u201cPara la realizaci\u00f3n de la jornada sabatina se instal\u00f3 una tarima decorada para que los alumnos participaran de ese d\u00eda deportivo, buscando incentivar en ellos la pr\u00e1ctica de la actividad f\u00edsica y el estilo de vida saludable, iniciativa enmarcada en el componente de \u2018Actividad\u2019 del programa y fundamental para el logro de la identidad del IB\u201d, expres\u00f3 el Coordinador del Programa CAS, Mauricio Acosta.<\/p>\n<p>El funcionario indic\u00f3 que la duraci\u00f3n del Programa CAS es de 18 meses, tiempo en el que los estudiantes deben presentar proyectos enmarcados en los componentes de: Creatividad, Actividad y Servicio. Para ello, la instituci\u00f3n dispuso dos horas semanales para los alumnos para que desarrollen actividades como: atletismo, dise\u00f1o gr\u00e1fico, escultura, m\u00fasica, nataci\u00f3n, pintura, voleibol, entre otras.<\/p>\n<p><a href=\"https:\/\/ds-barranquilla.org\/wp-content\/uploads\/2021\/11\/WhatsApp-Image-2021-11-23-at-3.03.36-PM-1.jpeg\"><img fetchpriority=\"high\" decoding=\"async\" class=\"alignnone size-medium wp-image-9154\" src=\"https:\/\/ds-barranquilla.org\/wp-content\/uploads\/2021\/11\/WhatsApp-Image-2021-11-23-at-3.03.36-PM-1-300x225.jpeg\" alt=\"\" width=\"300\" height=\"225\" srcset=\"https:\/\/ds-barranquilla.org\/wp-content\/uploads\/2021\/11\/WhatsApp-Image-2021-11-23-at-3.03.36-PM-1-300x225.jpeg 300w, https:\/\/ds-barranquilla.org\/wp-content\/uploads\/2021\/11\/WhatsApp-Image-2021-11-23-at-3.03.36-PM-1-800x599.jpeg 800w, https:\/\/ds-barranquilla.org\/wp-content\/uploads\/2021\/11\/WhatsApp-Image-2021-11-23-at-3.03.36-PM-1-1024x766.jpeg 1024w, https:\/\/ds-barranquilla.org\/wp-content\/uploads\/2021\/11\/WhatsApp-Image-2021-11-23-at-3.03.36-PM-1-768x575.jpeg 768w, https:\/\/ds-barranquilla.org\/wp-content\/uploads\/2021\/11\/WhatsApp-Image-2021-11-23-at-3.03.36-PM-1-50x37.jpeg 50w, https:\/\/ds-barranquilla.org\/wp-content\/uploads\/2021\/11\/WhatsApp-Image-2021-11-23-at-3.03.36-PM-1-150x112.jpeg 150w, https:\/\/ds-barranquilla.org\/wp-content\/uploads\/2021\/11\/WhatsApp-Image-2021-11-23-at-3.03.36-PM-1-500x375.jpeg 500w, https:\/\/ds-barranquilla.org\/wp-content\/uploads\/2021\/11\/WhatsApp-Image-2021-11-23-at-3.03.36-PM-1-67x50.jpeg 67w, https:\/\/ds-barranquilla.org\/wp-content\/uploads\/2021\/11\/WhatsApp-Image-2021-11-23-at-3.03.36-PM-1-64x48.jpeg 64w, https:\/\/ds-barranquilla.org\/wp-content\/uploads\/2021\/11\/WhatsApp-Image-2021-11-23-at-3.03.36-PM-1.jpeg 1280w\" sizes=\"(max-width:767px) 300px, 300px\" \/><\/a><a href=\"https:\/\/ds-barranquilla.org\/wp-content\/uploads\/2021\/11\/WhatsApp-Image-2021-11-23-at-3.03.38-PM-1.jpeg\"><img decoding=\"async\" class=\"alignnone size-medium wp-image-9155\" src=\"https:\/\/ds-barranquilla.org\/wp-content\/uploads\/2021\/11\/WhatsApp-Image-2021-11-23-at-3.03.38-PM-1-225x300.jpeg\" alt=\"\" width=\"225\" height=\"300\" srcset=\"https:\/\/ds-barranquilla.org\/wp-content\/uploads\/2021\/11\/WhatsApp-Image-2021-11-23-at-3.03.38-PM-1-225x300.jpeg 225w, https:\/\/ds-barranquilla.org\/wp-content\/uploads\/2021\/11\/WhatsApp-Image-2021-11-23-at-3.03.38-PM-1-800x1067.jpeg 800w, https:\/\/ds-barranquilla.org\/wp-content\/uploads\/2021\/11\/WhatsApp-Image-2021-11-23-at-3.03.38-PM-1-768x1024.jpeg 768w, https:\/\/ds-barranquilla.org\/wp-content\/uploads\/2021\/11\/WhatsApp-Image-2021-11-23-at-3.03.38-PM-1-300x400.jpeg 300w, https:\/\/ds-barranquilla.org\/wp-content\/uploads\/2021\/11\/WhatsApp-Image-2021-11-23-at-3.03.38-PM-1-38x50.jpeg 38w, https:\/\/ds-barranquilla.org\/wp-content\/uploads\/2021\/11\/WhatsApp-Image-2021-11-23-at-3.03.38-PM-1-113x150.jpeg 113w, https:\/\/ds-barranquilla.org\/wp-content\/uploads\/2021\/11\/WhatsApp-Image-2021-11-23-at-3.03.38-PM-1-64x85.jpeg 64w, https:\/\/ds-barranquilla.org\/wp-content\/uploads\/2021\/11\/WhatsApp-Image-2021-11-23-at-3.03.38-PM-1.jpeg 960w\" sizes=\"(max-width:767px) 225px, 225px\" \/><\/a><a href=\"https:\/\/ds-barranquilla.org\/wp-content\/uploads\/2021\/11\/WhatsApp-Image-2021-11-23-at-3.03.37-PM.jpeg\"><img decoding=\"async\" class=\"alignnone size-medium wp-image-9156\" src=\"https:\/\/ds-barranquilla.org\/wp-content\/uploads\/2021\/11\/WhatsApp-Image-2021-11-23-at-3.03.37-PM-300x225.jpeg\" alt=\"\" width=\"300\" height=\"225\" srcset=\"https:\/\/ds-barranquilla.org\/wp-content\/uploads\/2021\/11\/WhatsApp-Image-2021-11-23-at-3.03.37-PM-300x225.jpeg 300w, https:\/\/ds-barranquilla.org\/wp-content\/uploads\/2021\/11\/WhatsApp-Image-2021-11-23-at-3.03.37-PM-800x599.jpeg 800w, https:\/\/ds-barranquilla.org\/wp-content\/uploads\/2021\/11\/WhatsApp-Image-2021-11-23-at-3.03.37-PM-1024x766.jpeg 1024w, https:\/\/ds-barranquilla.org\/wp-content\/uploads\/2021\/11\/WhatsApp-Image-2021-11-23-at-3.03.37-PM-768x575.jpeg 768w, https:\/\/ds-barranquilla.org\/wp-content\/uploads\/2021\/11\/WhatsApp-Image-2021-11-23-at-3.03.37-PM-50x37.jpeg 50w, https:\/\/ds-barranquilla.org\/wp-content\/uploads\/2021\/11\/WhatsApp-Image-2021-11-23-at-3.03.37-PM-150x112.jpeg 150w, https:\/\/ds-barranquilla.org\/wp-content\/uploads\/2021\/11\/WhatsApp-Image-2021-11-23-at-3.03.37-PM-500x375.jpeg 500w, https:\/\/ds-barranquilla.org\/wp-content\/uploads\/2021\/11\/WhatsApp-Image-2021-11-23-at-3.03.37-PM-67x50.jpeg 67w, https:\/\/ds-barranquilla.org\/wp-content\/uploads\/2021\/11\/WhatsApp-Image-2021-11-23-at-3.03.37-PM-64x48.jpeg 64w, https:\/\/ds-barranquilla.org\/wp-content\/uploads\/2021\/11\/WhatsApp-Image-2021-11-23-at-3.03.37-PM.jpeg 1185w\" sizes=\"(max-width:767px) 300px, 300px\" \/><\/a><\/p>","protected":false},"excerpt":{"rendered":"<p>Programa CAS realiz\u00f3 jornada de actividad f\u00edsica para nuestros estudiantes Creado por: Jos\u00e9 R\u00edos Mercado. Con el objetivo de incentivar en los estudiantes de las Klassen<span class=\"excerpt-hellip\"> [\u2026]<\/span><\/p>","protected":false},"author":16,"featured_media":9153,"comment_status":"open","ping_status":"open","sticky":false,"template":"","format":"standard","meta":{"_exactmetrics_skip_tracking":false,"_exactmetrics_sitenote_active":false,"_exactmetrics_sitenote_note":"","_exactmetrics_sitenote_category":0,"_joinchat":[],"footnotes":""},"categories":[681,694,697],"tags":[],"class_list":["post-9152","post","type-post","status-publish","format-standard","has-post-thumbnail","hentry","category-681","category-bachillerato-internacional","category-cas"],"yoast_head":"<!-- This site is optimized with the Yoast SEO plugin v23.3 - https:\/\/yoast.com\/wordpress\/plugins\/seo\/ -->\n<title>Programa CAS realiz\u00f3 jornada de actividad f\u00edsica para nuestros estudiantes - 2026<\/title>\n<meta name=\"robots\" content=\"noindex, follow, max-snippet:-1, max-image-preview:large, max-video-preview:-1\" \/>\n<meta property=\"og:locale\" content=\"de_DE\" \/>\n<meta property=\"og:type\" content=\"article\" \/>\n<meta property=\"og:title\" content=\"Programa CAS realiz\u00f3 jornada de actividad f\u00edsica para nuestros estudiantes - 2026\" \/>\n<meta property=\"og:description\" content=\"Programa CAS realiz\u00f3 jornada de actividad f\u00edsica para nuestros estudiantes Creado por: Jos\u00e9 R\u00edos Mercado. Con el objetivo de incentivar en los estudiantes de las Klassen [\u2026]\" \/>\n<meta property=\"og:url\" content=\"https:\/\/ds-barranquilla.org\/de\/programa-cas-realizo-jornada-de-actividad-fisica-para-nuestros-estudiantes\/\" \/>\n<meta property=\"og:site_name\" content=\"Colegio Alem\u00e1n - Los Mejores Colegios de Colombia - Colegio Triling\u00fce\" \/>\n<meta property=\"article:publisher\" content=\"https:\/\/www.facebook.com\/ColegioAlemanBaq\/\" \/>\n<meta property=\"article:published_time\" content=\"2021-11-08T20:05:59+00:00\" \/>\n<meta property=\"article:modified_time\" content=\"2022-12-21T18:59:21+00:00\" \/>\n<meta property=\"og:image\" content=\"https:\/\/ds-barranquilla.org\/wp-content\/uploads\/2021\/11\/CAS-Web.jpg\" \/>\n\t<meta property=\"og:image:width\" content=\"1170\" \/>\n\t<meta property=\"og:image:height\" content=\"500\" \/>\n\t<meta property=\"og:image:type\" content=\"image\/jpeg\" \/>\n<meta name=\"author\" content=\"Comunicaciones Comunicaciones\" \/>\n<meta name=\"twitter:card\" content=\"summary_large_image\" \/>\n<meta name=\"twitter:creator\" content=\"@ColegioAlemanBq\" \/>\n<meta name=\"twitter:site\" content=\"@ColegioAlemanBq\" \/>\n<meta name=\"twitter:label1\" content=\"Verfasst von\" \/>\n\t<meta name=\"twitter:data1\" content=\"Comunicaciones Comunicaciones\" \/>\n\t<meta name=\"twitter:label2\" content=\"Gesch\u00e4tzte Lesezeit\" \/>\n\t<meta name=\"twitter:data2\" content=\"2\u00a0Minuten\" \/>\n<script type=\"application\/ld+json\" class=\"yoast-schema-graph\">{\"@context\":\"https:\/\/schema.org\",\"@graph\":[{\"@type\":\"Article\",\"@id\":\"https:\/\/ds-barranquilla.org\/programa-cas-realizo-jornada-de-actividad-fisica-para-nuestros-estudiantes\/#article\",\"isPartOf\":{\"@id\":\"https:\/\/ds-barranquilla.org\/programa-cas-realizo-jornada-de-actividad-fisica-para-nuestros-estudiantes\/\"},\"author\":{\"name\":\"Comunicaciones Comunicaciones\",\"@id\":\"https:\/\/ds-barranquilla.org\/#\/schema\/person\/7bf8790ba89d3480e0551241ccdc8d36\"},\"headline\":\"Programa CAS realiz\u00f3 jornada de actividad f\u00edsica para nuestros estudiantes\",\"datePublished\":\"2021-11-08T20:05:59+00:00\",\"dateModified\":\"2022-12-21T18:59:21+00:00\",\"mainEntityOfPage\":{\"@id\":\"https:\/\/ds-barranquilla.org\/programa-cas-realizo-jornada-de-actividad-fisica-para-nuestros-estudiantes\/\"},\"wordCount\":224,\"commentCount\":0,\"publisher\":{\"@id\":\"https:\/\/ds-barranquilla.org\/#organization\"},\"image\":{\"@id\":\"https:\/\/ds-barranquilla.org\/programa-cas-realizo-jornada-de-actividad-fisica-para-nuestros-estudiantes\/#primaryimage\"},\"thumbnailUrl\":\"https:\/\/ds-barranquilla.org\/wp-content\/uploads\/2021\/11\/CAS-Web.jpg\",\"articleSection\":[\"2021\",\"Bachillerato Internacional\",\"CAS\"],\"inLanguage\":\"de\",\"potentialAction\":[{\"@type\":\"CommentAction\",\"name\":\"Comment\",\"target\":[\"https:\/\/ds-barranquilla.org\/programa-cas-realizo-jornada-de-actividad-fisica-para-nuestros-estudiantes\/#respond\"]}]},{\"@type\":\"WebPage\",\"@id\":\"https:\/\/ds-barranquilla.org\/programa-cas-realizo-jornada-de-actividad-fisica-para-nuestros-estudiantes\/\",\"url\":\"https:\/\/ds-barranquilla.org\/programa-cas-realizo-jornada-de-actividad-fisica-para-nuestros-estudiantes\/\",\"name\":\"Programa CAS realiz\u00f3 jornada de actividad f\u00edsica para nuestros estudiantes - 2026\",\"isPartOf\":{\"@id\":\"https:\/\/ds-barranquilla.org\/#website\"},\"primaryImageOfPage\":{\"@id\":\"https:\/\/ds-barranquilla.org\/programa-cas-realizo-jornada-de-actividad-fisica-para-nuestros-estudiantes\/#primaryimage\"},\"image\":{\"@id\":\"https:\/\/ds-barranquilla.org\/programa-cas-realizo-jornada-de-actividad-fisica-para-nuestros-estudiantes\/#primaryimage\"},\"thumbnailUrl\":\"https:\/\/ds-barranquilla.org\/wp-content\/uploads\/2021\/11\/CAS-Web.jpg\",\"datePublished\":\"2021-11-08T20:05:59+00:00\",\"dateModified\":\"2022-12-21T18:59:21+00:00\",\"breadcrumb\":{\"@id\":\"https:\/\/ds-barranquilla.org\/programa-cas-realizo-jornada-de-actividad-fisica-para-nuestros-estudiantes\/#breadcrumb\"},\"inLanguage\":\"de\",\"potentialAction\":[{\"@type\":\"ReadAction\",\"target\":[\"https:\/\/ds-barranquilla.org\/programa-cas-realizo-jornada-de-actividad-fisica-para-nuestros-estudiantes\/\"]}]},{\"@type\":\"ImageObject\",\"inLanguage\":\"de\",\"@id\":\"https:\/\/ds-barranquilla.org\/programa-cas-realizo-jornada-de-actividad-fisica-para-nuestros-estudiantes\/#primaryimage\",\"url\":\"https:\/\/ds-barranquilla.org\/wp-content\/uploads\/2021\/11\/CAS-Web.jpg\",\"contentUrl\":\"https:\/\/ds-barranquilla.org\/wp-content\/uploads\/2021\/11\/CAS-Web.jpg\",\"width\":1170,\"height\":500},{\"@type\":\"BreadcrumbList\",\"@id\":\"https:\/\/ds-barranquilla.org\/programa-cas-realizo-jornada-de-actividad-fisica-para-nuestros-estudiantes\/#breadcrumb\",\"itemListElement\":[{\"@type\":\"ListItem\",\"position\":1,\"name\":\"Portada\",\"item\":\"https:\/\/ds-barranquilla.org\/\"},{\"@type\":\"ListItem\",\"position\":2,\"name\":\"Programa CAS realiz\u00f3 jornada de actividad f\u00edsica para nuestros estudiantes\"}]},{\"@type\":\"WebSite\",\"@id\":\"https:\/\/ds-barranquilla.org\/#website\",\"url\":\"https:\/\/ds-barranquilla.org\/\",\"name\":\"Colegio Alem\u00e1n - Los Mejores Colegios de Colombia - Colegio Triling\u00fce\",\"description\":\"Colegio Alem\u00e1n  Barranquilla Colombia - Colegio Biling\u00fce - Triling\u00fce - El Mejor Colegio de Colombia\",\"publisher\":{\"@id\":\"https:\/\/ds-barranquilla.org\/#organization\"},\"potentialAction\":[{\"@type\":\"SearchAction\",\"target\":{\"@type\":\"EntryPoint\",\"urlTemplate\":\"https:\/\/ds-barranquilla.org\/?s={search_term_string}\"},\"query-input\":\"required name=search_term_string\"}],\"inLanguage\":\"de\"},{\"@type\":\"Organization\",\"@id\":\"https:\/\/ds-barranquilla.org\/#organization\",\"name\":\"Colegio Alem\u00e1n Barranquilla\",\"url\":\"https:\/\/ds-barranquilla.org\/\",\"logo\":{\"@type\":\"ImageObject\",\"inLanguage\":\"de\",\"@id\":\"https:\/\/ds-barranquilla.org\/#\/schema\/logo\/image\/\",\"url\":\"https:\/\/ds-barranquilla.org\/wp-content\/uploads\/2021\/05\/coleman_logo_2.png\",\"contentUrl\":\"https:\/\/ds-barranquilla.org\/wp-content\/uploads\/2021\/05\/coleman_logo_2.png\",\"width\":418,\"height\":307,\"caption\":\"Colegio Alem\u00e1n Barranquilla\"},\"image\":{\"@id\":\"https:\/\/ds-barranquilla.org\/#\/schema\/logo\/image\/\"},\"sameAs\":[\"https:\/\/www.facebook.com\/ColegioAlemanBaq\/\",\"https:\/\/x.com\/ColegioAlemanBq\",\"https:\/\/www.instagram.com\/colegioalemanbaq\/\",\"https:\/\/www.linkedin.com\/school\/deutsche-schule-barranquilla\/\",\"https:\/\/www.youtube.com\/channel\/UCOOGZQCVs6aYRqIWvSN5agQ\"]},{\"@type\":\"Person\",\"@id\":\"https:\/\/ds-barranquilla.org\/#\/schema\/person\/7bf8790ba89d3480e0551241ccdc8d36\",\"name\":\"Comunicaciones Comunicaciones\",\"image\":{\"@type\":\"ImageObject\",\"inLanguage\":\"de\",\"@id\":\"https:\/\/ds-barranquilla.org\/#\/schema\/person\/image\/\",\"url\":\"https:\/\/secure.gravatar.com\/avatar\/a66ba9484a4338d81d6bea750e595038?s=96&d=mm&r=g\",\"contentUrl\":\"https:\/\/secure.gravatar.com\/avatar\/a66ba9484a4338d81d6bea750e595038?s=96&d=mm&r=g\",\"caption\":\"Comunicaciones Comunicaciones\"}}]}<\/script>\n<!-- \/ Yoast SEO plugin. -->","yoast_head_json":{"title":"Programa CAS realiz\u00f3 jornada de actividad f\u00edsica para nuestros estudiantes - 2026","robots":{"index":"noindex","follow":"follow","max-snippet":"max-snippet:-1","max-image-preview":"max-image-preview:large","max-video-preview":"max-video-preview:-1"},"og_locale":"de_DE","og_type":"article","og_title":"Programa CAS realiz\u00f3 jornada de actividad f\u00edsica para nuestros estudiantes - 2026","og_description":"Programa CAS realiz\u00f3 jornada de actividad f\u00edsica para nuestros estudiantes Creado por: Jos\u00e9 R\u00edos Mercado. Con el objetivo de incentivar en los estudiantes de las Klassen [\u2026]","og_url":"https:\/\/ds-barranquilla.org\/de\/programa-cas-realizo-jornada-de-actividad-fisica-para-nuestros-estudiantes\/","og_site_name":"Colegio Alem\u00e1n - Los Mejores Colegios de Colombia - Colegio Triling\u00fce","article_publisher":"https:\/\/www.facebook.com\/ColegioAlemanBaq\/","article_published_time":"2021-11-08T20:05:59+00:00","article_modified_time":"2022-12-21T18:59:21+00:00","og_image":[{"width":1170,"height":500,"url":"https:\/\/ds-barranquilla.org\/wp-content\/uploads\/2021\/11\/CAS-Web.jpg","type":"image\/jpeg"}],"author":"Comunicaciones Comunicaciones","twitter_card":"summary_large_image","twitter_creator":"@ColegioAlemanBq","twitter_site":"@ColegioAlemanBq","twitter_misc":{"Verfasst von":"Comunicaciones Comunicaciones","Gesch\u00e4tzte Lesezeit":"2\u00a0Minuten"},"schema":{"@context":"https:\/\/schema.org","@graph":[{"@type":"Article","@id":"https:\/\/ds-barranquilla.org\/programa-cas-realizo-jornada-de-actividad-fisica-para-nuestros-estudiantes\/#article","isPartOf":{"@id":"https:\/\/ds-barranquilla.org\/programa-cas-realizo-jornada-de-actividad-fisica-para-nuestros-estudiantes\/"},"author":{"name":"Comunicaciones Comunicaciones","@id":"https:\/\/ds-barranquilla.org\/#\/schema\/person\/7bf8790ba89d3480e0551241ccdc8d36"},"headline":"Programa CAS realiz\u00f3 jornada de actividad f\u00edsica para nuestros estudiantes","datePublished":"2021-11-08T20:05:59+00:00","dateModified":"2022-12-21T18:59:21+00:00","mainEntityOfPage":{"@id":"https:\/\/ds-barranquilla.org\/programa-cas-realizo-jornada-de-actividad-fisica-para-nuestros-estudiantes\/"},"wordCount":224,"commentCount":0,"publisher":{"@id":"https:\/\/ds-barranquilla.org\/#organization"},"image":{"@id":"https:\/\/ds-barranquilla.org\/programa-cas-realizo-jornada-de-actividad-fisica-para-nuestros-estudiantes\/#primaryimage"},"thumbnailUrl":"https:\/\/ds-barranquilla.org\/wp-content\/uploads\/2021\/11\/CAS-Web.jpg","articleSection":["2021","Bachillerato Internacional","CAS"],"inLanguage":"de","potentialAction":[{"@type":"CommentAction","name":"Comment","target":["https:\/\/ds-barranquilla.org\/programa-cas-realizo-jornada-de-actividad-fisica-para-nuestros-estudiantes\/#respond"]}]},{"@type":"WebPage","@id":"https:\/\/ds-barranquilla.org\/programa-cas-realizo-jornada-de-actividad-fisica-para-nuestros-estudiantes\/","url":"https:\/\/ds-barranquilla.org\/programa-cas-realizo-jornada-de-actividad-fisica-para-nuestros-estudiantes\/","name":"Programa CAS realiz\u00f3 jornada de actividad f\u00edsica para nuestros estudiantes - 2026","isPartOf":{"@id":"https:\/\/ds-barranquilla.org\/#website"},"primaryImageOfPage":{"@id":"https:\/\/ds-barranquilla.org\/programa-cas-realizo-jornada-de-actividad-fisica-para-nuestros-estudiantes\/#primaryimage"},"image":{"@id":"https:\/\/ds-barranquilla.org\/programa-cas-realizo-jornada-de-actividad-fisica-para-nuestros-estudiantes\/#primaryimage"},"thumbnailUrl":"https:\/\/ds-barranquilla.org\/wp-content\/uploads\/2021\/11\/CAS-Web.jpg","datePublished":"2021-11-08T20:05:59+00:00","dateModified":"2022-12-21T18:59:21+00:00","breadcrumb":{"@id":"https:\/\/ds-barranquilla.org\/programa-cas-realizo-jornada-de-actividad-fisica-para-nuestros-estudiantes\/#breadcrumb"},"inLanguage":"de","potentialAction":[{"@type":"ReadAction","target":["https:\/\/ds-barranquilla.org\/programa-cas-realizo-jornada-de-actividad-fisica-para-nuestros-estudiantes\/"]}]},{"@type":"ImageObject","inLanguage":"de","@id":"https:\/\/ds-barranquilla.org\/programa-cas-realizo-jornada-de-actividad-fisica-para-nuestros-estudiantes\/#primaryimage","url":"https:\/\/ds-barranquilla.org\/wp-content\/uploads\/2021\/11\/CAS-Web.jpg","contentUrl":"https:\/\/ds-barranquilla.org\/wp-content\/uploads\/2021\/11\/CAS-Web.jpg","width":1170,"height":500},{"@type":"BreadcrumbList","@id":"https:\/\/ds-barranquilla.org\/programa-cas-realizo-jornada-de-actividad-fisica-para-nuestros-estudiantes\/#breadcrumb","itemListElement":[{"@type":"ListItem","position":1,"name":"Portada","item":"https:\/\/ds-barranquilla.org\/"},{"@type":"ListItem","position":2,"name":"Programa CAS realiz\u00f3 jornada de actividad f\u00edsica para nuestros estudiantes"}]},{"@type":"WebSite","@id":"https:\/\/ds-barranquilla.org\/#website","url":"https:\/\/ds-barranquilla.org\/","name":"Colegio Alem\u00e1n - Los Mejores Colegios de Colombia - Colegio Triling\u00fce","description":"Colegio Alem\u00e1n  Barranquilla Colombia - Colegio Biling\u00fce - Triling\u00fce - El Mejor Colegio de Colombia","publisher":{"@id":"https:\/\/ds-barranquilla.org\/#organization"},"potentialAction":[{"@type":"SearchAction","target":{"@type":"EntryPoint","urlTemplate":"https:\/\/ds-barranquilla.org\/?s={search_term_string}"},"query-input":"required name=search_term_string"}],"inLanguage":"de"},{"@type":"Organization","@id":"https:\/\/ds-barranquilla.org\/#organization","name":"Colegio Alem\u00e1n Barranquilla","url":"https:\/\/ds-barranquilla.org\/","logo":{"@type":"ImageObject","inLanguage":"de","@id":"https:\/\/ds-barranquilla.org\/#\/schema\/logo\/image\/","url":"https:\/\/ds-barranquilla.org\/wp-content\/uploads\/2021\/05\/coleman_logo_2.png","contentUrl":"https:\/\/ds-barranquilla.org\/wp-content\/uploads\/2021\/05\/coleman_logo_2.png","width":418,"height":307,"caption":"Colegio Alem\u00e1n Barranquilla"},"image":{"@id":"https:\/\/ds-barranquilla.org\/#\/schema\/logo\/image\/"},"sameAs":["https:\/\/www.facebook.com\/ColegioAlemanBaq\/","https:\/\/x.com\/ColegioAlemanBq","https:\/\/www.instagram.com\/colegioalemanbaq\/","https:\/\/www.linkedin.com\/school\/deutsche-schule-barranquilla\/","https:\/\/www.youtube.com\/channel\/UCOOGZQCVs6aYRqIWvSN5agQ"]},{"@type":"Person","@id":"https:\/\/ds-barranquilla.org\/#\/schema\/person\/7bf8790ba89d3480e0551241ccdc8d36","name":"Comunicaciones Comunicaciones","image":{"@type":"ImageObject","inLanguage":"de","@id":"https:\/\/ds-barranquilla.org\/#\/schema\/person\/image\/","url":"https:\/\/secure.gravatar.com\/avatar\/a66ba9484a4338d81d6bea750e595038?s=96&d=mm&r=g","contentUrl":"https:\/\/secure.gravatar.com\/avatar\/a66ba9484a4338d81d6bea750e595038?s=96&d=mm&r=g","caption":"Comunicaciones Comunicaciones"}}]}},"_links":{"self":[{"href":"https:\/\/ds-barranquilla.org\/de\/wp-json\/wp\/v2\/posts\/9152"}],"collection":[{"href":"https:\/\/ds-barranquilla.org\/de\/wp-json\/wp\/v2\/posts"}],"about":[{"href":"https:\/\/ds-barranquilla.org\/de\/wp-json\/wp\/v2\/types\/post"}],"author":[{"embeddable":true,"href":"https:\/\/ds-barranquilla.org\/de\/wp-json\/wp\/v2\/users\/16"}],"replies":[{"embeddable":true,"href":"https:\/\/ds-barranquilla.org\/de\/wp-json\/wp\/v2\/comments?post=9152"}],"version-history":[{"count":1,"href":"https:\/\/ds-barranquilla.org\/de\/wp-json\/wp\/v2\/posts\/9152\/revisions"}],"predecessor-version":[{"id":9157,"href":"https:\/\/ds-barranquilla.org\/de\/wp-json\/wp\/v2\/posts\/9152\/revisions\/9157"}],"wp:featuredmedia":[{"embeddable":true,"href":"https:\/\/ds-barranquilla.org\/de\/wp-json\/wp\/v2\/media\/9153"}],"wp:attachment":[{"href":"https:\/\/ds-barranquilla.org\/de\/wp-json\/wp\/v2\/media?parent=9152"}],"wp:term":[{"taxonomy":"category","embeddable":true,"href":"https:\/\/ds-barranquilla.org\/de\/wp-json\/wp\/v2\/categories?post=9152"},{"taxonomy":"post_tag","embeddable":true,"href":"https:\/\/ds-barranquilla.org\/de\/wp-json\/wp\/v2\/tags?post=9152"}],"curies":[{"name":"wp","href":"https:\/\/api.w.org\/{rel}","templated":true}]}}