{"id":9158,"date":"2021-11-10T15:14:08","date_gmt":"2021-11-10T20:14:08","guid":{"rendered":"https:\/\/ds-barranquilla.org\/?p=9158"},"modified":"2022-12-21T13:58:20","modified_gmt":"2022-12-21T18:58:20","slug":"nuestro-colegio-organizo-segunda-jornada-de-vacunacion-contra-el-covid-19-para-nuestros-estudiantes","status":"publish","type":"post","link":"https:\/\/ds-barranquilla.org\/de\/nuestro-colegio-organizo-segunda-jornada-de-vacunacion-contra-el-covid-19-para-nuestros-estudiantes\/","title":{"rendered":"Nuestro colegio organiz\u00f3 segunda jornada de vacunaci\u00f3n contra el COVID-19 para nuestros estudiantes"},"content":{"rendered":"<h1><strong>Nuestro colegio organiz\u00f3 segunda jornada de vacunaci\u00f3n contra el COVID-19 para nuestros estudiantes<\/strong><\/h1>\n<p><strong>Geschrieben von: Jos\u00e9 R\u00edos Mercado.<\/strong> Con el objetivo de velar por la salud y el bienestar de nuestra comunidad escolar, as\u00ed como el de mantener nuestro colegio como un entorno educativo bioseguro, se realiz\u00f3 la segunda jornada de vacunaci\u00f3n contra el COVD-19 dirigida a todos nuestros estudiantes entre los 3 y los 12 a\u00f1os. Un equipo de Mi Red IPS lider\u00f3 la actividad que se desarroll\u00f3 durante dos d\u00edas y en la que se aplic\u00f3 la primera dosis del biol\u00f3gico Sinovac a los alumnos que presentaron el formulario de autorizaci\u00f3n de sus pap\u00e1s.<\/p>\n<p>\u201cEl inter\u00e9s de nuestra instituci\u00f3n es apoyar e incentivar a todos los padres de familia para que sus hijos puedan ser vacunados contra el COVID-19. Hubo una gran acogida de la iniciativa por parte de la comunidad escolar en comparaci\u00f3n con otras jornadas y prueba de ello, es que un total de 177 ni\u00f1os recibieron el biol\u00f3gico gracias al consentimiento de sus pap\u00e1s\u201d, expres\u00f3 la Profesional de Seguridad y Salud en el Trabajo, Margelis Garc\u00eda.<\/p>\n<p>La funcionaria indic\u00f3 que a lo largo de la jornada, los estudiantes contaron con el acompa\u00f1amiento emocional de sus docentes. As\u00ed mismo, precis\u00f3 que los d\u00edas 6 y 7 de diciembre, se llevar\u00e1 a cabo una nueva jornada en la que se le aplicar\u00e1 a estos alumnos la segunda dosis de la vacuna.<\/p>\n<p><a href=\"https:\/\/ds-barranquilla.org\/wp-content\/uploads\/2021\/11\/1-4.jpeg\"><img fetchpriority=\"high\" decoding=\"async\" class=\"alignnone size-medium wp-image-9160\" src=\"https:\/\/ds-barranquilla.org\/wp-content\/uploads\/2021\/11\/1-4-300x219.jpeg\" alt=\"\" width=\"300\" height=\"219\" srcset=\"https:\/\/ds-barranquilla.org\/wp-content\/uploads\/2021\/11\/1-4-300x219.jpeg 300w, https:\/\/ds-barranquilla.org\/wp-content\/uploads\/2021\/11\/1-4-800x583.jpeg 800w, https:\/\/ds-barranquilla.org\/wp-content\/uploads\/2021\/11\/1-4-1024x746.jpeg 1024w, https:\/\/ds-barranquilla.org\/wp-content\/uploads\/2021\/11\/1-4-768x560.jpeg 768w, https:\/\/ds-barranquilla.org\/wp-content\/uploads\/2021\/11\/1-4-50x36.jpeg 50w, https:\/\/ds-barranquilla.org\/wp-content\/uploads\/2021\/11\/1-4-150x109.jpeg 150w, https:\/\/ds-barranquilla.org\/wp-content\/uploads\/2021\/11\/1-4-69x50.jpeg 69w, https:\/\/ds-barranquilla.org\/wp-content\/uploads\/2021\/11\/1-4-64x47.jpeg 64w, https:\/\/ds-barranquilla.org\/wp-content\/uploads\/2021\/11\/1-4.jpeg 1280w\" sizes=\"(max-width:767px) 300px, 300px\" \/><\/a><a href=\"https:\/\/ds-barranquilla.org\/wp-content\/uploads\/2021\/11\/2-5.jpeg\"><img decoding=\"async\" class=\"alignnone size-medium wp-image-9161\" src=\"https:\/\/ds-barranquilla.org\/wp-content\/uploads\/2021\/11\/2-5-300x200.jpeg\" alt=\"\" width=\"300\" height=\"200\" srcset=\"https:\/\/ds-barranquilla.org\/wp-content\/uploads\/2021\/11\/2-5-300x200.jpeg 300w, https:\/\/ds-barranquilla.org\/wp-content\/uploads\/2021\/11\/2-5-800x533.jpeg 800w, https:\/\/ds-barranquilla.org\/wp-content\/uploads\/2021\/11\/2-5-1024x682.jpeg 1024w, https:\/\/ds-barranquilla.org\/wp-content\/uploads\/2021\/11\/2-5-768x512.jpeg 768w, https:\/\/ds-barranquilla.org\/wp-content\/uploads\/2021\/11\/2-5-391x260.jpeg 391w, https:\/\/ds-barranquilla.org\/wp-content\/uploads\/2021\/11\/2-5-50x33.jpeg 50w, https:\/\/ds-barranquilla.org\/wp-content\/uploads\/2021\/11\/2-5-150x100.jpeg 150w, https:\/\/ds-barranquilla.org\/wp-content\/uploads\/2021\/11\/2-5-75x50.jpeg 75w, https:\/\/ds-barranquilla.org\/wp-content\/uploads\/2021\/11\/2-5-64x43.jpeg 64w, https:\/\/ds-barranquilla.org\/wp-content\/uploads\/2021\/11\/2-5.jpeg 1280w\" sizes=\"(max-width:767px) 300px, 300px\" \/><\/a><a href=\"https:\/\/ds-barranquilla.org\/wp-content\/uploads\/2021\/11\/3-5.jpeg\"><img decoding=\"async\" class=\"alignnone size-medium wp-image-9162\" src=\"https:\/\/ds-barranquilla.org\/wp-content\/uploads\/2021\/11\/3-5-300x200.jpeg\" alt=\"\" width=\"300\" height=\"200\" srcset=\"https:\/\/ds-barranquilla.org\/wp-content\/uploads\/2021\/11\/3-5-300x200.jpeg 300w, https:\/\/ds-barranquilla.org\/wp-content\/uploads\/2021\/11\/3-5-800x533.jpeg 800w, https:\/\/ds-barranquilla.org\/wp-content\/uploads\/2021\/11\/3-5-1024x682.jpeg 1024w, https:\/\/ds-barranquilla.org\/wp-content\/uploads\/2021\/11\/3-5-768x512.jpeg 768w, https:\/\/ds-barranquilla.org\/wp-content\/uploads\/2021\/11\/3-5-391x260.jpeg 391w, https:\/\/ds-barranquilla.org\/wp-content\/uploads\/2021\/11\/3-5-50x33.jpeg 50w, https:\/\/ds-barranquilla.org\/wp-content\/uploads\/2021\/11\/3-5-150x100.jpeg 150w, https:\/\/ds-barranquilla.org\/wp-content\/uploads\/2021\/11\/3-5-75x50.jpeg 75w, https:\/\/ds-barranquilla.org\/wp-content\/uploads\/2021\/11\/3-5-64x43.jpeg 64w, https:\/\/ds-barranquilla.org\/wp-content\/uploads\/2021\/11\/3-5.jpeg 1280w\" sizes=\"(max-width:767px) 300px, 300px\" \/><\/a><\/p>","protected":false},"excerpt":{"rendered":"<p>Nuestro colegio organiz\u00f3 segunda jornada de vacunaci\u00f3n contra el COVID-19 para nuestros estudiantes Creado por: Jos\u00e9 R\u00edos Mercado. Con el objetivo de velar por la salud<span class=\"excerpt-hellip\"> [\u2026]<\/span><\/p>","protected":false},"author":16,"featured_media":9159,"comment_status":"open","ping_status":"open","sticky":false,"template":"","format":"standard","meta":{"_exactmetrics_skip_tracking":false,"_exactmetrics_sitenote_active":false,"_exactmetrics_sitenote_note":"","_exactmetrics_sitenote_category":0,"_joinchat":[],"footnotes":""},"categories":[681,696],"tags":[],"class_list":["post-9158","post","type-post","status-publish","format-standard","has-post-thumbnail","hentry","category-681","category-bienestar-estudiantil"],"yoast_head":"<!-- This site is optimized with the Yoast SEO plugin v23.3 - https:\/\/yoast.com\/wordpress\/plugins\/seo\/ -->\n<title>Nuestro colegio organiz\u00f3 segunda jornada de vacunaci\u00f3n contra el COVID-19 para nuestros estudiantes - 2026<\/title>\n<meta name=\"robots\" content=\"noindex, follow, max-snippet:-1, max-image-preview:large, max-video-preview:-1\" \/>\n<meta property=\"og:locale\" content=\"de_DE\" \/>\n<meta property=\"og:type\" content=\"article\" \/>\n<meta property=\"og:title\" content=\"Nuestro colegio organiz\u00f3 segunda jornada de vacunaci\u00f3n contra el COVID-19 para nuestros estudiantes - 2026\" \/>\n<meta property=\"og:description\" content=\"Nuestro colegio organiz\u00f3 segunda jornada de vacunaci\u00f3n contra el COVID-19 para nuestros estudiantes Creado por: Jos\u00e9 R\u00edos Mercado. Con el objetivo de velar por la salud [\u2026]\" \/>\n<meta property=\"og:url\" content=\"https:\/\/ds-barranquilla.org\/de\/nuestro-colegio-organizo-segunda-jornada-de-vacunacion-contra-el-covid-19-para-nuestros-estudiantes\/\" \/>\n<meta property=\"og:site_name\" content=\"Colegio Alem\u00e1n - Los Mejores Colegios de Colombia - Colegio Triling\u00fce\" \/>\n<meta property=\"article:publisher\" content=\"https:\/\/www.facebook.com\/ColegioAlemanBaq\/\" \/>\n<meta property=\"article:published_time\" content=\"2021-11-10T20:14:08+00:00\" \/>\n<meta property=\"article:modified_time\" content=\"2022-12-21T18:58:20+00:00\" \/>\n<meta property=\"og:image\" content=\"https:\/\/ds-barranquilla.org\/wp-content\/uploads\/2021\/11\/Vacunacion-Web.jpg\" \/>\n\t<meta property=\"og:image:width\" content=\"1170\" \/>\n\t<meta property=\"og:image:height\" content=\"500\" \/>\n\t<meta property=\"og:image:type\" content=\"image\/jpeg\" \/>\n<meta name=\"author\" content=\"Comunicaciones Comunicaciones\" \/>\n<meta name=\"twitter:card\" content=\"summary_large_image\" \/>\n<meta name=\"twitter:creator\" content=\"@ColegioAlemanBq\" \/>\n<meta name=\"twitter:site\" content=\"@ColegioAlemanBq\" \/>\n<meta name=\"twitter:label1\" content=\"Verfasst von\" \/>\n\t<meta name=\"twitter:data1\" content=\"Comunicaciones Comunicaciones\" \/>\n\t<meta name=\"twitter:label2\" content=\"Gesch\u00e4tzte Lesezeit\" \/>\n\t<meta name=\"twitter:data2\" content=\"2\u00a0Minuten\" \/>\n<script type=\"application\/ld+json\" class=\"yoast-schema-graph\">{\"@context\":\"https:\/\/schema.org\",\"@graph\":[{\"@type\":\"Article\",\"@id\":\"https:\/\/ds-barranquilla.org\/de\/nuestro-colegio-organizo-segunda-jornada-de-vacunacion-contra-el-covid-19-para-nuestros-estudiantes\/#article\",\"isPartOf\":{\"@id\":\"https:\/\/ds-barranquilla.org\/de\/nuestro-colegio-organizo-segunda-jornada-de-vacunacion-contra-el-covid-19-para-nuestros-estudiantes\/\"},\"author\":{\"name\":\"Comunicaciones Comunicaciones\",\"@id\":\"https:\/\/ds-barranquilla.org\/#\/schema\/person\/7bf8790ba89d3480e0551241ccdc8d36\"},\"headline\":\"Nuestro colegio organiz\u00f3 segunda jornada de vacunaci\u00f3n contra el COVID-19 para nuestros estudiantes\",\"datePublished\":\"2021-11-10T20:14:08+00:00\",\"dateModified\":\"2022-12-21T18:58:20+00:00\",\"mainEntityOfPage\":{\"@id\":\"https:\/\/ds-barranquilla.org\/de\/nuestro-colegio-organizo-segunda-jornada-de-vacunacion-contra-el-covid-19-para-nuestros-estudiantes\/\"},\"wordCount\":260,\"commentCount\":0,\"publisher\":{\"@id\":\"https:\/\/ds-barranquilla.org\/#organization\"},\"image\":{\"@id\":\"https:\/\/ds-barranquilla.org\/de\/nuestro-colegio-organizo-segunda-jornada-de-vacunacion-contra-el-covid-19-para-nuestros-estudiantes\/#primaryimage\"},\"thumbnailUrl\":\"https:\/\/ds-barranquilla.org\/wp-content\/uploads\/2021\/11\/Vacunacion-Web.jpg\",\"articleSection\":[\"2021\",\"Bienestar Estudiantil\"],\"inLanguage\":\"de\",\"potentialAction\":[{\"@type\":\"CommentAction\",\"name\":\"Comment\",\"target\":[\"https:\/\/ds-barranquilla.org\/de\/nuestro-colegio-organizo-segunda-jornada-de-vacunacion-contra-el-covid-19-para-nuestros-estudiantes\/#respond\"]}]},{\"@type\":\"WebPage\",\"@id\":\"https:\/\/ds-barranquilla.org\/de\/nuestro-colegio-organizo-segunda-jornada-de-vacunacion-contra-el-covid-19-para-nuestros-estudiantes\/\",\"url\":\"https:\/\/ds-barranquilla.org\/de\/nuestro-colegio-organizo-segunda-jornada-de-vacunacion-contra-el-covid-19-para-nuestros-estudiantes\/\",\"name\":\"Nuestro colegio organiz\u00f3 segunda jornada de vacunaci\u00f3n contra el COVID-19 para nuestros estudiantes - 2026\",\"isPartOf\":{\"@id\":\"https:\/\/ds-barranquilla.org\/#website\"},\"primaryImageOfPage\":{\"@id\":\"https:\/\/ds-barranquilla.org\/de\/nuestro-colegio-organizo-segunda-jornada-de-vacunacion-contra-el-covid-19-para-nuestros-estudiantes\/#primaryimage\"},\"image\":{\"@id\":\"https:\/\/ds-barranquilla.org\/de\/nuestro-colegio-organizo-segunda-jornada-de-vacunacion-contra-el-covid-19-para-nuestros-estudiantes\/#primaryimage\"},\"thumbnailUrl\":\"https:\/\/ds-barranquilla.org\/wp-content\/uploads\/2021\/11\/Vacunacion-Web.jpg\",\"datePublished\":\"2021-11-10T20:14:08+00:00\",\"dateModified\":\"2022-12-21T18:58:20+00:00\",\"breadcrumb\":{\"@id\":\"https:\/\/ds-barranquilla.org\/de\/nuestro-colegio-organizo-segunda-jornada-de-vacunacion-contra-el-covid-19-para-nuestros-estudiantes\/#breadcrumb\"},\"inLanguage\":\"de\",\"potentialAction\":[{\"@type\":\"ReadAction\",\"target\":[\"https:\/\/ds-barranquilla.org\/de\/nuestro-colegio-organizo-segunda-jornada-de-vacunacion-contra-el-covid-19-para-nuestros-estudiantes\/\"]}]},{\"@type\":\"ImageObject\",\"inLanguage\":\"de\",\"@id\":\"https:\/\/ds-barranquilla.org\/de\/nuestro-colegio-organizo-segunda-jornada-de-vacunacion-contra-el-covid-19-para-nuestros-estudiantes\/#primaryimage\",\"url\":\"https:\/\/ds-barranquilla.org\/wp-content\/uploads\/2021\/11\/Vacunacion-Web.jpg\",\"contentUrl\":\"https:\/\/ds-barranquilla.org\/wp-content\/uploads\/2021\/11\/Vacunacion-Web.jpg\",\"width\":1170,\"height\":500},{\"@type\":\"BreadcrumbList\",\"@id\":\"https:\/\/ds-barranquilla.org\/de\/nuestro-colegio-organizo-segunda-jornada-de-vacunacion-contra-el-covid-19-para-nuestros-estudiantes\/#breadcrumb\",\"itemListElement\":[{\"@type\":\"ListItem\",\"position\":1,\"name\":\"Portada\",\"item\":\"https:\/\/ds-barranquilla.org\/\"},{\"@type\":\"ListItem\",\"position\":2,\"name\":\"Nuestro colegio organiz\u00f3 segunda jornada de vacunaci\u00f3n contra el COVID-19 para nuestros estudiantes\"}]},{\"@type\":\"WebSite\",\"@id\":\"https:\/\/ds-barranquilla.org\/#website\",\"url\":\"https:\/\/ds-barranquilla.org\/\",\"name\":\"Colegio Alem\u00e1n - Los Mejores Colegios de Colombia - Colegio Triling\u00fce\",\"description\":\"Colegio Alem\u00e1n  Barranquilla Colombia - Colegio Biling\u00fce - Triling\u00fce - El Mejor Colegio de Colombia\",\"publisher\":{\"@id\":\"https:\/\/ds-barranquilla.org\/#organization\"},\"potentialAction\":[{\"@type\":\"SearchAction\",\"target\":{\"@type\":\"EntryPoint\",\"urlTemplate\":\"https:\/\/ds-barranquilla.org\/?s={search_term_string}\"},\"query-input\":\"required name=search_term_string\"}],\"inLanguage\":\"de\"},{\"@type\":\"Organization\",\"@id\":\"https:\/\/ds-barranquilla.org\/#organization\",\"name\":\"Colegio Alem\u00e1n Barranquilla\",\"url\":\"https:\/\/ds-barranquilla.org\/\",\"logo\":{\"@type\":\"ImageObject\",\"inLanguage\":\"de\",\"@id\":\"https:\/\/ds-barranquilla.org\/#\/schema\/logo\/image\/\",\"url\":\"https:\/\/ds-barranquilla.org\/wp-content\/uploads\/2021\/05\/coleman_logo_2.png\",\"contentUrl\":\"https:\/\/ds-barranquilla.org\/wp-content\/uploads\/2021\/05\/coleman_logo_2.png\",\"width\":418,\"height\":307,\"caption\":\"Colegio Alem\u00e1n Barranquilla\"},\"image\":{\"@id\":\"https:\/\/ds-barranquilla.org\/#\/schema\/logo\/image\/\"},\"sameAs\":[\"https:\/\/www.facebook.com\/ColegioAlemanBaq\/\",\"https:\/\/x.com\/ColegioAlemanBq\",\"https:\/\/www.instagram.com\/colegioalemanbaq\/\",\"https:\/\/www.linkedin.com\/school\/deutsche-schule-barranquilla\/\",\"https:\/\/www.youtube.com\/channel\/UCOOGZQCVs6aYRqIWvSN5agQ\"]},{\"@type\":\"Person\",\"@id\":\"https:\/\/ds-barranquilla.org\/#\/schema\/person\/7bf8790ba89d3480e0551241ccdc8d36\",\"name\":\"Comunicaciones Comunicaciones\",\"image\":{\"@type\":\"ImageObject\",\"inLanguage\":\"de\",\"@id\":\"https:\/\/ds-barranquilla.org\/#\/schema\/person\/image\/\",\"url\":\"https:\/\/secure.gravatar.com\/avatar\/a66ba9484a4338d81d6bea750e595038?s=96&d=mm&r=g\",\"contentUrl\":\"https:\/\/secure.gravatar.com\/avatar\/a66ba9484a4338d81d6bea750e595038?s=96&d=mm&r=g\",\"caption\":\"Comunicaciones Comunicaciones\"}}]}<\/script>\n<!-- \/ Yoast SEO plugin. -->","yoast_head_json":{"title":"Nuestro colegio organiz\u00f3 segunda jornada de vacunaci\u00f3n contra el COVID-19 para nuestros estudiantes - 2026","robots":{"index":"noindex","follow":"follow","max-snippet":"max-snippet:-1","max-image-preview":"max-image-preview:large","max-video-preview":"max-video-preview:-1"},"og_locale":"de_DE","og_type":"article","og_title":"Nuestro colegio organiz\u00f3 segunda jornada de vacunaci\u00f3n contra el COVID-19 para nuestros estudiantes - 2026","og_description":"Nuestro colegio organiz\u00f3 segunda jornada de vacunaci\u00f3n contra el COVID-19 para nuestros estudiantes Creado por: Jos\u00e9 R\u00edos Mercado. Con el objetivo de velar por la salud [\u2026]","og_url":"https:\/\/ds-barranquilla.org\/de\/nuestro-colegio-organizo-segunda-jornada-de-vacunacion-contra-el-covid-19-para-nuestros-estudiantes\/","og_site_name":"Colegio Alem\u00e1n - Los Mejores Colegios de Colombia - Colegio Triling\u00fce","article_publisher":"https:\/\/www.facebook.com\/ColegioAlemanBaq\/","article_published_time":"2021-11-10T20:14:08+00:00","article_modified_time":"2022-12-21T18:58:20+00:00","og_image":[{"width":1170,"height":500,"url":"https:\/\/ds-barranquilla.org\/wp-content\/uploads\/2021\/11\/Vacunacion-Web.jpg","type":"image\/jpeg"}],"author":"Comunicaciones Comunicaciones","twitter_card":"summary_large_image","twitter_creator":"@ColegioAlemanBq","twitter_site":"@ColegioAlemanBq","twitter_misc":{"Verfasst von":"Comunicaciones Comunicaciones","Gesch\u00e4tzte Lesezeit":"2\u00a0Minuten"},"schema":{"@context":"https:\/\/schema.org","@graph":[{"@type":"Article","@id":"https:\/\/ds-barranquilla.org\/de\/nuestro-colegio-organizo-segunda-jornada-de-vacunacion-contra-el-covid-19-para-nuestros-estudiantes\/#article","isPartOf":{"@id":"https:\/\/ds-barranquilla.org\/de\/nuestro-colegio-organizo-segunda-jornada-de-vacunacion-contra-el-covid-19-para-nuestros-estudiantes\/"},"author":{"name":"Comunicaciones Comunicaciones","@id":"https:\/\/ds-barranquilla.org\/#\/schema\/person\/7bf8790ba89d3480e0551241ccdc8d36"},"headline":"Nuestro colegio organiz\u00f3 segunda jornada de vacunaci\u00f3n contra el COVID-19 para nuestros estudiantes","datePublished":"2021-11-10T20:14:08+00:00","dateModified":"2022-12-21T18:58:20+00:00","mainEntityOfPage":{"@id":"https:\/\/ds-barranquilla.org\/de\/nuestro-colegio-organizo-segunda-jornada-de-vacunacion-contra-el-covid-19-para-nuestros-estudiantes\/"},"wordCount":260,"commentCount":0,"publisher":{"@id":"https:\/\/ds-barranquilla.org\/#organization"},"image":{"@id":"https:\/\/ds-barranquilla.org\/de\/nuestro-colegio-organizo-segunda-jornada-de-vacunacion-contra-el-covid-19-para-nuestros-estudiantes\/#primaryimage"},"thumbnailUrl":"https:\/\/ds-barranquilla.org\/wp-content\/uploads\/2021\/11\/Vacunacion-Web.jpg","articleSection":["2021","Bienestar Estudiantil"],"inLanguage":"de","potentialAction":[{"@type":"CommentAction","name":"Comment","target":["https:\/\/ds-barranquilla.org\/de\/nuestro-colegio-organizo-segunda-jornada-de-vacunacion-contra-el-covid-19-para-nuestros-estudiantes\/#respond"]}]},{"@type":"WebPage","@id":"https:\/\/ds-barranquilla.org\/de\/nuestro-colegio-organizo-segunda-jornada-de-vacunacion-contra-el-covid-19-para-nuestros-estudiantes\/","url":"https:\/\/ds-barranquilla.org\/de\/nuestro-colegio-organizo-segunda-jornada-de-vacunacion-contra-el-covid-19-para-nuestros-estudiantes\/","name":"Nuestro colegio organiz\u00f3 segunda jornada de vacunaci\u00f3n contra el COVID-19 para nuestros estudiantes - 2026","isPartOf":{"@id":"https:\/\/ds-barranquilla.org\/#website"},"primaryImageOfPage":{"@id":"https:\/\/ds-barranquilla.org\/de\/nuestro-colegio-organizo-segunda-jornada-de-vacunacion-contra-el-covid-19-para-nuestros-estudiantes\/#primaryimage"},"image":{"@id":"https:\/\/ds-barranquilla.org\/de\/nuestro-colegio-organizo-segunda-jornada-de-vacunacion-contra-el-covid-19-para-nuestros-estudiantes\/#primaryimage"},"thumbnailUrl":"https:\/\/ds-barranquilla.org\/wp-content\/uploads\/2021\/11\/Vacunacion-Web.jpg","datePublished":"2021-11-10T20:14:08+00:00","dateModified":"2022-12-21T18:58:20+00:00","breadcrumb":{"@id":"https:\/\/ds-barranquilla.org\/de\/nuestro-colegio-organizo-segunda-jornada-de-vacunacion-contra-el-covid-19-para-nuestros-estudiantes\/#breadcrumb"},"inLanguage":"de","potentialAction":[{"@type":"ReadAction","target":["https:\/\/ds-barranquilla.org\/de\/nuestro-colegio-organizo-segunda-jornada-de-vacunacion-contra-el-covid-19-para-nuestros-estudiantes\/"]}]},{"@type":"ImageObject","inLanguage":"de","@id":"https:\/\/ds-barranquilla.org\/de\/nuestro-colegio-organizo-segunda-jornada-de-vacunacion-contra-el-covid-19-para-nuestros-estudiantes\/#primaryimage","url":"https:\/\/ds-barranquilla.org\/wp-content\/uploads\/2021\/11\/Vacunacion-Web.jpg","contentUrl":"https:\/\/ds-barranquilla.org\/wp-content\/uploads\/2021\/11\/Vacunacion-Web.jpg","width":1170,"height":500},{"@type":"BreadcrumbList","@id":"https:\/\/ds-barranquilla.org\/de\/nuestro-colegio-organizo-segunda-jornada-de-vacunacion-contra-el-covid-19-para-nuestros-estudiantes\/#breadcrumb","itemListElement":[{"@type":"ListItem","position":1,"name":"Portada","item":"https:\/\/ds-barranquilla.org\/"},{"@type":"ListItem","position":2,"name":"Nuestro colegio organiz\u00f3 segunda jornada de vacunaci\u00f3n contra el COVID-19 para nuestros estudiantes"}]},{"@type":"WebSite","@id":"https:\/\/ds-barranquilla.org\/#website","url":"https:\/\/ds-barranquilla.org\/","name":"Colegio Alem\u00e1n - Los Mejores Colegios de Colombia - Colegio Triling\u00fce","description":"Colegio Alem\u00e1n  Barranquilla Colombia - Colegio Biling\u00fce - Triling\u00fce - El Mejor Colegio de Colombia","publisher":{"@id":"https:\/\/ds-barranquilla.org\/#organization"},"potentialAction":[{"@type":"SearchAction","target":{"@type":"EntryPoint","urlTemplate":"https:\/\/ds-barranquilla.org\/?s={search_term_string}"},"query-input":"required name=search_term_string"}],"inLanguage":"de"},{"@type":"Organization","@id":"https:\/\/ds-barranquilla.org\/#organization","name":"Colegio Alem\u00e1n Barranquilla","url":"https:\/\/ds-barranquilla.org\/","logo":{"@type":"ImageObject","inLanguage":"de","@id":"https:\/\/ds-barranquilla.org\/#\/schema\/logo\/image\/","url":"https:\/\/ds-barranquilla.org\/wp-content\/uploads\/2021\/05\/coleman_logo_2.png","contentUrl":"https:\/\/ds-barranquilla.org\/wp-content\/uploads\/2021\/05\/coleman_logo_2.png","width":418,"height":307,"caption":"Colegio Alem\u00e1n Barranquilla"},"image":{"@id":"https:\/\/ds-barranquilla.org\/#\/schema\/logo\/image\/"},"sameAs":["https:\/\/www.facebook.com\/ColegioAlemanBaq\/","https:\/\/x.com\/ColegioAlemanBq","https:\/\/www.instagram.com\/colegioalemanbaq\/","https:\/\/www.linkedin.com\/school\/deutsche-schule-barranquilla\/","https:\/\/www.youtube.com\/channel\/UCOOGZQCVs6aYRqIWvSN5agQ"]},{"@type":"Person","@id":"https:\/\/ds-barranquilla.org\/#\/schema\/person\/7bf8790ba89d3480e0551241ccdc8d36","name":"Comunicaciones Comunicaciones","image":{"@type":"ImageObject","inLanguage":"de","@id":"https:\/\/ds-barranquilla.org\/#\/schema\/person\/image\/","url":"https:\/\/secure.gravatar.com\/avatar\/a66ba9484a4338d81d6bea750e595038?s=96&d=mm&r=g","contentUrl":"https:\/\/secure.gravatar.com\/avatar\/a66ba9484a4338d81d6bea750e595038?s=96&d=mm&r=g","caption":"Comunicaciones Comunicaciones"}}]}},"_links":{"self":[{"href":"https:\/\/ds-barranquilla.org\/de\/wp-json\/wp\/v2\/posts\/9158"}],"collection":[{"href":"https:\/\/ds-barranquilla.org\/de\/wp-json\/wp\/v2\/posts"}],"about":[{"href":"https:\/\/ds-barranquilla.org\/de\/wp-json\/wp\/v2\/types\/post"}],"author":[{"embeddable":true,"href":"https:\/\/ds-barranquilla.org\/de\/wp-json\/wp\/v2\/users\/16"}],"replies":[{"embeddable":true,"href":"https:\/\/ds-barranquilla.org\/de\/wp-json\/wp\/v2\/comments?post=9158"}],"version-history":[{"count":1,"href":"https:\/\/ds-barranquilla.org\/de\/wp-json\/wp\/v2\/posts\/9158\/revisions"}],"predecessor-version":[{"id":9163,"href":"https:\/\/ds-barranquilla.org\/de\/wp-json\/wp\/v2\/posts\/9158\/revisions\/9163"}],"wp:featuredmedia":[{"embeddable":true,"href":"https:\/\/ds-barranquilla.org\/de\/wp-json\/wp\/v2\/media\/9159"}],"wp:attachment":[{"href":"https:\/\/ds-barranquilla.org\/de\/wp-json\/wp\/v2\/media?parent=9158"}],"wp:term":[{"taxonomy":"category","embeddable":true,"href":"https:\/\/ds-barranquilla.org\/de\/wp-json\/wp\/v2\/categories?post=9158"},{"taxonomy":"post_tag","embeddable":true,"href":"https:\/\/ds-barranquilla.org\/de\/wp-json\/wp\/v2\/tags?post=9158"}],"curies":[{"name":"wp","href":"https:\/\/api.w.org\/{rel}","templated":true}]}}